{"id":997,"date":"2024-12-10T09:58:08","date_gmt":"2024-12-10T09:58:08","guid":{"rendered":"https:\/\/voxsahel.com\/?p=997"},"modified":"2024-12-10T09:58:50","modified_gmt":"2024-12-10T09:58:50","slug":"editp-nomination-de-rimtalba-jean-emmanuel-ouedraogo-comme-premier-ministre-un-nouveau-defi-pour-le-burkina-faso","status":"publish","type":"post","link":"https:\/\/voxsahel.com\/?p=997","title":{"rendered":"\u00a0Edito\/Nomination de Rimtalba Jean Emmanuel Ou\u00e9draogo comme Premier ministre : Un nouveau d\u00e9fi pour le Burkina Faso"},"content":{"rendered":"<p>La nomination de Jean Emmanuel Ou\u00e9draogo au poste de Premier ministre en remplacement de Kyelem de Tamb\u00e8la marque une \u00e9tape importante pour le Burkina Faso en cette p\u00e9riode charni\u00e8re de son histoire. Si cette d\u00e9cision a \u00e9t\u00e9 salu\u00e9e par beaucoup, c\u2019est surtout parce qu\u2019Ou\u00e9draogo incarne un profil de consensus et de rassembleur, des qualit\u00e9s essentielles dans un contexte aussi complexe et difficile. Apr\u00e8s plusieurs mois de turbulences politiques et sociales, le pays esp\u00e8re que son nouveau Premier ministre saura apporter la stabilit\u00e9 et la vision n\u00e9cessaires pour relever les nombreux d\u00e9fis qui se pr\u00e9sentent \u00e0 lui.<\/p>\n<p>Jean Emmanuel Ou\u00e9draogo, connu pour sa comp\u00e9tence et son approche pragmatique au minist\u00e8re de la Communication, a d\u00e9j\u00e0 d\u00e9montr\u00e9 sa capacit\u00e9 \u00e0 rassembler et \u00e0 unir des hommes et des id\u00e9es. A travers son parcours, il a su instaurer un dialogue constructif avec diff\u00e9rents acteurs politiques, sociaux et \u00e9conomiques, gage de son savoir-faire en mati\u00e8re de gestion de crise et de coh\u00e9sion nationale. Ces comp\u00e9tences sont d\u2019autant plus importantes dans un Burkina Faso qui traverse une p\u00e9riode de profonde ins\u00e9curit\u00e9 et de d\u00e9fis \u00e9conomiques. Le d\u00e9fi s\u00e9curitaire est, sans conteste, le premier chantier qui attend Jean Emmanuel Ou\u00e9draogo.<\/p>\n<p>Le pays, frapp\u00e9 de plein fouet par des attaques terroristes et une ins\u00e9curit\u00e9 galopante, a besoin d\u2019une strat\u00e9gie forte et d\u2019une volont\u00e9 politique in\u00e9branlable pour restaurer la paix et l&rsquo;ordre. La nomination de Ou\u00e9draogo offre une lueur d\u2019espoir, car il incarne ce rapprochement entre les forces politiques, les militaires et les populations locales, une alliance n\u00e9cessaire pour faire face aux menaces qui p\u00e8sent sur le pays. La lutte contre le terrorisme ne se limite pas \u00e0 des actions militaires ; elle exige \u00e9galement un renforcement de la coh\u00e9sion sociale et un dialogue entre toutes les composantes de la nation.<\/p>\n<p>Jean Emmanuel Ou\u00e9draogo devra, dans ce contexte, travailler \u00e0 apaiser les tensions internes, promouvoir l\u2019unit\u00e9 nationale et renforcer la confiance des Burkinab\u00e8 envers leurs institutions. Cela passera par un travail de proximit\u00e9, une \u00e9coute active des pr\u00e9occupations de la population et des actions concr\u00e8tes visant \u00e0 am\u00e9liorer la situation s\u00e9curitaire sur le terrain. Sur le plan \u00e9conomique, la t\u00e2che est tout aussi ardue. Le Burkina Faso fait face \u00e0 une crise \u00e9conomique accentu\u00e9e par la guerre contre le terrorisme, l\u2019augmentation des prix des mati\u00e8res premi\u00e8res et un contexte international incertain. Jean Emmanuel Ou\u00e9draogo devra \u0153uvrer pour relancer l\u2019\u00e9conomie, soutenir les secteurs cl\u00e9s, tout en mettant en place des politiques de d\u00e9veloppement durable et de r\u00e9duction de la pauvret\u00e9. Cela passera, entre autres, par la redynamisation de l\u2019agriculture, un secteur crucial pour l\u2019emploi et la s\u00e9curit\u00e9 alimentaire, ainsi que par le renforcement des infrastructures pour soutenir la croissance \u00e0 long terme.<\/p>\n<p>Au-del\u00e0 de ces d\u00e9fis imm\u00e9diats, le nouveau Premier ministre aura \u00e9galement pour mission de redonner confiance aux partenaires internationaux du Burkina Faso. Apr\u00e8s une p\u00e9riode d\u2019isolement diplomatique et de tensions avec certaines puissances \u00e9trang\u00e8res, il est imp\u00e9ratif que le pays renouvelle ses relations avec ses alli\u00e9s traditionnels, mais aussi qu\u2019il ouvre des perspectives de coop\u00e9ration avec de nouveaux partenaires. Jean Emmanuel Ou\u00e9draogo devra convaincre le monde que le Burkina Faso reste un pays ouvert au dialogue, respectueux des principes de souverainet\u00e9 et pr\u00eat \u00e0 coop\u00e9rer pour le d\u00e9veloppement et la paix.<\/p>\n<p>La nomination de Jean Emmanuel Ou\u00e9draogo est un signe d\u2019espoir, un appel \u00e0 l\u2019unit\u00e9 nationale et \u00e0 la mobilisation g\u00e9n\u00e9rale pour un avenir meilleur. Si le pays parvient \u00e0 surmonter les \u00e9preuves qui l\u2019attendent, ce sera gr\u00e2ce \u00e0 la d\u00e9termination, \u00e0 la vision et au leadership de son nouveau Premier ministre. Il ne s&rsquo;agit pas simplement de g\u00e9rer une crise, mais de b\u00e2tir un avenir plus stable, plus prosp\u00e8re et plus pacifique pour tous les Burkinab\u00e8.<\/p>\n<p style=\"text-align: right;\"><strong>Par La R\u00e9daction\u00a0<\/strong><\/p>\n","protected":false},"excerpt":{"rendered":"<p>La nomination de Jean Emmanuel Ou\u00e9draogo au poste de Premier ministre en remplacement de Kyelem<\/p>\n","protected":false},"author":2,"featured_media":998,"comment_status":"open","ping_status":"open","sticky":false,"template":"","format":"standard","meta":{"_et_pb_use_builder":"","_et_pb_old_content":"","_et_gb_content_width":"","footnotes":""},"categories":[6],"tags":[18,49,494,75],"class_list":["post-997","post","type-post","status-publish","format-standard","has-post-thumbnail","hentry","category-politique","tag-burkina-faso","tag-geopolitique","tag-jean-emmanuel-ouedraogo","tag-politique"],"yoast_head":"<!-- This site is optimized with the Yoast SEO plugin v27.5 - https:\/\/yoast.com\/product\/yoast-seo-wordpress\/ -->\n<title>\u00a0Edito\/Nomination de Rimtalba Jean Emmanuel Ou\u00e9draogo comme Premier ministre : Un nouveau d\u00e9fi pour le Burkina Faso - Vox Sahel<\/title>\n<meta name=\"robots\" content=\"index, follow, max-snippet:-1, max-image-preview:large, max-video-preview:-1\" \/>\n<link rel=\"canonical\" href=\"https:\/\/voxsahel.com\/?p=997\" \/>\n<meta property=\"og:locale\" content=\"fr_FR\" \/>\n<meta property=\"og:type\" content=\"article\" \/>\n<meta property=\"og:title\" content=\"\u00a0Edito\/Nomination de Rimtalba Jean Emmanuel Ou\u00e9draogo comme Premier ministre : Un nouveau d\u00e9fi pour le Burkina Faso - Vox Sahel\" \/>\n<meta property=\"og:description\" content=\"La nomination de Jean Emmanuel Ou\u00e9draogo au poste de Premier ministre en remplacement de Kyelem\" \/>\n<meta property=\"og:url\" content=\"https:\/\/voxsahel.com\/?p=997\" \/>\n<meta property=\"og:site_name\" content=\"Vox Sahel\" \/>\n<meta property=\"article:publisher\" content=\"https:\/\/www.facebook.com\/journal.voxsahel\" \/>\n<meta property=\"article:published_time\" content=\"2024-12-10T09:58:08+00:00\" \/>\n<meta property=\"article:modified_time\" content=\"2024-12-10T09:58:50+00:00\" \/>\n<meta property=\"og:image\" content=\"https:\/\/voxsahel.com\/wp-content\/uploads\/2024\/12\/EDITO.jpeg\" \/>\n\t<meta property=\"og:image:width\" content=\"2500\" \/>\n\t<meta property=\"og:image:height\" content=\"2000\" \/>\n\t<meta property=\"og:image:type\" content=\"image\/jpeg\" \/>\n<meta name=\"author\" content=\"Vox Sahel\" \/>\n<meta name=\"twitter:card\" content=\"summary_large_image\" \/>\n<meta name=\"twitter:label1\" content=\"\u00c9crit par\" \/>\n\t<meta name=\"twitter:data1\" content=\"Vox Sahel\" \/>\n\t<meta name=\"twitter:label2\" content=\"Dur\u00e9e de lecture estim\u00e9e\" \/>\n\t<meta name=\"twitter:data2\" content=\"4 minutes\" \/>\n<script type=\"application\/ld+json\" class=\"yoast-schema-graph\">{\"@context\":\"https:\\\/\\\/schema.org\",\"@graph\":[{\"@type\":\"Article\",\"@id\":\"https:\\\/\\\/voxsahel.com\\\/?p=997#article\",\"isPartOf\":{\"@id\":\"https:\\\/\\\/voxsahel.com\\\/?p=997\"},\"author\":{\"name\":\"Vox Sahel\",\"@id\":\"https:\\\/\\\/voxsahel.com\\\/#\\\/schema\\\/person\\\/b4043608248f8fa227cd760e7ff1e19e\"},\"headline\":\"\u00a0Edito\\\/Nomination de Rimtalba Jean Emmanuel Ou\u00e9draogo comme Premier ministre : Un nouveau d\u00e9fi pour le Burkina Faso\",\"datePublished\":\"2024-12-10T09:58:08+00:00\",\"dateModified\":\"2024-12-10T09:58:50+00:00\",\"mainEntityOfPage\":{\"@id\":\"https:\\\/\\\/voxsahel.com\\\/?p=997\"},\"wordCount\":706,\"commentCount\":0,\"publisher\":{\"@id\":\"https:\\\/\\\/voxsahel.com\\\/#organization\"},\"image\":{\"@id\":\"https:\\\/\\\/voxsahel.com\\\/?p=997#primaryimage\"},\"thumbnailUrl\":\"https:\\\/\\\/voxsahel.com\\\/wp-content\\\/uploads\\\/2024\\\/12\\\/EDITO.jpeg\",\"keywords\":[\"Burkina Faso\",\"G\u00e9opolitique\",\"Jean Emmanuel Ou\u00e9draogo\",\"Politique\"],\"articleSection\":[\"POLITIQUE\"],\"inLanguage\":\"fr-FR\",\"potentialAction\":[{\"@type\":\"CommentAction\",\"name\":\"Comment\",\"target\":[\"https:\\\/\\\/voxsahel.com\\\/?p=997#respond\"]}]},{\"@type\":\"WebPage\",\"@id\":\"https:\\\/\\\/voxsahel.com\\\/?p=997\",\"url\":\"https:\\\/\\\/voxsahel.com\\\/?p=997\",\"name\":\"\u00a0Edito\\\/Nomination de Rimtalba Jean Emmanuel Ou\u00e9draogo comme Premier ministre : Un nouveau d\u00e9fi pour le Burkina Faso - Vox Sahel\",\"isPartOf\":{\"@id\":\"https:\\\/\\\/voxsahel.com\\\/#website\"},\"primaryImageOfPage\":{\"@id\":\"https:\\\/\\\/voxsahel.com\\\/?p=997#primaryimage\"},\"image\":{\"@id\":\"https:\\\/\\\/voxsahel.com\\\/?p=997#primaryimage\"},\"thumbnailUrl\":\"https:\\\/\\\/voxsahel.com\\\/wp-content\\\/uploads\\\/2024\\\/12\\\/EDITO.jpeg\",\"datePublished\":\"2024-12-10T09:58:08+00:00\",\"dateModified\":\"2024-12-10T09:58:50+00:00\",\"breadcrumb\":{\"@id\":\"https:\\\/\\\/voxsahel.com\\\/?p=997#breadcrumb\"},\"inLanguage\":\"fr-FR\",\"potentialAction\":[{\"@type\":\"ReadAction\",\"target\":[\"https:\\\/\\\/voxsahel.com\\\/?p=997\"]}]},{\"@type\":\"ImageObject\",\"inLanguage\":\"fr-FR\",\"@id\":\"https:\\\/\\\/voxsahel.com\\\/?p=997#primaryimage\",\"url\":\"https:\\\/\\\/voxsahel.com\\\/wp-content\\\/uploads\\\/2024\\\/12\\\/EDITO.jpeg\",\"contentUrl\":\"https:\\\/\\\/voxsahel.com\\\/wp-content\\\/uploads\\\/2024\\\/12\\\/EDITO.jpeg\",\"width\":2500,\"height\":2000,\"caption\":\"\u00a0Editp\\\/Nomination de Rimtalba Jean Emmanuel Ou\u00e9draogo comme Premier ministre : Un nouveau d\u00e9fi pour le Burkina Faso\"},{\"@type\":\"BreadcrumbList\",\"@id\":\"https:\\\/\\\/voxsahel.com\\\/?p=997#breadcrumb\",\"itemListElement\":[{\"@type\":\"ListItem\",\"position\":1,\"name\":\"Home\",\"item\":\"https:\\\/\\\/voxsahel.com\\\/\"},{\"@type\":\"ListItem\",\"position\":2,\"name\":\"\u00a0Edito\\\/Nomination de Rimtalba Jean Emmanuel Ou\u00e9draogo comme Premier ministre : Un nouveau d\u00e9fi pour le Burkina Faso\"}]},{\"@type\":\"WebSite\",\"@id\":\"https:\\\/\\\/voxsahel.com\\\/#website\",\"url\":\"https:\\\/\\\/voxsahel.com\\\/\",\"name\":\"Vox Sahel\",\"description\":\"Informez-vous sur le Sahel en un clic\",\"publisher\":{\"@id\":\"https:\\\/\\\/voxsahel.com\\\/#organization\"},\"potentialAction\":[{\"@type\":\"SearchAction\",\"target\":{\"@type\":\"EntryPoint\",\"urlTemplate\":\"https:\\\/\\\/voxsahel.com\\\/?s={search_term_string}\"},\"query-input\":{\"@type\":\"PropertyValueSpecification\",\"valueRequired\":true,\"valueName\":\"search_term_string\"}}],\"inLanguage\":\"fr-FR\"},{\"@type\":\"Organization\",\"@id\":\"https:\\\/\\\/voxsahel.com\\\/#organization\",\"name\":\"Vox Sahel\",\"url\":\"https:\\\/\\\/voxsahel.com\\\/\",\"logo\":{\"@type\":\"ImageObject\",\"inLanguage\":\"fr-FR\",\"@id\":\"https:\\\/\\\/voxsahel.com\\\/#\\\/schema\\\/logo\\\/image\\\/\",\"url\":\"https:\\\/\\\/voxsahel.com\\\/wp-content\\\/uploads\\\/2024\\\/09\\\/Logo-Vox-Sahel.jpg\",\"contentUrl\":\"https:\\\/\\\/voxsahel.com\\\/wp-content\\\/uploads\\\/2024\\\/09\\\/Logo-Vox-Sahel.jpg\",\"width\":1181,\"height\":848,\"caption\":\"Vox Sahel\"},\"image\":{\"@id\":\"https:\\\/\\\/voxsahel.com\\\/#\\\/schema\\\/logo\\\/image\\\/\"},\"sameAs\":[\"https:\\\/\\\/www.facebook.com\\\/journal.voxsahel\"]},{\"@type\":\"Person\",\"@id\":\"https:\\\/\\\/voxsahel.com\\\/#\\\/schema\\\/person\\\/b4043608248f8fa227cd760e7ff1e19e\",\"name\":\"Vox Sahel\",\"image\":{\"@type\":\"ImageObject\",\"inLanguage\":\"fr-FR\",\"@id\":\"https:\\\/\\\/secure.gravatar.com\\\/avatar\\\/f70e7fa0cb9b29d4a7c5788d6eb2e9ab4d3135cbae1c9161810fdf77a8964699?s=96&d=mm&r=g\",\"url\":\"https:\\\/\\\/secure.gravatar.com\\\/avatar\\\/f70e7fa0cb9b29d4a7c5788d6eb2e9ab4d3135cbae1c9161810fdf77a8964699?s=96&d=mm&r=g\",\"contentUrl\":\"https:\\\/\\\/secure.gravatar.com\\\/avatar\\\/f70e7fa0cb9b29d4a7c5788d6eb2e9ab4d3135cbae1c9161810fdf77a8964699?s=96&d=mm&r=g\",\"caption\":\"Vox Sahel\"},\"sameAs\":[\"http:\\\/\\\/www.voxsahel.com\"],\"url\":\"https:\\\/\\\/voxsahel.com\\\/?author=2\"}]}<\/script>\n<!-- \/ Yoast SEO plugin. -->","yoast_head_json":{"title":"\u00a0Edito\/Nomination de Rimtalba Jean Emmanuel Ou\u00e9draogo comme Premier ministre : Un nouveau d\u00e9fi pour le Burkina Faso - Vox Sahel","robots":{"index":"index","follow":"follow","max-snippet":"max-snippet:-1","max-image-preview":"max-image-preview:large","max-video-preview":"max-video-preview:-1"},"canonical":"https:\/\/voxsahel.com\/?p=997","og_locale":"fr_FR","og_type":"article","og_title":"\u00a0Edito\/Nomination de Rimtalba Jean Emmanuel Ou\u00e9draogo comme Premier ministre : Un nouveau d\u00e9fi pour le Burkina Faso - Vox Sahel","og_description":"La nomination de Jean Emmanuel Ou\u00e9draogo au poste de Premier ministre en remplacement de Kyelem","og_url":"https:\/\/voxsahel.com\/?p=997","og_site_name":"Vox Sahel","article_publisher":"https:\/\/www.facebook.com\/journal.voxsahel","article_published_time":"2024-12-10T09:58:08+00:00","article_modified_time":"2024-12-10T09:58:50+00:00","og_image":[{"width":2500,"height":2000,"url":"https:\/\/voxsahel.com\/wp-content\/uploads\/2024\/12\/EDITO.jpeg","type":"image\/jpeg"}],"author":"Vox Sahel","twitter_card":"summary_large_image","twitter_misc":{"\u00c9crit par":"Vox Sahel","Dur\u00e9e de lecture estim\u00e9e":"4 minutes"},"schema":{"@context":"https:\/\/schema.org","@graph":[{"@type":"Article","@id":"https:\/\/voxsahel.com\/?p=997#article","isPartOf":{"@id":"https:\/\/voxsahel.com\/?p=997"},"author":{"name":"Vox Sahel","@id":"https:\/\/voxsahel.com\/#\/schema\/person\/b4043608248f8fa227cd760e7ff1e19e"},"headline":"\u00a0Edito\/Nomination de Rimtalba Jean Emmanuel Ou\u00e9draogo comme Premier ministre : Un nouveau d\u00e9fi pour le Burkina Faso","datePublished":"2024-12-10T09:58:08+00:00","dateModified":"2024-12-10T09:58:50+00:00","mainEntityOfPage":{"@id":"https:\/\/voxsahel.com\/?p=997"},"wordCount":706,"commentCount":0,"publisher":{"@id":"https:\/\/voxsahel.com\/#organization"},"image":{"@id":"https:\/\/voxsahel.com\/?p=997#primaryimage"},"thumbnailUrl":"https:\/\/voxsahel.com\/wp-content\/uploads\/2024\/12\/EDITO.jpeg","keywords":["Burkina Faso","G\u00e9opolitique","Jean Emmanuel Ou\u00e9draogo","Politique"],"articleSection":["POLITIQUE"],"inLanguage":"fr-FR","potentialAction":[{"@type":"CommentAction","name":"Comment","target":["https:\/\/voxsahel.com\/?p=997#respond"]}]},{"@type":"WebPage","@id":"https:\/\/voxsahel.com\/?p=997","url":"https:\/\/voxsahel.com\/?p=997","name":"\u00a0Edito\/Nomination de Rimtalba Jean Emmanuel Ou\u00e9draogo comme Premier ministre : Un nouveau d\u00e9fi pour le Burkina Faso - Vox Sahel","isPartOf":{"@id":"https:\/\/voxsahel.com\/#website"},"primaryImageOfPage":{"@id":"https:\/\/voxsahel.com\/?p=997#primaryimage"},"image":{"@id":"https:\/\/voxsahel.com\/?p=997#primaryimage"},"thumbnailUrl":"https:\/\/voxsahel.com\/wp-content\/uploads\/2024\/12\/EDITO.jpeg","datePublished":"2024-12-10T09:58:08+00:00","dateModified":"2024-12-10T09:58:50+00:00","breadcrumb":{"@id":"https:\/\/voxsahel.com\/?p=997#breadcrumb"},"inLanguage":"fr-FR","potentialAction":[{"@type":"ReadAction","target":["https:\/\/voxsahel.com\/?p=997"]}]},{"@type":"ImageObject","inLanguage":"fr-FR","@id":"https:\/\/voxsahel.com\/?p=997#primaryimage","url":"https:\/\/voxsahel.com\/wp-content\/uploads\/2024\/12\/EDITO.jpeg","contentUrl":"https:\/\/voxsahel.com\/wp-content\/uploads\/2024\/12\/EDITO.jpeg","width":2500,"height":2000,"caption":"\u00a0Editp\/Nomination de Rimtalba Jean Emmanuel Ou\u00e9draogo comme Premier ministre : Un nouveau d\u00e9fi pour le Burkina Faso"},{"@type":"BreadcrumbList","@id":"https:\/\/voxsahel.com\/?p=997#breadcrumb","itemListElement":[{"@type":"ListItem","position":1,"name":"Home","item":"https:\/\/voxsahel.com\/"},{"@type":"ListItem","position":2,"name":"\u00a0Edito\/Nomination de Rimtalba Jean Emmanuel Ou\u00e9draogo comme Premier ministre : Un nouveau d\u00e9fi pour le Burkina Faso"}]},{"@type":"WebSite","@id":"https:\/\/voxsahel.com\/#website","url":"https:\/\/voxsahel.com\/","name":"Vox Sahel","description":"Informez-vous sur le Sahel en un clic","publisher":{"@id":"https:\/\/voxsahel.com\/#organization"},"potentialAction":[{"@type":"SearchAction","target":{"@type":"EntryPoint","urlTemplate":"https:\/\/voxsahel.com\/?s={search_term_string}"},"query-input":{"@type":"PropertyValueSpecification","valueRequired":true,"valueName":"search_term_string"}}],"inLanguage":"fr-FR"},{"@type":"Organization","@id":"https:\/\/voxsahel.com\/#organization","name":"Vox Sahel","url":"https:\/\/voxsahel.com\/","logo":{"@type":"ImageObject","inLanguage":"fr-FR","@id":"https:\/\/voxsahel.com\/#\/schema\/logo\/image\/","url":"https:\/\/voxsahel.com\/wp-content\/uploads\/2024\/09\/Logo-Vox-Sahel.jpg","contentUrl":"https:\/\/voxsahel.com\/wp-content\/uploads\/2024\/09\/Logo-Vox-Sahel.jpg","width":1181,"height":848,"caption":"Vox Sahel"},"image":{"@id":"https:\/\/voxsahel.com\/#\/schema\/logo\/image\/"},"sameAs":["https:\/\/www.facebook.com\/journal.voxsahel"]},{"@type":"Person","@id":"https:\/\/voxsahel.com\/#\/schema\/person\/b4043608248f8fa227cd760e7ff1e19e","name":"Vox Sahel","image":{"@type":"ImageObject","inLanguage":"fr-FR","@id":"https:\/\/secure.gravatar.com\/avatar\/f70e7fa0cb9b29d4a7c5788d6eb2e9ab4d3135cbae1c9161810fdf77a8964699?s=96&d=mm&r=g","url":"https:\/\/secure.gravatar.com\/avatar\/f70e7fa0cb9b29d4a7c5788d6eb2e9ab4d3135cbae1c9161810fdf77a8964699?s=96&d=mm&r=g","contentUrl":"https:\/\/secure.gravatar.com\/avatar\/f70e7fa0cb9b29d4a7c5788d6eb2e9ab4d3135cbae1c9161810fdf77a8964699?s=96&d=mm&r=g","caption":"Vox Sahel"},"sameAs":["http:\/\/www.voxsahel.com"],"url":"https:\/\/voxsahel.com\/?author=2"}]}},"_links":{"self":[{"href":"https:\/\/voxsahel.com\/index.php?rest_route=\/wp\/v2\/posts\/997","targetHints":{"allow":["GET"]}}],"collection":[{"href":"https:\/\/voxsahel.com\/index.php?rest_route=\/wp\/v2\/posts"}],"about":[{"href":"https:\/\/voxsahel.com\/index.php?rest_route=\/wp\/v2\/types\/post"}],"author":[{"embeddable":true,"href":"https:\/\/voxsahel.com\/index.php?rest_route=\/wp\/v2\/users\/2"}],"replies":[{"embeddable":true,"href":"https:\/\/voxsahel.com\/index.php?rest_route=%2Fwp%2Fv2%2Fcomments&post=997"}],"version-history":[{"count":2,"href":"https:\/\/voxsahel.com\/index.php?rest_route=\/wp\/v2\/posts\/997\/revisions"}],"predecessor-version":[{"id":1000,"href":"https:\/\/voxsahel.com\/index.php?rest_route=\/wp\/v2\/posts\/997\/revisions\/1000"}],"wp:featuredmedia":[{"embeddable":true,"href":"https:\/\/voxsahel.com\/index.php?rest_route=\/wp\/v2\/media\/998"}],"wp:attachment":[{"href":"https:\/\/voxsahel.com\/index.php?rest_route=%2Fwp%2Fv2%2Fmedia&parent=997"}],"wp:term":[{"taxonomy":"category","embeddable":true,"href":"https:\/\/voxsahel.com\/index.php?rest_route=%2Fwp%2Fv2%2Fcategories&post=997"},{"taxonomy":"post_tag","embeddable":true,"href":"https:\/\/voxsahel.com\/index.php?rest_route=%2Fwp%2Fv2%2Ftags&post=997"}],"curies":[{"name":"wp","href":"https:\/\/api.w.org\/{rel}","templated":true}]}}