{"id":990,"date":"2024-12-09T20:58:07","date_gmt":"2024-12-09T20:58:07","guid":{"rendered":"https:\/\/voxsahel.com\/?p=990"},"modified":"2024-12-09T20:58:07","modified_gmt":"2024-12-09T20:58:07","slug":"conseil-national-de-leconomie-informelle-du-burkina-des-commercants-appellent-a-ne-pas-delivrer-un-recepisse-a-salifou-nikiema","status":"publish","type":"post","link":"https:\/\/voxsahel.com\/?p=990","title":{"rendered":"Conseil national de l&rsquo;\u00e9conomie informelle du Burkina : Des commer\u00e7ants appellent \u00e0 ne pas d\u00e9livrer un r\u00e9c\u00e9piss\u00e9 \u00e0 Salifou Niki\u00e9ma"},"content":{"rendered":"<p class=\"p1\">Le 9 d\u00e9cembre 2024, lors d&rsquo;une conf\u00e9rence de presse tenue \u00e0 Ouagadougou, \u00a0la Coalition des associations des march\u00e9s et yaars du Burkina Faso, a exprim\u00e9 sa vive inqui\u00e9tude concernant l&rsquo;organisation des \u00e9lections au sein du Conseil national de l&rsquo;\u00e9conomie informelle (CNEI-BF). Selon lui, ces \u00e9lections, qui ont eu lieu le 28 novembre 2024 \u00e0 Tenkodogo, ont \u00e9t\u00e9 entach\u00e9es de graves irr\u00e9gularit\u00e9s.<\/p>\n<p class=\"p1\"><span class=\"s1\">Elle appelle \u00e0 ne pas d\u00e9livrer un r\u00e9c\u00e9piss\u00e9 au nouveau bureau dirig\u00e9 par Salifou Niki\u00e9ma.<\/span><\/p>\n<p class=\"p1\"><span class=\"s1\">la Coalition des associations des march\u00e9s et yaars du Burkina Faso ne reconnait pas l\u2019\u00e9lection de Salifou Nilki\u00e9ma \u00e0 la t\u00eate du CNEI-BF. Pour son porte-parole, L\u00e9on Niki\u00e9maune lettre avait \u00e9t\u00e9 envoy\u00e9e au ministre du secteur informel, Roland Somda, d\u00e8s le 16 novembre, pour exprimer les pr\u00e9occupations des commer\u00e7ants sur le processus \u00e9lectoral. <\/span><\/p>\n<p class=\"p1\"><span class=\"s1\">Une conf\u00e9rence de presse organis\u00e9e par une coalition d&rsquo;associations le 26 novembre avait d\u00e9j\u00e0 alert\u00e9 les autorit\u00e9s sur l\u2019ent\u00eatement du pr\u00e9sident du CNEI, Salifou Niki\u00e9ma, \u00e0 organiser ces \u00e9lections malgr\u00e9 des violations des statuts et du r\u00e8glement int\u00e9rieur de l\u2019institution. A l\u2019en croire, la Coalition a ainsi lanc\u00e9 un appel au ministre en charge de l&#8217;emploi pour suspendre ce processus, ce qui a \u00e9t\u00e9 partiellement entendu, puisque le ministre Somda a adress\u00e9 deux lettres, l&rsquo;une le 25 novembre pour exiger des \u00e9lections libres et transparentes, et l&rsquo;autre le 27 novembre demandant un report des \u00e9lections. <\/span><\/p>\n<p class=\"p1\"><span class=\"s1\">Il a laiss\u00e9 entendre que malgr\u00e9 ces d\u00e9marches, le pr\u00e9sident Salifou Niki\u00e9ma, appuy\u00e9 par certains complices, a maintenu la date du 28 novembre pour organiser ces \u00e9lections \u00e0 Tenkodogo, o\u00f9 seulement 51 votants ont pris part au scrutin, dont plusieurs par procuration. L\u00e9on Niki\u00e9ma de faire savoir que cette situation est d\u2019autant plus pr\u00e9occupante que les statuts du CNEI, notamment les articles 29 et 32, stipulent qu\u2019il doit y avoir plus de 400 votants, comme cela avait \u00e9t\u00e9 le cas en 2019. Les repr\u00e9sentants de la Coalition soulignent que ce manque de transparence et ces irr\u00e9gularit\u00e9s ne peuvent pas \u00eatre tol\u00e9r\u00e9s. <\/span><\/p>\n<p class=\"p1\"><span class=\"s1\">L\u00e9on Niki\u00e9ma a demand\u00e9 une reprise imm\u00e9diate des \u00e9lections du CNEI avec la participation de l\u2019ensemble des 449 membres, sous l\u2019organisation du minist\u00e8re de la tutelle, en collaboration avec le minist\u00e8re du Commerce. Il a pris exemple sur d&rsquo;autres structures telles que la Chambre de Commerce et le Patronat, qui ont organis\u00e9 des \u00e9lections transparentes, sans contestation. <\/span><\/p>\n<p class=\"p1\"><span class=\"s1\">Selon lui, il est incompr\u00e9hensible que ces \u00e9lections aient \u00e9t\u00e9 tenues \u00e0 Tenkodogo au lieu de Ouagadougou, la capitale, soulignant qu&rsquo;il semble y avoir une volont\u00e9 de maintenir Salifou Niki\u00e9ma \u00e0 la t\u00eate du CNEI \u00e0 tout prix.Bien que L\u00e9on Niki\u00e9ma ait affirm\u00e9 ne rien avoir contre la personne de Salifou Niki\u00e9ma, il a critiqu\u00e9 son bilan de cinq ans \u00e0 la t\u00eate du CNEI. Il a accus\u00e9 le pr\u00e9sident du CNEI de diviser les acteurs du secteur informel, notamment les commer\u00e7ants des march\u00e9s et des yaars, et de craindre des \u00e9lections libres o\u00f9 il pourrait perdre son poste. <\/span><\/p>\n<p class=\"p1\"><span class=\"s1\">En attendant la d\u00e9cision de la justice, qui examinera la r\u00e9gularit\u00e9 de ces \u00e9lections, la Coalition a exig\u00e9 la suspension des r\u00e9sultats du 28 novembre et la non-remise du r\u00e9c\u00e9piss\u00e9 au bureau dirig\u00e9 par Salifou Niki\u00e9ma. De son c\u00f4t\u00e9, Seydou Ilboudo, pr\u00e9sident de la Coalition a r\u00e9affirm\u00e9 que l\u2019\u00e9lection n\u2019avait pas \u00e9t\u00e9 transparente et que des fraudes avaient eu lieu. Il a insist\u00e9 sur le fait qu&rsquo;ils ne comptaient pas accepter ce qu\u2019il a qualifi\u00e9 de forfaiture et a appel\u00e9 \u00e0 ce que des \u00e9lections transparentes soient organis\u00e9es pour restaurer l\u2019ordre et la paix au sein du secteur informel. <\/span><\/p>\n<p class=\"p1\"><span class=\"s1\">Dans ses d\u00e9clarations, Ilboudo a \u00e9galement soulign\u00e9 que le secteur informel, qui regroupe pr\u00e8s de 90% des travailleurs du pays, est un pilier essentiel de l&rsquo;\u00e9conomie burkinab\u00e8, particuli\u00e8rement dans un contexte de crise s\u00e9curitaire. Il a r\u00e9affirm\u00e9 que la coh\u00e9sion au sein du secteur est primordiale et qu\u2019il n&rsquo;est pas acceptable que des \u00e9lections opaques soient impos\u00e9es \u00e0 ses acteurs. Il a conclu en exprimant son soutien au Capitaine Ibrahim Traor\u00e9 et \u00e0 son gouvernement, tout en appelant \u00e0 la reprise des \u00e9lections du CNEI afin d\u2019assurer leur r\u00e9gularit\u00e9 et leur transparence.<\/span><\/p>\n<p class=\"p1\" style=\"text-align: right;\"><span class=\"s1\"><b>Par Amir BAKO<\/b><\/span><\/p>\n","protected":false},"excerpt":{"rendered":"<p>Le 9 d\u00e9cembre 2024, lors d&rsquo;une conf\u00e9rence de presse tenue \u00e0 Ouagadougou, \u00a0la Coalition des<\/p>\n","protected":false},"author":2,"featured_media":991,"comment_status":"open","ping_status":"open","sticky":false,"template":"","format":"standard","meta":{"_et_pb_use_builder":"","_et_pb_old_content":"","_et_gb_content_width":"","footnotes":""},"categories":[5],"tags":[],"class_list":["post-990","post","type-post","status-publish","format-standard","has-post-thumbnail","hentry","category-societe"],"yoast_head":"<!-- This site is optimized with the Yoast SEO plugin v27.5 - https:\/\/yoast.com\/product\/yoast-seo-wordpress\/ -->\n<title>Conseil national de l&#039;\u00e9conomie informelle du Burkina : Des commer\u00e7ants appellent \u00e0 ne pas d\u00e9livrer un r\u00e9c\u00e9piss\u00e9 \u00e0 Salifou Niki\u00e9ma - Vox Sahel<\/title>\n<meta name=\"robots\" content=\"index, follow, max-snippet:-1, max-image-preview:large, max-video-preview:-1\" \/>\n<link rel=\"canonical\" href=\"https:\/\/voxsahel.com\/?p=990\" \/>\n<meta property=\"og:locale\" content=\"fr_FR\" \/>\n<meta property=\"og:type\" content=\"article\" \/>\n<meta property=\"og:title\" content=\"Conseil national de l&#039;\u00e9conomie informelle du Burkina : Des commer\u00e7ants appellent \u00e0 ne pas d\u00e9livrer un r\u00e9c\u00e9piss\u00e9 \u00e0 Salifou Niki\u00e9ma - Vox Sahel\" \/>\n<meta property=\"og:description\" content=\"Le 9 d\u00e9cembre 2024, lors d&rsquo;une conf\u00e9rence de presse tenue \u00e0 Ouagadougou, \u00a0la Coalition des\" \/>\n<meta property=\"og:url\" content=\"https:\/\/voxsahel.com\/?p=990\" \/>\n<meta property=\"og:site_name\" content=\"Vox Sahel\" \/>\n<meta property=\"article:publisher\" content=\"https:\/\/www.facebook.com\/journal.voxsahel\" \/>\n<meta property=\"article:published_time\" content=\"2024-12-09T20:58:07+00:00\" \/>\n<meta property=\"og:image\" content=\"https:\/\/voxsahel.com\/wp-content\/uploads\/2024\/12\/f20eaa67-a860-4179-a712-3c1d77132789.jpeg\" \/>\n\t<meta property=\"og:image:width\" content=\"1080\" \/>\n\t<meta property=\"og:image:height\" content=\"717\" \/>\n\t<meta property=\"og:image:type\" content=\"image\/jpeg\" \/>\n<meta name=\"author\" content=\"Vox Sahel\" \/>\n<meta name=\"twitter:card\" content=\"summary_large_image\" \/>\n<meta name=\"twitter:label1\" content=\"\u00c9crit par\" \/>\n\t<meta name=\"twitter:data1\" content=\"Vox Sahel\" \/>\n\t<meta name=\"twitter:label2\" content=\"Dur\u00e9e de lecture estim\u00e9e\" \/>\n\t<meta name=\"twitter:data2\" content=\"4 minutes\" \/>\n<script type=\"application\/ld+json\" class=\"yoast-schema-graph\">{\"@context\":\"https:\\\/\\\/schema.org\",\"@graph\":[{\"@type\":\"Article\",\"@id\":\"https:\\\/\\\/voxsahel.com\\\/?p=990#article\",\"isPartOf\":{\"@id\":\"https:\\\/\\\/voxsahel.com\\\/?p=990\"},\"author\":{\"name\":\"Vox Sahel\",\"@id\":\"https:\\\/\\\/voxsahel.com\\\/#\\\/schema\\\/person\\\/b4043608248f8fa227cd760e7ff1e19e\"},\"headline\":\"Conseil national de l&rsquo;\u00e9conomie informelle du Burkina : Des commer\u00e7ants appellent \u00e0 ne pas d\u00e9livrer un r\u00e9c\u00e9piss\u00e9 \u00e0 Salifou Niki\u00e9ma\",\"datePublished\":\"2024-12-09T20:58:07+00:00\",\"mainEntityOfPage\":{\"@id\":\"https:\\\/\\\/voxsahel.com\\\/?p=990\"},\"wordCount\":767,\"commentCount\":0,\"publisher\":{\"@id\":\"https:\\\/\\\/voxsahel.com\\\/#organization\"},\"image\":{\"@id\":\"https:\\\/\\\/voxsahel.com\\\/?p=990#primaryimage\"},\"thumbnailUrl\":\"https:\\\/\\\/voxsahel.com\\\/wp-content\\\/uploads\\\/2024\\\/12\\\/f20eaa67-a860-4179-a712-3c1d77132789.jpeg\",\"articleSection\":[\"SOCIETE\"],\"inLanguage\":\"fr-FR\",\"potentialAction\":[{\"@type\":\"CommentAction\",\"name\":\"Comment\",\"target\":[\"https:\\\/\\\/voxsahel.com\\\/?p=990#respond\"]}]},{\"@type\":\"WebPage\",\"@id\":\"https:\\\/\\\/voxsahel.com\\\/?p=990\",\"url\":\"https:\\\/\\\/voxsahel.com\\\/?p=990\",\"name\":\"Conseil national de l'\u00e9conomie informelle du Burkina : Des commer\u00e7ants appellent \u00e0 ne pas d\u00e9livrer un r\u00e9c\u00e9piss\u00e9 \u00e0 Salifou Niki\u00e9ma - Vox Sahel\",\"isPartOf\":{\"@id\":\"https:\\\/\\\/voxsahel.com\\\/#website\"},\"primaryImageOfPage\":{\"@id\":\"https:\\\/\\\/voxsahel.com\\\/?p=990#primaryimage\"},\"image\":{\"@id\":\"https:\\\/\\\/voxsahel.com\\\/?p=990#primaryimage\"},\"thumbnailUrl\":\"https:\\\/\\\/voxsahel.com\\\/wp-content\\\/uploads\\\/2024\\\/12\\\/f20eaa67-a860-4179-a712-3c1d77132789.jpeg\",\"datePublished\":\"2024-12-09T20:58:07+00:00\",\"breadcrumb\":{\"@id\":\"https:\\\/\\\/voxsahel.com\\\/?p=990#breadcrumb\"},\"inLanguage\":\"fr-FR\",\"potentialAction\":[{\"@type\":\"ReadAction\",\"target\":[\"https:\\\/\\\/voxsahel.com\\\/?p=990\"]}]},{\"@type\":\"ImageObject\",\"inLanguage\":\"fr-FR\",\"@id\":\"https:\\\/\\\/voxsahel.com\\\/?p=990#primaryimage\",\"url\":\"https:\\\/\\\/voxsahel.com\\\/wp-content\\\/uploads\\\/2024\\\/12\\\/f20eaa67-a860-4179-a712-3c1d77132789.jpeg\",\"contentUrl\":\"https:\\\/\\\/voxsahel.com\\\/wp-content\\\/uploads\\\/2024\\\/12\\\/f20eaa67-a860-4179-a712-3c1d77132789.jpeg\",\"width\":1080,\"height\":717},{\"@type\":\"BreadcrumbList\",\"@id\":\"https:\\\/\\\/voxsahel.com\\\/?p=990#breadcrumb\",\"itemListElement\":[{\"@type\":\"ListItem\",\"position\":1,\"name\":\"Home\",\"item\":\"https:\\\/\\\/voxsahel.com\\\/\"},{\"@type\":\"ListItem\",\"position\":2,\"name\":\"Conseil national de l&rsquo;\u00e9conomie informelle du Burkina : Des commer\u00e7ants appellent \u00e0 ne pas d\u00e9livrer un r\u00e9c\u00e9piss\u00e9 \u00e0 Salifou Niki\u00e9ma\"}]},{\"@type\":\"WebSite\",\"@id\":\"https:\\\/\\\/voxsahel.com\\\/#website\",\"url\":\"https:\\\/\\\/voxsahel.com\\\/\",\"name\":\"Vox Sahel\",\"description\":\"Informez-vous sur le Sahel en un clic\",\"publisher\":{\"@id\":\"https:\\\/\\\/voxsahel.com\\\/#organization\"},\"potentialAction\":[{\"@type\":\"SearchAction\",\"target\":{\"@type\":\"EntryPoint\",\"urlTemplate\":\"https:\\\/\\\/voxsahel.com\\\/?s={search_term_string}\"},\"query-input\":{\"@type\":\"PropertyValueSpecification\",\"valueRequired\":true,\"valueName\":\"search_term_string\"}}],\"inLanguage\":\"fr-FR\"},{\"@type\":\"Organization\",\"@id\":\"https:\\\/\\\/voxsahel.com\\\/#organization\",\"name\":\"Vox Sahel\",\"url\":\"https:\\\/\\\/voxsahel.com\\\/\",\"logo\":{\"@type\":\"ImageObject\",\"inLanguage\":\"fr-FR\",\"@id\":\"https:\\\/\\\/voxsahel.com\\\/#\\\/schema\\\/logo\\\/image\\\/\",\"url\":\"https:\\\/\\\/voxsahel.com\\\/wp-content\\\/uploads\\\/2024\\\/09\\\/Logo-Vox-Sahel.jpg\",\"contentUrl\":\"https:\\\/\\\/voxsahel.com\\\/wp-content\\\/uploads\\\/2024\\\/09\\\/Logo-Vox-Sahel.jpg\",\"width\":1181,\"height\":848,\"caption\":\"Vox Sahel\"},\"image\":{\"@id\":\"https:\\\/\\\/voxsahel.com\\\/#\\\/schema\\\/logo\\\/image\\\/\"},\"sameAs\":[\"https:\\\/\\\/www.facebook.com\\\/journal.voxsahel\"]},{\"@type\":\"Person\",\"@id\":\"https:\\\/\\\/voxsahel.com\\\/#\\\/schema\\\/person\\\/b4043608248f8fa227cd760e7ff1e19e\",\"name\":\"Vox Sahel\",\"image\":{\"@type\":\"ImageObject\",\"inLanguage\":\"fr-FR\",\"@id\":\"https:\\\/\\\/secure.gravatar.com\\\/avatar\\\/f70e7fa0cb9b29d4a7c5788d6eb2e9ab4d3135cbae1c9161810fdf77a8964699?s=96&d=mm&r=g\",\"url\":\"https:\\\/\\\/secure.gravatar.com\\\/avatar\\\/f70e7fa0cb9b29d4a7c5788d6eb2e9ab4d3135cbae1c9161810fdf77a8964699?s=96&d=mm&r=g\",\"contentUrl\":\"https:\\\/\\\/secure.gravatar.com\\\/avatar\\\/f70e7fa0cb9b29d4a7c5788d6eb2e9ab4d3135cbae1c9161810fdf77a8964699?s=96&d=mm&r=g\",\"caption\":\"Vox Sahel\"},\"sameAs\":[\"http:\\\/\\\/www.voxsahel.com\"],\"url\":\"https:\\\/\\\/voxsahel.com\\\/?author=2\"}]}<\/script>\n<!-- \/ Yoast SEO plugin. -->","yoast_head_json":{"title":"Conseil national de l'\u00e9conomie informelle du Burkina : Des commer\u00e7ants appellent \u00e0 ne pas d\u00e9livrer un r\u00e9c\u00e9piss\u00e9 \u00e0 Salifou Niki\u00e9ma - Vox Sahel","robots":{"index":"index","follow":"follow","max-snippet":"max-snippet:-1","max-image-preview":"max-image-preview:large","max-video-preview":"max-video-preview:-1"},"canonical":"https:\/\/voxsahel.com\/?p=990","og_locale":"fr_FR","og_type":"article","og_title":"Conseil national de l'\u00e9conomie informelle du Burkina : Des commer\u00e7ants appellent \u00e0 ne pas d\u00e9livrer un r\u00e9c\u00e9piss\u00e9 \u00e0 Salifou Niki\u00e9ma - Vox Sahel","og_description":"Le 9 d\u00e9cembre 2024, lors d&rsquo;une conf\u00e9rence de presse tenue \u00e0 Ouagadougou, \u00a0la Coalition des","og_url":"https:\/\/voxsahel.com\/?p=990","og_site_name":"Vox Sahel","article_publisher":"https:\/\/www.facebook.com\/journal.voxsahel","article_published_time":"2024-12-09T20:58:07+00:00","og_image":[{"width":1080,"height":717,"url":"https:\/\/voxsahel.com\/wp-content\/uploads\/2024\/12\/f20eaa67-a860-4179-a712-3c1d77132789.jpeg","type":"image\/jpeg"}],"author":"Vox Sahel","twitter_card":"summary_large_image","twitter_misc":{"\u00c9crit par":"Vox Sahel","Dur\u00e9e de lecture estim\u00e9e":"4 minutes"},"schema":{"@context":"https:\/\/schema.org","@graph":[{"@type":"Article","@id":"https:\/\/voxsahel.com\/?p=990#article","isPartOf":{"@id":"https:\/\/voxsahel.com\/?p=990"},"author":{"name":"Vox Sahel","@id":"https:\/\/voxsahel.com\/#\/schema\/person\/b4043608248f8fa227cd760e7ff1e19e"},"headline":"Conseil national de l&rsquo;\u00e9conomie informelle du Burkina : Des commer\u00e7ants appellent \u00e0 ne pas d\u00e9livrer un r\u00e9c\u00e9piss\u00e9 \u00e0 Salifou Niki\u00e9ma","datePublished":"2024-12-09T20:58:07+00:00","mainEntityOfPage":{"@id":"https:\/\/voxsahel.com\/?p=990"},"wordCount":767,"commentCount":0,"publisher":{"@id":"https:\/\/voxsahel.com\/#organization"},"image":{"@id":"https:\/\/voxsahel.com\/?p=990#primaryimage"},"thumbnailUrl":"https:\/\/voxsahel.com\/wp-content\/uploads\/2024\/12\/f20eaa67-a860-4179-a712-3c1d77132789.jpeg","articleSection":["SOCIETE"],"inLanguage":"fr-FR","potentialAction":[{"@type":"CommentAction","name":"Comment","target":["https:\/\/voxsahel.com\/?p=990#respond"]}]},{"@type":"WebPage","@id":"https:\/\/voxsahel.com\/?p=990","url":"https:\/\/voxsahel.com\/?p=990","name":"Conseil national de l'\u00e9conomie informelle du Burkina : Des commer\u00e7ants appellent \u00e0 ne pas d\u00e9livrer un r\u00e9c\u00e9piss\u00e9 \u00e0 Salifou Niki\u00e9ma - Vox Sahel","isPartOf":{"@id":"https:\/\/voxsahel.com\/#website"},"primaryImageOfPage":{"@id":"https:\/\/voxsahel.com\/?p=990#primaryimage"},"image":{"@id":"https:\/\/voxsahel.com\/?p=990#primaryimage"},"thumbnailUrl":"https:\/\/voxsahel.com\/wp-content\/uploads\/2024\/12\/f20eaa67-a860-4179-a712-3c1d77132789.jpeg","datePublished":"2024-12-09T20:58:07+00:00","breadcrumb":{"@id":"https:\/\/voxsahel.com\/?p=990#breadcrumb"},"inLanguage":"fr-FR","potentialAction":[{"@type":"ReadAction","target":["https:\/\/voxsahel.com\/?p=990"]}]},{"@type":"ImageObject","inLanguage":"fr-FR","@id":"https:\/\/voxsahel.com\/?p=990#primaryimage","url":"https:\/\/voxsahel.com\/wp-content\/uploads\/2024\/12\/f20eaa67-a860-4179-a712-3c1d77132789.jpeg","contentUrl":"https:\/\/voxsahel.com\/wp-content\/uploads\/2024\/12\/f20eaa67-a860-4179-a712-3c1d77132789.jpeg","width":1080,"height":717},{"@type":"BreadcrumbList","@id":"https:\/\/voxsahel.com\/?p=990#breadcrumb","itemListElement":[{"@type":"ListItem","position":1,"name":"Home","item":"https:\/\/voxsahel.com\/"},{"@type":"ListItem","position":2,"name":"Conseil national de l&rsquo;\u00e9conomie informelle du Burkina : Des commer\u00e7ants appellent \u00e0 ne pas d\u00e9livrer un r\u00e9c\u00e9piss\u00e9 \u00e0 Salifou Niki\u00e9ma"}]},{"@type":"WebSite","@id":"https:\/\/voxsahel.com\/#website","url":"https:\/\/voxsahel.com\/","name":"Vox Sahel","description":"Informez-vous sur le Sahel en un clic","publisher":{"@id":"https:\/\/voxsahel.com\/#organization"},"potentialAction":[{"@type":"SearchAction","target":{"@type":"EntryPoint","urlTemplate":"https:\/\/voxsahel.com\/?s={search_term_string}"},"query-input":{"@type":"PropertyValueSpecification","valueRequired":true,"valueName":"search_term_string"}}],"inLanguage":"fr-FR"},{"@type":"Organization","@id":"https:\/\/voxsahel.com\/#organization","name":"Vox Sahel","url":"https:\/\/voxsahel.com\/","logo":{"@type":"ImageObject","inLanguage":"fr-FR","@id":"https:\/\/voxsahel.com\/#\/schema\/logo\/image\/","url":"https:\/\/voxsahel.com\/wp-content\/uploads\/2024\/09\/Logo-Vox-Sahel.jpg","contentUrl":"https:\/\/voxsahel.com\/wp-content\/uploads\/2024\/09\/Logo-Vox-Sahel.jpg","width":1181,"height":848,"caption":"Vox Sahel"},"image":{"@id":"https:\/\/voxsahel.com\/#\/schema\/logo\/image\/"},"sameAs":["https:\/\/www.facebook.com\/journal.voxsahel"]},{"@type":"Person","@id":"https:\/\/voxsahel.com\/#\/schema\/person\/b4043608248f8fa227cd760e7ff1e19e","name":"Vox Sahel","image":{"@type":"ImageObject","inLanguage":"fr-FR","@id":"https:\/\/secure.gravatar.com\/avatar\/f70e7fa0cb9b29d4a7c5788d6eb2e9ab4d3135cbae1c9161810fdf77a8964699?s=96&d=mm&r=g","url":"https:\/\/secure.gravatar.com\/avatar\/f70e7fa0cb9b29d4a7c5788d6eb2e9ab4d3135cbae1c9161810fdf77a8964699?s=96&d=mm&r=g","contentUrl":"https:\/\/secure.gravatar.com\/avatar\/f70e7fa0cb9b29d4a7c5788d6eb2e9ab4d3135cbae1c9161810fdf77a8964699?s=96&d=mm&r=g","caption":"Vox Sahel"},"sameAs":["http:\/\/www.voxsahel.com"],"url":"https:\/\/voxsahel.com\/?author=2"}]}},"_links":{"self":[{"href":"https:\/\/voxsahel.com\/index.php?rest_route=\/wp\/v2\/posts\/990","targetHints":{"allow":["GET"]}}],"collection":[{"href":"https:\/\/voxsahel.com\/index.php?rest_route=\/wp\/v2\/posts"}],"about":[{"href":"https:\/\/voxsahel.com\/index.php?rest_route=\/wp\/v2\/types\/post"}],"author":[{"embeddable":true,"href":"https:\/\/voxsahel.com\/index.php?rest_route=\/wp\/v2\/users\/2"}],"replies":[{"embeddable":true,"href":"https:\/\/voxsahel.com\/index.php?rest_route=%2Fwp%2Fv2%2Fcomments&post=990"}],"version-history":[{"count":1,"href":"https:\/\/voxsahel.com\/index.php?rest_route=\/wp\/v2\/posts\/990\/revisions"}],"predecessor-version":[{"id":992,"href":"https:\/\/voxsahel.com\/index.php?rest_route=\/wp\/v2\/posts\/990\/revisions\/992"}],"wp:featuredmedia":[{"embeddable":true,"href":"https:\/\/voxsahel.com\/index.php?rest_route=\/wp\/v2\/media\/991"}],"wp:attachment":[{"href":"https:\/\/voxsahel.com\/index.php?rest_route=%2Fwp%2Fv2%2Fmedia&parent=990"}],"wp:term":[{"taxonomy":"category","embeddable":true,"href":"https:\/\/voxsahel.com\/index.php?rest_route=%2Fwp%2Fv2%2Fcategories&post=990"},{"taxonomy":"post_tag","embeddable":true,"href":"https:\/\/voxsahel.com\/index.php?rest_route=%2Fwp%2Fv2%2Ftags&post=990"}],"curies":[{"name":"wp","href":"https:\/\/api.w.org\/{rel}","templated":true}]}}