{"id":981,"date":"2024-12-09T01:16:35","date_gmt":"2024-12-09T01:16:35","guid":{"rendered":"https:\/\/voxsahel.com\/?p=981"},"modified":"2024-12-09T01:16:35","modified_gmt":"2024-12-09T01:16:35","slug":"burkina-faso-un-gouvernement-renouvele-sous-la-direction-de-rimtalba-jean-emmanuel-ouedraogo","status":"publish","type":"post","link":"https:\/\/voxsahel.com\/?p=981","title":{"rendered":"Burkina Faso : Un gouvernement renouvel\u00e9 sous la direction de Rimtalba Jean Emmanuel Ou\u00e9draogo"},"content":{"rendered":"<p class=\"p1\"><span class=\"s1\">Le nouveau gouvernement du Burkina Faso, dirig\u00e9 par le Premier ministre Rimtalba Jean Emmanuel Ou\u00e9draogo, a \u00e9t\u00e9 d\u00e9voil\u00e9 dans la soir\u00e9e de ce dimanche <\/span><span class=\"s2\">8 d\u00e9cembre 2024<\/span><span class=\"s1\">. Compos\u00e9 de 24 membres, ce cabinet marque une volont\u00e9 de renouvellement avec l&rsquo;entr\u00e9e de quatre nouvelles personnalit\u00e9s et le d\u00e9part de trois ministres.<\/span><\/p>\n<p class=\"p1\"><strong><span class=\"s2\">Les changements majeurs au sein du gouvernement<\/span><\/strong><\/p>\n<p class=\"p1\"><span class=\"s1\">Parmi les d\u00e9parts notables, le ministre d&rsquo;\u00c9tat \u00e0 la Fonction publique, Bassolma Bazi\u00e9, quitte ses fonctions. Il est remplac\u00e9 par Mathias Traor\u00e9, ancien secr\u00e9taire g\u00e9n\u00e9ral du gouvernement et du Conseil des ministres. Ce dernier c\u00e8de son poste \u00e0 Ousmane Ouattara, apportant ainsi une continuit\u00e9 dans la gestion administrative.<\/span><\/p>\n<p class=\"p1\"><span class=\"s1\">Au minist\u00e8re de la D\u00e9fense et des Anciens Combattants, un changement strat\u00e9gique a \u00e9galement \u00e9t\u00e9 op\u00e9r\u00e9. Le g\u00e9n\u00e9ral C\u00e9lestin Simpor\u00e9, ancien chef d&rsquo;\u00e9tat-major g\u00e9n\u00e9ral des arm\u00e9es, succ\u00e8de au g\u00e9n\u00e9ral de brigade Kassoum Coulibaly, d\u00e9montrant une volont\u00e9 de renforcer l&rsquo;efficacit\u00e9 du secteur de la d\u00e9fense dans un contexte s\u00e9curitaire complexe.<\/span><\/p>\n<p class=\"p1\"><span class=\"s1\">Dans le domaine humanitaire, Nandy Som\u00e9\/Diallo passe le flambeau au commandant P\u00e9lagie Kabr\u00e9\/Kabor\u00e9, une nomination qui refl\u00e8te l&rsquo;importance accord\u00e9e \u00e0 l&rsquo;action humanitaire dans un pays confront\u00e9 \u00e0 des crises multiples.<\/span><\/p>\n<p class=\"p1\"><strong><span class=\"s2\">De nouvelles figures et des promotions internes<\/span><\/strong><\/p>\n<p class=\"p1\"><span class=\"s1\">Gilbert Pengwend\u00e9 Ou\u00e9draogo, ancien directeur de la Communication et des Relations publiques \u00e0 la Pr\u00e9sidence du Faso, fait son entr\u00e9e dans le gouvernement en tant que ministre de la Communication, de la Culture, du Tourisme et des Arts. Cette nomination met en avant une expertise confirm\u00e9e dans le domaine de la communication institutionnelle.<\/span><\/p>\n<p class=\"p1\"><span class=\"s1\">Par ailleurs, le ministre de l&rsquo;Agriculture, des Ressources animales et halieutiques, le commandant Isma\u00ebl Sombi\u00e9, est promu au rang de ministre d&rsquo;\u00c9tat. Une promotion similaire a \u00e9t\u00e9 accord\u00e9e \u00e0 \u00c9mile Zerbo, ministre de l&rsquo;Administration territoriale et de la Mobilit\u00e9, t\u00e9moignant de leur contribution significative dans leurs domaines respectifs.<\/span><\/p>\n<p class=\"p1\"><strong><span class=\"s2\">Une \u00e9quipe au service de la stabilit\u00e9 et du d\u00e9veloppement<\/span><\/strong><\/p>\n<p class=\"p1\"><span class=\"s1\">Avec ces ajustements, le gouvernement du Premier ministre Ou\u00e9draogo affiche une composition alliant exp\u00e9rience et renouveau. Dans un contexte marqu\u00e9 par des d\u00e9fis s\u00e9curitaires, \u00e9conomiques et sociaux, ces nominations traduisent la volont\u00e9 des autorit\u00e9s de r\u00e9pondre aux priorit\u00e9s nationales tout en renfor\u00e7ant la gouvernance.<\/span><\/p>\n<p class=\"p1\"><span class=\"s1\">Le chef de l&rsquo;\u00c9tat et le Premier ministre ont appel\u00e9 les nouveaux membres du gouvernement \u00e0 faire preuve d&rsquo;engagement et de rigueur pour relever les d\u00e9fis qui se posent au Burkina Faso.<\/span><\/p>\n<p class=\"p1\"><span class=\"s1\">Ce remaniement, \u00e0 la fois strat\u00e9gique et symbolique, est per\u00e7u comme une \u00e9tape cl\u00e9 dans la mise en \u0153uvre des r\u00e9formes et dans la consolidation de la r\u00e9silience du pays face aux nombreuses adversit\u00e9s.<\/span><\/p>\n<p class=\"p1\" style=\"text-align: right;\"><span class=\"s1\"><b>Par Vox Sahel <\/b><\/span><\/p>\n","protected":false},"excerpt":{"rendered":"<p>Le nouveau gouvernement du Burkina Faso, dirig\u00e9 par le Premier ministre Rimtalba Jean Emmanuel Ou\u00e9draogo,<\/p>\n","protected":false},"author":2,"featured_media":982,"comment_status":"open","ping_status":"open","sticky":false,"template":"","format":"standard","meta":{"_et_pb_use_builder":"","_et_pb_old_content":"","_et_gb_content_width":"","footnotes":""},"categories":[1],"tags":[18,49,489,75,490,491,407],"class_list":["post-981","post","type-post","status-publish","format-standard","has-post-thumbnail","hentry","category-faits-divers","tag-burkina-faso","tag-geopolitique","tag-gouvernement","tag-politique","tag-remaniement","tag-rimtalba-jean-emmanuel-ouedraogo","tag-transition"],"yoast_head":"<!-- This site is optimized with the Yoast SEO plugin v27.5 - https:\/\/yoast.com\/product\/yoast-seo-wordpress\/ -->\n<title>Burkina Faso : Un gouvernement renouvel\u00e9 sous la direction de Rimtalba Jean Emmanuel Ou\u00e9draogo - Vox Sahel<\/title>\n<meta name=\"robots\" content=\"index, follow, max-snippet:-1, max-image-preview:large, max-video-preview:-1\" \/>\n<link rel=\"canonical\" href=\"https:\/\/voxsahel.com\/?p=981\" \/>\n<meta property=\"og:locale\" content=\"fr_FR\" \/>\n<meta property=\"og:type\" content=\"article\" \/>\n<meta property=\"og:title\" content=\"Burkina Faso : Un gouvernement renouvel\u00e9 sous la direction de Rimtalba Jean Emmanuel Ou\u00e9draogo - Vox Sahel\" \/>\n<meta property=\"og:description\" content=\"Le nouveau gouvernement du Burkina Faso, dirig\u00e9 par le Premier ministre Rimtalba Jean Emmanuel Ou\u00e9draogo,\" \/>\n<meta property=\"og:url\" content=\"https:\/\/voxsahel.com\/?p=981\" \/>\n<meta property=\"og:site_name\" content=\"Vox Sahel\" \/>\n<meta property=\"article:publisher\" content=\"https:\/\/www.facebook.com\/journal.voxsahel\" \/>\n<meta property=\"article:published_time\" content=\"2024-12-09T01:16:35+00:00\" \/>\n<meta property=\"og:image\" content=\"https:\/\/voxsahel.com\/wp-content\/uploads\/2024\/12\/IMG_9306.jpeg\" \/>\n\t<meta property=\"og:image:width\" content=\"2048\" \/>\n\t<meta property=\"og:image:height\" content=\"2048\" \/>\n\t<meta property=\"og:image:type\" content=\"image\/jpeg\" \/>\n<meta name=\"author\" content=\"Vox Sahel\" \/>\n<meta name=\"twitter:card\" content=\"summary_large_image\" \/>\n<meta name=\"twitter:label1\" content=\"\u00c9crit par\" \/>\n\t<meta name=\"twitter:data1\" content=\"Vox Sahel\" \/>\n\t<meta name=\"twitter:label2\" content=\"Dur\u00e9e de lecture estim\u00e9e\" \/>\n\t<meta name=\"twitter:data2\" content=\"3 minutes\" \/>\n<script type=\"application\/ld+json\" class=\"yoast-schema-graph\">{\"@context\":\"https:\\\/\\\/schema.org\",\"@graph\":[{\"@type\":\"Article\",\"@id\":\"https:\\\/\\\/voxsahel.com\\\/?p=981#article\",\"isPartOf\":{\"@id\":\"https:\\\/\\\/voxsahel.com\\\/?p=981\"},\"author\":{\"name\":\"Vox Sahel\",\"@id\":\"https:\\\/\\\/voxsahel.com\\\/#\\\/schema\\\/person\\\/b4043608248f8fa227cd760e7ff1e19e\"},\"headline\":\"Burkina Faso : Un gouvernement renouvel\u00e9 sous la direction de Rimtalba Jean Emmanuel Ou\u00e9draogo\",\"datePublished\":\"2024-12-09T01:16:35+00:00\",\"mainEntityOfPage\":{\"@id\":\"https:\\\/\\\/voxsahel.com\\\/?p=981\"},\"wordCount\":484,\"commentCount\":0,\"publisher\":{\"@id\":\"https:\\\/\\\/voxsahel.com\\\/#organization\"},\"image\":{\"@id\":\"https:\\\/\\\/voxsahel.com\\\/?p=981#primaryimage\"},\"thumbnailUrl\":\"https:\\\/\\\/voxsahel.com\\\/wp-content\\\/uploads\\\/2024\\\/12\\\/IMG_9306.jpeg\",\"keywords\":[\"Burkina Faso\",\"G\u00e9opolitique\",\"Gouvernement\",\"Politique\",\"Remaniement\",\"Rimtalba Jean Emmanuel Ou\u00e9draogo\",\"Transition\"],\"articleSection\":[\"FAITS DIVERS\"],\"inLanguage\":\"fr-FR\",\"potentialAction\":[{\"@type\":\"CommentAction\",\"name\":\"Comment\",\"target\":[\"https:\\\/\\\/voxsahel.com\\\/?p=981#respond\"]}]},{\"@type\":\"WebPage\",\"@id\":\"https:\\\/\\\/voxsahel.com\\\/?p=981\",\"url\":\"https:\\\/\\\/voxsahel.com\\\/?p=981\",\"name\":\"Burkina Faso : Un gouvernement renouvel\u00e9 sous la direction de Rimtalba Jean Emmanuel Ou\u00e9draogo - Vox Sahel\",\"isPartOf\":{\"@id\":\"https:\\\/\\\/voxsahel.com\\\/#website\"},\"primaryImageOfPage\":{\"@id\":\"https:\\\/\\\/voxsahel.com\\\/?p=981#primaryimage\"},\"image\":{\"@id\":\"https:\\\/\\\/voxsahel.com\\\/?p=981#primaryimage\"},\"thumbnailUrl\":\"https:\\\/\\\/voxsahel.com\\\/wp-content\\\/uploads\\\/2024\\\/12\\\/IMG_9306.jpeg\",\"datePublished\":\"2024-12-09T01:16:35+00:00\",\"breadcrumb\":{\"@id\":\"https:\\\/\\\/voxsahel.com\\\/?p=981#breadcrumb\"},\"inLanguage\":\"fr-FR\",\"potentialAction\":[{\"@type\":\"ReadAction\",\"target\":[\"https:\\\/\\\/voxsahel.com\\\/?p=981\"]}]},{\"@type\":\"ImageObject\",\"inLanguage\":\"fr-FR\",\"@id\":\"https:\\\/\\\/voxsahel.com\\\/?p=981#primaryimage\",\"url\":\"https:\\\/\\\/voxsahel.com\\\/wp-content\\\/uploads\\\/2024\\\/12\\\/IMG_9306.jpeg\",\"contentUrl\":\"https:\\\/\\\/voxsahel.com\\\/wp-content\\\/uploads\\\/2024\\\/12\\\/IMG_9306.jpeg\",\"width\":2048,\"height\":2048},{\"@type\":\"BreadcrumbList\",\"@id\":\"https:\\\/\\\/voxsahel.com\\\/?p=981#breadcrumb\",\"itemListElement\":[{\"@type\":\"ListItem\",\"position\":1,\"name\":\"Home\",\"item\":\"https:\\\/\\\/voxsahel.com\\\/\"},{\"@type\":\"ListItem\",\"position\":2,\"name\":\"Burkina Faso : Un gouvernement renouvel\u00e9 sous la direction de Rimtalba Jean Emmanuel Ou\u00e9draogo\"}]},{\"@type\":\"WebSite\",\"@id\":\"https:\\\/\\\/voxsahel.com\\\/#website\",\"url\":\"https:\\\/\\\/voxsahel.com\\\/\",\"name\":\"Vox Sahel\",\"description\":\"Informez-vous sur le Sahel en un clic\",\"publisher\":{\"@id\":\"https:\\\/\\\/voxsahel.com\\\/#organization\"},\"potentialAction\":[{\"@type\":\"SearchAction\",\"target\":{\"@type\":\"EntryPoint\",\"urlTemplate\":\"https:\\\/\\\/voxsahel.com\\\/?s={search_term_string}\"},\"query-input\":{\"@type\":\"PropertyValueSpecification\",\"valueRequired\":true,\"valueName\":\"search_term_string\"}}],\"inLanguage\":\"fr-FR\"},{\"@type\":\"Organization\",\"@id\":\"https:\\\/\\\/voxsahel.com\\\/#organization\",\"name\":\"Vox Sahel\",\"url\":\"https:\\\/\\\/voxsahel.com\\\/\",\"logo\":{\"@type\":\"ImageObject\",\"inLanguage\":\"fr-FR\",\"@id\":\"https:\\\/\\\/voxsahel.com\\\/#\\\/schema\\\/logo\\\/image\\\/\",\"url\":\"https:\\\/\\\/voxsahel.com\\\/wp-content\\\/uploads\\\/2024\\\/09\\\/Logo-Vox-Sahel.jpg\",\"contentUrl\":\"https:\\\/\\\/voxsahel.com\\\/wp-content\\\/uploads\\\/2024\\\/09\\\/Logo-Vox-Sahel.jpg\",\"width\":1181,\"height\":848,\"caption\":\"Vox Sahel\"},\"image\":{\"@id\":\"https:\\\/\\\/voxsahel.com\\\/#\\\/schema\\\/logo\\\/image\\\/\"},\"sameAs\":[\"https:\\\/\\\/www.facebook.com\\\/journal.voxsahel\"]},{\"@type\":\"Person\",\"@id\":\"https:\\\/\\\/voxsahel.com\\\/#\\\/schema\\\/person\\\/b4043608248f8fa227cd760e7ff1e19e\",\"name\":\"Vox Sahel\",\"image\":{\"@type\":\"ImageObject\",\"inLanguage\":\"fr-FR\",\"@id\":\"https:\\\/\\\/secure.gravatar.com\\\/avatar\\\/f70e7fa0cb9b29d4a7c5788d6eb2e9ab4d3135cbae1c9161810fdf77a8964699?s=96&d=mm&r=g\",\"url\":\"https:\\\/\\\/secure.gravatar.com\\\/avatar\\\/f70e7fa0cb9b29d4a7c5788d6eb2e9ab4d3135cbae1c9161810fdf77a8964699?s=96&d=mm&r=g\",\"contentUrl\":\"https:\\\/\\\/secure.gravatar.com\\\/avatar\\\/f70e7fa0cb9b29d4a7c5788d6eb2e9ab4d3135cbae1c9161810fdf77a8964699?s=96&d=mm&r=g\",\"caption\":\"Vox Sahel\"},\"sameAs\":[\"http:\\\/\\\/www.voxsahel.com\"],\"url\":\"https:\\\/\\\/voxsahel.com\\\/?author=2\"}]}<\/script>\n<!-- \/ Yoast SEO plugin. -->","yoast_head_json":{"title":"Burkina Faso : Un gouvernement renouvel\u00e9 sous la direction de Rimtalba Jean Emmanuel Ou\u00e9draogo - Vox Sahel","robots":{"index":"index","follow":"follow","max-snippet":"max-snippet:-1","max-image-preview":"max-image-preview:large","max-video-preview":"max-video-preview:-1"},"canonical":"https:\/\/voxsahel.com\/?p=981","og_locale":"fr_FR","og_type":"article","og_title":"Burkina Faso : Un gouvernement renouvel\u00e9 sous la direction de Rimtalba Jean Emmanuel Ou\u00e9draogo - Vox Sahel","og_description":"Le nouveau gouvernement du Burkina Faso, dirig\u00e9 par le Premier ministre Rimtalba Jean Emmanuel Ou\u00e9draogo,","og_url":"https:\/\/voxsahel.com\/?p=981","og_site_name":"Vox Sahel","article_publisher":"https:\/\/www.facebook.com\/journal.voxsahel","article_published_time":"2024-12-09T01:16:35+00:00","og_image":[{"width":2048,"height":2048,"url":"https:\/\/voxsahel.com\/wp-content\/uploads\/2024\/12\/IMG_9306.jpeg","type":"image\/jpeg"}],"author":"Vox Sahel","twitter_card":"summary_large_image","twitter_misc":{"\u00c9crit par":"Vox Sahel","Dur\u00e9e de lecture estim\u00e9e":"3 minutes"},"schema":{"@context":"https:\/\/schema.org","@graph":[{"@type":"Article","@id":"https:\/\/voxsahel.com\/?p=981#article","isPartOf":{"@id":"https:\/\/voxsahel.com\/?p=981"},"author":{"name":"Vox Sahel","@id":"https:\/\/voxsahel.com\/#\/schema\/person\/b4043608248f8fa227cd760e7ff1e19e"},"headline":"Burkina Faso : Un gouvernement renouvel\u00e9 sous la direction de Rimtalba Jean Emmanuel Ou\u00e9draogo","datePublished":"2024-12-09T01:16:35+00:00","mainEntityOfPage":{"@id":"https:\/\/voxsahel.com\/?p=981"},"wordCount":484,"commentCount":0,"publisher":{"@id":"https:\/\/voxsahel.com\/#organization"},"image":{"@id":"https:\/\/voxsahel.com\/?p=981#primaryimage"},"thumbnailUrl":"https:\/\/voxsahel.com\/wp-content\/uploads\/2024\/12\/IMG_9306.jpeg","keywords":["Burkina Faso","G\u00e9opolitique","Gouvernement","Politique","Remaniement","Rimtalba Jean Emmanuel Ou\u00e9draogo","Transition"],"articleSection":["FAITS DIVERS"],"inLanguage":"fr-FR","potentialAction":[{"@type":"CommentAction","name":"Comment","target":["https:\/\/voxsahel.com\/?p=981#respond"]}]},{"@type":"WebPage","@id":"https:\/\/voxsahel.com\/?p=981","url":"https:\/\/voxsahel.com\/?p=981","name":"Burkina Faso : Un gouvernement renouvel\u00e9 sous la direction de Rimtalba Jean Emmanuel Ou\u00e9draogo - Vox Sahel","isPartOf":{"@id":"https:\/\/voxsahel.com\/#website"},"primaryImageOfPage":{"@id":"https:\/\/voxsahel.com\/?p=981#primaryimage"},"image":{"@id":"https:\/\/voxsahel.com\/?p=981#primaryimage"},"thumbnailUrl":"https:\/\/voxsahel.com\/wp-content\/uploads\/2024\/12\/IMG_9306.jpeg","datePublished":"2024-12-09T01:16:35+00:00","breadcrumb":{"@id":"https:\/\/voxsahel.com\/?p=981#breadcrumb"},"inLanguage":"fr-FR","potentialAction":[{"@type":"ReadAction","target":["https:\/\/voxsahel.com\/?p=981"]}]},{"@type":"ImageObject","inLanguage":"fr-FR","@id":"https:\/\/voxsahel.com\/?p=981#primaryimage","url":"https:\/\/voxsahel.com\/wp-content\/uploads\/2024\/12\/IMG_9306.jpeg","contentUrl":"https:\/\/voxsahel.com\/wp-content\/uploads\/2024\/12\/IMG_9306.jpeg","width":2048,"height":2048},{"@type":"BreadcrumbList","@id":"https:\/\/voxsahel.com\/?p=981#breadcrumb","itemListElement":[{"@type":"ListItem","position":1,"name":"Home","item":"https:\/\/voxsahel.com\/"},{"@type":"ListItem","position":2,"name":"Burkina Faso : Un gouvernement renouvel\u00e9 sous la direction de Rimtalba Jean Emmanuel Ou\u00e9draogo"}]},{"@type":"WebSite","@id":"https:\/\/voxsahel.com\/#website","url":"https:\/\/voxsahel.com\/","name":"Vox Sahel","description":"Informez-vous sur le Sahel en un clic","publisher":{"@id":"https:\/\/voxsahel.com\/#organization"},"potentialAction":[{"@type":"SearchAction","target":{"@type":"EntryPoint","urlTemplate":"https:\/\/voxsahel.com\/?s={search_term_string}"},"query-input":{"@type":"PropertyValueSpecification","valueRequired":true,"valueName":"search_term_string"}}],"inLanguage":"fr-FR"},{"@type":"Organization","@id":"https:\/\/voxsahel.com\/#organization","name":"Vox Sahel","url":"https:\/\/voxsahel.com\/","logo":{"@type":"ImageObject","inLanguage":"fr-FR","@id":"https:\/\/voxsahel.com\/#\/schema\/logo\/image\/","url":"https:\/\/voxsahel.com\/wp-content\/uploads\/2024\/09\/Logo-Vox-Sahel.jpg","contentUrl":"https:\/\/voxsahel.com\/wp-content\/uploads\/2024\/09\/Logo-Vox-Sahel.jpg","width":1181,"height":848,"caption":"Vox Sahel"},"image":{"@id":"https:\/\/voxsahel.com\/#\/schema\/logo\/image\/"},"sameAs":["https:\/\/www.facebook.com\/journal.voxsahel"]},{"@type":"Person","@id":"https:\/\/voxsahel.com\/#\/schema\/person\/b4043608248f8fa227cd760e7ff1e19e","name":"Vox Sahel","image":{"@type":"ImageObject","inLanguage":"fr-FR","@id":"https:\/\/secure.gravatar.com\/avatar\/f70e7fa0cb9b29d4a7c5788d6eb2e9ab4d3135cbae1c9161810fdf77a8964699?s=96&d=mm&r=g","url":"https:\/\/secure.gravatar.com\/avatar\/f70e7fa0cb9b29d4a7c5788d6eb2e9ab4d3135cbae1c9161810fdf77a8964699?s=96&d=mm&r=g","contentUrl":"https:\/\/secure.gravatar.com\/avatar\/f70e7fa0cb9b29d4a7c5788d6eb2e9ab4d3135cbae1c9161810fdf77a8964699?s=96&d=mm&r=g","caption":"Vox Sahel"},"sameAs":["http:\/\/www.voxsahel.com"],"url":"https:\/\/voxsahel.com\/?author=2"}]}},"_links":{"self":[{"href":"https:\/\/voxsahel.com\/index.php?rest_route=\/wp\/v2\/posts\/981","targetHints":{"allow":["GET"]}}],"collection":[{"href":"https:\/\/voxsahel.com\/index.php?rest_route=\/wp\/v2\/posts"}],"about":[{"href":"https:\/\/voxsahel.com\/index.php?rest_route=\/wp\/v2\/types\/post"}],"author":[{"embeddable":true,"href":"https:\/\/voxsahel.com\/index.php?rest_route=\/wp\/v2\/users\/2"}],"replies":[{"embeddable":true,"href":"https:\/\/voxsahel.com\/index.php?rest_route=%2Fwp%2Fv2%2Fcomments&post=981"}],"version-history":[{"count":1,"href":"https:\/\/voxsahel.com\/index.php?rest_route=\/wp\/v2\/posts\/981\/revisions"}],"predecessor-version":[{"id":983,"href":"https:\/\/voxsahel.com\/index.php?rest_route=\/wp\/v2\/posts\/981\/revisions\/983"}],"wp:featuredmedia":[{"embeddable":true,"href":"https:\/\/voxsahel.com\/index.php?rest_route=\/wp\/v2\/media\/982"}],"wp:attachment":[{"href":"https:\/\/voxsahel.com\/index.php?rest_route=%2Fwp%2Fv2%2Fmedia&parent=981"}],"wp:term":[{"taxonomy":"category","embeddable":true,"href":"https:\/\/voxsahel.com\/index.php?rest_route=%2Fwp%2Fv2%2Fcategories&post=981"},{"taxonomy":"post_tag","embeddable":true,"href":"https:\/\/voxsahel.com\/index.php?rest_route=%2Fwp%2Fv2%2Ftags&post=981"}],"curies":[{"name":"wp","href":"https:\/\/api.w.org\/{rel}","templated":true}]}}