{"id":977,"date":"2024-12-08T14:55:50","date_gmt":"2024-12-08T14:55:50","guid":{"rendered":"https:\/\/voxsahel.com\/?p=977"},"modified":"2024-12-08T14:55:50","modified_gmt":"2024-12-08T14:55:50","slug":"chute-du-regime-de-bachar-al-assad-un-nouveau-chapitre-pour-la-syrie","status":"publish","type":"post","link":"https:\/\/voxsahel.com\/?p=977","title":{"rendered":"Chute du R\u00e9gime de Bachar al-Assad : Un Nouveau Chapitre pour la Syrie ?"},"content":{"rendered":"<p class=\"p1\"><strong>Le dimanche 8 d\u00e9cembre 2024, des groupes rebelles syriens ont annonc\u00e9, lors d\u2019une d\u00e9claration \u00e0 la t\u00e9l\u00e9vision publique, que le pr\u00e9sident Bachar al-Assad n\u2019\u00e9tait plus en fonction, marquant un tournant d\u00e9cisif dans la guerre civile qui ravage la Syrie depuis plus de 13 ans<\/strong>.<\/p>\n<p class=\"p1\"><span class=\"s1\">Cette annonce a \u00e9t\u00e9 salu\u00e9e par les rebelles, qui ont pr\u00e9cis\u00e9 que Bachar al-Assad, apr\u00e8s avoir quitt\u00e9 Damas, se serait \u00e9chapp\u00e9 du pays \u00e0 bord d\u2019un vol en provenance de l\u2019a\u00e9roport international de Damas, quelques heures avant que les forces loyalistes ne se retirent des positions strat\u00e9giques dans la capitale. La localisation du pr\u00e9sident d\u00e9chu demeure inconnue, donnant lieu \u00e0 des sp\u00e9culations : certains croient qu\u2019il pourrait se r\u00e9fugier dans l\u2019une des zones sous contr\u00f4le de ses alli\u00e9s russes ou iraniens. <\/span><\/p>\n<p class=\"p1\"><span class=\"s1\">L\u2019Observatoire syrien des droits de l&rsquo;homme (OSDH) a confirm\u00e9 le retrait des forces du r\u00e9gime, mais a soulign\u00e9 que l\u2019incertitude persiste quant au sort d\u2019Assad, laissant planer le myst\u00e8re sur l\u2019avenir du r\u00e9gime.Mazloum Abdi, commandant des Forces d\u00e9mocratiques syriennes (FDS), une alliance comprenant principalement des combattants kurdes, a qualifi\u00e9 cette chute de \u00ab victoire historique pour le peuple syrien \u00bb. Il a d\u00e9clar\u00e9 qu\u2019une \u00ab nouvelle Syrie, libre et d\u00e9mocratique \u00bb, devait d\u00e9sormais se construire, o\u00f9 les droits de tous les citoyens, sans distinction, seraient respect\u00e9s. <\/span><\/p>\n<p class=\"p1\"><span class=\"s1\">Les groupes rebelles se sont dits optimistes quant \u00e0 l\u2019av\u00e8nement d\u2019un gouvernement plus inclusif, respectueux des diversit\u00e9s ethniques et religieuses du pays, ainsi que des revendications politiques qui ont \u00e9merg\u00e9 depuis le d\u00e9but du conflit en 2011.Le Premier ministre syrien en exil, Mohamed al-Jalali, a exprim\u00e9 sa volont\u00e9 de collaborer avec toute autorit\u00e9 issue de la r\u00e9bellion, affirmant \u00eatre pr\u00eat \u00e0 superviser une transition pacifique et ordonn\u00e9e. Le groupe Hayat Tahrir al-Sham (HTS), l\u2019une des factions les plus influentes dans l\u2019offensive contre Damas, a aussi r\u00e9agi. Son leader a demand\u00e9 \u00e0 ses troupes de garantir la pr\u00e9servation des institutions publiques et de faciliter une transition sans violence, afin d\u2019\u00e9viter le chaos tout en prot\u00e9geant les infrastructures vitales.<\/span><\/p>\n<p class=\"p1\"><span class=\"s1\">Dans les rues de Damas, la chute du r\u00e9gime a \u00e9t\u00e9 accueillie par des sc\u00e8nes de liesse. Des centaines de Syriens se sont rassembl\u00e9s sur la place des Omeyyades pour f\u00eater cet \u00e9v\u00e9nement historique, certains tirant des coups de feu en l\u2019air tandis que d\u2019autres scandent des slogans de victoire. La destruction symbolique d\u2019une statue de Hafez al-Assad, le p\u00e8re de Bachar, a marqu\u00e9 la fin d\u2019une \u00e8re, celle d\u2019un pouvoir dynastique qui a dur\u00e9 plus de 40 ans.Pour l\u2019instant, les r\u00e9actions des alli\u00e9s traditionnels d\u2019Assad, la Russie et l\u2019Iran, sont inexistantes. <\/span><\/p>\n<p class=\"p1\"><span class=\"s1\">Ces deux puissances ont longtemps soutenu le r\u00e9gime dans sa lutte contre les rebelles et l\u2019opposition. Toutefois, la communaut\u00e9 internationale pourrait jouer un r\u00f4le cl\u00e9 dans le processus de transition et la consolidation d\u2019une paix durable. L\u2019incertitude demeure sur la forme que prendra le futur gouvernement syrien et sur la mani\u00e8re dont les tensions ethniques et sectaires seront g\u00e9r\u00e9es dans un pays profond\u00e9ment divis\u00e9. <\/span><\/p>\n<p class=\"p1\"><span class=\"s1\">La Syrie, apr\u00e8s plus de 13 ans de guerre, se trouve \u00e0 un moment charni\u00e8re de son histoire, o\u00f9 la promesse d\u2019une transition d\u00e9mocratique et pacifique reste fragile et incertaine.<\/span><\/p>\n<p class=\"p1\" style=\"text-align: right;\"><span class=\"s1\"><b>Par Amir BAKO <\/b><\/span><\/p>\n<p class=\"p1\"><span class=\"s1\">Bachar Al-Assad n&rsquo;est plus le pr\u00e9sident de la Syrie <\/span><\/p>\n<p class=\"p1\"><span class=\"s1\">\u00a0<\/span><\/p>\n","protected":false},"excerpt":{"rendered":"<p>Le dimanche 8 d\u00e9cembre 2024, des groupes rebelles syriens ont annonc\u00e9, lors d\u2019une d\u00e9claration \u00e0<\/p>\n","protected":false},"author":2,"featured_media":979,"comment_status":"open","ping_status":"open","sticky":false,"template":"","format":"standard","meta":{"_et_pb_use_builder":"","_et_pb_old_content":"","_et_gb_content_width":"","footnotes":""},"categories":[15],"tags":[487,486,49,488,75,485],"class_list":["post-977","post","type-post","status-publish","format-standard","has-post-thumbnail","hentry","category-international","tag-bachar-al-assad","tag-damas","tag-geopolitique","tag-observatoire-syrien-des-droits-de-lhomme","tag-politique","tag-syrie"],"yoast_head":"<!-- This site is optimized with the Yoast SEO plugin v27.5 - https:\/\/yoast.com\/product\/yoast-seo-wordpress\/ -->\n<title>Chute du R\u00e9gime de Bachar al-Assad : Un Nouveau Chapitre pour la Syrie ? - Vox Sahel<\/title>\n<meta name=\"robots\" content=\"index, follow, max-snippet:-1, max-image-preview:large, max-video-preview:-1\" \/>\n<link rel=\"canonical\" href=\"https:\/\/voxsahel.com\/?p=977\" \/>\n<meta property=\"og:locale\" content=\"fr_FR\" \/>\n<meta property=\"og:type\" content=\"article\" \/>\n<meta property=\"og:title\" content=\"Chute du R\u00e9gime de Bachar al-Assad : Un Nouveau Chapitre pour la Syrie ? - Vox Sahel\" \/>\n<meta property=\"og:description\" content=\"Le dimanche 8 d\u00e9cembre 2024, des groupes rebelles syriens ont annonc\u00e9, lors d\u2019une d\u00e9claration \u00e0\" \/>\n<meta property=\"og:url\" content=\"https:\/\/voxsahel.com\/?p=977\" \/>\n<meta property=\"og:site_name\" content=\"Vox Sahel\" \/>\n<meta property=\"article:publisher\" content=\"https:\/\/www.facebook.com\/journal.voxsahel\" \/>\n<meta property=\"article:published_time\" content=\"2024-12-08T14:55:50+00:00\" \/>\n<meta property=\"og:image\" content=\"https:\/\/voxsahel.com\/wp-content\/uploads\/2024\/12\/IMG_9154.jpeg\" \/>\n\t<meta property=\"og:image:width\" content=\"2048\" \/>\n\t<meta property=\"og:image:height\" content=\"1152\" \/>\n\t<meta property=\"og:image:type\" content=\"image\/jpeg\" \/>\n<meta name=\"author\" content=\"Vox Sahel\" \/>\n<meta name=\"twitter:card\" content=\"summary_large_image\" \/>\n<meta name=\"twitter:label1\" content=\"\u00c9crit par\" \/>\n\t<meta name=\"twitter:data1\" content=\"Vox Sahel\" \/>\n\t<meta name=\"twitter:label2\" content=\"Dur\u00e9e de lecture estim\u00e9e\" \/>\n\t<meta name=\"twitter:data2\" content=\"3 minutes\" \/>\n<script type=\"application\/ld+json\" class=\"yoast-schema-graph\">{\"@context\":\"https:\\\/\\\/schema.org\",\"@graph\":[{\"@type\":\"Article\",\"@id\":\"https:\\\/\\\/voxsahel.com\\\/?p=977#article\",\"isPartOf\":{\"@id\":\"https:\\\/\\\/voxsahel.com\\\/?p=977\"},\"author\":{\"name\":\"Vox Sahel\",\"@id\":\"https:\\\/\\\/voxsahel.com\\\/#\\\/schema\\\/person\\\/b4043608248f8fa227cd760e7ff1e19e\"},\"headline\":\"Chute du R\u00e9gime de Bachar al-Assad : Un Nouveau Chapitre pour la Syrie ?\",\"datePublished\":\"2024-12-08T14:55:50+00:00\",\"mainEntityOfPage\":{\"@id\":\"https:\\\/\\\/voxsahel.com\\\/?p=977\"},\"wordCount\":606,\"commentCount\":0,\"publisher\":{\"@id\":\"https:\\\/\\\/voxsahel.com\\\/#organization\"},\"image\":{\"@id\":\"https:\\\/\\\/voxsahel.com\\\/?p=977#primaryimage\"},\"thumbnailUrl\":\"https:\\\/\\\/voxsahel.com\\\/wp-content\\\/uploads\\\/2024\\\/12\\\/IMG_9154.jpeg\",\"keywords\":[\"Bachar al-Assad\",\"Damas\",\"G\u00e9opolitique\",\"Observatoire syrien des droits de l'homme\",\"Politique\",\"Syrie\"],\"articleSection\":[\"INTERNATIONAL\"],\"inLanguage\":\"fr-FR\",\"potentialAction\":[{\"@type\":\"CommentAction\",\"name\":\"Comment\",\"target\":[\"https:\\\/\\\/voxsahel.com\\\/?p=977#respond\"]}]},{\"@type\":\"WebPage\",\"@id\":\"https:\\\/\\\/voxsahel.com\\\/?p=977\",\"url\":\"https:\\\/\\\/voxsahel.com\\\/?p=977\",\"name\":\"Chute du R\u00e9gime de Bachar al-Assad : Un Nouveau Chapitre pour la Syrie ? - Vox Sahel\",\"isPartOf\":{\"@id\":\"https:\\\/\\\/voxsahel.com\\\/#website\"},\"primaryImageOfPage\":{\"@id\":\"https:\\\/\\\/voxsahel.com\\\/?p=977#primaryimage\"},\"image\":{\"@id\":\"https:\\\/\\\/voxsahel.com\\\/?p=977#primaryimage\"},\"thumbnailUrl\":\"https:\\\/\\\/voxsahel.com\\\/wp-content\\\/uploads\\\/2024\\\/12\\\/IMG_9154.jpeg\",\"datePublished\":\"2024-12-08T14:55:50+00:00\",\"breadcrumb\":{\"@id\":\"https:\\\/\\\/voxsahel.com\\\/?p=977#breadcrumb\"},\"inLanguage\":\"fr-FR\",\"potentialAction\":[{\"@type\":\"ReadAction\",\"target\":[\"https:\\\/\\\/voxsahel.com\\\/?p=977\"]}]},{\"@type\":\"ImageObject\",\"inLanguage\":\"fr-FR\",\"@id\":\"https:\\\/\\\/voxsahel.com\\\/?p=977#primaryimage\",\"url\":\"https:\\\/\\\/voxsahel.com\\\/wp-content\\\/uploads\\\/2024\\\/12\\\/IMG_9154.jpeg\",\"contentUrl\":\"https:\\\/\\\/voxsahel.com\\\/wp-content\\\/uploads\\\/2024\\\/12\\\/IMG_9154.jpeg\",\"width\":2048,\"height\":1152},{\"@type\":\"BreadcrumbList\",\"@id\":\"https:\\\/\\\/voxsahel.com\\\/?p=977#breadcrumb\",\"itemListElement\":[{\"@type\":\"ListItem\",\"position\":1,\"name\":\"Home\",\"item\":\"https:\\\/\\\/voxsahel.com\\\/\"},{\"@type\":\"ListItem\",\"position\":2,\"name\":\"Chute du R\u00e9gime de Bachar al-Assad : Un Nouveau Chapitre pour la Syrie ?\"}]},{\"@type\":\"WebSite\",\"@id\":\"https:\\\/\\\/voxsahel.com\\\/#website\",\"url\":\"https:\\\/\\\/voxsahel.com\\\/\",\"name\":\"Vox Sahel\",\"description\":\"Informez-vous sur le Sahel en un clic\",\"publisher\":{\"@id\":\"https:\\\/\\\/voxsahel.com\\\/#organization\"},\"potentialAction\":[{\"@type\":\"SearchAction\",\"target\":{\"@type\":\"EntryPoint\",\"urlTemplate\":\"https:\\\/\\\/voxsahel.com\\\/?s={search_term_string}\"},\"query-input\":{\"@type\":\"PropertyValueSpecification\",\"valueRequired\":true,\"valueName\":\"search_term_string\"}}],\"inLanguage\":\"fr-FR\"},{\"@type\":\"Organization\",\"@id\":\"https:\\\/\\\/voxsahel.com\\\/#organization\",\"name\":\"Vox Sahel\",\"url\":\"https:\\\/\\\/voxsahel.com\\\/\",\"logo\":{\"@type\":\"ImageObject\",\"inLanguage\":\"fr-FR\",\"@id\":\"https:\\\/\\\/voxsahel.com\\\/#\\\/schema\\\/logo\\\/image\\\/\",\"url\":\"https:\\\/\\\/voxsahel.com\\\/wp-content\\\/uploads\\\/2024\\\/09\\\/Logo-Vox-Sahel.jpg\",\"contentUrl\":\"https:\\\/\\\/voxsahel.com\\\/wp-content\\\/uploads\\\/2024\\\/09\\\/Logo-Vox-Sahel.jpg\",\"width\":1181,\"height\":848,\"caption\":\"Vox Sahel\"},\"image\":{\"@id\":\"https:\\\/\\\/voxsahel.com\\\/#\\\/schema\\\/logo\\\/image\\\/\"},\"sameAs\":[\"https:\\\/\\\/www.facebook.com\\\/journal.voxsahel\"]},{\"@type\":\"Person\",\"@id\":\"https:\\\/\\\/voxsahel.com\\\/#\\\/schema\\\/person\\\/b4043608248f8fa227cd760e7ff1e19e\",\"name\":\"Vox Sahel\",\"image\":{\"@type\":\"ImageObject\",\"inLanguage\":\"fr-FR\",\"@id\":\"https:\\\/\\\/secure.gravatar.com\\\/avatar\\\/f70e7fa0cb9b29d4a7c5788d6eb2e9ab4d3135cbae1c9161810fdf77a8964699?s=96&d=mm&r=g\",\"url\":\"https:\\\/\\\/secure.gravatar.com\\\/avatar\\\/f70e7fa0cb9b29d4a7c5788d6eb2e9ab4d3135cbae1c9161810fdf77a8964699?s=96&d=mm&r=g\",\"contentUrl\":\"https:\\\/\\\/secure.gravatar.com\\\/avatar\\\/f70e7fa0cb9b29d4a7c5788d6eb2e9ab4d3135cbae1c9161810fdf77a8964699?s=96&d=mm&r=g\",\"caption\":\"Vox Sahel\"},\"sameAs\":[\"http:\\\/\\\/www.voxsahel.com\"],\"url\":\"https:\\\/\\\/voxsahel.com\\\/?author=2\"}]}<\/script>\n<!-- \/ Yoast SEO plugin. -->","yoast_head_json":{"title":"Chute du R\u00e9gime de Bachar al-Assad : Un Nouveau Chapitre pour la Syrie ? - Vox Sahel","robots":{"index":"index","follow":"follow","max-snippet":"max-snippet:-1","max-image-preview":"max-image-preview:large","max-video-preview":"max-video-preview:-1"},"canonical":"https:\/\/voxsahel.com\/?p=977","og_locale":"fr_FR","og_type":"article","og_title":"Chute du R\u00e9gime de Bachar al-Assad : Un Nouveau Chapitre pour la Syrie ? - Vox Sahel","og_description":"Le dimanche 8 d\u00e9cembre 2024, des groupes rebelles syriens ont annonc\u00e9, lors d\u2019une d\u00e9claration \u00e0","og_url":"https:\/\/voxsahel.com\/?p=977","og_site_name":"Vox Sahel","article_publisher":"https:\/\/www.facebook.com\/journal.voxsahel","article_published_time":"2024-12-08T14:55:50+00:00","og_image":[{"width":2048,"height":1152,"url":"https:\/\/voxsahel.com\/wp-content\/uploads\/2024\/12\/IMG_9154.jpeg","type":"image\/jpeg"}],"author":"Vox Sahel","twitter_card":"summary_large_image","twitter_misc":{"\u00c9crit par":"Vox Sahel","Dur\u00e9e de lecture estim\u00e9e":"3 minutes"},"schema":{"@context":"https:\/\/schema.org","@graph":[{"@type":"Article","@id":"https:\/\/voxsahel.com\/?p=977#article","isPartOf":{"@id":"https:\/\/voxsahel.com\/?p=977"},"author":{"name":"Vox Sahel","@id":"https:\/\/voxsahel.com\/#\/schema\/person\/b4043608248f8fa227cd760e7ff1e19e"},"headline":"Chute du R\u00e9gime de Bachar al-Assad : Un Nouveau Chapitre pour la Syrie ?","datePublished":"2024-12-08T14:55:50+00:00","mainEntityOfPage":{"@id":"https:\/\/voxsahel.com\/?p=977"},"wordCount":606,"commentCount":0,"publisher":{"@id":"https:\/\/voxsahel.com\/#organization"},"image":{"@id":"https:\/\/voxsahel.com\/?p=977#primaryimage"},"thumbnailUrl":"https:\/\/voxsahel.com\/wp-content\/uploads\/2024\/12\/IMG_9154.jpeg","keywords":["Bachar al-Assad","Damas","G\u00e9opolitique","Observatoire syrien des droits de l'homme","Politique","Syrie"],"articleSection":["INTERNATIONAL"],"inLanguage":"fr-FR","potentialAction":[{"@type":"CommentAction","name":"Comment","target":["https:\/\/voxsahel.com\/?p=977#respond"]}]},{"@type":"WebPage","@id":"https:\/\/voxsahel.com\/?p=977","url":"https:\/\/voxsahel.com\/?p=977","name":"Chute du R\u00e9gime de Bachar al-Assad : Un Nouveau Chapitre pour la Syrie ? - Vox Sahel","isPartOf":{"@id":"https:\/\/voxsahel.com\/#website"},"primaryImageOfPage":{"@id":"https:\/\/voxsahel.com\/?p=977#primaryimage"},"image":{"@id":"https:\/\/voxsahel.com\/?p=977#primaryimage"},"thumbnailUrl":"https:\/\/voxsahel.com\/wp-content\/uploads\/2024\/12\/IMG_9154.jpeg","datePublished":"2024-12-08T14:55:50+00:00","breadcrumb":{"@id":"https:\/\/voxsahel.com\/?p=977#breadcrumb"},"inLanguage":"fr-FR","potentialAction":[{"@type":"ReadAction","target":["https:\/\/voxsahel.com\/?p=977"]}]},{"@type":"ImageObject","inLanguage":"fr-FR","@id":"https:\/\/voxsahel.com\/?p=977#primaryimage","url":"https:\/\/voxsahel.com\/wp-content\/uploads\/2024\/12\/IMG_9154.jpeg","contentUrl":"https:\/\/voxsahel.com\/wp-content\/uploads\/2024\/12\/IMG_9154.jpeg","width":2048,"height":1152},{"@type":"BreadcrumbList","@id":"https:\/\/voxsahel.com\/?p=977#breadcrumb","itemListElement":[{"@type":"ListItem","position":1,"name":"Home","item":"https:\/\/voxsahel.com\/"},{"@type":"ListItem","position":2,"name":"Chute du R\u00e9gime de Bachar al-Assad : Un Nouveau Chapitre pour la Syrie ?"}]},{"@type":"WebSite","@id":"https:\/\/voxsahel.com\/#website","url":"https:\/\/voxsahel.com\/","name":"Vox Sahel","description":"Informez-vous sur le Sahel en un clic","publisher":{"@id":"https:\/\/voxsahel.com\/#organization"},"potentialAction":[{"@type":"SearchAction","target":{"@type":"EntryPoint","urlTemplate":"https:\/\/voxsahel.com\/?s={search_term_string}"},"query-input":{"@type":"PropertyValueSpecification","valueRequired":true,"valueName":"search_term_string"}}],"inLanguage":"fr-FR"},{"@type":"Organization","@id":"https:\/\/voxsahel.com\/#organization","name":"Vox Sahel","url":"https:\/\/voxsahel.com\/","logo":{"@type":"ImageObject","inLanguage":"fr-FR","@id":"https:\/\/voxsahel.com\/#\/schema\/logo\/image\/","url":"https:\/\/voxsahel.com\/wp-content\/uploads\/2024\/09\/Logo-Vox-Sahel.jpg","contentUrl":"https:\/\/voxsahel.com\/wp-content\/uploads\/2024\/09\/Logo-Vox-Sahel.jpg","width":1181,"height":848,"caption":"Vox Sahel"},"image":{"@id":"https:\/\/voxsahel.com\/#\/schema\/logo\/image\/"},"sameAs":["https:\/\/www.facebook.com\/journal.voxsahel"]},{"@type":"Person","@id":"https:\/\/voxsahel.com\/#\/schema\/person\/b4043608248f8fa227cd760e7ff1e19e","name":"Vox Sahel","image":{"@type":"ImageObject","inLanguage":"fr-FR","@id":"https:\/\/secure.gravatar.com\/avatar\/f70e7fa0cb9b29d4a7c5788d6eb2e9ab4d3135cbae1c9161810fdf77a8964699?s=96&d=mm&r=g","url":"https:\/\/secure.gravatar.com\/avatar\/f70e7fa0cb9b29d4a7c5788d6eb2e9ab4d3135cbae1c9161810fdf77a8964699?s=96&d=mm&r=g","contentUrl":"https:\/\/secure.gravatar.com\/avatar\/f70e7fa0cb9b29d4a7c5788d6eb2e9ab4d3135cbae1c9161810fdf77a8964699?s=96&d=mm&r=g","caption":"Vox Sahel"},"sameAs":["http:\/\/www.voxsahel.com"],"url":"https:\/\/voxsahel.com\/?author=2"}]}},"_links":{"self":[{"href":"https:\/\/voxsahel.com\/index.php?rest_route=\/wp\/v2\/posts\/977","targetHints":{"allow":["GET"]}}],"collection":[{"href":"https:\/\/voxsahel.com\/index.php?rest_route=\/wp\/v2\/posts"}],"about":[{"href":"https:\/\/voxsahel.com\/index.php?rest_route=\/wp\/v2\/types\/post"}],"author":[{"embeddable":true,"href":"https:\/\/voxsahel.com\/index.php?rest_route=\/wp\/v2\/users\/2"}],"replies":[{"embeddable":true,"href":"https:\/\/voxsahel.com\/index.php?rest_route=%2Fwp%2Fv2%2Fcomments&post=977"}],"version-history":[{"count":1,"href":"https:\/\/voxsahel.com\/index.php?rest_route=\/wp\/v2\/posts\/977\/revisions"}],"predecessor-version":[{"id":980,"href":"https:\/\/voxsahel.com\/index.php?rest_route=\/wp\/v2\/posts\/977\/revisions\/980"}],"wp:featuredmedia":[{"embeddable":true,"href":"https:\/\/voxsahel.com\/index.php?rest_route=\/wp\/v2\/media\/979"}],"wp:attachment":[{"href":"https:\/\/voxsahel.com\/index.php?rest_route=%2Fwp%2Fv2%2Fmedia&parent=977"}],"wp:term":[{"taxonomy":"category","embeddable":true,"href":"https:\/\/voxsahel.com\/index.php?rest_route=%2Fwp%2Fv2%2Fcategories&post=977"},{"taxonomy":"post_tag","embeddable":true,"href":"https:\/\/voxsahel.com\/index.php?rest_route=%2Fwp%2Fv2%2Ftags&post=977"}],"curies":[{"name":"wp","href":"https:\/\/api.w.org\/{rel}","templated":true}]}}