{"id":974,"date":"2024-12-07T13:33:12","date_gmt":"2024-12-07T13:33:12","guid":{"rendered":"https:\/\/voxsahel.com\/?p=974"},"modified":"2024-12-07T13:33:12","modified_gmt":"2024-12-07T13:33:12","slug":"supposee-subvention-du-president-du-faso-pour-noel-une-information-fausse-et-malveillante","status":"publish","type":"post","link":"https:\/\/voxsahel.com\/?p=974","title":{"rendered":"Suppos\u00e9e subvention du Pr\u00e9sident du Faso pour No\u00ebl : une information fausse et malveillante"},"content":{"rendered":"<p class=\"p1\"><span class=\"s1\"><b>COMMUNIQU\u00c9 <\/b><\/span><\/p>\n<p class=\"p1\"><span class=\"s1\">(Ouagadougou, 7 d\u00e9cembre 2024). Un message largement partag\u00e9 sur les r\u00e9seaux sociaux informe que le Pr\u00e9sident du Faso octroie une subvention de 85 000 F CFA pour les festivit\u00e9s de No\u00ebl.<\/span><\/p>\n<p class=\"p1\"><span class=\"s1\">Intitul\u00e9e : \u00ab LE PR\u00c9SIDENT IBRAHIM TRAOR\u00c9 SUBVENTION DE NO\u00cbL DE 85 000 CFA POUR LES CITOYENS \u00bb, l\u2019information donne un lien hypertexte par lequel, un questionnaire devrait \u00eatre renseign\u00e9 en vue de recevoir la suppos\u00e9e subvention. <\/span><\/p>\n<p class=\"p1\"><span class=\"s1\">La Direction de la Communication et des Relations Presse (DCRP) de la Pr\u00e9sidence du Faso informe les Burkinab\u00e8 et l\u2019opinion que cette information est fausse et malveillante. Elle \u00e9mane de personnes anim\u00e9es <span class=\"Apple-converted-space\">\u00a0 <\/span>d&rsquo;intentions manifestes de tromper l\u2019opinion et d\u2019arnaquer les internautes.<\/span><\/p>\n<p class=\"p1\"><span class=\"s1\">Pour ce faire, la DCRP invite les citoyens \u00e0 se d\u00e9partir de telles informations sans fondement, d\u00e9nu\u00e9es de sens et rappelle que seuls les canaux officiels de communication de la Pr\u00e9sidence du Faso diffusent des informations sur les initiatives et les activit\u00e9s du Chef de l&rsquo;Etat et de l&rsquo;Institution.<\/span><\/p>\n<p class=\"p1\"><span class=\"s1\">La Pr\u00e9sidence du Faso se r\u00e9serve le droit de saisir les structures comp\u00e9tentes en vue d\u2019engager des poursuites judiciaires contre les auteurs et les commanditaires de ces informations erron\u00e9es.<\/span><\/p>\n<p class=\"p1\"><span class=\"s1\">Direction de la Communication de la Pr\u00e9sidence du Faso<\/span><\/p>\n","protected":false},"excerpt":{"rendered":"<p>COMMUNIQU\u00c9 (Ouagadougou, 7 d\u00e9cembre 2024). Un message largement partag\u00e9 sur les r\u00e9seaux sociaux informe que<\/p>\n","protected":false},"author":2,"featured_media":975,"comment_status":"open","ping_status":"open","sticky":false,"template":"","format":"standard","meta":{"_et_pb_use_builder":"","_et_pb_old_content":"","_et_gb_content_width":"","footnotes":""},"categories":[6],"tags":[18,174,483,482,484],"class_list":["post-974","post","type-post","status-publish","format-standard","has-post-thumbnail","hentry","category-politique","tag-burkina-faso","tag-capitaine-ibrahim-traore","tag-noel","tag-presidence-du-faso","tag-subvention"],"yoast_head":"<!-- This site is optimized with the Yoast SEO plugin v27.5 - https:\/\/yoast.com\/product\/yoast-seo-wordpress\/ -->\n<title>Suppos\u00e9e subvention du Pr\u00e9sident du Faso pour No\u00ebl : une information fausse et malveillante - Vox Sahel<\/title>\n<meta name=\"robots\" content=\"index, follow, max-snippet:-1, max-image-preview:large, max-video-preview:-1\" \/>\n<link rel=\"canonical\" href=\"https:\/\/voxsahel.com\/?p=974\" \/>\n<meta property=\"og:locale\" content=\"fr_FR\" \/>\n<meta property=\"og:type\" content=\"article\" \/>\n<meta property=\"og:title\" content=\"Suppos\u00e9e subvention du Pr\u00e9sident du Faso pour No\u00ebl : une information fausse et malveillante - Vox Sahel\" \/>\n<meta property=\"og:description\" content=\"COMMUNIQU\u00c9 (Ouagadougou, 7 d\u00e9cembre 2024). Un message largement partag\u00e9 sur les r\u00e9seaux sociaux informe que\" \/>\n<meta property=\"og:url\" content=\"https:\/\/voxsahel.com\/?p=974\" \/>\n<meta property=\"og:site_name\" content=\"Vox Sahel\" \/>\n<meta property=\"article:publisher\" content=\"https:\/\/www.facebook.com\/journal.voxsahel\" \/>\n<meta property=\"article:published_time\" content=\"2024-12-07T13:33:12+00:00\" \/>\n<meta property=\"og:image\" content=\"https:\/\/voxsahel.com\/wp-content\/uploads\/2024\/12\/b6b02c99-228c-4a53-8d9e-a4681b3722e3.jpeg\" \/>\n\t<meta property=\"og:image:width\" content=\"897\" \/>\n\t<meta property=\"og:image:height\" content=\"967\" \/>\n\t<meta property=\"og:image:type\" content=\"image\/jpeg\" \/>\n<meta name=\"author\" content=\"Vox Sahel\" \/>\n<meta name=\"twitter:card\" content=\"summary_large_image\" \/>\n<meta name=\"twitter:label1\" content=\"\u00c9crit par\" \/>\n\t<meta name=\"twitter:data1\" content=\"Vox Sahel\" \/>\n\t<meta name=\"twitter:label2\" content=\"Dur\u00e9e de lecture estim\u00e9e\" \/>\n\t<meta name=\"twitter:data2\" content=\"2 minutes\" \/>\n<script type=\"application\/ld+json\" class=\"yoast-schema-graph\">{\"@context\":\"https:\\\/\\\/schema.org\",\"@graph\":[{\"@type\":\"Article\",\"@id\":\"https:\\\/\\\/voxsahel.com\\\/?p=974#article\",\"isPartOf\":{\"@id\":\"https:\\\/\\\/voxsahel.com\\\/?p=974\"},\"author\":{\"name\":\"Vox Sahel\",\"@id\":\"https:\\\/\\\/voxsahel.com\\\/#\\\/schema\\\/person\\\/b4043608248f8fa227cd760e7ff1e19e\"},\"headline\":\"Suppos\u00e9e subvention du Pr\u00e9sident du Faso pour No\u00ebl : une information fausse et malveillante\",\"datePublished\":\"2024-12-07T13:33:12+00:00\",\"mainEntityOfPage\":{\"@id\":\"https:\\\/\\\/voxsahel.com\\\/?p=974\"},\"wordCount\":232,\"commentCount\":0,\"publisher\":{\"@id\":\"https:\\\/\\\/voxsahel.com\\\/#organization\"},\"image\":{\"@id\":\"https:\\\/\\\/voxsahel.com\\\/?p=974#primaryimage\"},\"thumbnailUrl\":\"https:\\\/\\\/voxsahel.com\\\/wp-content\\\/uploads\\\/2024\\\/12\\\/b6b02c99-228c-4a53-8d9e-a4681b3722e3.jpeg\",\"keywords\":[\"Burkina Faso\",\"Capitaine Ibrahim Traor\u00e9\",\"No\u00ebl\",\"Pr\u00e9sidence du Faso\",\"Subvention\"],\"articleSection\":[\"POLITIQUE\"],\"inLanguage\":\"fr-FR\",\"potentialAction\":[{\"@type\":\"CommentAction\",\"name\":\"Comment\",\"target\":[\"https:\\\/\\\/voxsahel.com\\\/?p=974#respond\"]}]},{\"@type\":\"WebPage\",\"@id\":\"https:\\\/\\\/voxsahel.com\\\/?p=974\",\"url\":\"https:\\\/\\\/voxsahel.com\\\/?p=974\",\"name\":\"Suppos\u00e9e subvention du Pr\u00e9sident du Faso pour No\u00ebl : une information fausse et malveillante - Vox Sahel\",\"isPartOf\":{\"@id\":\"https:\\\/\\\/voxsahel.com\\\/#website\"},\"primaryImageOfPage\":{\"@id\":\"https:\\\/\\\/voxsahel.com\\\/?p=974#primaryimage\"},\"image\":{\"@id\":\"https:\\\/\\\/voxsahel.com\\\/?p=974#primaryimage\"},\"thumbnailUrl\":\"https:\\\/\\\/voxsahel.com\\\/wp-content\\\/uploads\\\/2024\\\/12\\\/b6b02c99-228c-4a53-8d9e-a4681b3722e3.jpeg\",\"datePublished\":\"2024-12-07T13:33:12+00:00\",\"breadcrumb\":{\"@id\":\"https:\\\/\\\/voxsahel.com\\\/?p=974#breadcrumb\"},\"inLanguage\":\"fr-FR\",\"potentialAction\":[{\"@type\":\"ReadAction\",\"target\":[\"https:\\\/\\\/voxsahel.com\\\/?p=974\"]}]},{\"@type\":\"ImageObject\",\"inLanguage\":\"fr-FR\",\"@id\":\"https:\\\/\\\/voxsahel.com\\\/?p=974#primaryimage\",\"url\":\"https:\\\/\\\/voxsahel.com\\\/wp-content\\\/uploads\\\/2024\\\/12\\\/b6b02c99-228c-4a53-8d9e-a4681b3722e3.jpeg\",\"contentUrl\":\"https:\\\/\\\/voxsahel.com\\\/wp-content\\\/uploads\\\/2024\\\/12\\\/b6b02c99-228c-4a53-8d9e-a4681b3722e3.jpeg\",\"width\":897,\"height\":967},{\"@type\":\"BreadcrumbList\",\"@id\":\"https:\\\/\\\/voxsahel.com\\\/?p=974#breadcrumb\",\"itemListElement\":[{\"@type\":\"ListItem\",\"position\":1,\"name\":\"Home\",\"item\":\"https:\\\/\\\/voxsahel.com\\\/\"},{\"@type\":\"ListItem\",\"position\":2,\"name\":\"Suppos\u00e9e subvention du Pr\u00e9sident du Faso pour No\u00ebl : une information fausse et malveillante\"}]},{\"@type\":\"WebSite\",\"@id\":\"https:\\\/\\\/voxsahel.com\\\/#website\",\"url\":\"https:\\\/\\\/voxsahel.com\\\/\",\"name\":\"Vox Sahel\",\"description\":\"Informez-vous sur le Sahel en un clic\",\"publisher\":{\"@id\":\"https:\\\/\\\/voxsahel.com\\\/#organization\"},\"potentialAction\":[{\"@type\":\"SearchAction\",\"target\":{\"@type\":\"EntryPoint\",\"urlTemplate\":\"https:\\\/\\\/voxsahel.com\\\/?s={search_term_string}\"},\"query-input\":{\"@type\":\"PropertyValueSpecification\",\"valueRequired\":true,\"valueName\":\"search_term_string\"}}],\"inLanguage\":\"fr-FR\"},{\"@type\":\"Organization\",\"@id\":\"https:\\\/\\\/voxsahel.com\\\/#organization\",\"name\":\"Vox Sahel\",\"url\":\"https:\\\/\\\/voxsahel.com\\\/\",\"logo\":{\"@type\":\"ImageObject\",\"inLanguage\":\"fr-FR\",\"@id\":\"https:\\\/\\\/voxsahel.com\\\/#\\\/schema\\\/logo\\\/image\\\/\",\"url\":\"https:\\\/\\\/voxsahel.com\\\/wp-content\\\/uploads\\\/2024\\\/09\\\/Logo-Vox-Sahel.jpg\",\"contentUrl\":\"https:\\\/\\\/voxsahel.com\\\/wp-content\\\/uploads\\\/2024\\\/09\\\/Logo-Vox-Sahel.jpg\",\"width\":1181,\"height\":848,\"caption\":\"Vox Sahel\"},\"image\":{\"@id\":\"https:\\\/\\\/voxsahel.com\\\/#\\\/schema\\\/logo\\\/image\\\/\"},\"sameAs\":[\"https:\\\/\\\/www.facebook.com\\\/journal.voxsahel\"]},{\"@type\":\"Person\",\"@id\":\"https:\\\/\\\/voxsahel.com\\\/#\\\/schema\\\/person\\\/b4043608248f8fa227cd760e7ff1e19e\",\"name\":\"Vox Sahel\",\"image\":{\"@type\":\"ImageObject\",\"inLanguage\":\"fr-FR\",\"@id\":\"https:\\\/\\\/secure.gravatar.com\\\/avatar\\\/f70e7fa0cb9b29d4a7c5788d6eb2e9ab4d3135cbae1c9161810fdf77a8964699?s=96&d=mm&r=g\",\"url\":\"https:\\\/\\\/secure.gravatar.com\\\/avatar\\\/f70e7fa0cb9b29d4a7c5788d6eb2e9ab4d3135cbae1c9161810fdf77a8964699?s=96&d=mm&r=g\",\"contentUrl\":\"https:\\\/\\\/secure.gravatar.com\\\/avatar\\\/f70e7fa0cb9b29d4a7c5788d6eb2e9ab4d3135cbae1c9161810fdf77a8964699?s=96&d=mm&r=g\",\"caption\":\"Vox Sahel\"},\"sameAs\":[\"http:\\\/\\\/www.voxsahel.com\"],\"url\":\"https:\\\/\\\/voxsahel.com\\\/?author=2\"}]}<\/script>\n<!-- \/ Yoast SEO plugin. -->","yoast_head_json":{"title":"Suppos\u00e9e subvention du Pr\u00e9sident du Faso pour No\u00ebl : une information fausse et malveillante - Vox Sahel","robots":{"index":"index","follow":"follow","max-snippet":"max-snippet:-1","max-image-preview":"max-image-preview:large","max-video-preview":"max-video-preview:-1"},"canonical":"https:\/\/voxsahel.com\/?p=974","og_locale":"fr_FR","og_type":"article","og_title":"Suppos\u00e9e subvention du Pr\u00e9sident du Faso pour No\u00ebl : une information fausse et malveillante - Vox Sahel","og_description":"COMMUNIQU\u00c9 (Ouagadougou, 7 d\u00e9cembre 2024). Un message largement partag\u00e9 sur les r\u00e9seaux sociaux informe que","og_url":"https:\/\/voxsahel.com\/?p=974","og_site_name":"Vox Sahel","article_publisher":"https:\/\/www.facebook.com\/journal.voxsahel","article_published_time":"2024-12-07T13:33:12+00:00","og_image":[{"width":897,"height":967,"url":"https:\/\/voxsahel.com\/wp-content\/uploads\/2024\/12\/b6b02c99-228c-4a53-8d9e-a4681b3722e3.jpeg","type":"image\/jpeg"}],"author":"Vox Sahel","twitter_card":"summary_large_image","twitter_misc":{"\u00c9crit par":"Vox Sahel","Dur\u00e9e de lecture estim\u00e9e":"2 minutes"},"schema":{"@context":"https:\/\/schema.org","@graph":[{"@type":"Article","@id":"https:\/\/voxsahel.com\/?p=974#article","isPartOf":{"@id":"https:\/\/voxsahel.com\/?p=974"},"author":{"name":"Vox Sahel","@id":"https:\/\/voxsahel.com\/#\/schema\/person\/b4043608248f8fa227cd760e7ff1e19e"},"headline":"Suppos\u00e9e subvention du Pr\u00e9sident du Faso pour No\u00ebl : une information fausse et malveillante","datePublished":"2024-12-07T13:33:12+00:00","mainEntityOfPage":{"@id":"https:\/\/voxsahel.com\/?p=974"},"wordCount":232,"commentCount":0,"publisher":{"@id":"https:\/\/voxsahel.com\/#organization"},"image":{"@id":"https:\/\/voxsahel.com\/?p=974#primaryimage"},"thumbnailUrl":"https:\/\/voxsahel.com\/wp-content\/uploads\/2024\/12\/b6b02c99-228c-4a53-8d9e-a4681b3722e3.jpeg","keywords":["Burkina Faso","Capitaine Ibrahim Traor\u00e9","No\u00ebl","Pr\u00e9sidence du Faso","Subvention"],"articleSection":["POLITIQUE"],"inLanguage":"fr-FR","potentialAction":[{"@type":"CommentAction","name":"Comment","target":["https:\/\/voxsahel.com\/?p=974#respond"]}]},{"@type":"WebPage","@id":"https:\/\/voxsahel.com\/?p=974","url":"https:\/\/voxsahel.com\/?p=974","name":"Suppos\u00e9e subvention du Pr\u00e9sident du Faso pour No\u00ebl : une information fausse et malveillante - Vox Sahel","isPartOf":{"@id":"https:\/\/voxsahel.com\/#website"},"primaryImageOfPage":{"@id":"https:\/\/voxsahel.com\/?p=974#primaryimage"},"image":{"@id":"https:\/\/voxsahel.com\/?p=974#primaryimage"},"thumbnailUrl":"https:\/\/voxsahel.com\/wp-content\/uploads\/2024\/12\/b6b02c99-228c-4a53-8d9e-a4681b3722e3.jpeg","datePublished":"2024-12-07T13:33:12+00:00","breadcrumb":{"@id":"https:\/\/voxsahel.com\/?p=974#breadcrumb"},"inLanguage":"fr-FR","potentialAction":[{"@type":"ReadAction","target":["https:\/\/voxsahel.com\/?p=974"]}]},{"@type":"ImageObject","inLanguage":"fr-FR","@id":"https:\/\/voxsahel.com\/?p=974#primaryimage","url":"https:\/\/voxsahel.com\/wp-content\/uploads\/2024\/12\/b6b02c99-228c-4a53-8d9e-a4681b3722e3.jpeg","contentUrl":"https:\/\/voxsahel.com\/wp-content\/uploads\/2024\/12\/b6b02c99-228c-4a53-8d9e-a4681b3722e3.jpeg","width":897,"height":967},{"@type":"BreadcrumbList","@id":"https:\/\/voxsahel.com\/?p=974#breadcrumb","itemListElement":[{"@type":"ListItem","position":1,"name":"Home","item":"https:\/\/voxsahel.com\/"},{"@type":"ListItem","position":2,"name":"Suppos\u00e9e subvention du Pr\u00e9sident du Faso pour No\u00ebl : une information fausse et malveillante"}]},{"@type":"WebSite","@id":"https:\/\/voxsahel.com\/#website","url":"https:\/\/voxsahel.com\/","name":"Vox Sahel","description":"Informez-vous sur le Sahel en un clic","publisher":{"@id":"https:\/\/voxsahel.com\/#organization"},"potentialAction":[{"@type":"SearchAction","target":{"@type":"EntryPoint","urlTemplate":"https:\/\/voxsahel.com\/?s={search_term_string}"},"query-input":{"@type":"PropertyValueSpecification","valueRequired":true,"valueName":"search_term_string"}}],"inLanguage":"fr-FR"},{"@type":"Organization","@id":"https:\/\/voxsahel.com\/#organization","name":"Vox Sahel","url":"https:\/\/voxsahel.com\/","logo":{"@type":"ImageObject","inLanguage":"fr-FR","@id":"https:\/\/voxsahel.com\/#\/schema\/logo\/image\/","url":"https:\/\/voxsahel.com\/wp-content\/uploads\/2024\/09\/Logo-Vox-Sahel.jpg","contentUrl":"https:\/\/voxsahel.com\/wp-content\/uploads\/2024\/09\/Logo-Vox-Sahel.jpg","width":1181,"height":848,"caption":"Vox Sahel"},"image":{"@id":"https:\/\/voxsahel.com\/#\/schema\/logo\/image\/"},"sameAs":["https:\/\/www.facebook.com\/journal.voxsahel"]},{"@type":"Person","@id":"https:\/\/voxsahel.com\/#\/schema\/person\/b4043608248f8fa227cd760e7ff1e19e","name":"Vox Sahel","image":{"@type":"ImageObject","inLanguage":"fr-FR","@id":"https:\/\/secure.gravatar.com\/avatar\/f70e7fa0cb9b29d4a7c5788d6eb2e9ab4d3135cbae1c9161810fdf77a8964699?s=96&d=mm&r=g","url":"https:\/\/secure.gravatar.com\/avatar\/f70e7fa0cb9b29d4a7c5788d6eb2e9ab4d3135cbae1c9161810fdf77a8964699?s=96&d=mm&r=g","contentUrl":"https:\/\/secure.gravatar.com\/avatar\/f70e7fa0cb9b29d4a7c5788d6eb2e9ab4d3135cbae1c9161810fdf77a8964699?s=96&d=mm&r=g","caption":"Vox Sahel"},"sameAs":["http:\/\/www.voxsahel.com"],"url":"https:\/\/voxsahel.com\/?author=2"}]}},"_links":{"self":[{"href":"https:\/\/voxsahel.com\/index.php?rest_route=\/wp\/v2\/posts\/974","targetHints":{"allow":["GET"]}}],"collection":[{"href":"https:\/\/voxsahel.com\/index.php?rest_route=\/wp\/v2\/posts"}],"about":[{"href":"https:\/\/voxsahel.com\/index.php?rest_route=\/wp\/v2\/types\/post"}],"author":[{"embeddable":true,"href":"https:\/\/voxsahel.com\/index.php?rest_route=\/wp\/v2\/users\/2"}],"replies":[{"embeddable":true,"href":"https:\/\/voxsahel.com\/index.php?rest_route=%2Fwp%2Fv2%2Fcomments&post=974"}],"version-history":[{"count":1,"href":"https:\/\/voxsahel.com\/index.php?rest_route=\/wp\/v2\/posts\/974\/revisions"}],"predecessor-version":[{"id":976,"href":"https:\/\/voxsahel.com\/index.php?rest_route=\/wp\/v2\/posts\/974\/revisions\/976"}],"wp:featuredmedia":[{"embeddable":true,"href":"https:\/\/voxsahel.com\/index.php?rest_route=\/wp\/v2\/media\/975"}],"wp:attachment":[{"href":"https:\/\/voxsahel.com\/index.php?rest_route=%2Fwp%2Fv2%2Fmedia&parent=974"}],"wp:term":[{"taxonomy":"category","embeddable":true,"href":"https:\/\/voxsahel.com\/index.php?rest_route=%2Fwp%2Fv2%2Fcategories&post=974"},{"taxonomy":"post_tag","embeddable":true,"href":"https:\/\/voxsahel.com\/index.php?rest_route=%2Fwp%2Fv2%2Ftags&post=974"}],"curies":[{"name":"wp","href":"https:\/\/api.w.org\/{rel}","templated":true}]}}