{"id":971,"date":"2024-12-06T19:36:30","date_gmt":"2024-12-06T19:36:30","guid":{"rendered":"https:\/\/voxsahel.com\/?p=971"},"modified":"2024-12-06T19:36:30","modified_gmt":"2024-12-06T19:36:30","slug":"reussir-en-afrique-benediction-ou-fardeau","status":"publish","type":"post","link":"https:\/\/voxsahel.com\/?p=971","title":{"rendered":"R\u00e9ussir en Afrique : b\u00e9n\u00e9diction ou fardeau ?"},"content":{"rendered":"<p class=\"p2\"><strong>Dans ce texte profond\u00e9ment introspectif, Boubacar Sidiki Traor\u00e9 explore les paradoxes de la r\u00e9ussite pour les cadres africains. Entre les attentes communautaires, les pressions familiales et les responsabilit\u00e9s professionnelles, cette r\u00e9ussite, souvent per\u00e7ue comme un accomplissement, peut devenir un poids \u00e9crasant. En s&rsquo;appuyant sur des t\u00e9moignages et des r\u00e9flexions personnelles, l&rsquo;auteur propose des pistes pour all\u00e9ger ce fardeau et r\u00e9inventer une r\u00e9ussite plus \u00e9quilibr\u00e9e, fond\u00e9e sur la solidarit\u00e9, la sant\u00e9 mentale, et des structures sociales renforc\u00e9es.<\/strong><\/p>\n<p class=\"p2\"><strong><span class=\"s1\">R\u00e9flexions sur le mal-\u00eatre des cadres africains<\/span><\/strong><\/p>\n<p class=\"p2\"><strong><span class=\"s1\">\u201cLa r\u00e9ussite en Afrique est-elle une b\u00e9n\u00e9diction ou un pi\u00e8ge ?\u201d <\/span><\/strong><\/p>\n<p class=\"p2\"><span class=\"s1\">Cette question, \u00e0 la fois simple et profonde, m\u00e9rite d\u2019\u00eatre pos\u00e9e. En tant que cadre africain ayant \u00e9volu\u00e9 dans divers environnements professionnels, j\u2019ai souvent constat\u00e9 que la r\u00e9ussite, bien qu\u2019admir\u00e9e, peut devenir un fardeau. Elle impose une pression constante : non seulement pour maintenir son statut, mais aussi pour r\u00e9pondre aux attentes d\u2019une famille \u00e9largie, d\u2019une communaut\u00e9, et parfois m\u00eame d\u2019une soci\u00e9t\u00e9 enti\u00e8re. Cet essai explore les d\u00e9fis de cette r\u00e9ussite paradoxale et propose des pistes pour mieux la vivre.<\/span><\/p>\n<p class=\"p2\"><strong><span class=\"s1\">Une r\u00e9ussite sous pression : des attentes collectives toujours plus fortes<\/span><\/strong><\/p>\n<p class=\"p2\"><span class=\"s1\">En Afrique, la r\u00e9ussite d\u00e9passe largement le cadre individuel. Contrairement \u00e0 l\u2019Occident, o\u00f9 elle est souvent per\u00e7ue comme un accomplissement personnel, elle est ici profond\u00e9ment li\u00e9e \u00e0 la communaut\u00e9. En effet, r\u00e9ussir signifie souvent soutenir sa famille \u00e9largie, ses proches, voire son village d\u2019origine.<\/span><\/p>\n<p class=\"p2\"><span class=\"s1\">Raamatoulaye, une pharmacienne install\u00e9e en C\u00f4te d\u2019Ivoire, illustre bien ce ph\u00e9nom\u00e8ne. Alors qu\u2019elle d\u00e9veloppait sa carri\u00e8re, elle a d\u00fb tout abandonner pour revenir au S\u00e9n\u00e9gal. Sa grande s\u0153ur, une cadre influente dans l\u2019administration publique, venait de s\u2019effondrer apr\u00e8s des ann\u00e9es de burn-out. En plus de jongler avec des responsabilit\u00e9s professionnelles importantes, cette s\u0153ur devait aussi financer les \u00e9tudes des neveux, payer des soins m\u00e9dicaux pour des proches \u00e9loign\u00e9s et g\u00e9rer des urgences impr\u00e9vues. Finalement, son corps et son esprit ont c\u00e9d\u00e9.<\/span><\/p>\n<p class=\"p2\"><span class=\"s1\">Cette histoire, bien que personnelle, est loin d\u2019\u00eatre isol\u00e9e. Elle montre la double pression que subissent de nombreux cadres africains : r\u00e9ussir dans un milieu professionnel exigeant, tout en r\u00e9pondant aux attentes parfois \u00e9crasantes de la famille et de la communaut\u00e9.<\/span><\/p>\n<p class=\"p2\"><span class=\"s1\">Un flot incessant de demandes : la r\u00e9alit\u00e9 des cadres africains<\/span><\/p>\n<p class=\"p2\"><span class=\"s1\">Dans la vie d\u2019un cadre africain, les demandes d\u2019aide arrivent rarement une par une. En g\u00e9n\u00e9ral, elles se succ\u00e8dent, voire se superposent. Mariam, une ing\u00e9nieure talentueuse et m\u00e8re de famille, en t\u00e9moigne :<\/span><\/p>\n<p class=\"p2\"><span class=\"s1\">\u201cCertaines semaines, je re\u00e7ois plus de dix demandes d\u2019aide. Un cousin doit payer une facture m\u00e9dicale urgente. Un oncle est menac\u00e9 par la police \u00e0 cause d\u2019une dette. Une amie n\u2019a pas de quoi acheter de la nourriture pour ses enfants. Un voisin me demande une avance pour la Tabaski. Mon fr\u00e8re veut que je l\u2019aide \u00e0 financer la rentr\u00e9e scolaire de ses enfants.\u201d<\/span><\/p>\n<p class=\"p2\"><span class=\"s1\">Ces demandes, bien que l\u00e9gitimes, arrivent toutes comme des urgences. Pour Mariam, cette accumulation cr\u00e9e une immense pression psychologique. Comme elle le dit : \u201cChaque personne pense que son probl\u00e8me est unique. Mais pour moi, ces demandes forment une avalanche. Parfois, je n\u2019ose m\u00eame plus r\u00e9pondre \u00e0 mon t\u00e9l\u00e9phone.\u201d<\/span><\/p>\n<p class=\"p2\"><span class=\"s1\">Ces sollicitations ne concernent pas seulement des urgences vitales. Elles incluent aussi des obligations culturelles et religieuses, comme la f\u00eate de l\u2019A\u00efd, le Ramadan, les bapt\u00eames ou les mariages. Parfois, elles touchent m\u00eame \u00e0 des projets personnels, comme financer l\u2019ouverture d\u2019un commerce ou acheter une moto.<\/span><\/p>\n<p class=\"p2\"><span class=\"s1\">Pour les femmes comme Mariam, cette charge est encore plus lourde. En plus de r\u00e9pondre \u00e0 ces sollicitations, elles doivent g\u00e9rer leur foyer et satisfaire des attentes professionnelles \u00e9lev\u00e9es. \u201cQuand je rentre t\u00f4t chez moi, mes coll\u00e8gues pensent que je ne suis pas engag\u00e9e. Mais si je reste tard au travail, je culpabilise pour mes enfants,\u201d confie-t-elle. Cette double pression aggrave leur \u00e9puisement et limite leur capacit\u00e9 \u00e0 dire non.<\/span><\/p>\n<p class=\"p2\"><strong><span class=\"s1\">Un filet social d\u00e9s\u00e9quilibr\u00e9 : entre solidarit\u00e9 et \u00e9puisement<\/span><\/strong><\/p>\n<p class=\"p2\"><span class=\"s1\">Il est vrai que cette solidarit\u00e9 joue un r\u00f4le essentiel dans de nombreuses soci\u00e9t\u00e9s africaines. L\u00e0 o\u00f9 les syst\u00e8mes de protection sociale sont faibles, elle agit comme un filet de s\u00e9curit\u00e9. En soutenant les plus vuln\u00e9rables, elle pr\u00e9serve une certaine stabilit\u00e9 collective.<\/span><\/p>\n<p class=\"p2\"><span class=\"s1\">Cependant, ce filet social repose souvent sur un d\u00e9s\u00e9quilibre. Les responsabilit\u00e9s p\u00e8sent principalement sur les \u00e9paules des plus nantis, ceux qui ont \u201cr\u00e9ussi\u201d. Ces derniers consacrent parfois jusqu\u2019\u00e0 30 % de leurs revenus \u00e0 ces obligations, r\u00e9duisant leur capacit\u00e9 \u00e0 \u00e9pargner ou \u00e0 investir pour leur propre avenir.<\/span><\/p>\n<p class=\"p2\"><span class=\"s1\">Mon grand-p\u00e8re FoFamba appelait cela \u201cl\u2019ingratitude silencieuse\u201d. Il disait souvent :<\/span><\/p>\n<p class=\"p2\"><span class=\"s1\">\u201cCertains pensent que l\u2019aide est un d\u00fb, oubliant que chaque soutien demande un sacrifice.\u201d<\/span><\/p>\n<p class=\"p2\"><span class=\"s1\">Pour lui, aider les autres \u00e9tait essentiel, mais il ajoutait toujours :<\/span><\/p>\n<p class=\"p2\"><span class=\"s1\">\u201cTu ne peux pas porter tout le monde si tu tombes toi-m\u00eame. La vraie force, c\u2019est de partager sans te briser.\u201d<\/span><\/p>\n<p class=\"p2\"><strong><span class=\"s1\">La vision de la r\u00e9ussite selon mon grand-p\u00e8re<\/span><\/strong><\/p>\n<p class=\"p2\"><span class=\"s1\">Mon grand-p\u00e8re avait une d\u00e9finition tr\u00e8s claire de ce qu\u2019est la r\u00e9ussite. Pour lui, elle reposait sur trois piliers :<\/span><\/p>\n<p class=\"p2\"><strong><span class=\"s1\"> 1. Avoir un impact sur la communaut\u00e9 :<\/span><\/strong><\/p>\n<p class=\"p2\"><span class=\"s1\">\u201cTu n\u2019es pas riche parce que tu poss\u00e8des. Tu es riche parce que tu rends les autres moins pauvres.\u201d Il croyait fermement qu\u2019une r\u00e9ussite n\u2019a de sens que si elle profite \u00e0 ceux qui nous entourent.<\/span><\/p>\n<p class=\"p2\"><strong><span class=\"s1\"> 2. Trouver l\u2019\u00e9quilibre personnel :<\/span><\/strong><\/p>\n<p class=\"p2\"><span class=\"s1\">Il disait aussi : \u201cTu dois rester debout. Si tu tombes sous le poids des responsabilit\u00e9s, personne ne pourra te relever.\u201d La r\u00e9ussite devait permettre de soutenir les autres sans perdre son propre \u00e9quilibre.<\/span><\/p>\n<p class=\"p2\"><strong><span class=\"s1\"> 3. Pr\u00e9parer les g\u00e9n\u00e9rations futures :<\/span><\/strong><\/p>\n<p class=\"p2\"><span class=\"s1\">Enfin, il insistait sur l\u2019importance de la transmission. \u201cCe que tu construis aujourd\u2019hui doit \u00eatre un tremplin pour ceux qui viendront apr\u00e8s toi. Si ta r\u00e9ussite s\u2019\u00e9teint avec toi, alors tu n\u2019as rien laiss\u00e9.\u201d<\/span><\/p>\n<p class=\"p2\"><strong><span class=\"s1\">R\u00e9inventer la r\u00e9ussite : des pistes pour all\u00e9ger le fardeau<\/span><\/strong><\/p>\n<p class=\"p2\"><span class=\"s1\">Pour all\u00e9ger le poids de la r\u00e9ussite en Afrique, plusieurs solutions sont possibles :<\/span><\/p>\n<p class=\"p2\"><span class=\"s1\"> 1. R\u00e9\u00e9quilibrer les responsabilit\u00e9s sociales :<\/span><\/p>\n<p class=\"p2\"><span class=\"s1\">Les familles pourraient mettre en place des syst\u00e8mes collectifs pour partager les co\u00fbts et \u00e9viter qu\u2019une seule personne porte toutes les charges.<\/span><\/p>\n<p class=\"p2\"><span class=\"s1\"> 2. Normaliser la sant\u00e9 mentale :<\/span><\/p>\n<p class=\"p2\"><span class=\"s1\">Il est urgent de reconna\u00eetre que le stress et le burn-out sont des r\u00e9alit\u00e9s en Afrique. Des consultations psychologiques accessibles et des campagnes de sensibilisation sont n\u00e9cessaires pour briser les tabous.<\/span><\/p>\n<p class=\"p2\"><span class=\"s1\"> 3. Flexibiliser les environnements professionnels :<\/span><\/p>\n<p class=\"p2\"><span class=\"s1\">Les entreprises doivent adopter des pratiques modernes, comme le t\u00e9l\u00e9travail ou des cong\u00e9s adapt\u00e9s, pour aider les employ\u00e9s \u00e0 mieux g\u00e9rer leur \u00e9quilibre vie-travail.<\/span><\/p>\n<p class=\"p2\"><span class=\"s1\"> 4. Renforcer les syst\u00e8mes publics :<\/span><\/p>\n<p class=\"p2\"><span class=\"s1\">Les gouvernements doivent assumer leur r\u00f4le en d\u00e9veloppant des filets sociaux solides. Cela r\u00e9duirait la pression sur les individus et permettrait une meilleure r\u00e9partition des responsabilit\u00e9s.<\/span><\/p>\n<p class=\"p2\"><span class=\"s1\">Conclusion : r\u00e9ussir sans culpabilit\u00e9 ni sacrifice<\/span><\/p>\n<p class=\"p2\"><span class=\"s1\">La r\u00e9ussite, telle qu\u2019elle est v\u00e9cue par de nombreux cadres africains, est un d\u00e9fi. Elle impose une pression immense, nourrie par des attentes sociales et professionnelles souvent incompatibles. Pourtant, il est possible de r\u00e9inventer cette r\u00e9ussite, de la rendre plus \u00e9quilibr\u00e9e, en misant sur des solutions qui r\u00e9partissent mieux les responsabilit\u00e9s et prot\u00e8gent les individus.<\/span><\/p>\n<p class=\"p2\"><span class=\"s1\">Comme me l\u2019a appris mon grand-p\u00e8re FoFamba, la r\u00e9ussite ne doit pas \u00eatre un fardeau. Elle doit \u00eatre un \u00e9quilibre entre ce que l\u2019on fait pour les autres et ce que l\u2019on pr\u00e9serve pour soi-m\u00eame. Pour y parvenir, il est essentiel de moderniser nos mod\u00e8les de solidarit\u00e9, de normaliser la sant\u00e9 mentale et de renforcer les filets sociaux pour soulager les \u00e9paules de ceux qui portent trop.<\/span><\/p>\n<p class=\"p2\"><span class=\"s1\">En fin de compte, r\u00e9ussir, c\u2019est \u00eatre un pilier solide et stable, capable de soutenir sa communaut\u00e9 tout en avan\u00e7ant avec s\u00e9r\u00e9nit\u00e9. Ce n\u2019est pas un acte de sacrifice constant, mais un engagement r\u00e9fl\u00e9chi et \u00e9quilibr\u00e9. Si nous voulons b\u00e2tir une Afrique plus \u00e9panouie, il est temps de repenser nos d\u00e9finitions de la r\u00e9ussite et de donner \u00e0 chacun les moyens de prosp\u00e9rer sans s\u2019\u00e9puiser.<\/span><\/p>\n<p class=\"p2\"><span class=\"s1\">Boubacar Sidiki Traor\u00e9\u00a0<\/span><\/p>\n","protected":false},"excerpt":{"rendered":"<p>Dans ce texte profond\u00e9ment introspectif, Boubacar Sidiki Traor\u00e9 explore les paradoxes de la r\u00e9ussite pour<\/p>\n","protected":false},"author":2,"featured_media":972,"comment_status":"open","ping_status":"open","sticky":false,"template":"","format":"standard","meta":{"_et_pb_use_builder":"","_et_pb_old_content":"","_et_gb_content_width":"","footnotes":""},"categories":[5],"tags":[51,481,480,477,478,479,476],"class_list":["post-971","post","type-post","status-publish","format-standard","has-post-thumbnail","hentry","category-societe","tag-afrique","tag-communaute","tag-reussir","tag-sociabilite","tag-sociale","tag-societe","tag-sociologie"],"yoast_head":"<!-- This site is optimized with the Yoast SEO plugin v27.5 - https:\/\/yoast.com\/product\/yoast-seo-wordpress\/ -->\n<title>R\u00e9ussir en Afrique : b\u00e9n\u00e9diction ou fardeau ? - Vox Sahel<\/title>\n<meta name=\"robots\" content=\"index, follow, max-snippet:-1, max-image-preview:large, max-video-preview:-1\" \/>\n<link rel=\"canonical\" href=\"https:\/\/voxsahel.com\/?p=971\" \/>\n<meta property=\"og:locale\" content=\"fr_FR\" \/>\n<meta property=\"og:type\" content=\"article\" \/>\n<meta property=\"og:title\" content=\"R\u00e9ussir en Afrique : b\u00e9n\u00e9diction ou fardeau ? - Vox Sahel\" \/>\n<meta property=\"og:description\" content=\"Dans ce texte profond\u00e9ment introspectif, Boubacar Sidiki Traor\u00e9 explore les paradoxes de la r\u00e9ussite pour\" \/>\n<meta property=\"og:url\" content=\"https:\/\/voxsahel.com\/?p=971\" \/>\n<meta property=\"og:site_name\" content=\"Vox Sahel\" \/>\n<meta property=\"article:publisher\" content=\"https:\/\/www.facebook.com\/journal.voxsahel\" \/>\n<meta property=\"article:published_time\" content=\"2024-12-06T19:36:30+00:00\" \/>\n<meta property=\"og:image\" content=\"https:\/\/voxsahel.com\/wp-content\/uploads\/2024\/12\/IMG_7822.jpeg\" \/>\n\t<meta property=\"og:image:width\" content=\"960\" \/>\n\t<meta property=\"og:image:height\" content=\"958\" \/>\n\t<meta property=\"og:image:type\" content=\"image\/jpeg\" \/>\n<meta name=\"author\" content=\"Vox Sahel\" \/>\n<meta name=\"twitter:card\" content=\"summary_large_image\" \/>\n<meta name=\"twitter:label1\" content=\"\u00c9crit par\" \/>\n\t<meta name=\"twitter:data1\" content=\"Vox Sahel\" \/>\n\t<meta name=\"twitter:label2\" content=\"Dur\u00e9e de lecture estim\u00e9e\" \/>\n\t<meta name=\"twitter:data2\" content=\"7 minutes\" \/>\n<script type=\"application\/ld+json\" class=\"yoast-schema-graph\">{\"@context\":\"https:\\\/\\\/schema.org\",\"@graph\":[{\"@type\":\"Article\",\"@id\":\"https:\\\/\\\/voxsahel.com\\\/?p=971#article\",\"isPartOf\":{\"@id\":\"https:\\\/\\\/voxsahel.com\\\/?p=971\"},\"author\":{\"name\":\"Vox Sahel\",\"@id\":\"https:\\\/\\\/voxsahel.com\\\/#\\\/schema\\\/person\\\/b4043608248f8fa227cd760e7ff1e19e\"},\"headline\":\"R\u00e9ussir en Afrique : b\u00e9n\u00e9diction ou fardeau ?\",\"datePublished\":\"2024-12-06T19:36:30+00:00\",\"mainEntityOfPage\":{\"@id\":\"https:\\\/\\\/voxsahel.com\\\/?p=971\"},\"wordCount\":1455,\"commentCount\":0,\"publisher\":{\"@id\":\"https:\\\/\\\/voxsahel.com\\\/#organization\"},\"image\":{\"@id\":\"https:\\\/\\\/voxsahel.com\\\/?p=971#primaryimage\"},\"thumbnailUrl\":\"https:\\\/\\\/voxsahel.com\\\/wp-content\\\/uploads\\\/2024\\\/12\\\/IMG_7822.jpeg\",\"keywords\":[\"Afrique\",\"Communaut\u00e9\",\"R\u00e9ussir\",\"sociabilit\u00e9\",\"Sociale\",\"Soci\u00e9t\u00e9\",\"Sociologie\"],\"articleSection\":[\"SOCIETE\"],\"inLanguage\":\"fr-FR\",\"potentialAction\":[{\"@type\":\"CommentAction\",\"name\":\"Comment\",\"target\":[\"https:\\\/\\\/voxsahel.com\\\/?p=971#respond\"]}]},{\"@type\":\"WebPage\",\"@id\":\"https:\\\/\\\/voxsahel.com\\\/?p=971\",\"url\":\"https:\\\/\\\/voxsahel.com\\\/?p=971\",\"name\":\"R\u00e9ussir en Afrique : b\u00e9n\u00e9diction ou fardeau ? - Vox Sahel\",\"isPartOf\":{\"@id\":\"https:\\\/\\\/voxsahel.com\\\/#website\"},\"primaryImageOfPage\":{\"@id\":\"https:\\\/\\\/voxsahel.com\\\/?p=971#primaryimage\"},\"image\":{\"@id\":\"https:\\\/\\\/voxsahel.com\\\/?p=971#primaryimage\"},\"thumbnailUrl\":\"https:\\\/\\\/voxsahel.com\\\/wp-content\\\/uploads\\\/2024\\\/12\\\/IMG_7822.jpeg\",\"datePublished\":\"2024-12-06T19:36:30+00:00\",\"breadcrumb\":{\"@id\":\"https:\\\/\\\/voxsahel.com\\\/?p=971#breadcrumb\"},\"inLanguage\":\"fr-FR\",\"potentialAction\":[{\"@type\":\"ReadAction\",\"target\":[\"https:\\\/\\\/voxsahel.com\\\/?p=971\"]}]},{\"@type\":\"ImageObject\",\"inLanguage\":\"fr-FR\",\"@id\":\"https:\\\/\\\/voxsahel.com\\\/?p=971#primaryimage\",\"url\":\"https:\\\/\\\/voxsahel.com\\\/wp-content\\\/uploads\\\/2024\\\/12\\\/IMG_7822.jpeg\",\"contentUrl\":\"https:\\\/\\\/voxsahel.com\\\/wp-content\\\/uploads\\\/2024\\\/12\\\/IMG_7822.jpeg\",\"width\":960,\"height\":958},{\"@type\":\"BreadcrumbList\",\"@id\":\"https:\\\/\\\/voxsahel.com\\\/?p=971#breadcrumb\",\"itemListElement\":[{\"@type\":\"ListItem\",\"position\":1,\"name\":\"Home\",\"item\":\"https:\\\/\\\/voxsahel.com\\\/\"},{\"@type\":\"ListItem\",\"position\":2,\"name\":\"R\u00e9ussir en Afrique : b\u00e9n\u00e9diction ou fardeau ?\"}]},{\"@type\":\"WebSite\",\"@id\":\"https:\\\/\\\/voxsahel.com\\\/#website\",\"url\":\"https:\\\/\\\/voxsahel.com\\\/\",\"name\":\"Vox Sahel\",\"description\":\"Informez-vous sur le Sahel en un clic\",\"publisher\":{\"@id\":\"https:\\\/\\\/voxsahel.com\\\/#organization\"},\"potentialAction\":[{\"@type\":\"SearchAction\",\"target\":{\"@type\":\"EntryPoint\",\"urlTemplate\":\"https:\\\/\\\/voxsahel.com\\\/?s={search_term_string}\"},\"query-input\":{\"@type\":\"PropertyValueSpecification\",\"valueRequired\":true,\"valueName\":\"search_term_string\"}}],\"inLanguage\":\"fr-FR\"},{\"@type\":\"Organization\",\"@id\":\"https:\\\/\\\/voxsahel.com\\\/#organization\",\"name\":\"Vox Sahel\",\"url\":\"https:\\\/\\\/voxsahel.com\\\/\",\"logo\":{\"@type\":\"ImageObject\",\"inLanguage\":\"fr-FR\",\"@id\":\"https:\\\/\\\/voxsahel.com\\\/#\\\/schema\\\/logo\\\/image\\\/\",\"url\":\"https:\\\/\\\/voxsahel.com\\\/wp-content\\\/uploads\\\/2024\\\/09\\\/Logo-Vox-Sahel.jpg\",\"contentUrl\":\"https:\\\/\\\/voxsahel.com\\\/wp-content\\\/uploads\\\/2024\\\/09\\\/Logo-Vox-Sahel.jpg\",\"width\":1181,\"height\":848,\"caption\":\"Vox Sahel\"},\"image\":{\"@id\":\"https:\\\/\\\/voxsahel.com\\\/#\\\/schema\\\/logo\\\/image\\\/\"},\"sameAs\":[\"https:\\\/\\\/www.facebook.com\\\/journal.voxsahel\"]},{\"@type\":\"Person\",\"@id\":\"https:\\\/\\\/voxsahel.com\\\/#\\\/schema\\\/person\\\/b4043608248f8fa227cd760e7ff1e19e\",\"name\":\"Vox Sahel\",\"image\":{\"@type\":\"ImageObject\",\"inLanguage\":\"fr-FR\",\"@id\":\"https:\\\/\\\/secure.gravatar.com\\\/avatar\\\/f70e7fa0cb9b29d4a7c5788d6eb2e9ab4d3135cbae1c9161810fdf77a8964699?s=96&d=mm&r=g\",\"url\":\"https:\\\/\\\/secure.gravatar.com\\\/avatar\\\/f70e7fa0cb9b29d4a7c5788d6eb2e9ab4d3135cbae1c9161810fdf77a8964699?s=96&d=mm&r=g\",\"contentUrl\":\"https:\\\/\\\/secure.gravatar.com\\\/avatar\\\/f70e7fa0cb9b29d4a7c5788d6eb2e9ab4d3135cbae1c9161810fdf77a8964699?s=96&d=mm&r=g\",\"caption\":\"Vox Sahel\"},\"sameAs\":[\"http:\\\/\\\/www.voxsahel.com\"],\"url\":\"https:\\\/\\\/voxsahel.com\\\/?author=2\"}]}<\/script>\n<!-- \/ Yoast SEO plugin. -->","yoast_head_json":{"title":"R\u00e9ussir en Afrique : b\u00e9n\u00e9diction ou fardeau ? - Vox Sahel","robots":{"index":"index","follow":"follow","max-snippet":"max-snippet:-1","max-image-preview":"max-image-preview:large","max-video-preview":"max-video-preview:-1"},"canonical":"https:\/\/voxsahel.com\/?p=971","og_locale":"fr_FR","og_type":"article","og_title":"R\u00e9ussir en Afrique : b\u00e9n\u00e9diction ou fardeau ? - Vox Sahel","og_description":"Dans ce texte profond\u00e9ment introspectif, Boubacar Sidiki Traor\u00e9 explore les paradoxes de la r\u00e9ussite pour","og_url":"https:\/\/voxsahel.com\/?p=971","og_site_name":"Vox Sahel","article_publisher":"https:\/\/www.facebook.com\/journal.voxsahel","article_published_time":"2024-12-06T19:36:30+00:00","og_image":[{"width":960,"height":958,"url":"https:\/\/voxsahel.com\/wp-content\/uploads\/2024\/12\/IMG_7822.jpeg","type":"image\/jpeg"}],"author":"Vox Sahel","twitter_card":"summary_large_image","twitter_misc":{"\u00c9crit par":"Vox Sahel","Dur\u00e9e de lecture estim\u00e9e":"7 minutes"},"schema":{"@context":"https:\/\/schema.org","@graph":[{"@type":"Article","@id":"https:\/\/voxsahel.com\/?p=971#article","isPartOf":{"@id":"https:\/\/voxsahel.com\/?p=971"},"author":{"name":"Vox Sahel","@id":"https:\/\/voxsahel.com\/#\/schema\/person\/b4043608248f8fa227cd760e7ff1e19e"},"headline":"R\u00e9ussir en Afrique : b\u00e9n\u00e9diction ou fardeau ?","datePublished":"2024-12-06T19:36:30+00:00","mainEntityOfPage":{"@id":"https:\/\/voxsahel.com\/?p=971"},"wordCount":1455,"commentCount":0,"publisher":{"@id":"https:\/\/voxsahel.com\/#organization"},"image":{"@id":"https:\/\/voxsahel.com\/?p=971#primaryimage"},"thumbnailUrl":"https:\/\/voxsahel.com\/wp-content\/uploads\/2024\/12\/IMG_7822.jpeg","keywords":["Afrique","Communaut\u00e9","R\u00e9ussir","sociabilit\u00e9","Sociale","Soci\u00e9t\u00e9","Sociologie"],"articleSection":["SOCIETE"],"inLanguage":"fr-FR","potentialAction":[{"@type":"CommentAction","name":"Comment","target":["https:\/\/voxsahel.com\/?p=971#respond"]}]},{"@type":"WebPage","@id":"https:\/\/voxsahel.com\/?p=971","url":"https:\/\/voxsahel.com\/?p=971","name":"R\u00e9ussir en Afrique : b\u00e9n\u00e9diction ou fardeau ? - Vox Sahel","isPartOf":{"@id":"https:\/\/voxsahel.com\/#website"},"primaryImageOfPage":{"@id":"https:\/\/voxsahel.com\/?p=971#primaryimage"},"image":{"@id":"https:\/\/voxsahel.com\/?p=971#primaryimage"},"thumbnailUrl":"https:\/\/voxsahel.com\/wp-content\/uploads\/2024\/12\/IMG_7822.jpeg","datePublished":"2024-12-06T19:36:30+00:00","breadcrumb":{"@id":"https:\/\/voxsahel.com\/?p=971#breadcrumb"},"inLanguage":"fr-FR","potentialAction":[{"@type":"ReadAction","target":["https:\/\/voxsahel.com\/?p=971"]}]},{"@type":"ImageObject","inLanguage":"fr-FR","@id":"https:\/\/voxsahel.com\/?p=971#primaryimage","url":"https:\/\/voxsahel.com\/wp-content\/uploads\/2024\/12\/IMG_7822.jpeg","contentUrl":"https:\/\/voxsahel.com\/wp-content\/uploads\/2024\/12\/IMG_7822.jpeg","width":960,"height":958},{"@type":"BreadcrumbList","@id":"https:\/\/voxsahel.com\/?p=971#breadcrumb","itemListElement":[{"@type":"ListItem","position":1,"name":"Home","item":"https:\/\/voxsahel.com\/"},{"@type":"ListItem","position":2,"name":"R\u00e9ussir en Afrique : b\u00e9n\u00e9diction ou fardeau ?"}]},{"@type":"WebSite","@id":"https:\/\/voxsahel.com\/#website","url":"https:\/\/voxsahel.com\/","name":"Vox Sahel","description":"Informez-vous sur le Sahel en un clic","publisher":{"@id":"https:\/\/voxsahel.com\/#organization"},"potentialAction":[{"@type":"SearchAction","target":{"@type":"EntryPoint","urlTemplate":"https:\/\/voxsahel.com\/?s={search_term_string}"},"query-input":{"@type":"PropertyValueSpecification","valueRequired":true,"valueName":"search_term_string"}}],"inLanguage":"fr-FR"},{"@type":"Organization","@id":"https:\/\/voxsahel.com\/#organization","name":"Vox Sahel","url":"https:\/\/voxsahel.com\/","logo":{"@type":"ImageObject","inLanguage":"fr-FR","@id":"https:\/\/voxsahel.com\/#\/schema\/logo\/image\/","url":"https:\/\/voxsahel.com\/wp-content\/uploads\/2024\/09\/Logo-Vox-Sahel.jpg","contentUrl":"https:\/\/voxsahel.com\/wp-content\/uploads\/2024\/09\/Logo-Vox-Sahel.jpg","width":1181,"height":848,"caption":"Vox Sahel"},"image":{"@id":"https:\/\/voxsahel.com\/#\/schema\/logo\/image\/"},"sameAs":["https:\/\/www.facebook.com\/journal.voxsahel"]},{"@type":"Person","@id":"https:\/\/voxsahel.com\/#\/schema\/person\/b4043608248f8fa227cd760e7ff1e19e","name":"Vox Sahel","image":{"@type":"ImageObject","inLanguage":"fr-FR","@id":"https:\/\/secure.gravatar.com\/avatar\/f70e7fa0cb9b29d4a7c5788d6eb2e9ab4d3135cbae1c9161810fdf77a8964699?s=96&d=mm&r=g","url":"https:\/\/secure.gravatar.com\/avatar\/f70e7fa0cb9b29d4a7c5788d6eb2e9ab4d3135cbae1c9161810fdf77a8964699?s=96&d=mm&r=g","contentUrl":"https:\/\/secure.gravatar.com\/avatar\/f70e7fa0cb9b29d4a7c5788d6eb2e9ab4d3135cbae1c9161810fdf77a8964699?s=96&d=mm&r=g","caption":"Vox Sahel"},"sameAs":["http:\/\/www.voxsahel.com"],"url":"https:\/\/voxsahel.com\/?author=2"}]}},"_links":{"self":[{"href":"https:\/\/voxsahel.com\/index.php?rest_route=\/wp\/v2\/posts\/971","targetHints":{"allow":["GET"]}}],"collection":[{"href":"https:\/\/voxsahel.com\/index.php?rest_route=\/wp\/v2\/posts"}],"about":[{"href":"https:\/\/voxsahel.com\/index.php?rest_route=\/wp\/v2\/types\/post"}],"author":[{"embeddable":true,"href":"https:\/\/voxsahel.com\/index.php?rest_route=\/wp\/v2\/users\/2"}],"replies":[{"embeddable":true,"href":"https:\/\/voxsahel.com\/index.php?rest_route=%2Fwp%2Fv2%2Fcomments&post=971"}],"version-history":[{"count":1,"href":"https:\/\/voxsahel.com\/index.php?rest_route=\/wp\/v2\/posts\/971\/revisions"}],"predecessor-version":[{"id":973,"href":"https:\/\/voxsahel.com\/index.php?rest_route=\/wp\/v2\/posts\/971\/revisions\/973"}],"wp:featuredmedia":[{"embeddable":true,"href":"https:\/\/voxsahel.com\/index.php?rest_route=\/wp\/v2\/media\/972"}],"wp:attachment":[{"href":"https:\/\/voxsahel.com\/index.php?rest_route=%2Fwp%2Fv2%2Fmedia&parent=971"}],"wp:term":[{"taxonomy":"category","embeddable":true,"href":"https:\/\/voxsahel.com\/index.php?rest_route=%2Fwp%2Fv2%2Fcategories&post=971"},{"taxonomy":"post_tag","embeddable":true,"href":"https:\/\/voxsahel.com\/index.php?rest_route=%2Fwp%2Fv2%2Ftags&post=971"}],"curies":[{"name":"wp","href":"https:\/\/api.w.org\/{rel}","templated":true}]}}