{"id":97,"date":"2024-09-12T11:37:33","date_gmt":"2024-09-12T11:37:33","guid":{"rendered":"https:\/\/voxsahel.com\/?p=97"},"modified":"2024-09-12T11:37:33","modified_gmt":"2024-09-12T11:37:33","slug":"burkina-faso-travaillons-main-dans-la-main","status":"publish","type":"post","link":"https:\/\/voxsahel.com\/?p=97","title":{"rendered":"Burkina Faso : \u00ab Travaillons main dans la main \u00bb"},"content":{"rendered":"<p class=\"p1\"><span class=\"s2\">Le mercredi 11 septembre 2024, une d\u00e9l\u00e9gation gouvernementale conduite par le ministre d&rsquo;\u00c9tat, ministre de la D\u00e9fense et des Anciens combattants, le G\u00e9n\u00e9ral de brigade Kassoum Coulibaly, a rendu visite aux Forces de d\u00e9fense et de s\u00e9curit\u00e9 (FDS), aux Volontaires pour la d\u00e9fense de la patrie (VDP) ainsi qu&rsquo;aux forces vives de Tanghin Dassouri et de la province du Kourw\u00e9ogo, \u00e0 Bouss\u00e9.<\/span><\/p>\n<figure id=\"attachment_98\" aria-describedby=\"caption-attachment-98\" style=\"width: 300px\" class=\"wp-caption aligncenter\"><img loading=\"lazy\" decoding=\"async\" class=\"size-medium wp-image-98\" src=\"https:\/\/voxsahel.com\/wp-content\/uploads\/2024\/09\/IMG_7193-300x201.jpeg\" alt=\"ministre d'\u00c9tat, ministre de la D\u00e9fense et des Anciens combattants, le G\u00e9n\u00e9ral de brigade Kassoum Coulibaly\" width=\"300\" height=\"201\" srcset=\"https:\/\/voxsahel.com\/wp-content\/uploads\/2024\/09\/IMG_7193-300x201.jpeg 300w, https:\/\/voxsahel.com\/wp-content\/uploads\/2024\/09\/IMG_7193-1024x686.jpeg 1024w, https:\/\/voxsahel.com\/wp-content\/uploads\/2024\/09\/IMG_7193-768x515.jpeg 768w, https:\/\/voxsahel.com\/wp-content\/uploads\/2024\/09\/IMG_7193-1536x1029.jpeg 1536w, https:\/\/voxsahel.com\/wp-content\/uploads\/2024\/09\/IMG_7193-1080x724.jpeg 1080w, https:\/\/voxsahel.com\/wp-content\/uploads\/2024\/09\/IMG_7193-610x409.jpeg 610w, https:\/\/voxsahel.com\/wp-content\/uploads\/2024\/09\/IMG_7193.jpeg 1600w\" sizes=\"(max-width: 300px) 100vw, 300px\" \/><figcaption id=\"caption-attachment-98\" class=\"wp-caption-text\"><b>ministre d&rsquo;\u00c9tat, ministre de la D\u00e9fense et des Anciens combattants, le G\u00e9n\u00e9ral de brigade Kassoum Coulibaly \u00e9changeant avec les forces vives<\/b><\/figcaption><\/figure>\n<p class=\"p1\"><span class=\"s2\">Cette d\u00e9l\u00e9gation comprenait \u00e9galement plusieurs autres ministres, notamment Nandy Som\u00e9\/Diallo, en charge de l\u2019Action humanitaire, le Dr Robert Lucien Kargougou, ministre de la Sant\u00e9, et Mathias Traor\u00e9, Secr\u00e9taire g\u00e9n\u00e9ral du Gouvernement et du Conseil des ministres. Leur mission : transmettre les f\u00e9licitations et encouragements du pr\u00e9sident du Faso, le capitaine Ibrahim Traor\u00e9, aux forces combattantes mobilis\u00e9es pour la s\u00e9curisation du pays.<\/span><\/p>\n<p class=\"p1\"><span class=\"s2\">\u00c0 chaque \u00e9tape de la visite, le G\u00e9n\u00e9ral Kassoum Coulibaly a insist\u00e9 sur la n\u00e9cessit\u00e9 d\u2019une coh\u00e9sion et d\u2019une collaboration \u00e9troites entre les FDS, les VDP et les populations. Il a exhort\u00e9 toutes les composantes \u00e0 travailler ensemble, sans distinction de corps, afin de mener un combat commun pour la souverainet\u00e9 nationale. \u00ab Travaillons main dans la main \u00bb, a-t-il soulign\u00e9.<\/span><\/p>\n<p><img loading=\"lazy\" decoding=\"async\" class=\"alignnone size-medium wp-image-99\" src=\"https:\/\/voxsahel.com\/wp-content\/uploads\/2024\/09\/IMG_7194-300x169.jpeg\" alt=\"\" width=\"300\" height=\"169\" srcset=\"https:\/\/voxsahel.com\/wp-content\/uploads\/2024\/09\/IMG_7194-300x169.jpeg 300w, https:\/\/voxsahel.com\/wp-content\/uploads\/2024\/09\/IMG_7194-1024x576.jpeg 1024w, https:\/\/voxsahel.com\/wp-content\/uploads\/2024\/09\/IMG_7194-768x432.jpeg 768w, https:\/\/voxsahel.com\/wp-content\/uploads\/2024\/09\/IMG_7194-1536x864.jpeg 1536w, https:\/\/voxsahel.com\/wp-content\/uploads\/2024\/09\/IMG_7194-1080x608.jpeg 1080w, https:\/\/voxsahel.com\/wp-content\/uploads\/2024\/09\/IMG_7194-610x343.jpeg 610w, https:\/\/voxsahel.com\/wp-content\/uploads\/2024\/09\/IMG_7194-800x450.jpeg 800w, https:\/\/voxsahel.com\/wp-content\/uploads\/2024\/09\/IMG_7194.jpeg 1600w\" sizes=\"(max-width: 300px) 100vw, 300px\" \/><\/p>\n<p class=\"p1\"><span class=\"s2\">La d\u00e9l\u00e9gation a \u00e9galement saisi l\u2019occasion pour exposer la vision du pr\u00e9sident du Faso et les initiatives pr\u00e9sidentielles, tout en encourageant les populations locales \u00e0 soutenir les forces de s\u00e9curit\u00e9 dans leurs missions de d\u00e9fense. Ils ont notamment appel\u00e9 \u00e0 la participation active des habitants dans la construction de fortifications et de tranch\u00e9es, \u00e9l\u00e9ments cruciaux dans la s\u00e9curisation du territoire.<\/span><\/p>\n<p class=\"p1\"><span class=\"s2\">Lors des \u00e9changes, les forces vives de Tanghin Dassouri et du Kourw\u00e9ogo ont fait part de leurs pr\u00e9occupations. Le ministre de la D\u00e9fense, aux c\u00f4t\u00e9s de ses coll\u00e8gues, a assur\u00e9 que ces dol\u00e9ances seraient transmises aux autorit\u00e9s comp\u00e9tentes et que des mesures seraient prises, dans la mesure du possible, pour y r\u00e9pondre.<\/span><\/p>\n<p><img loading=\"lazy\" decoding=\"async\" class=\"alignnone size-medium wp-image-101\" src=\"https:\/\/voxsahel.com\/wp-content\/uploads\/2024\/09\/IMG_7195-1-300x176.jpeg\" alt=\"\" width=\"300\" height=\"176\" srcset=\"https:\/\/voxsahel.com\/wp-content\/uploads\/2024\/09\/IMG_7195-1-300x176.jpeg 300w, https:\/\/voxsahel.com\/wp-content\/uploads\/2024\/09\/IMG_7195-1-1024x602.jpeg 1024w, https:\/\/voxsahel.com\/wp-content\/uploads\/2024\/09\/IMG_7195-1-768x451.jpeg 768w, https:\/\/voxsahel.com\/wp-content\/uploads\/2024\/09\/IMG_7195-1-1536x902.jpeg 1536w, https:\/\/voxsahel.com\/wp-content\/uploads\/2024\/09\/IMG_7195-1-1080x635.jpeg 1080w, https:\/\/voxsahel.com\/wp-content\/uploads\/2024\/09\/IMG_7195-1-610x358.jpeg 610w, https:\/\/voxsahel.com\/wp-content\/uploads\/2024\/09\/IMG_7195-1.jpeg 1600w\" sizes=\"(max-width: 300px) 100vw, 300px\" \/><\/p>\n<p class=\"p1\"><span class=\"s2\">Dans un autre volet de la tourn\u00e9e, la situation s\u00e9curitaire pr\u00e9occupante de Barsalogho a \u00e9t\u00e9 \u00e9voqu\u00e9e. Le ministre Coulibaly a mis en garde contre les fausses informations circulant sur les r\u00e9seaux sociaux, appelant les populations \u00e0 ne pas se laisser d\u00e9stabiliser. \u00ab L\u2019ennemi sait que nous sommes sur la bonne voie, d\u2019o\u00f9 ses tentatives de diversion \u00bb, a-t-il d\u00e9clar\u00e9.<\/span><\/p>\n<p class=\"p1\"><span class=\"s2\">La d\u00e9l\u00e9gation gouvernementale a \u00e9galement pr\u00f4n\u00e9 la culture du dialogue, de la coh\u00e9sion sociale et de la solidarit\u00e9, essentiels pour la construction d\u2019un Burkina Faso en paix. La tourn\u00e9e, qui a d\u00e9but\u00e9 dans la matin\u00e9e \u00e0 Koubri, s\u2019est d\u00e9roul\u00e9e en pr\u00e9sence des autorit\u00e9s locales et des forces de s\u00e9curit\u00e9 r\u00e9gionales, t\u00e9moignant de la mobilisation collective pour la s\u00e9curisation du pays.<\/span><\/p>\n<p class=\"p1\" style=\"text-align: right;\"><strong><span class=\"s2\">Par : Vox Sahel<\/span><\/strong><\/p>\n","protected":false},"excerpt":{"rendered":"<p>Le mercredi 11 septembre 2024, une d\u00e9l\u00e9gation gouvernementale conduite par le ministre d&rsquo;\u00c9tat, ministre de<\/p>\n","protected":false},"author":2,"featured_media":98,"comment_status":"open","ping_status":"open","sticky":false,"template":"","format":"standard","meta":{"_et_pb_use_builder":"","_et_pb_old_content":"","_et_gb_content_width":"","footnotes":""},"categories":[6],"tags":[18,19,20],"class_list":["post-97","post","type-post","status-publish","format-standard","has-post-thumbnail","hentry","category-politique","tag-burkina-faso","tag-forces-vives","tag-terrorisme"],"yoast_head":"<!-- This site is optimized with the Yoast SEO plugin v27.5 - https:\/\/yoast.com\/product\/yoast-seo-wordpress\/ -->\n<title>Burkina Faso : \u00ab Travaillons main dans la main \u00bb - Vox Sahel<\/title>\n<meta name=\"robots\" content=\"index, follow, max-snippet:-1, max-image-preview:large, max-video-preview:-1\" \/>\n<link rel=\"canonical\" href=\"https:\/\/voxsahel.com\/?p=97\" \/>\n<meta property=\"og:locale\" content=\"fr_FR\" \/>\n<meta property=\"og:type\" content=\"article\" \/>\n<meta property=\"og:title\" content=\"Burkina Faso : \u00ab Travaillons main dans la main \u00bb - Vox Sahel\" \/>\n<meta property=\"og:description\" content=\"Le mercredi 11 septembre 2024, une d\u00e9l\u00e9gation gouvernementale conduite par le ministre d&rsquo;\u00c9tat, ministre de\" \/>\n<meta property=\"og:url\" content=\"https:\/\/voxsahel.com\/?p=97\" \/>\n<meta property=\"og:site_name\" content=\"Vox Sahel\" \/>\n<meta property=\"article:publisher\" content=\"https:\/\/www.facebook.com\/journal.voxsahel\" \/>\n<meta property=\"article:published_time\" content=\"2024-09-12T11:37:33+00:00\" \/>\n<meta property=\"og:image\" content=\"https:\/\/voxsahel.com\/wp-content\/uploads\/2024\/09\/IMG_7193.jpeg\" \/>\n\t<meta property=\"og:image:width\" content=\"1600\" \/>\n\t<meta property=\"og:image:height\" content=\"1072\" \/>\n\t<meta property=\"og:image:type\" content=\"image\/jpeg\" \/>\n<meta name=\"author\" content=\"Vox Sahel\" \/>\n<meta name=\"twitter:card\" content=\"summary_large_image\" \/>\n<meta name=\"twitter:label1\" content=\"\u00c9crit par\" \/>\n\t<meta name=\"twitter:data1\" content=\"Vox Sahel\" \/>\n\t<meta name=\"twitter:label2\" content=\"Dur\u00e9e de lecture estim\u00e9e\" \/>\n\t<meta name=\"twitter:data2\" content=\"4 minutes\" \/>\n<script type=\"application\/ld+json\" class=\"yoast-schema-graph\">{\"@context\":\"https:\\\/\\\/schema.org\",\"@graph\":[{\"@type\":\"Article\",\"@id\":\"https:\\\/\\\/voxsahel.com\\\/?p=97#article\",\"isPartOf\":{\"@id\":\"https:\\\/\\\/voxsahel.com\\\/?p=97\"},\"author\":{\"name\":\"Vox Sahel\",\"@id\":\"https:\\\/\\\/voxsahel.com\\\/#\\\/schema\\\/person\\\/b4043608248f8fa227cd760e7ff1e19e\"},\"headline\":\"Burkina Faso : \u00ab Travaillons main dans la main \u00bb\",\"datePublished\":\"2024-09-12T11:37:33+00:00\",\"mainEntityOfPage\":{\"@id\":\"https:\\\/\\\/voxsahel.com\\\/?p=97\"},\"wordCount\":517,\"commentCount\":0,\"publisher\":{\"@id\":\"https:\\\/\\\/voxsahel.com\\\/#organization\"},\"image\":{\"@id\":\"https:\\\/\\\/voxsahel.com\\\/?p=97#primaryimage\"},\"thumbnailUrl\":\"https:\\\/\\\/voxsahel.com\\\/wp-content\\\/uploads\\\/2024\\\/09\\\/IMG_7193.jpeg\",\"keywords\":[\"Burkina Faso\",\"Forces Vives\",\"Terrorisme\"],\"articleSection\":[\"POLITIQUE\"],\"inLanguage\":\"fr-FR\",\"potentialAction\":[{\"@type\":\"CommentAction\",\"name\":\"Comment\",\"target\":[\"https:\\\/\\\/voxsahel.com\\\/?p=97#respond\"]}]},{\"@type\":\"WebPage\",\"@id\":\"https:\\\/\\\/voxsahel.com\\\/?p=97\",\"url\":\"https:\\\/\\\/voxsahel.com\\\/?p=97\",\"name\":\"Burkina Faso : \u00ab Travaillons main dans la main \u00bb - Vox Sahel\",\"isPartOf\":{\"@id\":\"https:\\\/\\\/voxsahel.com\\\/#website\"},\"primaryImageOfPage\":{\"@id\":\"https:\\\/\\\/voxsahel.com\\\/?p=97#primaryimage\"},\"image\":{\"@id\":\"https:\\\/\\\/voxsahel.com\\\/?p=97#primaryimage\"},\"thumbnailUrl\":\"https:\\\/\\\/voxsahel.com\\\/wp-content\\\/uploads\\\/2024\\\/09\\\/IMG_7193.jpeg\",\"datePublished\":\"2024-09-12T11:37:33+00:00\",\"breadcrumb\":{\"@id\":\"https:\\\/\\\/voxsahel.com\\\/?p=97#breadcrumb\"},\"inLanguage\":\"fr-FR\",\"potentialAction\":[{\"@type\":\"ReadAction\",\"target\":[\"https:\\\/\\\/voxsahel.com\\\/?p=97\"]}]},{\"@type\":\"ImageObject\",\"inLanguage\":\"fr-FR\",\"@id\":\"https:\\\/\\\/voxsahel.com\\\/?p=97#primaryimage\",\"url\":\"https:\\\/\\\/voxsahel.com\\\/wp-content\\\/uploads\\\/2024\\\/09\\\/IMG_7193.jpeg\",\"contentUrl\":\"https:\\\/\\\/voxsahel.com\\\/wp-content\\\/uploads\\\/2024\\\/09\\\/IMG_7193.jpeg\",\"width\":1600,\"height\":1072,\"caption\":\"ministre d'\u00c9tat, ministre de la D\u00e9fense et des Anciens combattants, le G\u00e9n\u00e9ral de brigade Kassoum Coulibaly \u00e9changeant avec les forces vives\"},{\"@type\":\"BreadcrumbList\",\"@id\":\"https:\\\/\\\/voxsahel.com\\\/?p=97#breadcrumb\",\"itemListElement\":[{\"@type\":\"ListItem\",\"position\":1,\"name\":\"Home\",\"item\":\"https:\\\/\\\/voxsahel.com\\\/\"},{\"@type\":\"ListItem\",\"position\":2,\"name\":\"Burkina Faso : \u00ab Travaillons main dans la main \u00bb\"}]},{\"@type\":\"WebSite\",\"@id\":\"https:\\\/\\\/voxsahel.com\\\/#website\",\"url\":\"https:\\\/\\\/voxsahel.com\\\/\",\"name\":\"Vox Sahel\",\"description\":\"Informez-vous sur le Sahel en un clic\",\"publisher\":{\"@id\":\"https:\\\/\\\/voxsahel.com\\\/#organization\"},\"potentialAction\":[{\"@type\":\"SearchAction\",\"target\":{\"@type\":\"EntryPoint\",\"urlTemplate\":\"https:\\\/\\\/voxsahel.com\\\/?s={search_term_string}\"},\"query-input\":{\"@type\":\"PropertyValueSpecification\",\"valueRequired\":true,\"valueName\":\"search_term_string\"}}],\"inLanguage\":\"fr-FR\"},{\"@type\":\"Organization\",\"@id\":\"https:\\\/\\\/voxsahel.com\\\/#organization\",\"name\":\"Vox Sahel\",\"url\":\"https:\\\/\\\/voxsahel.com\\\/\",\"logo\":{\"@type\":\"ImageObject\",\"inLanguage\":\"fr-FR\",\"@id\":\"https:\\\/\\\/voxsahel.com\\\/#\\\/schema\\\/logo\\\/image\\\/\",\"url\":\"https:\\\/\\\/voxsahel.com\\\/wp-content\\\/uploads\\\/2024\\\/09\\\/Logo-Vox-Sahel.jpg\",\"contentUrl\":\"https:\\\/\\\/voxsahel.com\\\/wp-content\\\/uploads\\\/2024\\\/09\\\/Logo-Vox-Sahel.jpg\",\"width\":1181,\"height\":848,\"caption\":\"Vox Sahel\"},\"image\":{\"@id\":\"https:\\\/\\\/voxsahel.com\\\/#\\\/schema\\\/logo\\\/image\\\/\"},\"sameAs\":[\"https:\\\/\\\/www.facebook.com\\\/journal.voxsahel\"]},{\"@type\":\"Person\",\"@id\":\"https:\\\/\\\/voxsahel.com\\\/#\\\/schema\\\/person\\\/b4043608248f8fa227cd760e7ff1e19e\",\"name\":\"Vox Sahel\",\"image\":{\"@type\":\"ImageObject\",\"inLanguage\":\"fr-FR\",\"@id\":\"https:\\\/\\\/secure.gravatar.com\\\/avatar\\\/f70e7fa0cb9b29d4a7c5788d6eb2e9ab4d3135cbae1c9161810fdf77a8964699?s=96&d=mm&r=g\",\"url\":\"https:\\\/\\\/secure.gravatar.com\\\/avatar\\\/f70e7fa0cb9b29d4a7c5788d6eb2e9ab4d3135cbae1c9161810fdf77a8964699?s=96&d=mm&r=g\",\"contentUrl\":\"https:\\\/\\\/secure.gravatar.com\\\/avatar\\\/f70e7fa0cb9b29d4a7c5788d6eb2e9ab4d3135cbae1c9161810fdf77a8964699?s=96&d=mm&r=g\",\"caption\":\"Vox Sahel\"},\"sameAs\":[\"http:\\\/\\\/www.voxsahel.com\"],\"url\":\"https:\\\/\\\/voxsahel.com\\\/?author=2\"}]}<\/script>\n<!-- \/ Yoast SEO plugin. -->","yoast_head_json":{"title":"Burkina Faso : \u00ab Travaillons main dans la main \u00bb - Vox Sahel","robots":{"index":"index","follow":"follow","max-snippet":"max-snippet:-1","max-image-preview":"max-image-preview:large","max-video-preview":"max-video-preview:-1"},"canonical":"https:\/\/voxsahel.com\/?p=97","og_locale":"fr_FR","og_type":"article","og_title":"Burkina Faso : \u00ab Travaillons main dans la main \u00bb - Vox Sahel","og_description":"Le mercredi 11 septembre 2024, une d\u00e9l\u00e9gation gouvernementale conduite par le ministre d&rsquo;\u00c9tat, ministre de","og_url":"https:\/\/voxsahel.com\/?p=97","og_site_name":"Vox Sahel","article_publisher":"https:\/\/www.facebook.com\/journal.voxsahel","article_published_time":"2024-09-12T11:37:33+00:00","og_image":[{"width":1600,"height":1072,"url":"https:\/\/voxsahel.com\/wp-content\/uploads\/2024\/09\/IMG_7193.jpeg","type":"image\/jpeg"}],"author":"Vox Sahel","twitter_card":"summary_large_image","twitter_misc":{"\u00c9crit par":"Vox Sahel","Dur\u00e9e de lecture estim\u00e9e":"4 minutes"},"schema":{"@context":"https:\/\/schema.org","@graph":[{"@type":"Article","@id":"https:\/\/voxsahel.com\/?p=97#article","isPartOf":{"@id":"https:\/\/voxsahel.com\/?p=97"},"author":{"name":"Vox Sahel","@id":"https:\/\/voxsahel.com\/#\/schema\/person\/b4043608248f8fa227cd760e7ff1e19e"},"headline":"Burkina Faso : \u00ab Travaillons main dans la main \u00bb","datePublished":"2024-09-12T11:37:33+00:00","mainEntityOfPage":{"@id":"https:\/\/voxsahel.com\/?p=97"},"wordCount":517,"commentCount":0,"publisher":{"@id":"https:\/\/voxsahel.com\/#organization"},"image":{"@id":"https:\/\/voxsahel.com\/?p=97#primaryimage"},"thumbnailUrl":"https:\/\/voxsahel.com\/wp-content\/uploads\/2024\/09\/IMG_7193.jpeg","keywords":["Burkina Faso","Forces Vives","Terrorisme"],"articleSection":["POLITIQUE"],"inLanguage":"fr-FR","potentialAction":[{"@type":"CommentAction","name":"Comment","target":["https:\/\/voxsahel.com\/?p=97#respond"]}]},{"@type":"WebPage","@id":"https:\/\/voxsahel.com\/?p=97","url":"https:\/\/voxsahel.com\/?p=97","name":"Burkina Faso : \u00ab Travaillons main dans la main \u00bb - Vox Sahel","isPartOf":{"@id":"https:\/\/voxsahel.com\/#website"},"primaryImageOfPage":{"@id":"https:\/\/voxsahel.com\/?p=97#primaryimage"},"image":{"@id":"https:\/\/voxsahel.com\/?p=97#primaryimage"},"thumbnailUrl":"https:\/\/voxsahel.com\/wp-content\/uploads\/2024\/09\/IMG_7193.jpeg","datePublished":"2024-09-12T11:37:33+00:00","breadcrumb":{"@id":"https:\/\/voxsahel.com\/?p=97#breadcrumb"},"inLanguage":"fr-FR","potentialAction":[{"@type":"ReadAction","target":["https:\/\/voxsahel.com\/?p=97"]}]},{"@type":"ImageObject","inLanguage":"fr-FR","@id":"https:\/\/voxsahel.com\/?p=97#primaryimage","url":"https:\/\/voxsahel.com\/wp-content\/uploads\/2024\/09\/IMG_7193.jpeg","contentUrl":"https:\/\/voxsahel.com\/wp-content\/uploads\/2024\/09\/IMG_7193.jpeg","width":1600,"height":1072,"caption":"ministre d'\u00c9tat, ministre de la D\u00e9fense et des Anciens combattants, le G\u00e9n\u00e9ral de brigade Kassoum Coulibaly \u00e9changeant avec les forces vives"},{"@type":"BreadcrumbList","@id":"https:\/\/voxsahel.com\/?p=97#breadcrumb","itemListElement":[{"@type":"ListItem","position":1,"name":"Home","item":"https:\/\/voxsahel.com\/"},{"@type":"ListItem","position":2,"name":"Burkina Faso : \u00ab Travaillons main dans la main \u00bb"}]},{"@type":"WebSite","@id":"https:\/\/voxsahel.com\/#website","url":"https:\/\/voxsahel.com\/","name":"Vox Sahel","description":"Informez-vous sur le Sahel en un clic","publisher":{"@id":"https:\/\/voxsahel.com\/#organization"},"potentialAction":[{"@type":"SearchAction","target":{"@type":"EntryPoint","urlTemplate":"https:\/\/voxsahel.com\/?s={search_term_string}"},"query-input":{"@type":"PropertyValueSpecification","valueRequired":true,"valueName":"search_term_string"}}],"inLanguage":"fr-FR"},{"@type":"Organization","@id":"https:\/\/voxsahel.com\/#organization","name":"Vox Sahel","url":"https:\/\/voxsahel.com\/","logo":{"@type":"ImageObject","inLanguage":"fr-FR","@id":"https:\/\/voxsahel.com\/#\/schema\/logo\/image\/","url":"https:\/\/voxsahel.com\/wp-content\/uploads\/2024\/09\/Logo-Vox-Sahel.jpg","contentUrl":"https:\/\/voxsahel.com\/wp-content\/uploads\/2024\/09\/Logo-Vox-Sahel.jpg","width":1181,"height":848,"caption":"Vox Sahel"},"image":{"@id":"https:\/\/voxsahel.com\/#\/schema\/logo\/image\/"},"sameAs":["https:\/\/www.facebook.com\/journal.voxsahel"]},{"@type":"Person","@id":"https:\/\/voxsahel.com\/#\/schema\/person\/b4043608248f8fa227cd760e7ff1e19e","name":"Vox Sahel","image":{"@type":"ImageObject","inLanguage":"fr-FR","@id":"https:\/\/secure.gravatar.com\/avatar\/f70e7fa0cb9b29d4a7c5788d6eb2e9ab4d3135cbae1c9161810fdf77a8964699?s=96&d=mm&r=g","url":"https:\/\/secure.gravatar.com\/avatar\/f70e7fa0cb9b29d4a7c5788d6eb2e9ab4d3135cbae1c9161810fdf77a8964699?s=96&d=mm&r=g","contentUrl":"https:\/\/secure.gravatar.com\/avatar\/f70e7fa0cb9b29d4a7c5788d6eb2e9ab4d3135cbae1c9161810fdf77a8964699?s=96&d=mm&r=g","caption":"Vox Sahel"},"sameAs":["http:\/\/www.voxsahel.com"],"url":"https:\/\/voxsahel.com\/?author=2"}]}},"_links":{"self":[{"href":"https:\/\/voxsahel.com\/index.php?rest_route=\/wp\/v2\/posts\/97","targetHints":{"allow":["GET"]}}],"collection":[{"href":"https:\/\/voxsahel.com\/index.php?rest_route=\/wp\/v2\/posts"}],"about":[{"href":"https:\/\/voxsahel.com\/index.php?rest_route=\/wp\/v2\/types\/post"}],"author":[{"embeddable":true,"href":"https:\/\/voxsahel.com\/index.php?rest_route=\/wp\/v2\/users\/2"}],"replies":[{"embeddable":true,"href":"https:\/\/voxsahel.com\/index.php?rest_route=%2Fwp%2Fv2%2Fcomments&post=97"}],"version-history":[{"count":1,"href":"https:\/\/voxsahel.com\/index.php?rest_route=\/wp\/v2\/posts\/97\/revisions"}],"predecessor-version":[{"id":102,"href":"https:\/\/voxsahel.com\/index.php?rest_route=\/wp\/v2\/posts\/97\/revisions\/102"}],"wp:featuredmedia":[{"embeddable":true,"href":"https:\/\/voxsahel.com\/index.php?rest_route=\/wp\/v2\/media\/98"}],"wp:attachment":[{"href":"https:\/\/voxsahel.com\/index.php?rest_route=%2Fwp%2Fv2%2Fmedia&parent=97"}],"wp:term":[{"taxonomy":"category","embeddable":true,"href":"https:\/\/voxsahel.com\/index.php?rest_route=%2Fwp%2Fv2%2Fcategories&post=97"},{"taxonomy":"post_tag","embeddable":true,"href":"https:\/\/voxsahel.com\/index.php?rest_route=%2Fwp%2Fv2%2Ftags&post=97"}],"curies":[{"name":"wp","href":"https:\/\/api.w.org\/{rel}","templated":true}]}}