{"id":967,"date":"2024-12-04T15:06:12","date_gmt":"2024-12-04T15:06:12","guid":{"rendered":"https:\/\/voxsahel.com\/?p=967"},"modified":"2024-12-04T15:06:12","modified_gmt":"2024-12-04T15:06:12","slug":"burkina-faso-les-bureaux-de-douane-ouverts-les-jours-non-ouvrables-en-decembre","status":"publish","type":"post","link":"https:\/\/voxsahel.com\/?p=967","title":{"rendered":"Burkina Faso\u00a0: Les bureaux de douane ouverts les jours non ouvrables en d\u00e9cembre"},"content":{"rendered":"<p>La Direction g\u00e9n\u00e9rale des Douanes du Burkina Faso a rencontr\u00e9 les bouch\u00e9es doubles en cette fin d&rsquo;ann\u00e9e. Dans un communiqu\u00e9 publi\u00e9 ce 4 d\u00e9cembre 2024, le Directeur g\u00e9n\u00e9ral des Douanes annonce l&rsquo;ouverture exceptionnelle des bureaux de douane tous les samedis, dimanches et jours f\u00e9ri\u00e9s du mois de d\u00e9cembre. Les horaires fixes vont de 7h30 \u00e0 16h, sur l&rsquo;ensemble du territoire national.<\/p>\n<p>Cette mesure vise \u00e0 renforcer la c\u00e9l\u00e9rit\u00e9 et l&rsquo;efficacit\u00e9 des services douaniers dans l&rsquo;accomplissement de leurs missions fiscales, \u00e9conomiques et administratives. Elle permettra \u00e9galement aux importateurs, exportateurs et commissionnaires en douane agr\u00e9\u00e9s de s&rsquo;acquitter de leurs obligations en toute tranquillit\u00e9 et dans les d\u00e9lais requis.<\/p>\n<p>Ce r\u00e9am\u00e9nagement a pour objectif principal de r\u00e9pondre aux besoins des importateurs, exportateurs, et commissionnaires agr\u00e9\u00e9s en douane, tout en facilitant l&rsquo;accomplissement des missions \u00e9conomiques et fiscales des Douanes.<\/p>\n<p>La Direction g\u00e9n\u00e9rale des douanes souligne que ce r\u00e9am\u00e9nagement s&rsquo;inscrit dans une volont\u00e9 d&rsquo;am\u00e9liorer la mobilisation des recettes publiques, tout en simplifiant les proc\u00e9dures administratives pour les acteurs \u00e9conomiques.<\/p>\n<p>Au-del\u00e0 de la collecte des droits et taxes, cette mesure traduit l&rsquo;engagement des douanes \u00e0 soutenir les objectifs \u00e9conomiques et fiscaux du Burkina Faso. \u00ab\u00a0La mobilisation optimale des ressources souveraines est un imp\u00e9ratif pour l&rsquo;affirmation de la souverainet\u00e9 du Burkina Faso\u00a0\u00bb, pr\u00e9cise le communiqu\u00e9.<\/p>\n<p>En remerciant les op\u00e9rateurs \u00e9conomiques pour leur contribution tout au long de l&rsquo;ann\u00e9e 2024, la Direction g\u00e9n\u00e9rale des douanes en appelle au sens du civisme fiscal des contribuables, particuli\u00e8rement en cette fin d&rsquo;ann\u00e9e o\u00f9 les performances fiscales rev\u00eatent une importance capitale.<\/p>\n<p>Avec cette flexibilit\u00e9, l&rsquo;Administration douani\u00e8re esp\u00e8re non seulement atteindre les objectifs de mobilisation des recettes pour 2024, mais \u00e9galement fluidifier les \u00e9changes commerciaux en limitant les retards li\u00e9s \u00e0 la cl\u00f4ture des transactions en fin d&rsquo;ann\u00e9e.<\/p>\n<p>Les professionnels du secteur saluent d\u00e9j\u00e0 cette d\u00e9cision, qui pourrait favoriser un climat des affaires plus serein et un meilleur accompagnement des op\u00e9rateurs \u00e9conomiques.<\/p>\n<p>Pour rappel, cette initiative est valable sur l&rsquo;ensemble du territoire national jusqu&rsquo;au 31 d\u00e9cembre 2024.<\/p>\n<p style=\"text-align: right;\"><strong>Par Vox Sahel<\/strong><\/p>\n","protected":false},"excerpt":{"rendered":"<p>La Direction g\u00e9n\u00e9rale des Douanes du Burkina Faso a rencontr\u00e9 les bouch\u00e9es doubles en cette<\/p>\n","protected":false},"author":2,"featured_media":968,"comment_status":"open","ping_status":"open","sticky":false,"template":"","format":"standard","meta":{"_et_pb_use_builder":"","_et_pb_old_content":"","_et_gb_content_width":"","footnotes":""},"categories":[8],"tags":[475,18,287,142,146,90,370,310],"class_list":["post-967","post","type-post","status-publish","format-standard","has-post-thumbnail","hentry","category-developpement","tag-adama-ilboudo","tag-burkina-faso","tag-croissance-economique","tag-douane","tag-douanes-du-burkina-faso","tag-economie","tag-observatoire-pour-la-celerite-des-operations-douanieres-au-burkina-faso","tag-organisation-mondiale-des-douanes"],"yoast_head":"<!-- This site is optimized with the Yoast SEO plugin v27.5 - https:\/\/yoast.com\/product\/yoast-seo-wordpress\/ -->\n<title>Burkina Faso\u00a0: Les bureaux de douane ouverts les jours non ouvrables en d\u00e9cembre - Vox Sahel<\/title>\n<meta name=\"robots\" content=\"index, follow, max-snippet:-1, max-image-preview:large, max-video-preview:-1\" \/>\n<link rel=\"canonical\" href=\"https:\/\/voxsahel.com\/?p=967\" \/>\n<meta property=\"og:locale\" content=\"fr_FR\" \/>\n<meta property=\"og:type\" content=\"article\" \/>\n<meta property=\"og:title\" content=\"Burkina Faso\u00a0: Les bureaux de douane ouverts les jours non ouvrables en d\u00e9cembre - Vox Sahel\" \/>\n<meta property=\"og:description\" content=\"La Direction g\u00e9n\u00e9rale des Douanes du Burkina Faso a rencontr\u00e9 les bouch\u00e9es doubles en cette\" \/>\n<meta property=\"og:url\" content=\"https:\/\/voxsahel.com\/?p=967\" \/>\n<meta property=\"og:site_name\" content=\"Vox Sahel\" \/>\n<meta property=\"article:publisher\" content=\"https:\/\/www.facebook.com\/journal.voxsahel\" \/>\n<meta property=\"article:published_time\" content=\"2024-12-04T15:06:12+00:00\" \/>\n<meta property=\"og:image\" content=\"https:\/\/voxsahel.com\/wp-content\/uploads\/2024\/12\/Ouaga-Inter.jpg\" \/>\n\t<meta property=\"og:image:width\" content=\"650\" \/>\n\t<meta property=\"og:image:height\" content=\"432\" \/>\n\t<meta property=\"og:image:type\" content=\"image\/jpeg\" \/>\n<meta name=\"author\" content=\"Vox Sahel\" \/>\n<meta name=\"twitter:card\" content=\"summary_large_image\" \/>\n<meta name=\"twitter:label1\" content=\"\u00c9crit par\" \/>\n\t<meta name=\"twitter:data1\" content=\"Vox Sahel\" \/>\n\t<meta name=\"twitter:label2\" content=\"Dur\u00e9e de lecture estim\u00e9e\" \/>\n\t<meta name=\"twitter:data2\" content=\"2 minutes\" \/>\n<script type=\"application\/ld+json\" class=\"yoast-schema-graph\">{\"@context\":\"https:\\\/\\\/schema.org\",\"@graph\":[{\"@type\":\"Article\",\"@id\":\"https:\\\/\\\/voxsahel.com\\\/?p=967#article\",\"isPartOf\":{\"@id\":\"https:\\\/\\\/voxsahel.com\\\/?p=967\"},\"author\":{\"name\":\"Vox Sahel\",\"@id\":\"https:\\\/\\\/voxsahel.com\\\/#\\\/schema\\\/person\\\/b4043608248f8fa227cd760e7ff1e19e\"},\"headline\":\"Burkina Faso\u00a0: Les bureaux de douane ouverts les jours non ouvrables en d\u00e9cembre\",\"datePublished\":\"2024-12-04T15:06:12+00:00\",\"mainEntityOfPage\":{\"@id\":\"https:\\\/\\\/voxsahel.com\\\/?p=967\"},\"wordCount\":390,\"commentCount\":0,\"publisher\":{\"@id\":\"https:\\\/\\\/voxsahel.com\\\/#organization\"},\"image\":{\"@id\":\"https:\\\/\\\/voxsahel.com\\\/?p=967#primaryimage\"},\"thumbnailUrl\":\"https:\\\/\\\/voxsahel.com\\\/wp-content\\\/uploads\\\/2024\\\/12\\\/Ouaga-Inter.jpg\",\"keywords\":[\"Adama Ilboudo\",\"Burkina Faso\",\"Croissance \u00e9conomique\",\"Douane\",\"Douanes du Burkina Faso\",\"Economie\",\"Observatoire pour la c\u00e9l\u00e9rit\u00e9 des op\u00e9rations douani\u00e8res au Burkina Faso\",\"Organisation mondiale des Douanes\"],\"articleSection\":[\"DEVELOPPEMENT\"],\"inLanguage\":\"fr-FR\",\"potentialAction\":[{\"@type\":\"CommentAction\",\"name\":\"Comment\",\"target\":[\"https:\\\/\\\/voxsahel.com\\\/?p=967#respond\"]}]},{\"@type\":\"WebPage\",\"@id\":\"https:\\\/\\\/voxsahel.com\\\/?p=967\",\"url\":\"https:\\\/\\\/voxsahel.com\\\/?p=967\",\"name\":\"Burkina Faso\u00a0: Les bureaux de douane ouverts les jours non ouvrables en d\u00e9cembre - Vox Sahel\",\"isPartOf\":{\"@id\":\"https:\\\/\\\/voxsahel.com\\\/#website\"},\"primaryImageOfPage\":{\"@id\":\"https:\\\/\\\/voxsahel.com\\\/?p=967#primaryimage\"},\"image\":{\"@id\":\"https:\\\/\\\/voxsahel.com\\\/?p=967#primaryimage\"},\"thumbnailUrl\":\"https:\\\/\\\/voxsahel.com\\\/wp-content\\\/uploads\\\/2024\\\/12\\\/Ouaga-Inter.jpg\",\"datePublished\":\"2024-12-04T15:06:12+00:00\",\"breadcrumb\":{\"@id\":\"https:\\\/\\\/voxsahel.com\\\/?p=967#breadcrumb\"},\"inLanguage\":\"fr-FR\",\"potentialAction\":[{\"@type\":\"ReadAction\",\"target\":[\"https:\\\/\\\/voxsahel.com\\\/?p=967\"]}]},{\"@type\":\"ImageObject\",\"inLanguage\":\"fr-FR\",\"@id\":\"https:\\\/\\\/voxsahel.com\\\/?p=967#primaryimage\",\"url\":\"https:\\\/\\\/voxsahel.com\\\/wp-content\\\/uploads\\\/2024\\\/12\\\/Ouaga-Inter.jpg\",\"contentUrl\":\"https:\\\/\\\/voxsahel.com\\\/wp-content\\\/uploads\\\/2024\\\/12\\\/Ouaga-Inter.jpg\",\"width\":650,\"height\":432,\"caption\":\"Burkina Faso\u00a0: Les bureaux de douane ouverts les jours non ouvrables en d\u00e9cembre\"},{\"@type\":\"BreadcrumbList\",\"@id\":\"https:\\\/\\\/voxsahel.com\\\/?p=967#breadcrumb\",\"itemListElement\":[{\"@type\":\"ListItem\",\"position\":1,\"name\":\"Home\",\"item\":\"https:\\\/\\\/voxsahel.com\\\/\"},{\"@type\":\"ListItem\",\"position\":2,\"name\":\"Burkina Faso\u00a0: Les bureaux de douane ouverts les jours non ouvrables en d\u00e9cembre\"}]},{\"@type\":\"WebSite\",\"@id\":\"https:\\\/\\\/voxsahel.com\\\/#website\",\"url\":\"https:\\\/\\\/voxsahel.com\\\/\",\"name\":\"Vox Sahel\",\"description\":\"Informez-vous sur le Sahel en un clic\",\"publisher\":{\"@id\":\"https:\\\/\\\/voxsahel.com\\\/#organization\"},\"potentialAction\":[{\"@type\":\"SearchAction\",\"target\":{\"@type\":\"EntryPoint\",\"urlTemplate\":\"https:\\\/\\\/voxsahel.com\\\/?s={search_term_string}\"},\"query-input\":{\"@type\":\"PropertyValueSpecification\",\"valueRequired\":true,\"valueName\":\"search_term_string\"}}],\"inLanguage\":\"fr-FR\"},{\"@type\":\"Organization\",\"@id\":\"https:\\\/\\\/voxsahel.com\\\/#organization\",\"name\":\"Vox Sahel\",\"url\":\"https:\\\/\\\/voxsahel.com\\\/\",\"logo\":{\"@type\":\"ImageObject\",\"inLanguage\":\"fr-FR\",\"@id\":\"https:\\\/\\\/voxsahel.com\\\/#\\\/schema\\\/logo\\\/image\\\/\",\"url\":\"https:\\\/\\\/voxsahel.com\\\/wp-content\\\/uploads\\\/2024\\\/09\\\/Logo-Vox-Sahel.jpg\",\"contentUrl\":\"https:\\\/\\\/voxsahel.com\\\/wp-content\\\/uploads\\\/2024\\\/09\\\/Logo-Vox-Sahel.jpg\",\"width\":1181,\"height\":848,\"caption\":\"Vox Sahel\"},\"image\":{\"@id\":\"https:\\\/\\\/voxsahel.com\\\/#\\\/schema\\\/logo\\\/image\\\/\"},\"sameAs\":[\"https:\\\/\\\/www.facebook.com\\\/journal.voxsahel\"]},{\"@type\":\"Person\",\"@id\":\"https:\\\/\\\/voxsahel.com\\\/#\\\/schema\\\/person\\\/b4043608248f8fa227cd760e7ff1e19e\",\"name\":\"Vox Sahel\",\"image\":{\"@type\":\"ImageObject\",\"inLanguage\":\"fr-FR\",\"@id\":\"https:\\\/\\\/secure.gravatar.com\\\/avatar\\\/f70e7fa0cb9b29d4a7c5788d6eb2e9ab4d3135cbae1c9161810fdf77a8964699?s=96&d=mm&r=g\",\"url\":\"https:\\\/\\\/secure.gravatar.com\\\/avatar\\\/f70e7fa0cb9b29d4a7c5788d6eb2e9ab4d3135cbae1c9161810fdf77a8964699?s=96&d=mm&r=g\",\"contentUrl\":\"https:\\\/\\\/secure.gravatar.com\\\/avatar\\\/f70e7fa0cb9b29d4a7c5788d6eb2e9ab4d3135cbae1c9161810fdf77a8964699?s=96&d=mm&r=g\",\"caption\":\"Vox Sahel\"},\"sameAs\":[\"http:\\\/\\\/www.voxsahel.com\"],\"url\":\"https:\\\/\\\/voxsahel.com\\\/?author=2\"}]}<\/script>\n<!-- \/ Yoast SEO plugin. -->","yoast_head_json":{"title":"Burkina Faso\u00a0: Les bureaux de douane ouverts les jours non ouvrables en d\u00e9cembre - Vox Sahel","robots":{"index":"index","follow":"follow","max-snippet":"max-snippet:-1","max-image-preview":"max-image-preview:large","max-video-preview":"max-video-preview:-1"},"canonical":"https:\/\/voxsahel.com\/?p=967","og_locale":"fr_FR","og_type":"article","og_title":"Burkina Faso\u00a0: Les bureaux de douane ouverts les jours non ouvrables en d\u00e9cembre - Vox Sahel","og_description":"La Direction g\u00e9n\u00e9rale des Douanes du Burkina Faso a rencontr\u00e9 les bouch\u00e9es doubles en cette","og_url":"https:\/\/voxsahel.com\/?p=967","og_site_name":"Vox Sahel","article_publisher":"https:\/\/www.facebook.com\/journal.voxsahel","article_published_time":"2024-12-04T15:06:12+00:00","og_image":[{"width":650,"height":432,"url":"https:\/\/voxsahel.com\/wp-content\/uploads\/2024\/12\/Ouaga-Inter.jpg","type":"image\/jpeg"}],"author":"Vox Sahel","twitter_card":"summary_large_image","twitter_misc":{"\u00c9crit par":"Vox Sahel","Dur\u00e9e de lecture estim\u00e9e":"2 minutes"},"schema":{"@context":"https:\/\/schema.org","@graph":[{"@type":"Article","@id":"https:\/\/voxsahel.com\/?p=967#article","isPartOf":{"@id":"https:\/\/voxsahel.com\/?p=967"},"author":{"name":"Vox Sahel","@id":"https:\/\/voxsahel.com\/#\/schema\/person\/b4043608248f8fa227cd760e7ff1e19e"},"headline":"Burkina Faso\u00a0: Les bureaux de douane ouverts les jours non ouvrables en d\u00e9cembre","datePublished":"2024-12-04T15:06:12+00:00","mainEntityOfPage":{"@id":"https:\/\/voxsahel.com\/?p=967"},"wordCount":390,"commentCount":0,"publisher":{"@id":"https:\/\/voxsahel.com\/#organization"},"image":{"@id":"https:\/\/voxsahel.com\/?p=967#primaryimage"},"thumbnailUrl":"https:\/\/voxsahel.com\/wp-content\/uploads\/2024\/12\/Ouaga-Inter.jpg","keywords":["Adama Ilboudo","Burkina Faso","Croissance \u00e9conomique","Douane","Douanes du Burkina Faso","Economie","Observatoire pour la c\u00e9l\u00e9rit\u00e9 des op\u00e9rations douani\u00e8res au Burkina Faso","Organisation mondiale des Douanes"],"articleSection":["DEVELOPPEMENT"],"inLanguage":"fr-FR","potentialAction":[{"@type":"CommentAction","name":"Comment","target":["https:\/\/voxsahel.com\/?p=967#respond"]}]},{"@type":"WebPage","@id":"https:\/\/voxsahel.com\/?p=967","url":"https:\/\/voxsahel.com\/?p=967","name":"Burkina Faso\u00a0: Les bureaux de douane ouverts les jours non ouvrables en d\u00e9cembre - Vox Sahel","isPartOf":{"@id":"https:\/\/voxsahel.com\/#website"},"primaryImageOfPage":{"@id":"https:\/\/voxsahel.com\/?p=967#primaryimage"},"image":{"@id":"https:\/\/voxsahel.com\/?p=967#primaryimage"},"thumbnailUrl":"https:\/\/voxsahel.com\/wp-content\/uploads\/2024\/12\/Ouaga-Inter.jpg","datePublished":"2024-12-04T15:06:12+00:00","breadcrumb":{"@id":"https:\/\/voxsahel.com\/?p=967#breadcrumb"},"inLanguage":"fr-FR","potentialAction":[{"@type":"ReadAction","target":["https:\/\/voxsahel.com\/?p=967"]}]},{"@type":"ImageObject","inLanguage":"fr-FR","@id":"https:\/\/voxsahel.com\/?p=967#primaryimage","url":"https:\/\/voxsahel.com\/wp-content\/uploads\/2024\/12\/Ouaga-Inter.jpg","contentUrl":"https:\/\/voxsahel.com\/wp-content\/uploads\/2024\/12\/Ouaga-Inter.jpg","width":650,"height":432,"caption":"Burkina Faso\u00a0: Les bureaux de douane ouverts les jours non ouvrables en d\u00e9cembre"},{"@type":"BreadcrumbList","@id":"https:\/\/voxsahel.com\/?p=967#breadcrumb","itemListElement":[{"@type":"ListItem","position":1,"name":"Home","item":"https:\/\/voxsahel.com\/"},{"@type":"ListItem","position":2,"name":"Burkina Faso\u00a0: Les bureaux de douane ouverts les jours non ouvrables en d\u00e9cembre"}]},{"@type":"WebSite","@id":"https:\/\/voxsahel.com\/#website","url":"https:\/\/voxsahel.com\/","name":"Vox Sahel","description":"Informez-vous sur le Sahel en un clic","publisher":{"@id":"https:\/\/voxsahel.com\/#organization"},"potentialAction":[{"@type":"SearchAction","target":{"@type":"EntryPoint","urlTemplate":"https:\/\/voxsahel.com\/?s={search_term_string}"},"query-input":{"@type":"PropertyValueSpecification","valueRequired":true,"valueName":"search_term_string"}}],"inLanguage":"fr-FR"},{"@type":"Organization","@id":"https:\/\/voxsahel.com\/#organization","name":"Vox Sahel","url":"https:\/\/voxsahel.com\/","logo":{"@type":"ImageObject","inLanguage":"fr-FR","@id":"https:\/\/voxsahel.com\/#\/schema\/logo\/image\/","url":"https:\/\/voxsahel.com\/wp-content\/uploads\/2024\/09\/Logo-Vox-Sahel.jpg","contentUrl":"https:\/\/voxsahel.com\/wp-content\/uploads\/2024\/09\/Logo-Vox-Sahel.jpg","width":1181,"height":848,"caption":"Vox Sahel"},"image":{"@id":"https:\/\/voxsahel.com\/#\/schema\/logo\/image\/"},"sameAs":["https:\/\/www.facebook.com\/journal.voxsahel"]},{"@type":"Person","@id":"https:\/\/voxsahel.com\/#\/schema\/person\/b4043608248f8fa227cd760e7ff1e19e","name":"Vox Sahel","image":{"@type":"ImageObject","inLanguage":"fr-FR","@id":"https:\/\/secure.gravatar.com\/avatar\/f70e7fa0cb9b29d4a7c5788d6eb2e9ab4d3135cbae1c9161810fdf77a8964699?s=96&d=mm&r=g","url":"https:\/\/secure.gravatar.com\/avatar\/f70e7fa0cb9b29d4a7c5788d6eb2e9ab4d3135cbae1c9161810fdf77a8964699?s=96&d=mm&r=g","contentUrl":"https:\/\/secure.gravatar.com\/avatar\/f70e7fa0cb9b29d4a7c5788d6eb2e9ab4d3135cbae1c9161810fdf77a8964699?s=96&d=mm&r=g","caption":"Vox Sahel"},"sameAs":["http:\/\/www.voxsahel.com"],"url":"https:\/\/voxsahel.com\/?author=2"}]}},"_links":{"self":[{"href":"https:\/\/voxsahel.com\/index.php?rest_route=\/wp\/v2\/posts\/967","targetHints":{"allow":["GET"]}}],"collection":[{"href":"https:\/\/voxsahel.com\/index.php?rest_route=\/wp\/v2\/posts"}],"about":[{"href":"https:\/\/voxsahel.com\/index.php?rest_route=\/wp\/v2\/types\/post"}],"author":[{"embeddable":true,"href":"https:\/\/voxsahel.com\/index.php?rest_route=\/wp\/v2\/users\/2"}],"replies":[{"embeddable":true,"href":"https:\/\/voxsahel.com\/index.php?rest_route=%2Fwp%2Fv2%2Fcomments&post=967"}],"version-history":[{"count":1,"href":"https:\/\/voxsahel.com\/index.php?rest_route=\/wp\/v2\/posts\/967\/revisions"}],"predecessor-version":[{"id":969,"href":"https:\/\/voxsahel.com\/index.php?rest_route=\/wp\/v2\/posts\/967\/revisions\/969"}],"wp:featuredmedia":[{"embeddable":true,"href":"https:\/\/voxsahel.com\/index.php?rest_route=\/wp\/v2\/media\/968"}],"wp:attachment":[{"href":"https:\/\/voxsahel.com\/index.php?rest_route=%2Fwp%2Fv2%2Fmedia&parent=967"}],"wp:term":[{"taxonomy":"category","embeddable":true,"href":"https:\/\/voxsahel.com\/index.php?rest_route=%2Fwp%2Fv2%2Fcategories&post=967"},{"taxonomy":"post_tag","embeddable":true,"href":"https:\/\/voxsahel.com\/index.php?rest_route=%2Fwp%2Fv2%2Ftags&post=967"}],"curies":[{"name":"wp","href":"https:\/\/api.w.org\/{rel}","templated":true}]}}