{"id":949,"date":"2024-11-28T19:28:56","date_gmt":"2024-11-28T19:28:56","guid":{"rendered":"https:\/\/voxsahel.com\/?p=949"},"modified":"2024-11-28T19:28:56","modified_gmt":"2024-11-28T19:28:56","slug":"genre-et-performance-dans-ladministration-douaniere-une-conference-pour-lharmonie-et-linclusion-au-burkina-faso","status":"publish","type":"post","link":"https:\/\/voxsahel.com\/?p=949","title":{"rendered":"Genre et performance dans l&rsquo;administration douani\u00e8re : Une conf\u00e9rence pour l&rsquo;harmonie et l&rsquo;Inclusion au Burkina Faso"},"content":{"rendered":"<p class=\"p1\"><span class=\"s1\">Le jeudi 28 novembre 2024 \u00e0 l&rsquo;Ecole nationale des douanes, l\u2019Amicale du personnel douanier f\u00e9minin du Burkina Faso d\u00e9nomm\u00e9e \u00ab les Gabelles \u00bb, en collaboration avec le programme Anti-corruption et promotion de l&rsquo;int\u00e9grit\u00e9 (A-CPI) a organis\u00e9 une conf\u00e9rence sous le th\u00e8me: \u00a0\u00bb \ud835\udc25\ud835\udc1e\ud835\udc2c \ud835\udc2b\ud835\udc28\u0302\ud835\udc25\ud835\udc1e\ud835\udc2c \ud835\udc1d\ud835\udc2e \ud835\udc20\ud835\udc1e\ud835\udc27\ud835\udc2b\ud835\udc1e \ud835\udc1d\ud835\udc1a\ud835\udc27\ud835\udc2c \ud835\udc25&rsquo;\ud835\udc00\ud835\udc1d\ud835\udc26\ud835\udc22\ud835\udc27\ud835\udc22\ud835\udc2c\ud835\udc2d\ud835\udc2b\ud835\udc1a\ud835\udc2d\ud835\udc22\ud835\udc28\ud835\udc27 \ud835\udc1d\ud835\udc28\ud835\udc2e\ud835\udc1a\ud835\udc27\ud835\udc22\ud835\udc1e\u0300\ud835\udc2b\ud835\udc1e : \ud835\udc1c\ud835\udc28\ud835\udc26\ud835\udc26\ud835\udc1e\ud835\udc27\ud835\udc2d \ud835\udc20\ud835\udc1a\ud835\udc2b\ud835\udc1a\ud835\udc27\ud835\udc2d\ud835\udc22\ud835\udc2b \ud835\udc25&rsquo;\ud835\udc21\ud835\udc1a\ud835\udc2b\ud835\udc26\ud835\udc28\ud835\udc27\ud835\udc22\ud835\udc1e \ud835\udc1e\ud835\udc2d \ud835\udc1b\ud835\udc28\ud835\udc28\ud835\udc2c\ud835\udc2d\ud835\udc1e\ud835\udc2b \ud835\udc25\ud835\udc1e\ud835\udc2c \ud835\udc29\ud835\udc1e\ud835\udc2b\ud835\udc1f\ud835\udc28\ud835\udc2b\ud835\udc26\ud835\udc1a\ud835\udc27\ud835\udc1c\ud835\udc1e\ud835\udc2c ? \u00ab\u00a0. <\/span><\/p>\n<p class=\"p1\"><span class=\"s1\">Etaient pr\u00e9sentes \u00e0 la c\u00e9r\u00e9monie d\u2019ouverture d\u2019\u00e9minentes personnalit\u00e9s dont le Ministre d\u00e9l\u00e9gu\u00e9 aupr\u00e8s du ministre de l&rsquo;Economie et des Finances, charg\u00e9 du Budget, madame Fatoumata BAKO \/TRAORE, le Directeur G\u00e9n\u00e9ral des Douanes Adama ILBOUDO et le Directeur g\u00e9n\u00e9ral de l\u2019END, monsieur Casimir SAWADOGO. <\/span><\/p>\n<p class=\"p1\"><span class=\"s1\">C\u2019est avec les mots de bienvenue de la pr\u00e9sidente des gabelles, l\u2019Inspectrice principale des douanes, Diane KABORE \/ BASSINGA que la c\u00e9r\u00e9monie d&rsquo;ouverture a d\u00e9but\u00e9 avant que le Directeur g\u00e9n\u00e9ral des douanes, l\u2019Inspecteur divisionnaire des douanes, Adama ILBOUDO, co-parrain avec le Directeur g\u00e9n\u00e9ral de l\u2019END, monsieur Casimir SAWADOGO, ne f\u00e9licitent l&rsquo;initiative des gabelles qui transcende les fronti\u00e8res administratives et nationales. Le DGD a salu\u00e9 la pr\u00e9sence de le Ministre d\u00e9l\u00e9gu\u00e9 aupr\u00e8s du ministre de l&rsquo;Economie et des Finances, charg\u00e9 du Budget parce qu\u2019elle illustre l&rsquo;engagement du gouvernement burkinab\u00e8 en faveur de l&rsquo;\u00e9galit\u00e9 des genres et pour l&rsquo;am\u00e9lioration continue de nos institutions.<\/span><\/p>\n<p class=\"p1\"><span class=\"s1\">Madame le Ministre d\u00e9l\u00e9gu\u00e9, patronne de la c\u00e9r\u00e9monie, a souhait\u00e9 une coh\u00e9sion parfaite entre agent de l&rsquo;administration des douanes tout en rassurant que le gouvernement soutient de telles initiatives.<\/span><\/p>\n<p class=\"p1\"><span class=\"s1\">Dans la m\u00eame veine, le Directeur g\u00e9n\u00e9ral des douanes a fait la promesse de soutenir toutes les initiatives visant \u00e0 r\u00e9duire les in\u00e9galit\u00e9s et \u00e0 promouvoir l&rsquo;inclusion.<\/span><\/p>\n<p class=\"p1\"><span class=\"s1\">Il faut noter que lors de cette conf\u00e9rence publique, les d\u00e9bats ont \u00e9t\u00e9 conduits par l&rsquo;\u00e9minente conf\u00e9renci\u00e8re Martine YABRE.<\/span><\/p>\n<p class=\"p1\"><span class=\"s1\">La c\u00e9r\u00e9monie d&rsquo;ouverture de cette importante rencontre<span class=\"Apple-converted-space\">\u00a0 <\/span>a pris fin avec<span class=\"Apple-converted-space\">\u00a0 <\/span>la traditionnelle photo de famille et des interviews accord\u00e9es \u00e0 la presse.\u00a0<\/span><\/p>\n<p class=\"p1\"><span class=\"s1\">\ud835\udc0b\ud835\udc1a \ud835\udc03\ud835\udc28\ud835\udc2e\ud835\udc1a\ud835\udc27\ud835\udc1e : \ud835\udc07\ud835\udc28\ud835\udc27\ud835\udc27\ud835\udc1e\ud835\udc2e\ud835\udc2b-\ud835\udc03\ud835\udc1e\u0301\ud835\udc2f\ud835\udc28\ud835\udc2e\ud835\udc1e\ud835\udc26\ud835\udc1e\ud835\udc27\ud835\udc2d-\ud835\udc15\ud835\udc22\ud835\udc20\ud835\udc22\ud835\udc25\ud835\udc1a\ud835\udc27\ud835\udc1c\ud835\udc1e <\/span><\/p>\n<p class=\"p1\"><span class=\"s1\">\ud835\udc12\ud835\udc02\ud835\udc11\ud835\udc0f\/\ud835\udc03\ud835\udc06\ud835\udc03<\/span><\/p>\n","protected":false},"excerpt":{"rendered":"<p>Le jeudi 28 novembre 2024 \u00e0 l&rsquo;Ecole nationale des douanes, l\u2019Amicale du personnel douanier f\u00e9minin<\/p>\n","protected":false},"author":2,"featured_media":950,"comment_status":"open","ping_status":"open","sticky":false,"template":"","format":"standard","meta":{"_et_pb_use_builder":"","_et_pb_old_content":"","_et_gb_content_width":"","footnotes":""},"categories":[5],"tags":[],"class_list":["post-949","post","type-post","status-publish","format-standard","has-post-thumbnail","hentry","category-societe"],"yoast_head":"<!-- This site is optimized with the Yoast SEO plugin v27.5 - https:\/\/yoast.com\/product\/yoast-seo-wordpress\/ -->\n<title>Genre et performance dans l&#039;administration douani\u00e8re : Une conf\u00e9rence pour l&#039;harmonie et l&#039;Inclusion au Burkina Faso - Vox Sahel<\/title>\n<meta name=\"robots\" content=\"index, follow, max-snippet:-1, max-image-preview:large, max-video-preview:-1\" \/>\n<link rel=\"canonical\" href=\"https:\/\/voxsahel.com\/?p=949\" \/>\n<meta property=\"og:locale\" content=\"fr_FR\" \/>\n<meta property=\"og:type\" content=\"article\" \/>\n<meta property=\"og:title\" content=\"Genre et performance dans l&#039;administration douani\u00e8re : Une conf\u00e9rence pour l&#039;harmonie et l&#039;Inclusion au Burkina Faso - Vox Sahel\" \/>\n<meta property=\"og:description\" content=\"Le jeudi 28 novembre 2024 \u00e0 l&rsquo;Ecole nationale des douanes, l\u2019Amicale du personnel douanier f\u00e9minin\" \/>\n<meta property=\"og:url\" content=\"https:\/\/voxsahel.com\/?p=949\" \/>\n<meta property=\"og:site_name\" content=\"Vox Sahel\" \/>\n<meta property=\"article:publisher\" content=\"https:\/\/www.facebook.com\/journal.voxsahel\" \/>\n<meta property=\"article:published_time\" content=\"2024-11-28T19:28:56+00:00\" \/>\n<meta property=\"og:image\" content=\"https:\/\/voxsahel.com\/wp-content\/uploads\/2024\/11\/IMG_5869.jpeg\" \/>\n\t<meta property=\"og:image:width\" content=\"936\" \/>\n\t<meta property=\"og:image:height\" content=\"624\" \/>\n\t<meta property=\"og:image:type\" content=\"image\/jpeg\" \/>\n<meta name=\"author\" content=\"Vox Sahel\" \/>\n<meta name=\"twitter:card\" content=\"summary_large_image\" \/>\n<meta name=\"twitter:label1\" content=\"\u00c9crit par\" \/>\n\t<meta name=\"twitter:data1\" content=\"Vox Sahel\" \/>\n\t<meta name=\"twitter:label2\" content=\"Dur\u00e9e de lecture estim\u00e9e\" \/>\n\t<meta name=\"twitter:data2\" content=\"2 minutes\" \/>\n<script type=\"application\/ld+json\" class=\"yoast-schema-graph\">{\"@context\":\"https:\\\/\\\/schema.org\",\"@graph\":[{\"@type\":\"Article\",\"@id\":\"https:\\\/\\\/voxsahel.com\\\/?p=949#article\",\"isPartOf\":{\"@id\":\"https:\\\/\\\/voxsahel.com\\\/?p=949\"},\"author\":{\"name\":\"Vox Sahel\",\"@id\":\"https:\\\/\\\/voxsahel.com\\\/#\\\/schema\\\/person\\\/b4043608248f8fa227cd760e7ff1e19e\"},\"headline\":\"Genre et performance dans l&rsquo;administration douani\u00e8re : Une conf\u00e9rence pour l&rsquo;harmonie et l&rsquo;Inclusion au Burkina Faso\",\"datePublished\":\"2024-11-28T19:28:56+00:00\",\"mainEntityOfPage\":{\"@id\":\"https:\\\/\\\/voxsahel.com\\\/?p=949\"},\"wordCount\":367,\"commentCount\":0,\"publisher\":{\"@id\":\"https:\\\/\\\/voxsahel.com\\\/#organization\"},\"image\":{\"@id\":\"https:\\\/\\\/voxsahel.com\\\/?p=949#primaryimage\"},\"thumbnailUrl\":\"https:\\\/\\\/voxsahel.com\\\/wp-content\\\/uploads\\\/2024\\\/11\\\/IMG_5869.jpeg\",\"articleSection\":[\"SOCIETE\"],\"inLanguage\":\"fr-FR\",\"potentialAction\":[{\"@type\":\"CommentAction\",\"name\":\"Comment\",\"target\":[\"https:\\\/\\\/voxsahel.com\\\/?p=949#respond\"]}]},{\"@type\":\"WebPage\",\"@id\":\"https:\\\/\\\/voxsahel.com\\\/?p=949\",\"url\":\"https:\\\/\\\/voxsahel.com\\\/?p=949\",\"name\":\"Genre et performance dans l'administration douani\u00e8re : Une conf\u00e9rence pour l'harmonie et l'Inclusion au Burkina Faso - Vox Sahel\",\"isPartOf\":{\"@id\":\"https:\\\/\\\/voxsahel.com\\\/#website\"},\"primaryImageOfPage\":{\"@id\":\"https:\\\/\\\/voxsahel.com\\\/?p=949#primaryimage\"},\"image\":{\"@id\":\"https:\\\/\\\/voxsahel.com\\\/?p=949#primaryimage\"},\"thumbnailUrl\":\"https:\\\/\\\/voxsahel.com\\\/wp-content\\\/uploads\\\/2024\\\/11\\\/IMG_5869.jpeg\",\"datePublished\":\"2024-11-28T19:28:56+00:00\",\"breadcrumb\":{\"@id\":\"https:\\\/\\\/voxsahel.com\\\/?p=949#breadcrumb\"},\"inLanguage\":\"fr-FR\",\"potentialAction\":[{\"@type\":\"ReadAction\",\"target\":[\"https:\\\/\\\/voxsahel.com\\\/?p=949\"]}]},{\"@type\":\"ImageObject\",\"inLanguage\":\"fr-FR\",\"@id\":\"https:\\\/\\\/voxsahel.com\\\/?p=949#primaryimage\",\"url\":\"https:\\\/\\\/voxsahel.com\\\/wp-content\\\/uploads\\\/2024\\\/11\\\/IMG_5869.jpeg\",\"contentUrl\":\"https:\\\/\\\/voxsahel.com\\\/wp-content\\\/uploads\\\/2024\\\/11\\\/IMG_5869.jpeg\",\"width\":936,\"height\":624},{\"@type\":\"BreadcrumbList\",\"@id\":\"https:\\\/\\\/voxsahel.com\\\/?p=949#breadcrumb\",\"itemListElement\":[{\"@type\":\"ListItem\",\"position\":1,\"name\":\"Home\",\"item\":\"https:\\\/\\\/voxsahel.com\\\/\"},{\"@type\":\"ListItem\",\"position\":2,\"name\":\"Genre et performance dans l&rsquo;administration douani\u00e8re : Une conf\u00e9rence pour l&rsquo;harmonie et l&rsquo;Inclusion au Burkina Faso\"}]},{\"@type\":\"WebSite\",\"@id\":\"https:\\\/\\\/voxsahel.com\\\/#website\",\"url\":\"https:\\\/\\\/voxsahel.com\\\/\",\"name\":\"Vox Sahel\",\"description\":\"Informez-vous sur le Sahel en un clic\",\"publisher\":{\"@id\":\"https:\\\/\\\/voxsahel.com\\\/#organization\"},\"potentialAction\":[{\"@type\":\"SearchAction\",\"target\":{\"@type\":\"EntryPoint\",\"urlTemplate\":\"https:\\\/\\\/voxsahel.com\\\/?s={search_term_string}\"},\"query-input\":{\"@type\":\"PropertyValueSpecification\",\"valueRequired\":true,\"valueName\":\"search_term_string\"}}],\"inLanguage\":\"fr-FR\"},{\"@type\":\"Organization\",\"@id\":\"https:\\\/\\\/voxsahel.com\\\/#organization\",\"name\":\"Vox Sahel\",\"url\":\"https:\\\/\\\/voxsahel.com\\\/\",\"logo\":{\"@type\":\"ImageObject\",\"inLanguage\":\"fr-FR\",\"@id\":\"https:\\\/\\\/voxsahel.com\\\/#\\\/schema\\\/logo\\\/image\\\/\",\"url\":\"https:\\\/\\\/voxsahel.com\\\/wp-content\\\/uploads\\\/2024\\\/09\\\/Logo-Vox-Sahel.jpg\",\"contentUrl\":\"https:\\\/\\\/voxsahel.com\\\/wp-content\\\/uploads\\\/2024\\\/09\\\/Logo-Vox-Sahel.jpg\",\"width\":1181,\"height\":848,\"caption\":\"Vox Sahel\"},\"image\":{\"@id\":\"https:\\\/\\\/voxsahel.com\\\/#\\\/schema\\\/logo\\\/image\\\/\"},\"sameAs\":[\"https:\\\/\\\/www.facebook.com\\\/journal.voxsahel\"]},{\"@type\":\"Person\",\"@id\":\"https:\\\/\\\/voxsahel.com\\\/#\\\/schema\\\/person\\\/b4043608248f8fa227cd760e7ff1e19e\",\"name\":\"Vox Sahel\",\"image\":{\"@type\":\"ImageObject\",\"inLanguage\":\"fr-FR\",\"@id\":\"https:\\\/\\\/secure.gravatar.com\\\/avatar\\\/f70e7fa0cb9b29d4a7c5788d6eb2e9ab4d3135cbae1c9161810fdf77a8964699?s=96&d=mm&r=g\",\"url\":\"https:\\\/\\\/secure.gravatar.com\\\/avatar\\\/f70e7fa0cb9b29d4a7c5788d6eb2e9ab4d3135cbae1c9161810fdf77a8964699?s=96&d=mm&r=g\",\"contentUrl\":\"https:\\\/\\\/secure.gravatar.com\\\/avatar\\\/f70e7fa0cb9b29d4a7c5788d6eb2e9ab4d3135cbae1c9161810fdf77a8964699?s=96&d=mm&r=g\",\"caption\":\"Vox Sahel\"},\"sameAs\":[\"http:\\\/\\\/www.voxsahel.com\"],\"url\":\"https:\\\/\\\/voxsahel.com\\\/?author=2\"}]}<\/script>\n<!-- \/ Yoast SEO plugin. -->","yoast_head_json":{"title":"Genre et performance dans l'administration douani\u00e8re : Une conf\u00e9rence pour l'harmonie et l'Inclusion au Burkina Faso - Vox Sahel","robots":{"index":"index","follow":"follow","max-snippet":"max-snippet:-1","max-image-preview":"max-image-preview:large","max-video-preview":"max-video-preview:-1"},"canonical":"https:\/\/voxsahel.com\/?p=949","og_locale":"fr_FR","og_type":"article","og_title":"Genre et performance dans l'administration douani\u00e8re : Une conf\u00e9rence pour l'harmonie et l'Inclusion au Burkina Faso - Vox Sahel","og_description":"Le jeudi 28 novembre 2024 \u00e0 l&rsquo;Ecole nationale des douanes, l\u2019Amicale du personnel douanier f\u00e9minin","og_url":"https:\/\/voxsahel.com\/?p=949","og_site_name":"Vox Sahel","article_publisher":"https:\/\/www.facebook.com\/journal.voxsahel","article_published_time":"2024-11-28T19:28:56+00:00","og_image":[{"width":936,"height":624,"url":"https:\/\/voxsahel.com\/wp-content\/uploads\/2024\/11\/IMG_5869.jpeg","type":"image\/jpeg"}],"author":"Vox Sahel","twitter_card":"summary_large_image","twitter_misc":{"\u00c9crit par":"Vox Sahel","Dur\u00e9e de lecture estim\u00e9e":"2 minutes"},"schema":{"@context":"https:\/\/schema.org","@graph":[{"@type":"Article","@id":"https:\/\/voxsahel.com\/?p=949#article","isPartOf":{"@id":"https:\/\/voxsahel.com\/?p=949"},"author":{"name":"Vox Sahel","@id":"https:\/\/voxsahel.com\/#\/schema\/person\/b4043608248f8fa227cd760e7ff1e19e"},"headline":"Genre et performance dans l&rsquo;administration douani\u00e8re : Une conf\u00e9rence pour l&rsquo;harmonie et l&rsquo;Inclusion au Burkina Faso","datePublished":"2024-11-28T19:28:56+00:00","mainEntityOfPage":{"@id":"https:\/\/voxsahel.com\/?p=949"},"wordCount":367,"commentCount":0,"publisher":{"@id":"https:\/\/voxsahel.com\/#organization"},"image":{"@id":"https:\/\/voxsahel.com\/?p=949#primaryimage"},"thumbnailUrl":"https:\/\/voxsahel.com\/wp-content\/uploads\/2024\/11\/IMG_5869.jpeg","articleSection":["SOCIETE"],"inLanguage":"fr-FR","potentialAction":[{"@type":"CommentAction","name":"Comment","target":["https:\/\/voxsahel.com\/?p=949#respond"]}]},{"@type":"WebPage","@id":"https:\/\/voxsahel.com\/?p=949","url":"https:\/\/voxsahel.com\/?p=949","name":"Genre et performance dans l'administration douani\u00e8re : Une conf\u00e9rence pour l'harmonie et l'Inclusion au Burkina Faso - Vox Sahel","isPartOf":{"@id":"https:\/\/voxsahel.com\/#website"},"primaryImageOfPage":{"@id":"https:\/\/voxsahel.com\/?p=949#primaryimage"},"image":{"@id":"https:\/\/voxsahel.com\/?p=949#primaryimage"},"thumbnailUrl":"https:\/\/voxsahel.com\/wp-content\/uploads\/2024\/11\/IMG_5869.jpeg","datePublished":"2024-11-28T19:28:56+00:00","breadcrumb":{"@id":"https:\/\/voxsahel.com\/?p=949#breadcrumb"},"inLanguage":"fr-FR","potentialAction":[{"@type":"ReadAction","target":["https:\/\/voxsahel.com\/?p=949"]}]},{"@type":"ImageObject","inLanguage":"fr-FR","@id":"https:\/\/voxsahel.com\/?p=949#primaryimage","url":"https:\/\/voxsahel.com\/wp-content\/uploads\/2024\/11\/IMG_5869.jpeg","contentUrl":"https:\/\/voxsahel.com\/wp-content\/uploads\/2024\/11\/IMG_5869.jpeg","width":936,"height":624},{"@type":"BreadcrumbList","@id":"https:\/\/voxsahel.com\/?p=949#breadcrumb","itemListElement":[{"@type":"ListItem","position":1,"name":"Home","item":"https:\/\/voxsahel.com\/"},{"@type":"ListItem","position":2,"name":"Genre et performance dans l&rsquo;administration douani\u00e8re : Une conf\u00e9rence pour l&rsquo;harmonie et l&rsquo;Inclusion au Burkina Faso"}]},{"@type":"WebSite","@id":"https:\/\/voxsahel.com\/#website","url":"https:\/\/voxsahel.com\/","name":"Vox Sahel","description":"Informez-vous sur le Sahel en un clic","publisher":{"@id":"https:\/\/voxsahel.com\/#organization"},"potentialAction":[{"@type":"SearchAction","target":{"@type":"EntryPoint","urlTemplate":"https:\/\/voxsahel.com\/?s={search_term_string}"},"query-input":{"@type":"PropertyValueSpecification","valueRequired":true,"valueName":"search_term_string"}}],"inLanguage":"fr-FR"},{"@type":"Organization","@id":"https:\/\/voxsahel.com\/#organization","name":"Vox Sahel","url":"https:\/\/voxsahel.com\/","logo":{"@type":"ImageObject","inLanguage":"fr-FR","@id":"https:\/\/voxsahel.com\/#\/schema\/logo\/image\/","url":"https:\/\/voxsahel.com\/wp-content\/uploads\/2024\/09\/Logo-Vox-Sahel.jpg","contentUrl":"https:\/\/voxsahel.com\/wp-content\/uploads\/2024\/09\/Logo-Vox-Sahel.jpg","width":1181,"height":848,"caption":"Vox Sahel"},"image":{"@id":"https:\/\/voxsahel.com\/#\/schema\/logo\/image\/"},"sameAs":["https:\/\/www.facebook.com\/journal.voxsahel"]},{"@type":"Person","@id":"https:\/\/voxsahel.com\/#\/schema\/person\/b4043608248f8fa227cd760e7ff1e19e","name":"Vox Sahel","image":{"@type":"ImageObject","inLanguage":"fr-FR","@id":"https:\/\/secure.gravatar.com\/avatar\/f70e7fa0cb9b29d4a7c5788d6eb2e9ab4d3135cbae1c9161810fdf77a8964699?s=96&d=mm&r=g","url":"https:\/\/secure.gravatar.com\/avatar\/f70e7fa0cb9b29d4a7c5788d6eb2e9ab4d3135cbae1c9161810fdf77a8964699?s=96&d=mm&r=g","contentUrl":"https:\/\/secure.gravatar.com\/avatar\/f70e7fa0cb9b29d4a7c5788d6eb2e9ab4d3135cbae1c9161810fdf77a8964699?s=96&d=mm&r=g","caption":"Vox Sahel"},"sameAs":["http:\/\/www.voxsahel.com"],"url":"https:\/\/voxsahel.com\/?author=2"}]}},"_links":{"self":[{"href":"https:\/\/voxsahel.com\/index.php?rest_route=\/wp\/v2\/posts\/949","targetHints":{"allow":["GET"]}}],"collection":[{"href":"https:\/\/voxsahel.com\/index.php?rest_route=\/wp\/v2\/posts"}],"about":[{"href":"https:\/\/voxsahel.com\/index.php?rest_route=\/wp\/v2\/types\/post"}],"author":[{"embeddable":true,"href":"https:\/\/voxsahel.com\/index.php?rest_route=\/wp\/v2\/users\/2"}],"replies":[{"embeddable":true,"href":"https:\/\/voxsahel.com\/index.php?rest_route=%2Fwp%2Fv2%2Fcomments&post=949"}],"version-history":[{"count":1,"href":"https:\/\/voxsahel.com\/index.php?rest_route=\/wp\/v2\/posts\/949\/revisions"}],"predecessor-version":[{"id":951,"href":"https:\/\/voxsahel.com\/index.php?rest_route=\/wp\/v2\/posts\/949\/revisions\/951"}],"wp:featuredmedia":[{"embeddable":true,"href":"https:\/\/voxsahel.com\/index.php?rest_route=\/wp\/v2\/media\/950"}],"wp:attachment":[{"href":"https:\/\/voxsahel.com\/index.php?rest_route=%2Fwp%2Fv2%2Fmedia&parent=949"}],"wp:term":[{"taxonomy":"category","embeddable":true,"href":"https:\/\/voxsahel.com\/index.php?rest_route=%2Fwp%2Fv2%2Fcategories&post=949"},{"taxonomy":"post_tag","embeddable":true,"href":"https:\/\/voxsahel.com\/index.php?rest_route=%2Fwp%2Fv2%2Ftags&post=949"}],"curies":[{"name":"wp","href":"https:\/\/api.w.org\/{rel}","templated":true}]}}