{"id":939,"date":"2024-11-24T13:13:44","date_gmt":"2024-11-24T13:13:44","guid":{"rendered":"https:\/\/voxsahel.com\/?p=939"},"modified":"2024-11-24T13:13:44","modified_gmt":"2024-11-24T13:13:44","slug":"relance-agricole-dans-le-loroum-le-gouvernement-soutient-les-producteurs","status":"publish","type":"post","link":"https:\/\/voxsahel.com\/?p=939","title":{"rendered":"Relance agricole dans le Loroum : Le gouvernement soutient les producteurs"},"content":{"rendered":"<p class=\"p1\">Le ministre de l\u2019Agriculture, des Ressources animales et halieutiques, le Commandant Isma\u00ebl Sombi\u00e9, a proc\u00e9d\u00e9 ce vendredi 22 novembre 2024, \u00e0 la remise d\u2019un important lot d\u2019intrants et de mat\u00e9riels agricoles aux populations de la province du Loroum. La c\u00e9r\u00e9monie s\u2019est tenue \u00e0 Ouahigouya, dans la r\u00e9gion du Nord, en pr\u00e9sence des b\u00e9n\u00e9ficiaires, des autorit\u00e9s locales et des responsables associatifs.<\/p>\n<p class=\"p1\"><span class=\"s2\">Apr\u00e8s des mois marqu\u00e9s par l\u2019ins\u00e9curit\u00e9, les efforts conjoints des Forces de D\u00e9fense et de S\u00e9curit\u00e9 (FDS) et des Volontaires pour la D\u00e9fense de la Patrie (VDP) ont permis la r\u00e9installation progressive des populations et la r\u00e9ouverture des \u00e9coles. Ces avanc\u00e9es s\u2019inscrivent dans la vision du Pr\u00e9sident du Faso, Son Excellence le Capitaine Ibrahim TRAORE, qui associe la s\u00e9curisation du territoire \u00e0 la relance \u00e9conomique et au renforcement des moyens de subsistance des populations affect\u00e9es.<\/span><\/p>\n<p class=\"p1\"><span class=\"s2\">Dans cet \u00e9lan, le gouvernement a offert aux producteurs du Loroum 30 tonnes de pommes de terre, 24 tonnes d\u2019engrais NPK, 1000 tubes PVC, 100 appareils de traitement, 100 arrosoirs et 10 motopompes. Cet appui vise \u00e0 relancer les cultures de saison s\u00e8che, notamment la production de pommes de terre et de l\u00e9gumes mara\u00eechers, activit\u00e9s phares de la r\u00e9gion.<\/span><\/p>\n<p class=\"p1\"><span class=\"s2\">Lors de son intervention, le ministre SOMBIE a salu\u00e9 la r\u00e9silience des habitants du Loroum. \u00ab <\/span><span class=\"s3\">Vous avez fait face \u00e0 l\u2019adversit\u00e9, combattu et vaincu l\u2019ennemi. Soyez fiers et confiants car l\u2019avenir sera radieux<\/span><span class=\"s2\"> \u00bb, a-t-il d\u00e9clar\u00e9, invitant les producteurs \u00e0 tirer le meilleur parti de ce soutien.<\/span><\/p>\n<p class=\"p1\"><span class=\"s2\">Les b\u00e9n\u00e9ficiaires, par la voix de Yassia Nacanabo, pr\u00e9sident de l\u2019Association pour le d\u00e9veloppement du Loroum, ont exprim\u00e9 leur gratitude. \u00ab <\/span><span class=\"s3\">C\u2019est un acte inestimable. Nous sommes agr\u00e9ablement surpris, car le gouvernement vient de prouver qu\u2019il est possible de faire la guerre tout en impulsant le d\u00e9veloppement. Nous sommes plus que jamais confiants que, sous le leadership du Capitaine Ibrahim TRAORE, l\u2019avenir sera meilleur<\/span><span class=\"s2\"> \u00bb, s\u2019est r\u00e9joui M. Nacanabo.<\/span><\/p>\n<p class=\"p1\"><span class=\"s2\">Cette remise a \u00e9galement \u00e9t\u00e9 l\u2019occasion pour les ressortissants du Loroum de solliciter le parrainage du ministre SOMBIE pour la prochaine \u00e9dition de la f\u00eate de la pomme de terre de Titao, un \u00e9v\u00e9nement phare de la r\u00e9gion.<\/span><\/p>\n<p class=\"p1\"><span class=\"s1\">Une visite sur le terrain pour mesurer le potentiel agricole<\/span><\/p>\n<p class=\"p1\"><span class=\"s2\">Avant la c\u00e9r\u00e9monie, le ministre SOMBIE a visit\u00e9 un p\u00e9rim\u00e8tre agricole de 250 hectares au secteur 13 de Ouahigouya, d\u00e9di\u00e9 \u00e0 la culture de pommes de terre et de produits mara\u00eechers. Cette visite a permis de constater le potentiel agricole de la r\u00e9gion, que le gouvernement s\u2019engage \u00e0 d\u00e9velopper davantage.<\/span><\/p>\n<p class=\"p1\"><span class=\"s2\">Avec ces actions, le gouvernement burkinab\u00e8 confirme son ambition de redonner espoir aux populations tout en redynamisant les secteurs \u00e9conomiques cl\u00e9s pour un d\u00e9veloppement durable.<\/span><\/p>\n<p style=\"text-align: right;\"><b>Par Vox Sahel\u00a0<\/b><\/p>\n","protected":false},"excerpt":{"rendered":"<p>Le ministre de l\u2019Agriculture, des Ressources animales et halieutiques, le Commandant Isma\u00ebl Sombi\u00e9, a proc\u00e9d\u00e9<\/p>\n","protected":false},"author":2,"featured_media":940,"comment_status":"open","ping_status":"open","sticky":false,"template":"","format":"standard","meta":{"_et_pb_use_builder":"","_et_pb_old_content":"","_et_gb_content_width":"","footnotes":""},"categories":[8],"tags":[435,81,18],"class_list":["post-939","post","type-post","status-publish","format-standard","has-post-thumbnail","hentry","category-developpement","tag-agence-pour-la-promotion-de-lentrepreneuriat-communautaire","tag-agriculture","tag-burkina-faso"],"yoast_head":"<!-- This site is optimized with the Yoast SEO plugin v27.5 - https:\/\/yoast.com\/product\/yoast-seo-wordpress\/ -->\n<title>Relance agricole dans le Loroum : Le gouvernement soutient les producteurs - Vox Sahel<\/title>\n<meta name=\"robots\" content=\"index, follow, max-snippet:-1, max-image-preview:large, max-video-preview:-1\" \/>\n<link rel=\"canonical\" href=\"https:\/\/voxsahel.com\/?p=939\" \/>\n<meta property=\"og:locale\" content=\"fr_FR\" \/>\n<meta property=\"og:type\" content=\"article\" \/>\n<meta property=\"og:title\" content=\"Relance agricole dans le Loroum : Le gouvernement soutient les producteurs - Vox Sahel\" \/>\n<meta property=\"og:description\" content=\"Le ministre de l\u2019Agriculture, des Ressources animales et halieutiques, le Commandant Isma\u00ebl Sombi\u00e9, a proc\u00e9d\u00e9\" \/>\n<meta property=\"og:url\" content=\"https:\/\/voxsahel.com\/?p=939\" \/>\n<meta property=\"og:site_name\" content=\"Vox Sahel\" \/>\n<meta property=\"article:publisher\" content=\"https:\/\/www.facebook.com\/journal.voxsahel\" \/>\n<meta property=\"article:published_time\" content=\"2024-11-24T13:13:44+00:00\" \/>\n<meta property=\"og:image\" content=\"https:\/\/voxsahel.com\/wp-content\/uploads\/2024\/11\/IMG_3301.jpeg\" \/>\n\t<meta property=\"og:image:width\" content=\"1080\" \/>\n\t<meta property=\"og:image:height\" content=\"720\" \/>\n\t<meta property=\"og:image:type\" content=\"image\/jpeg\" \/>\n<meta name=\"author\" content=\"Vox Sahel\" \/>\n<meta name=\"twitter:card\" content=\"summary_large_image\" \/>\n<meta name=\"twitter:label1\" content=\"\u00c9crit par\" \/>\n\t<meta name=\"twitter:data1\" content=\"Vox Sahel\" \/>\n\t<meta name=\"twitter:label2\" content=\"Dur\u00e9e de lecture estim\u00e9e\" \/>\n\t<meta name=\"twitter:data2\" content=\"3 minutes\" \/>\n<script type=\"application\/ld+json\" class=\"yoast-schema-graph\">{\"@context\":\"https:\\\/\\\/schema.org\",\"@graph\":[{\"@type\":\"Article\",\"@id\":\"https:\\\/\\\/voxsahel.com\\\/?p=939#article\",\"isPartOf\":{\"@id\":\"https:\\\/\\\/voxsahel.com\\\/?p=939\"},\"author\":{\"name\":\"Vox Sahel\",\"@id\":\"https:\\\/\\\/voxsahel.com\\\/#\\\/schema\\\/person\\\/b4043608248f8fa227cd760e7ff1e19e\"},\"headline\":\"Relance agricole dans le Loroum : Le gouvernement soutient les producteurs\",\"datePublished\":\"2024-11-24T13:13:44+00:00\",\"mainEntityOfPage\":{\"@id\":\"https:\\\/\\\/voxsahel.com\\\/?p=939\"},\"wordCount\":491,\"commentCount\":0,\"publisher\":{\"@id\":\"https:\\\/\\\/voxsahel.com\\\/#organization\"},\"image\":{\"@id\":\"https:\\\/\\\/voxsahel.com\\\/?p=939#primaryimage\"},\"thumbnailUrl\":\"https:\\\/\\\/voxsahel.com\\\/wp-content\\\/uploads\\\/2024\\\/11\\\/IMG_3301.jpeg\",\"keywords\":[\"Agence pour la promotion de l'entrepreneuriat communautaire\",\"Agriculture\",\"Burkina Faso\"],\"articleSection\":[\"DEVELOPPEMENT\"],\"inLanguage\":\"fr-FR\",\"potentialAction\":[{\"@type\":\"CommentAction\",\"name\":\"Comment\",\"target\":[\"https:\\\/\\\/voxsahel.com\\\/?p=939#respond\"]}]},{\"@type\":\"WebPage\",\"@id\":\"https:\\\/\\\/voxsahel.com\\\/?p=939\",\"url\":\"https:\\\/\\\/voxsahel.com\\\/?p=939\",\"name\":\"Relance agricole dans le Loroum : Le gouvernement soutient les producteurs - Vox Sahel\",\"isPartOf\":{\"@id\":\"https:\\\/\\\/voxsahel.com\\\/#website\"},\"primaryImageOfPage\":{\"@id\":\"https:\\\/\\\/voxsahel.com\\\/?p=939#primaryimage\"},\"image\":{\"@id\":\"https:\\\/\\\/voxsahel.com\\\/?p=939#primaryimage\"},\"thumbnailUrl\":\"https:\\\/\\\/voxsahel.com\\\/wp-content\\\/uploads\\\/2024\\\/11\\\/IMG_3301.jpeg\",\"datePublished\":\"2024-11-24T13:13:44+00:00\",\"breadcrumb\":{\"@id\":\"https:\\\/\\\/voxsahel.com\\\/?p=939#breadcrumb\"},\"inLanguage\":\"fr-FR\",\"potentialAction\":[{\"@type\":\"ReadAction\",\"target\":[\"https:\\\/\\\/voxsahel.com\\\/?p=939\"]}]},{\"@type\":\"ImageObject\",\"inLanguage\":\"fr-FR\",\"@id\":\"https:\\\/\\\/voxsahel.com\\\/?p=939#primaryimage\",\"url\":\"https:\\\/\\\/voxsahel.com\\\/wp-content\\\/uploads\\\/2024\\\/11\\\/IMG_3301.jpeg\",\"contentUrl\":\"https:\\\/\\\/voxsahel.com\\\/wp-content\\\/uploads\\\/2024\\\/11\\\/IMG_3301.jpeg\",\"width\":1080,\"height\":720},{\"@type\":\"BreadcrumbList\",\"@id\":\"https:\\\/\\\/voxsahel.com\\\/?p=939#breadcrumb\",\"itemListElement\":[{\"@type\":\"ListItem\",\"position\":1,\"name\":\"Home\",\"item\":\"https:\\\/\\\/voxsahel.com\\\/\"},{\"@type\":\"ListItem\",\"position\":2,\"name\":\"Relance agricole dans le Loroum : Le gouvernement soutient les producteurs\"}]},{\"@type\":\"WebSite\",\"@id\":\"https:\\\/\\\/voxsahel.com\\\/#website\",\"url\":\"https:\\\/\\\/voxsahel.com\\\/\",\"name\":\"Vox Sahel\",\"description\":\"Informez-vous sur le Sahel en un clic\",\"publisher\":{\"@id\":\"https:\\\/\\\/voxsahel.com\\\/#organization\"},\"potentialAction\":[{\"@type\":\"SearchAction\",\"target\":{\"@type\":\"EntryPoint\",\"urlTemplate\":\"https:\\\/\\\/voxsahel.com\\\/?s={search_term_string}\"},\"query-input\":{\"@type\":\"PropertyValueSpecification\",\"valueRequired\":true,\"valueName\":\"search_term_string\"}}],\"inLanguage\":\"fr-FR\"},{\"@type\":\"Organization\",\"@id\":\"https:\\\/\\\/voxsahel.com\\\/#organization\",\"name\":\"Vox Sahel\",\"url\":\"https:\\\/\\\/voxsahel.com\\\/\",\"logo\":{\"@type\":\"ImageObject\",\"inLanguage\":\"fr-FR\",\"@id\":\"https:\\\/\\\/voxsahel.com\\\/#\\\/schema\\\/logo\\\/image\\\/\",\"url\":\"https:\\\/\\\/voxsahel.com\\\/wp-content\\\/uploads\\\/2024\\\/09\\\/Logo-Vox-Sahel.jpg\",\"contentUrl\":\"https:\\\/\\\/voxsahel.com\\\/wp-content\\\/uploads\\\/2024\\\/09\\\/Logo-Vox-Sahel.jpg\",\"width\":1181,\"height\":848,\"caption\":\"Vox Sahel\"},\"image\":{\"@id\":\"https:\\\/\\\/voxsahel.com\\\/#\\\/schema\\\/logo\\\/image\\\/\"},\"sameAs\":[\"https:\\\/\\\/www.facebook.com\\\/journal.voxsahel\"]},{\"@type\":\"Person\",\"@id\":\"https:\\\/\\\/voxsahel.com\\\/#\\\/schema\\\/person\\\/b4043608248f8fa227cd760e7ff1e19e\",\"name\":\"Vox Sahel\",\"image\":{\"@type\":\"ImageObject\",\"inLanguage\":\"fr-FR\",\"@id\":\"https:\\\/\\\/secure.gravatar.com\\\/avatar\\\/f70e7fa0cb9b29d4a7c5788d6eb2e9ab4d3135cbae1c9161810fdf77a8964699?s=96&d=mm&r=g\",\"url\":\"https:\\\/\\\/secure.gravatar.com\\\/avatar\\\/f70e7fa0cb9b29d4a7c5788d6eb2e9ab4d3135cbae1c9161810fdf77a8964699?s=96&d=mm&r=g\",\"contentUrl\":\"https:\\\/\\\/secure.gravatar.com\\\/avatar\\\/f70e7fa0cb9b29d4a7c5788d6eb2e9ab4d3135cbae1c9161810fdf77a8964699?s=96&d=mm&r=g\",\"caption\":\"Vox Sahel\"},\"sameAs\":[\"http:\\\/\\\/www.voxsahel.com\"],\"url\":\"https:\\\/\\\/voxsahel.com\\\/?author=2\"}]}<\/script>\n<!-- \/ Yoast SEO plugin. -->","yoast_head_json":{"title":"Relance agricole dans le Loroum : Le gouvernement soutient les producteurs - Vox Sahel","robots":{"index":"index","follow":"follow","max-snippet":"max-snippet:-1","max-image-preview":"max-image-preview:large","max-video-preview":"max-video-preview:-1"},"canonical":"https:\/\/voxsahel.com\/?p=939","og_locale":"fr_FR","og_type":"article","og_title":"Relance agricole dans le Loroum : Le gouvernement soutient les producteurs - Vox Sahel","og_description":"Le ministre de l\u2019Agriculture, des Ressources animales et halieutiques, le Commandant Isma\u00ebl Sombi\u00e9, a proc\u00e9d\u00e9","og_url":"https:\/\/voxsahel.com\/?p=939","og_site_name":"Vox Sahel","article_publisher":"https:\/\/www.facebook.com\/journal.voxsahel","article_published_time":"2024-11-24T13:13:44+00:00","og_image":[{"width":1080,"height":720,"url":"https:\/\/voxsahel.com\/wp-content\/uploads\/2024\/11\/IMG_3301.jpeg","type":"image\/jpeg"}],"author":"Vox Sahel","twitter_card":"summary_large_image","twitter_misc":{"\u00c9crit par":"Vox Sahel","Dur\u00e9e de lecture estim\u00e9e":"3 minutes"},"schema":{"@context":"https:\/\/schema.org","@graph":[{"@type":"Article","@id":"https:\/\/voxsahel.com\/?p=939#article","isPartOf":{"@id":"https:\/\/voxsahel.com\/?p=939"},"author":{"name":"Vox Sahel","@id":"https:\/\/voxsahel.com\/#\/schema\/person\/b4043608248f8fa227cd760e7ff1e19e"},"headline":"Relance agricole dans le Loroum : Le gouvernement soutient les producteurs","datePublished":"2024-11-24T13:13:44+00:00","mainEntityOfPage":{"@id":"https:\/\/voxsahel.com\/?p=939"},"wordCount":491,"commentCount":0,"publisher":{"@id":"https:\/\/voxsahel.com\/#organization"},"image":{"@id":"https:\/\/voxsahel.com\/?p=939#primaryimage"},"thumbnailUrl":"https:\/\/voxsahel.com\/wp-content\/uploads\/2024\/11\/IMG_3301.jpeg","keywords":["Agence pour la promotion de l'entrepreneuriat communautaire","Agriculture","Burkina Faso"],"articleSection":["DEVELOPPEMENT"],"inLanguage":"fr-FR","potentialAction":[{"@type":"CommentAction","name":"Comment","target":["https:\/\/voxsahel.com\/?p=939#respond"]}]},{"@type":"WebPage","@id":"https:\/\/voxsahel.com\/?p=939","url":"https:\/\/voxsahel.com\/?p=939","name":"Relance agricole dans le Loroum : Le gouvernement soutient les producteurs - Vox Sahel","isPartOf":{"@id":"https:\/\/voxsahel.com\/#website"},"primaryImageOfPage":{"@id":"https:\/\/voxsahel.com\/?p=939#primaryimage"},"image":{"@id":"https:\/\/voxsahel.com\/?p=939#primaryimage"},"thumbnailUrl":"https:\/\/voxsahel.com\/wp-content\/uploads\/2024\/11\/IMG_3301.jpeg","datePublished":"2024-11-24T13:13:44+00:00","breadcrumb":{"@id":"https:\/\/voxsahel.com\/?p=939#breadcrumb"},"inLanguage":"fr-FR","potentialAction":[{"@type":"ReadAction","target":["https:\/\/voxsahel.com\/?p=939"]}]},{"@type":"ImageObject","inLanguage":"fr-FR","@id":"https:\/\/voxsahel.com\/?p=939#primaryimage","url":"https:\/\/voxsahel.com\/wp-content\/uploads\/2024\/11\/IMG_3301.jpeg","contentUrl":"https:\/\/voxsahel.com\/wp-content\/uploads\/2024\/11\/IMG_3301.jpeg","width":1080,"height":720},{"@type":"BreadcrumbList","@id":"https:\/\/voxsahel.com\/?p=939#breadcrumb","itemListElement":[{"@type":"ListItem","position":1,"name":"Home","item":"https:\/\/voxsahel.com\/"},{"@type":"ListItem","position":2,"name":"Relance agricole dans le Loroum : Le gouvernement soutient les producteurs"}]},{"@type":"WebSite","@id":"https:\/\/voxsahel.com\/#website","url":"https:\/\/voxsahel.com\/","name":"Vox Sahel","description":"Informez-vous sur le Sahel en un clic","publisher":{"@id":"https:\/\/voxsahel.com\/#organization"},"potentialAction":[{"@type":"SearchAction","target":{"@type":"EntryPoint","urlTemplate":"https:\/\/voxsahel.com\/?s={search_term_string}"},"query-input":{"@type":"PropertyValueSpecification","valueRequired":true,"valueName":"search_term_string"}}],"inLanguage":"fr-FR"},{"@type":"Organization","@id":"https:\/\/voxsahel.com\/#organization","name":"Vox Sahel","url":"https:\/\/voxsahel.com\/","logo":{"@type":"ImageObject","inLanguage":"fr-FR","@id":"https:\/\/voxsahel.com\/#\/schema\/logo\/image\/","url":"https:\/\/voxsahel.com\/wp-content\/uploads\/2024\/09\/Logo-Vox-Sahel.jpg","contentUrl":"https:\/\/voxsahel.com\/wp-content\/uploads\/2024\/09\/Logo-Vox-Sahel.jpg","width":1181,"height":848,"caption":"Vox Sahel"},"image":{"@id":"https:\/\/voxsahel.com\/#\/schema\/logo\/image\/"},"sameAs":["https:\/\/www.facebook.com\/journal.voxsahel"]},{"@type":"Person","@id":"https:\/\/voxsahel.com\/#\/schema\/person\/b4043608248f8fa227cd760e7ff1e19e","name":"Vox Sahel","image":{"@type":"ImageObject","inLanguage":"fr-FR","@id":"https:\/\/secure.gravatar.com\/avatar\/f70e7fa0cb9b29d4a7c5788d6eb2e9ab4d3135cbae1c9161810fdf77a8964699?s=96&d=mm&r=g","url":"https:\/\/secure.gravatar.com\/avatar\/f70e7fa0cb9b29d4a7c5788d6eb2e9ab4d3135cbae1c9161810fdf77a8964699?s=96&d=mm&r=g","contentUrl":"https:\/\/secure.gravatar.com\/avatar\/f70e7fa0cb9b29d4a7c5788d6eb2e9ab4d3135cbae1c9161810fdf77a8964699?s=96&d=mm&r=g","caption":"Vox Sahel"},"sameAs":["http:\/\/www.voxsahel.com"],"url":"https:\/\/voxsahel.com\/?author=2"}]}},"_links":{"self":[{"href":"https:\/\/voxsahel.com\/index.php?rest_route=\/wp\/v2\/posts\/939","targetHints":{"allow":["GET"]}}],"collection":[{"href":"https:\/\/voxsahel.com\/index.php?rest_route=\/wp\/v2\/posts"}],"about":[{"href":"https:\/\/voxsahel.com\/index.php?rest_route=\/wp\/v2\/types\/post"}],"author":[{"embeddable":true,"href":"https:\/\/voxsahel.com\/index.php?rest_route=\/wp\/v2\/users\/2"}],"replies":[{"embeddable":true,"href":"https:\/\/voxsahel.com\/index.php?rest_route=%2Fwp%2Fv2%2Fcomments&post=939"}],"version-history":[{"count":1,"href":"https:\/\/voxsahel.com\/index.php?rest_route=\/wp\/v2\/posts\/939\/revisions"}],"predecessor-version":[{"id":941,"href":"https:\/\/voxsahel.com\/index.php?rest_route=\/wp\/v2\/posts\/939\/revisions\/941"}],"wp:featuredmedia":[{"embeddable":true,"href":"https:\/\/voxsahel.com\/index.php?rest_route=\/wp\/v2\/media\/940"}],"wp:attachment":[{"href":"https:\/\/voxsahel.com\/index.php?rest_route=%2Fwp%2Fv2%2Fmedia&parent=939"}],"wp:term":[{"taxonomy":"category","embeddable":true,"href":"https:\/\/voxsahel.com\/index.php?rest_route=%2Fwp%2Fv2%2Fcategories&post=939"},{"taxonomy":"post_tag","embeddable":true,"href":"https:\/\/voxsahel.com\/index.php?rest_route=%2Fwp%2Fv2%2Ftags&post=939"}],"curies":[{"name":"wp","href":"https:\/\/api.w.org\/{rel}","templated":true}]}}