{"id":935,"date":"2024-11-24T10:14:16","date_gmt":"2024-11-24T10:14:16","guid":{"rendered":"https:\/\/voxsahel.com\/?p=935"},"modified":"2024-11-24T10:14:16","modified_gmt":"2024-11-24T10:14:16","slug":"burkina-faso-renforcement-de-la-collaboration-entre-douanes-et-services-veterinaires-pour-soutenir-les-eleveurs","status":"publish","type":"post","link":"https:\/\/voxsahel.com\/?p=935","title":{"rendered":"Burkina Faso : Renforcement de la collaboration entre Douanes et Services v\u00e9t\u00e9rinaires pour soutenir les \u00e9leveurs"},"content":{"rendered":"<p class=\"p1\"><span class=\"s1\">Le Directeur g\u00e9n\u00e9ral des Douanes, l&rsquo;inspecteur divisionnaire des douanes Adama Ilboudo et le Directeur g\u00e9n\u00e9ral des Services v\u00e9t\u00e9rinaires (DGSV), le Lieutenant v\u00e9t\u00e9rinaire Aboubacar Nacro, se sont r\u00e9unis ce vendredi 22 novembre 2024, \u00e0 Ouagadougou pour discuter des moyens de renforcer leur collaboration aux fronti\u00e8res.<\/span><\/p>\n<p class=\"p1\"><span class=\"s1\">Cette rencontre avait pour objectif principal d&rsquo;am\u00e9liorer les m\u00e9canismes de contr\u00f4le et de faciliter l&rsquo;entr\u00e9e des produits v\u00e9t\u00e9rinaires essentiels pour les \u00e9leveurs. Les \u00e9changes ont port\u00e9 sur des enjeux cruciaux tels que la surveillance des denr\u00e9es alimentaires d&rsquo;origine animale et l&rsquo;optimisation des taxes appliqu\u00e9es \u00e0 certains produits d&rsquo;\u00e9levage.<\/span><\/p>\n<p class=\"p1\"><span class=\"s1\">Selon le lieutenant v\u00e9t\u00e9rinaire Aboubacar Nacro, les contr\u00f4les des denr\u00e9es alimentaires d&rsquo;origine animale effectu\u00e9s par les services v\u00e9t\u00e9rinaires n\u00e9cessitent une collaboration \u00e9troite avec les services douaniers. \u00ab Une meilleure synergie, notamment \u00e0 travers le partage d&rsquo;informations, est indispensable pour garantir l&rsquo;efficacit\u00e9 des contr\u00f4les et assurer la s\u00e9curit\u00e9 sanitaire des populations \u00bb, a-t-il d\u00e9clar\u00e9.<\/span><\/p>\n<p class=\"p1\"><span class=\"s1\">La DGSV a \u00e9galement mis en lumi\u00e8re les d\u00e9fis pos\u00e9s par certaines taxes, qui freinent l&rsquo;accessibilit\u00e9 des produits d&rsquo;\u00e9levage et augmentent les co\u00fbts sur le march\u00e9. Ces taxes, selon lui, p\u00e8sent lourdement sur les \u00e9leveurs, limitant leur comp\u00e9titivit\u00e9 et leur capacit\u00e9 \u00e0 r\u00e9pondre \u00e0 la demande croissante de produits d&rsquo;origine animale.<\/span><\/p>\n<p class=\"p1\"><span class=\"s1\">De son c\u00f4t\u00e9, le Directeur g\u00e9n\u00e9ral des Douanes, Adama Ilboudo, a soulign\u00e9 l&rsquo;importance de cette collaboration pour assurer un contr\u00f4le efficace tout en facilitant les activit\u00e9s \u00e9conomiques des \u00e9leveurs.<\/span><\/p>\n<p class=\"p1\"><span class=\"s1\">La rencontre, qualifi\u00e9e de fructueuse par les deux parties, a permis d&rsquo;identifier des pistes de solutions concr\u00e8tes pour surmonter ces d\u00e9fis communs. Les discussions ont \u00e9galement renforc\u00e9 l&rsquo;engagement des deux entit\u00e9s \u00e0 travailler main dans la main pour r\u00e9pondre aux pr\u00e9occupations des \u00e9leveurs et promouvoir un d\u00e9veloppement harmonieux du secteur de l&rsquo;\u00e9levage.<\/span><\/p>\n<p class=\"p1\"><span style=\"text-align: right;\">Ce partenariat renouvel\u00e9 entre les Services v\u00e9t\u00e9rinaires et les Douanes augure de meilleures perspectives pour le secteur agricole et constitue une \u00e9tape importante dans le soutien aux \u00e9leveurs burkinab\u00e8.<\/span><\/p>\n<p class=\"p1\" style=\"text-align: right;\"><b style=\"text-align: right;\">\u00a0Par Vox Sahel\u00a0<\/b><\/p>\n","protected":false},"excerpt":{"rendered":"<p>Le Directeur g\u00e9n\u00e9ral des Douanes, l&rsquo;inspecteur divisionnaire des douanes Adama Ilboudo et le Directeur g\u00e9n\u00e9ral<\/p>\n","protected":false},"author":2,"featured_media":936,"comment_status":"open","ping_status":"open","sticky":false,"template":"","format":"standard","meta":{"_et_pb_use_builder":"","_et_pb_old_content":"","_et_gb_content_width":"","footnotes":""},"categories":[8],"tags":[18,462,461,142,146,460],"class_list":["post-935","post","type-post","status-publish","format-standard","has-post-thumbnail","hentry","category-developpement","tag-burkina-faso","tag-dgsv","tag-direction-generale-des-services-veterinaires","tag-douane","tag-douanes-du-burkina-faso","tag-ressources-animales"],"yoast_head":"<!-- This site is optimized with the Yoast SEO plugin v27.5 - https:\/\/yoast.com\/product\/yoast-seo-wordpress\/ -->\n<title>Burkina Faso : Renforcement de la collaboration entre Douanes et Services v\u00e9t\u00e9rinaires pour soutenir les \u00e9leveurs - Vox Sahel<\/title>\n<meta name=\"robots\" content=\"index, follow, max-snippet:-1, max-image-preview:large, max-video-preview:-1\" \/>\n<link rel=\"canonical\" href=\"https:\/\/voxsahel.com\/?p=935\" \/>\n<meta property=\"og:locale\" content=\"fr_FR\" \/>\n<meta property=\"og:type\" content=\"article\" \/>\n<meta property=\"og:title\" content=\"Burkina Faso : Renforcement de la collaboration entre Douanes et Services v\u00e9t\u00e9rinaires pour soutenir les \u00e9leveurs - Vox Sahel\" \/>\n<meta property=\"og:description\" content=\"Le Directeur g\u00e9n\u00e9ral des Douanes, l&rsquo;inspecteur divisionnaire des douanes Adama Ilboudo et le Directeur g\u00e9n\u00e9ral\" \/>\n<meta property=\"og:url\" content=\"https:\/\/voxsahel.com\/?p=935\" \/>\n<meta property=\"og:site_name\" content=\"Vox Sahel\" \/>\n<meta property=\"article:publisher\" content=\"https:\/\/www.facebook.com\/journal.voxsahel\" \/>\n<meta property=\"article:published_time\" content=\"2024-11-24T10:14:16+00:00\" \/>\n<meta property=\"og:image\" content=\"https:\/\/voxsahel.com\/wp-content\/uploads\/2024\/11\/IMG_3276.jpeg\" \/>\n\t<meta property=\"og:image:width\" content=\"2048\" \/>\n\t<meta property=\"og:image:height\" content=\"1149\" \/>\n\t<meta property=\"og:image:type\" content=\"image\/jpeg\" \/>\n<meta name=\"author\" content=\"Vox Sahel\" \/>\n<meta name=\"twitter:card\" content=\"summary_large_image\" \/>\n<meta name=\"twitter:label1\" content=\"\u00c9crit par\" \/>\n\t<meta name=\"twitter:data1\" content=\"Vox Sahel\" \/>\n\t<meta name=\"twitter:label2\" content=\"Dur\u00e9e de lecture estim\u00e9e\" \/>\n\t<meta name=\"twitter:data2\" content=\"2 minutes\" \/>\n<script type=\"application\/ld+json\" class=\"yoast-schema-graph\">{\"@context\":\"https:\\\/\\\/schema.org\",\"@graph\":[{\"@type\":\"Article\",\"@id\":\"https:\\\/\\\/voxsahel.com\\\/?p=935#article\",\"isPartOf\":{\"@id\":\"https:\\\/\\\/voxsahel.com\\\/?p=935\"},\"author\":{\"name\":\"Vox Sahel\",\"@id\":\"https:\\\/\\\/voxsahel.com\\\/#\\\/schema\\\/person\\\/b4043608248f8fa227cd760e7ff1e19e\"},\"headline\":\"Burkina Faso : Renforcement de la collaboration entre Douanes et Services v\u00e9t\u00e9rinaires pour soutenir les \u00e9leveurs\",\"datePublished\":\"2024-11-24T10:14:16+00:00\",\"mainEntityOfPage\":{\"@id\":\"https:\\\/\\\/voxsahel.com\\\/?p=935\"},\"wordCount\":382,\"commentCount\":0,\"publisher\":{\"@id\":\"https:\\\/\\\/voxsahel.com\\\/#organization\"},\"image\":{\"@id\":\"https:\\\/\\\/voxsahel.com\\\/?p=935#primaryimage\"},\"thumbnailUrl\":\"https:\\\/\\\/voxsahel.com\\\/wp-content\\\/uploads\\\/2024\\\/11\\\/IMG_3276.jpeg\",\"keywords\":[\"Burkina Faso\",\"DGSV\",\"Direction g\u00e9n\u00e9rale des Services v\u00e9t\u00e9rinaires\",\"Douane\",\"Douanes du Burkina Faso\",\"Ressources animales\"],\"articleSection\":[\"DEVELOPPEMENT\"],\"inLanguage\":\"fr-FR\",\"potentialAction\":[{\"@type\":\"CommentAction\",\"name\":\"Comment\",\"target\":[\"https:\\\/\\\/voxsahel.com\\\/?p=935#respond\"]}]},{\"@type\":\"WebPage\",\"@id\":\"https:\\\/\\\/voxsahel.com\\\/?p=935\",\"url\":\"https:\\\/\\\/voxsahel.com\\\/?p=935\",\"name\":\"Burkina Faso : Renforcement de la collaboration entre Douanes et Services v\u00e9t\u00e9rinaires pour soutenir les \u00e9leveurs - Vox Sahel\",\"isPartOf\":{\"@id\":\"https:\\\/\\\/voxsahel.com\\\/#website\"},\"primaryImageOfPage\":{\"@id\":\"https:\\\/\\\/voxsahel.com\\\/?p=935#primaryimage\"},\"image\":{\"@id\":\"https:\\\/\\\/voxsahel.com\\\/?p=935#primaryimage\"},\"thumbnailUrl\":\"https:\\\/\\\/voxsahel.com\\\/wp-content\\\/uploads\\\/2024\\\/11\\\/IMG_3276.jpeg\",\"datePublished\":\"2024-11-24T10:14:16+00:00\",\"breadcrumb\":{\"@id\":\"https:\\\/\\\/voxsahel.com\\\/?p=935#breadcrumb\"},\"inLanguage\":\"fr-FR\",\"potentialAction\":[{\"@type\":\"ReadAction\",\"target\":[\"https:\\\/\\\/voxsahel.com\\\/?p=935\"]}]},{\"@type\":\"ImageObject\",\"inLanguage\":\"fr-FR\",\"@id\":\"https:\\\/\\\/voxsahel.com\\\/?p=935#primaryimage\",\"url\":\"https:\\\/\\\/voxsahel.com\\\/wp-content\\\/uploads\\\/2024\\\/11\\\/IMG_3276.jpeg\",\"contentUrl\":\"https:\\\/\\\/voxsahel.com\\\/wp-content\\\/uploads\\\/2024\\\/11\\\/IMG_3276.jpeg\",\"width\":2048,\"height\":1149},{\"@type\":\"BreadcrumbList\",\"@id\":\"https:\\\/\\\/voxsahel.com\\\/?p=935#breadcrumb\",\"itemListElement\":[{\"@type\":\"ListItem\",\"position\":1,\"name\":\"Home\",\"item\":\"https:\\\/\\\/voxsahel.com\\\/\"},{\"@type\":\"ListItem\",\"position\":2,\"name\":\"Burkina Faso : Renforcement de la collaboration entre Douanes et Services v\u00e9t\u00e9rinaires pour soutenir les \u00e9leveurs\"}]},{\"@type\":\"WebSite\",\"@id\":\"https:\\\/\\\/voxsahel.com\\\/#website\",\"url\":\"https:\\\/\\\/voxsahel.com\\\/\",\"name\":\"Vox Sahel\",\"description\":\"Informez-vous sur le Sahel en un clic\",\"publisher\":{\"@id\":\"https:\\\/\\\/voxsahel.com\\\/#organization\"},\"potentialAction\":[{\"@type\":\"SearchAction\",\"target\":{\"@type\":\"EntryPoint\",\"urlTemplate\":\"https:\\\/\\\/voxsahel.com\\\/?s={search_term_string}\"},\"query-input\":{\"@type\":\"PropertyValueSpecification\",\"valueRequired\":true,\"valueName\":\"search_term_string\"}}],\"inLanguage\":\"fr-FR\"},{\"@type\":\"Organization\",\"@id\":\"https:\\\/\\\/voxsahel.com\\\/#organization\",\"name\":\"Vox Sahel\",\"url\":\"https:\\\/\\\/voxsahel.com\\\/\",\"logo\":{\"@type\":\"ImageObject\",\"inLanguage\":\"fr-FR\",\"@id\":\"https:\\\/\\\/voxsahel.com\\\/#\\\/schema\\\/logo\\\/image\\\/\",\"url\":\"https:\\\/\\\/voxsahel.com\\\/wp-content\\\/uploads\\\/2024\\\/09\\\/Logo-Vox-Sahel.jpg\",\"contentUrl\":\"https:\\\/\\\/voxsahel.com\\\/wp-content\\\/uploads\\\/2024\\\/09\\\/Logo-Vox-Sahel.jpg\",\"width\":1181,\"height\":848,\"caption\":\"Vox Sahel\"},\"image\":{\"@id\":\"https:\\\/\\\/voxsahel.com\\\/#\\\/schema\\\/logo\\\/image\\\/\"},\"sameAs\":[\"https:\\\/\\\/www.facebook.com\\\/journal.voxsahel\"]},{\"@type\":\"Person\",\"@id\":\"https:\\\/\\\/voxsahel.com\\\/#\\\/schema\\\/person\\\/b4043608248f8fa227cd760e7ff1e19e\",\"name\":\"Vox Sahel\",\"image\":{\"@type\":\"ImageObject\",\"inLanguage\":\"fr-FR\",\"@id\":\"https:\\\/\\\/secure.gravatar.com\\\/avatar\\\/f70e7fa0cb9b29d4a7c5788d6eb2e9ab4d3135cbae1c9161810fdf77a8964699?s=96&d=mm&r=g\",\"url\":\"https:\\\/\\\/secure.gravatar.com\\\/avatar\\\/f70e7fa0cb9b29d4a7c5788d6eb2e9ab4d3135cbae1c9161810fdf77a8964699?s=96&d=mm&r=g\",\"contentUrl\":\"https:\\\/\\\/secure.gravatar.com\\\/avatar\\\/f70e7fa0cb9b29d4a7c5788d6eb2e9ab4d3135cbae1c9161810fdf77a8964699?s=96&d=mm&r=g\",\"caption\":\"Vox Sahel\"},\"sameAs\":[\"http:\\\/\\\/www.voxsahel.com\"],\"url\":\"https:\\\/\\\/voxsahel.com\\\/?author=2\"}]}<\/script>\n<!-- \/ Yoast SEO plugin. -->","yoast_head_json":{"title":"Burkina Faso : Renforcement de la collaboration entre Douanes et Services v\u00e9t\u00e9rinaires pour soutenir les \u00e9leveurs - Vox Sahel","robots":{"index":"index","follow":"follow","max-snippet":"max-snippet:-1","max-image-preview":"max-image-preview:large","max-video-preview":"max-video-preview:-1"},"canonical":"https:\/\/voxsahel.com\/?p=935","og_locale":"fr_FR","og_type":"article","og_title":"Burkina Faso : Renforcement de la collaboration entre Douanes et Services v\u00e9t\u00e9rinaires pour soutenir les \u00e9leveurs - Vox Sahel","og_description":"Le Directeur g\u00e9n\u00e9ral des Douanes, l&rsquo;inspecteur divisionnaire des douanes Adama Ilboudo et le Directeur g\u00e9n\u00e9ral","og_url":"https:\/\/voxsahel.com\/?p=935","og_site_name":"Vox Sahel","article_publisher":"https:\/\/www.facebook.com\/journal.voxsahel","article_published_time":"2024-11-24T10:14:16+00:00","og_image":[{"width":2048,"height":1149,"url":"https:\/\/voxsahel.com\/wp-content\/uploads\/2024\/11\/IMG_3276.jpeg","type":"image\/jpeg"}],"author":"Vox Sahel","twitter_card":"summary_large_image","twitter_misc":{"\u00c9crit par":"Vox Sahel","Dur\u00e9e de lecture estim\u00e9e":"2 minutes"},"schema":{"@context":"https:\/\/schema.org","@graph":[{"@type":"Article","@id":"https:\/\/voxsahel.com\/?p=935#article","isPartOf":{"@id":"https:\/\/voxsahel.com\/?p=935"},"author":{"name":"Vox Sahel","@id":"https:\/\/voxsahel.com\/#\/schema\/person\/b4043608248f8fa227cd760e7ff1e19e"},"headline":"Burkina Faso : Renforcement de la collaboration entre Douanes et Services v\u00e9t\u00e9rinaires pour soutenir les \u00e9leveurs","datePublished":"2024-11-24T10:14:16+00:00","mainEntityOfPage":{"@id":"https:\/\/voxsahel.com\/?p=935"},"wordCount":382,"commentCount":0,"publisher":{"@id":"https:\/\/voxsahel.com\/#organization"},"image":{"@id":"https:\/\/voxsahel.com\/?p=935#primaryimage"},"thumbnailUrl":"https:\/\/voxsahel.com\/wp-content\/uploads\/2024\/11\/IMG_3276.jpeg","keywords":["Burkina Faso","DGSV","Direction g\u00e9n\u00e9rale des Services v\u00e9t\u00e9rinaires","Douane","Douanes du Burkina Faso","Ressources animales"],"articleSection":["DEVELOPPEMENT"],"inLanguage":"fr-FR","potentialAction":[{"@type":"CommentAction","name":"Comment","target":["https:\/\/voxsahel.com\/?p=935#respond"]}]},{"@type":"WebPage","@id":"https:\/\/voxsahel.com\/?p=935","url":"https:\/\/voxsahel.com\/?p=935","name":"Burkina Faso : Renforcement de la collaboration entre Douanes et Services v\u00e9t\u00e9rinaires pour soutenir les \u00e9leveurs - Vox Sahel","isPartOf":{"@id":"https:\/\/voxsahel.com\/#website"},"primaryImageOfPage":{"@id":"https:\/\/voxsahel.com\/?p=935#primaryimage"},"image":{"@id":"https:\/\/voxsahel.com\/?p=935#primaryimage"},"thumbnailUrl":"https:\/\/voxsahel.com\/wp-content\/uploads\/2024\/11\/IMG_3276.jpeg","datePublished":"2024-11-24T10:14:16+00:00","breadcrumb":{"@id":"https:\/\/voxsahel.com\/?p=935#breadcrumb"},"inLanguage":"fr-FR","potentialAction":[{"@type":"ReadAction","target":["https:\/\/voxsahel.com\/?p=935"]}]},{"@type":"ImageObject","inLanguage":"fr-FR","@id":"https:\/\/voxsahel.com\/?p=935#primaryimage","url":"https:\/\/voxsahel.com\/wp-content\/uploads\/2024\/11\/IMG_3276.jpeg","contentUrl":"https:\/\/voxsahel.com\/wp-content\/uploads\/2024\/11\/IMG_3276.jpeg","width":2048,"height":1149},{"@type":"BreadcrumbList","@id":"https:\/\/voxsahel.com\/?p=935#breadcrumb","itemListElement":[{"@type":"ListItem","position":1,"name":"Home","item":"https:\/\/voxsahel.com\/"},{"@type":"ListItem","position":2,"name":"Burkina Faso : Renforcement de la collaboration entre Douanes et Services v\u00e9t\u00e9rinaires pour soutenir les \u00e9leveurs"}]},{"@type":"WebSite","@id":"https:\/\/voxsahel.com\/#website","url":"https:\/\/voxsahel.com\/","name":"Vox Sahel","description":"Informez-vous sur le Sahel en un clic","publisher":{"@id":"https:\/\/voxsahel.com\/#organization"},"potentialAction":[{"@type":"SearchAction","target":{"@type":"EntryPoint","urlTemplate":"https:\/\/voxsahel.com\/?s={search_term_string}"},"query-input":{"@type":"PropertyValueSpecification","valueRequired":true,"valueName":"search_term_string"}}],"inLanguage":"fr-FR"},{"@type":"Organization","@id":"https:\/\/voxsahel.com\/#organization","name":"Vox Sahel","url":"https:\/\/voxsahel.com\/","logo":{"@type":"ImageObject","inLanguage":"fr-FR","@id":"https:\/\/voxsahel.com\/#\/schema\/logo\/image\/","url":"https:\/\/voxsahel.com\/wp-content\/uploads\/2024\/09\/Logo-Vox-Sahel.jpg","contentUrl":"https:\/\/voxsahel.com\/wp-content\/uploads\/2024\/09\/Logo-Vox-Sahel.jpg","width":1181,"height":848,"caption":"Vox Sahel"},"image":{"@id":"https:\/\/voxsahel.com\/#\/schema\/logo\/image\/"},"sameAs":["https:\/\/www.facebook.com\/journal.voxsahel"]},{"@type":"Person","@id":"https:\/\/voxsahel.com\/#\/schema\/person\/b4043608248f8fa227cd760e7ff1e19e","name":"Vox Sahel","image":{"@type":"ImageObject","inLanguage":"fr-FR","@id":"https:\/\/secure.gravatar.com\/avatar\/f70e7fa0cb9b29d4a7c5788d6eb2e9ab4d3135cbae1c9161810fdf77a8964699?s=96&d=mm&r=g","url":"https:\/\/secure.gravatar.com\/avatar\/f70e7fa0cb9b29d4a7c5788d6eb2e9ab4d3135cbae1c9161810fdf77a8964699?s=96&d=mm&r=g","contentUrl":"https:\/\/secure.gravatar.com\/avatar\/f70e7fa0cb9b29d4a7c5788d6eb2e9ab4d3135cbae1c9161810fdf77a8964699?s=96&d=mm&r=g","caption":"Vox Sahel"},"sameAs":["http:\/\/www.voxsahel.com"],"url":"https:\/\/voxsahel.com\/?author=2"}]}},"_links":{"self":[{"href":"https:\/\/voxsahel.com\/index.php?rest_route=\/wp\/v2\/posts\/935","targetHints":{"allow":["GET"]}}],"collection":[{"href":"https:\/\/voxsahel.com\/index.php?rest_route=\/wp\/v2\/posts"}],"about":[{"href":"https:\/\/voxsahel.com\/index.php?rest_route=\/wp\/v2\/types\/post"}],"author":[{"embeddable":true,"href":"https:\/\/voxsahel.com\/index.php?rest_route=\/wp\/v2\/users\/2"}],"replies":[{"embeddable":true,"href":"https:\/\/voxsahel.com\/index.php?rest_route=%2Fwp%2Fv2%2Fcomments&post=935"}],"version-history":[{"count":2,"href":"https:\/\/voxsahel.com\/index.php?rest_route=\/wp\/v2\/posts\/935\/revisions"}],"predecessor-version":[{"id":938,"href":"https:\/\/voxsahel.com\/index.php?rest_route=\/wp\/v2\/posts\/935\/revisions\/938"}],"wp:featuredmedia":[{"embeddable":true,"href":"https:\/\/voxsahel.com\/index.php?rest_route=\/wp\/v2\/media\/936"}],"wp:attachment":[{"href":"https:\/\/voxsahel.com\/index.php?rest_route=%2Fwp%2Fv2%2Fmedia&parent=935"}],"wp:term":[{"taxonomy":"category","embeddable":true,"href":"https:\/\/voxsahel.com\/index.php?rest_route=%2Fwp%2Fv2%2Fcategories&post=935"},{"taxonomy":"post_tag","embeddable":true,"href":"https:\/\/voxsahel.com\/index.php?rest_route=%2Fwp%2Fv2%2Ftags&post=935"}],"curies":[{"name":"wp","href":"https:\/\/api.w.org\/{rel}","templated":true}]}}