{"id":929,"date":"2024-11-22T20:32:27","date_gmt":"2024-11-22T20:32:27","guid":{"rendered":"https:\/\/voxsahel.com\/?p=929"},"modified":"2024-11-22T20:32:27","modified_gmt":"2024-11-22T20:32:27","slug":"audience-la-cp-aes-rend-visite-au-reverend-docteur-mamadou-philippe-karambiri","status":"publish","type":"post","link":"https:\/\/voxsahel.com\/?p=929","title":{"rendered":"Audience : La CP-AES rend visite au R\u00e9v\u00e9rend Docteur Mamadou Philippe Karambiri"},"content":{"rendered":"<p class=\"p1\"><span class=\"s1\">Une d\u00e9l\u00e9gation de la conf\u00e9d\u00e9ration des peuples de l&rsquo;alliance des Etats du Sahel (CP-AES) compos\u00e9e du coordonnateur national Yssoufou Ouattara de ladite structure et de quelques membres ont rendu visite au R\u00e9v\u00e9rend Docteur Mamadou Philippe Karambiri au centre International d\u2019\u00e9vang\u00e9lisation le jeudi 21<span class=\"Apple-converted-space\">\u00a0 <\/span>novembre 2024 pour pr\u00e9senter la vision et les objectifs, les commissions et les \u00e9l\u00e9ments<span class=\"Apple-converted-space\">\u00a0 <\/span>de la<span class=\"Apple-converted-space\">\u00a0 <\/span>conf\u00e9d\u00e9ration et demander ses conseils.<\/span><\/p>\n<p class=\"p1\"><span class=\"s1\">La conf\u00e9d\u00e9ration des peuples des \u00e9tats du sahel est un regroupement de jeunes pour la s\u00e9curisation des trois pays que sont le Mali, le Burkina<span class=\"Apple-converted-space\">\u00a0 <\/span>le Niger et <span class=\"Apple-converted-space\">\u00a0 <\/span>soutenir les trois chefs d\u2019Etats.<\/span><\/p>\n<p class=\"p1\"><span class=\"s1\"> Le coordonnateur national de la CP AES fait savoir que \u00ab nous sommes venus rendre visite \u00e0 un homme ; une personnalit\u00e9 qui compte parmi les huit personnes<span class=\"Apple-converted-space\">\u00a0 <\/span>qui sont reconnues<span class=\"Apple-converted-space\">\u00a0 <\/span>dans ce monde, pour leur int\u00e9grit\u00e9 et leur leadership ; parmi lesquelles nous avons notre anciens pr\u00e9sident le camarade Thomas Sankara.<\/span><\/p>\n<p class=\"p1\"><span class=\"s1\">Voila pourquoi nous sommes venus lui pr\u00e9senter notre organisation naissante depuis quelques mois afin de b\u00e9n\u00e9ficier de ses conseils avis\u00e9s. Nous avons eu les conseils que nous attendions.<\/span><\/p>\n<p class=\"p1\"><span class=\"s1\"> Il nous a conseill\u00e9s \u00e0 poursuivre le travail. Nous avons pour ambition d\u2019accompagner nos trois chef d\u2019Etat au c\u00f4t\u00e9 des peuples<span class=\"Apple-converted-space\">\u00a0 <\/span>dans leurs lutte pour la s\u00e9curisation des pays, car un peuple sans territoire n\u2019a pas de lendemain. Nous avons aussi parl\u00e9 de l\u2019int\u00e9gration sous r\u00e9gionale. Nos trois peuples dont le Burkina le Mali et le Niger doivent s\u2019int\u00e9grer, car, c&rsquo;est le m\u00eame peuple. Le R\u00e9v\u00e9rend Docteur Mamadou Philippe karambiri est pour nous v\u00e9ritablement un conseiller \u00bb.<\/span><\/p>\n<p class=\"p1\"><span class=\"s1\">Le R\u00e9v\u00e9rend Docteur Mamadou Philippe karambiri a appr\u00e9ci\u00e9 la<span class=\"Apple-converted-space\">\u00a0 <\/span>d\u00e9marche de la conf\u00e9d\u00e9ration sans aucun probl\u00e8me.<\/span><\/p>\n<p class=\"p1\"><span class=\"s1\"> Selon lui<span class=\"Apple-converted-space\">\u00a0 <\/span>\u00ab les d\u00e9marches qu\u2019ils font c\u2019est pour que les nations soient sauv\u00e9es du point de vue s\u00e9curitaire. Il faut que tout le monde se donne la main pour sauver ce pays.<span class=\"Apple-converted-space\">\u00a0 <\/span>En tant qu\u2019ancien, je dois leurs dire que je les soutiens. Laissons les faire pour le d\u00e9veloppement socio-\u00e9conomique de ce pays. Je les accompagne par nos pri\u00e8res afin qu\u2019ils marchent dans l\u2019int\u00e9grit\u00e9 dans l&rsquo;honn\u00eatet\u00e9 et dans le respect mutuel. En cela, les anciens vont se sentir honor\u00e9s et les accompagneront et ils r\u00e9ussiront \u00bb<\/span><\/p>\n<p class=\"p1\"><span class=\"s1\">A l&rsquo;occasion de cette audience le Charg\u00e9 de la communication et des relations avec les m\u00e9dias de CP-AES Nestor POODASSE est venu de Bobo-Dioulasso pour cette visite de courtoisie a l&rsquo;\u00e9minent personnalit\u00e9 religieuse.<\/span><\/p>\n<p class=\"p1\"><span class=\"s1\"> A la fin de la visite un document portant<span class=\"Apple-converted-space\">\u00a0 <\/span>sur le fonctionnement de la conf\u00e9d\u00e9ration a \u00e9t\u00e9 remis au R\u00e9v\u00e9rend Docteur Mamadou Philippe Karambiri.<\/span><\/p>\n","protected":false},"excerpt":{"rendered":"<p>Une d\u00e9l\u00e9gation de la conf\u00e9d\u00e9ration des peuples de l&rsquo;alliance des Etats du Sahel (CP-AES) compos\u00e9e<\/p>\n","protected":false},"author":2,"featured_media":930,"comment_status":"open","ping_status":"open","sticky":false,"template":"","format":"standard","meta":{"_et_pb_use_builder":"","_et_pb_old_content":"","_et_gb_content_width":"","footnotes":""},"categories":[5],"tags":[],"class_list":["post-929","post","type-post","status-publish","format-standard","has-post-thumbnail","hentry","category-societe"],"yoast_head":"<!-- This site is optimized with the Yoast SEO plugin v27.5 - https:\/\/yoast.com\/product\/yoast-seo-wordpress\/ -->\n<title>Audience : La CP-AES rend visite au R\u00e9v\u00e9rend Docteur Mamadou Philippe Karambiri - Vox Sahel<\/title>\n<meta name=\"robots\" content=\"index, follow, max-snippet:-1, max-image-preview:large, max-video-preview:-1\" \/>\n<link rel=\"canonical\" href=\"https:\/\/voxsahel.com\/?p=929\" \/>\n<meta property=\"og:locale\" content=\"fr_FR\" \/>\n<meta property=\"og:type\" content=\"article\" \/>\n<meta property=\"og:title\" content=\"Audience : La CP-AES rend visite au R\u00e9v\u00e9rend Docteur Mamadou Philippe Karambiri - Vox Sahel\" \/>\n<meta property=\"og:description\" content=\"Une d\u00e9l\u00e9gation de la conf\u00e9d\u00e9ration des peuples de l&rsquo;alliance des Etats du Sahel (CP-AES) compos\u00e9e\" \/>\n<meta property=\"og:url\" content=\"https:\/\/voxsahel.com\/?p=929\" \/>\n<meta property=\"og:site_name\" content=\"Vox Sahel\" \/>\n<meta property=\"article:publisher\" content=\"https:\/\/www.facebook.com\/journal.voxsahel\" \/>\n<meta property=\"article:published_time\" content=\"2024-11-22T20:32:27+00:00\" \/>\n<meta property=\"og:image\" content=\"https:\/\/voxsahel.com\/wp-content\/uploads\/2024\/11\/e7b1756a-2202-4ff4-ab5e-247fde9a249b.jpeg\" \/>\n\t<meta property=\"og:image:width\" content=\"1040\" \/>\n\t<meta property=\"og:image:height\" content=\"780\" \/>\n\t<meta property=\"og:image:type\" content=\"image\/jpeg\" \/>\n<meta name=\"author\" content=\"Vox Sahel\" \/>\n<meta name=\"twitter:card\" content=\"summary_large_image\" \/>\n<meta name=\"twitter:label1\" content=\"\u00c9crit par\" \/>\n\t<meta name=\"twitter:data1\" content=\"Vox Sahel\" \/>\n\t<meta name=\"twitter:label2\" content=\"Dur\u00e9e de lecture estim\u00e9e\" \/>\n\t<meta name=\"twitter:data2\" content=\"3 minutes\" \/>\n<script type=\"application\/ld+json\" class=\"yoast-schema-graph\">{\"@context\":\"https:\\\/\\\/schema.org\",\"@graph\":[{\"@type\":\"Article\",\"@id\":\"https:\\\/\\\/voxsahel.com\\\/?p=929#article\",\"isPartOf\":{\"@id\":\"https:\\\/\\\/voxsahel.com\\\/?p=929\"},\"author\":{\"name\":\"Vox Sahel\",\"@id\":\"https:\\\/\\\/voxsahel.com\\\/#\\\/schema\\\/person\\\/b4043608248f8fa227cd760e7ff1e19e\"},\"headline\":\"Audience : La CP-AES rend visite au R\u00e9v\u00e9rend Docteur Mamadou Philippe Karambiri\",\"datePublished\":\"2024-11-22T20:32:27+00:00\",\"mainEntityOfPage\":{\"@id\":\"https:\\\/\\\/voxsahel.com\\\/?p=929\"},\"wordCount\":487,\"commentCount\":0,\"publisher\":{\"@id\":\"https:\\\/\\\/voxsahel.com\\\/#organization\"},\"image\":{\"@id\":\"https:\\\/\\\/voxsahel.com\\\/?p=929#primaryimage\"},\"thumbnailUrl\":\"https:\\\/\\\/voxsahel.com\\\/wp-content\\\/uploads\\\/2024\\\/11\\\/e7b1756a-2202-4ff4-ab5e-247fde9a249b.jpeg\",\"articleSection\":[\"SOCIETE\"],\"inLanguage\":\"fr-FR\",\"potentialAction\":[{\"@type\":\"CommentAction\",\"name\":\"Comment\",\"target\":[\"https:\\\/\\\/voxsahel.com\\\/?p=929#respond\"]}]},{\"@type\":\"WebPage\",\"@id\":\"https:\\\/\\\/voxsahel.com\\\/?p=929\",\"url\":\"https:\\\/\\\/voxsahel.com\\\/?p=929\",\"name\":\"Audience : La CP-AES rend visite au R\u00e9v\u00e9rend Docteur Mamadou Philippe Karambiri - Vox Sahel\",\"isPartOf\":{\"@id\":\"https:\\\/\\\/voxsahel.com\\\/#website\"},\"primaryImageOfPage\":{\"@id\":\"https:\\\/\\\/voxsahel.com\\\/?p=929#primaryimage\"},\"image\":{\"@id\":\"https:\\\/\\\/voxsahel.com\\\/?p=929#primaryimage\"},\"thumbnailUrl\":\"https:\\\/\\\/voxsahel.com\\\/wp-content\\\/uploads\\\/2024\\\/11\\\/e7b1756a-2202-4ff4-ab5e-247fde9a249b.jpeg\",\"datePublished\":\"2024-11-22T20:32:27+00:00\",\"breadcrumb\":{\"@id\":\"https:\\\/\\\/voxsahel.com\\\/?p=929#breadcrumb\"},\"inLanguage\":\"fr-FR\",\"potentialAction\":[{\"@type\":\"ReadAction\",\"target\":[\"https:\\\/\\\/voxsahel.com\\\/?p=929\"]}]},{\"@type\":\"ImageObject\",\"inLanguage\":\"fr-FR\",\"@id\":\"https:\\\/\\\/voxsahel.com\\\/?p=929#primaryimage\",\"url\":\"https:\\\/\\\/voxsahel.com\\\/wp-content\\\/uploads\\\/2024\\\/11\\\/e7b1756a-2202-4ff4-ab5e-247fde9a249b.jpeg\",\"contentUrl\":\"https:\\\/\\\/voxsahel.com\\\/wp-content\\\/uploads\\\/2024\\\/11\\\/e7b1756a-2202-4ff4-ab5e-247fde9a249b.jpeg\",\"width\":1040,\"height\":780},{\"@type\":\"BreadcrumbList\",\"@id\":\"https:\\\/\\\/voxsahel.com\\\/?p=929#breadcrumb\",\"itemListElement\":[{\"@type\":\"ListItem\",\"position\":1,\"name\":\"Home\",\"item\":\"https:\\\/\\\/voxsahel.com\\\/\"},{\"@type\":\"ListItem\",\"position\":2,\"name\":\"Audience : La CP-AES rend visite au R\u00e9v\u00e9rend Docteur Mamadou Philippe Karambiri\"}]},{\"@type\":\"WebSite\",\"@id\":\"https:\\\/\\\/voxsahel.com\\\/#website\",\"url\":\"https:\\\/\\\/voxsahel.com\\\/\",\"name\":\"Vox Sahel\",\"description\":\"Informez-vous sur le Sahel en un clic\",\"publisher\":{\"@id\":\"https:\\\/\\\/voxsahel.com\\\/#organization\"},\"potentialAction\":[{\"@type\":\"SearchAction\",\"target\":{\"@type\":\"EntryPoint\",\"urlTemplate\":\"https:\\\/\\\/voxsahel.com\\\/?s={search_term_string}\"},\"query-input\":{\"@type\":\"PropertyValueSpecification\",\"valueRequired\":true,\"valueName\":\"search_term_string\"}}],\"inLanguage\":\"fr-FR\"},{\"@type\":\"Organization\",\"@id\":\"https:\\\/\\\/voxsahel.com\\\/#organization\",\"name\":\"Vox Sahel\",\"url\":\"https:\\\/\\\/voxsahel.com\\\/\",\"logo\":{\"@type\":\"ImageObject\",\"inLanguage\":\"fr-FR\",\"@id\":\"https:\\\/\\\/voxsahel.com\\\/#\\\/schema\\\/logo\\\/image\\\/\",\"url\":\"https:\\\/\\\/voxsahel.com\\\/wp-content\\\/uploads\\\/2024\\\/09\\\/Logo-Vox-Sahel.jpg\",\"contentUrl\":\"https:\\\/\\\/voxsahel.com\\\/wp-content\\\/uploads\\\/2024\\\/09\\\/Logo-Vox-Sahel.jpg\",\"width\":1181,\"height\":848,\"caption\":\"Vox Sahel\"},\"image\":{\"@id\":\"https:\\\/\\\/voxsahel.com\\\/#\\\/schema\\\/logo\\\/image\\\/\"},\"sameAs\":[\"https:\\\/\\\/www.facebook.com\\\/journal.voxsahel\"]},{\"@type\":\"Person\",\"@id\":\"https:\\\/\\\/voxsahel.com\\\/#\\\/schema\\\/person\\\/b4043608248f8fa227cd760e7ff1e19e\",\"name\":\"Vox Sahel\",\"image\":{\"@type\":\"ImageObject\",\"inLanguage\":\"fr-FR\",\"@id\":\"https:\\\/\\\/secure.gravatar.com\\\/avatar\\\/f70e7fa0cb9b29d4a7c5788d6eb2e9ab4d3135cbae1c9161810fdf77a8964699?s=96&d=mm&r=g\",\"url\":\"https:\\\/\\\/secure.gravatar.com\\\/avatar\\\/f70e7fa0cb9b29d4a7c5788d6eb2e9ab4d3135cbae1c9161810fdf77a8964699?s=96&d=mm&r=g\",\"contentUrl\":\"https:\\\/\\\/secure.gravatar.com\\\/avatar\\\/f70e7fa0cb9b29d4a7c5788d6eb2e9ab4d3135cbae1c9161810fdf77a8964699?s=96&d=mm&r=g\",\"caption\":\"Vox Sahel\"},\"sameAs\":[\"http:\\\/\\\/www.voxsahel.com\"],\"url\":\"https:\\\/\\\/voxsahel.com\\\/?author=2\"}]}<\/script>\n<!-- \/ Yoast SEO plugin. -->","yoast_head_json":{"title":"Audience : La CP-AES rend visite au R\u00e9v\u00e9rend Docteur Mamadou Philippe Karambiri - Vox Sahel","robots":{"index":"index","follow":"follow","max-snippet":"max-snippet:-1","max-image-preview":"max-image-preview:large","max-video-preview":"max-video-preview:-1"},"canonical":"https:\/\/voxsahel.com\/?p=929","og_locale":"fr_FR","og_type":"article","og_title":"Audience : La CP-AES rend visite au R\u00e9v\u00e9rend Docteur Mamadou Philippe Karambiri - Vox Sahel","og_description":"Une d\u00e9l\u00e9gation de la conf\u00e9d\u00e9ration des peuples de l&rsquo;alliance des Etats du Sahel (CP-AES) compos\u00e9e","og_url":"https:\/\/voxsahel.com\/?p=929","og_site_name":"Vox Sahel","article_publisher":"https:\/\/www.facebook.com\/journal.voxsahel","article_published_time":"2024-11-22T20:32:27+00:00","og_image":[{"width":1040,"height":780,"url":"https:\/\/voxsahel.com\/wp-content\/uploads\/2024\/11\/e7b1756a-2202-4ff4-ab5e-247fde9a249b.jpeg","type":"image\/jpeg"}],"author":"Vox Sahel","twitter_card":"summary_large_image","twitter_misc":{"\u00c9crit par":"Vox Sahel","Dur\u00e9e de lecture estim\u00e9e":"3 minutes"},"schema":{"@context":"https:\/\/schema.org","@graph":[{"@type":"Article","@id":"https:\/\/voxsahel.com\/?p=929#article","isPartOf":{"@id":"https:\/\/voxsahel.com\/?p=929"},"author":{"name":"Vox Sahel","@id":"https:\/\/voxsahel.com\/#\/schema\/person\/b4043608248f8fa227cd760e7ff1e19e"},"headline":"Audience : La CP-AES rend visite au R\u00e9v\u00e9rend Docteur Mamadou Philippe Karambiri","datePublished":"2024-11-22T20:32:27+00:00","mainEntityOfPage":{"@id":"https:\/\/voxsahel.com\/?p=929"},"wordCount":487,"commentCount":0,"publisher":{"@id":"https:\/\/voxsahel.com\/#organization"},"image":{"@id":"https:\/\/voxsahel.com\/?p=929#primaryimage"},"thumbnailUrl":"https:\/\/voxsahel.com\/wp-content\/uploads\/2024\/11\/e7b1756a-2202-4ff4-ab5e-247fde9a249b.jpeg","articleSection":["SOCIETE"],"inLanguage":"fr-FR","potentialAction":[{"@type":"CommentAction","name":"Comment","target":["https:\/\/voxsahel.com\/?p=929#respond"]}]},{"@type":"WebPage","@id":"https:\/\/voxsahel.com\/?p=929","url":"https:\/\/voxsahel.com\/?p=929","name":"Audience : La CP-AES rend visite au R\u00e9v\u00e9rend Docteur Mamadou Philippe Karambiri - Vox Sahel","isPartOf":{"@id":"https:\/\/voxsahel.com\/#website"},"primaryImageOfPage":{"@id":"https:\/\/voxsahel.com\/?p=929#primaryimage"},"image":{"@id":"https:\/\/voxsahel.com\/?p=929#primaryimage"},"thumbnailUrl":"https:\/\/voxsahel.com\/wp-content\/uploads\/2024\/11\/e7b1756a-2202-4ff4-ab5e-247fde9a249b.jpeg","datePublished":"2024-11-22T20:32:27+00:00","breadcrumb":{"@id":"https:\/\/voxsahel.com\/?p=929#breadcrumb"},"inLanguage":"fr-FR","potentialAction":[{"@type":"ReadAction","target":["https:\/\/voxsahel.com\/?p=929"]}]},{"@type":"ImageObject","inLanguage":"fr-FR","@id":"https:\/\/voxsahel.com\/?p=929#primaryimage","url":"https:\/\/voxsahel.com\/wp-content\/uploads\/2024\/11\/e7b1756a-2202-4ff4-ab5e-247fde9a249b.jpeg","contentUrl":"https:\/\/voxsahel.com\/wp-content\/uploads\/2024\/11\/e7b1756a-2202-4ff4-ab5e-247fde9a249b.jpeg","width":1040,"height":780},{"@type":"BreadcrumbList","@id":"https:\/\/voxsahel.com\/?p=929#breadcrumb","itemListElement":[{"@type":"ListItem","position":1,"name":"Home","item":"https:\/\/voxsahel.com\/"},{"@type":"ListItem","position":2,"name":"Audience : La CP-AES rend visite au R\u00e9v\u00e9rend Docteur Mamadou Philippe Karambiri"}]},{"@type":"WebSite","@id":"https:\/\/voxsahel.com\/#website","url":"https:\/\/voxsahel.com\/","name":"Vox Sahel","description":"Informez-vous sur le Sahel en un clic","publisher":{"@id":"https:\/\/voxsahel.com\/#organization"},"potentialAction":[{"@type":"SearchAction","target":{"@type":"EntryPoint","urlTemplate":"https:\/\/voxsahel.com\/?s={search_term_string}"},"query-input":{"@type":"PropertyValueSpecification","valueRequired":true,"valueName":"search_term_string"}}],"inLanguage":"fr-FR"},{"@type":"Organization","@id":"https:\/\/voxsahel.com\/#organization","name":"Vox Sahel","url":"https:\/\/voxsahel.com\/","logo":{"@type":"ImageObject","inLanguage":"fr-FR","@id":"https:\/\/voxsahel.com\/#\/schema\/logo\/image\/","url":"https:\/\/voxsahel.com\/wp-content\/uploads\/2024\/09\/Logo-Vox-Sahel.jpg","contentUrl":"https:\/\/voxsahel.com\/wp-content\/uploads\/2024\/09\/Logo-Vox-Sahel.jpg","width":1181,"height":848,"caption":"Vox Sahel"},"image":{"@id":"https:\/\/voxsahel.com\/#\/schema\/logo\/image\/"},"sameAs":["https:\/\/www.facebook.com\/journal.voxsahel"]},{"@type":"Person","@id":"https:\/\/voxsahel.com\/#\/schema\/person\/b4043608248f8fa227cd760e7ff1e19e","name":"Vox Sahel","image":{"@type":"ImageObject","inLanguage":"fr-FR","@id":"https:\/\/secure.gravatar.com\/avatar\/f70e7fa0cb9b29d4a7c5788d6eb2e9ab4d3135cbae1c9161810fdf77a8964699?s=96&d=mm&r=g","url":"https:\/\/secure.gravatar.com\/avatar\/f70e7fa0cb9b29d4a7c5788d6eb2e9ab4d3135cbae1c9161810fdf77a8964699?s=96&d=mm&r=g","contentUrl":"https:\/\/secure.gravatar.com\/avatar\/f70e7fa0cb9b29d4a7c5788d6eb2e9ab4d3135cbae1c9161810fdf77a8964699?s=96&d=mm&r=g","caption":"Vox Sahel"},"sameAs":["http:\/\/www.voxsahel.com"],"url":"https:\/\/voxsahel.com\/?author=2"}]}},"_links":{"self":[{"href":"https:\/\/voxsahel.com\/index.php?rest_route=\/wp\/v2\/posts\/929","targetHints":{"allow":["GET"]}}],"collection":[{"href":"https:\/\/voxsahel.com\/index.php?rest_route=\/wp\/v2\/posts"}],"about":[{"href":"https:\/\/voxsahel.com\/index.php?rest_route=\/wp\/v2\/types\/post"}],"author":[{"embeddable":true,"href":"https:\/\/voxsahel.com\/index.php?rest_route=\/wp\/v2\/users\/2"}],"replies":[{"embeddable":true,"href":"https:\/\/voxsahel.com\/index.php?rest_route=%2Fwp%2Fv2%2Fcomments&post=929"}],"version-history":[{"count":1,"href":"https:\/\/voxsahel.com\/index.php?rest_route=\/wp\/v2\/posts\/929\/revisions"}],"predecessor-version":[{"id":931,"href":"https:\/\/voxsahel.com\/index.php?rest_route=\/wp\/v2\/posts\/929\/revisions\/931"}],"wp:featuredmedia":[{"embeddable":true,"href":"https:\/\/voxsahel.com\/index.php?rest_route=\/wp\/v2\/media\/930"}],"wp:attachment":[{"href":"https:\/\/voxsahel.com\/index.php?rest_route=%2Fwp%2Fv2%2Fmedia&parent=929"}],"wp:term":[{"taxonomy":"category","embeddable":true,"href":"https:\/\/voxsahel.com\/index.php?rest_route=%2Fwp%2Fv2%2Fcategories&post=929"},{"taxonomy":"post_tag","embeddable":true,"href":"https:\/\/voxsahel.com\/index.php?rest_route=%2Fwp%2Fv2%2Ftags&post=929"}],"curies":[{"name":"wp","href":"https:\/\/api.w.org\/{rel}","templated":true}]}}