{"id":911,"date":"2024-11-20T07:56:32","date_gmt":"2024-11-20T07:56:32","guid":{"rendered":"https:\/\/voxsahel.com\/?p=911"},"modified":"2024-11-20T07:56:32","modified_gmt":"2024-11-20T07:56:32","slug":"declaration-de-la-cp-aes-reprobation-des-critiques-de-dr-choguel-kokalla-maiga-et-soutien-au-leadership-du-general-assimi-goita","status":"publish","type":"post","link":"https:\/\/voxsahel.com\/?p=911","title":{"rendered":"D\u00e9claration de la CP-AES : R\u00e9probation des critiques de Dr Choguel Kokalla Ma\u00efga et soutien au leadership du G\u00e9n\u00e9ral Assimi Go\u00efta"},"content":{"rendered":"<p class=\"p1\">La Conf\u00e9d\u00e9ration des Peuples de l&rsquo;AES (CP-AES) condamne fermement les critiques formul\u00e9es par le Dr Choguel Kokalla Ma\u00efga \u00e0 l&rsquo;encontre des autorit\u00e9s maliennes lors d&rsquo;une r\u00e9union du M5-RFP. Dans un contexte o\u00f9 l&rsquo;unit\u00e9 et la mobilisation sont cruciales pour pr\u00e9server la souverainet\u00e9 et la stabilit\u00e9 de la r\u00e9gion, le CP-AES r\u00e9it\u00e8re son soutien ind\u00e9fectible au leadership du g\u00e9n\u00e9ral Assimi Go\u00efta et appelle \u00e0 la vigilance face \u00e0 toute tentative de d\u00e9stabilisation.<\/p>\n<p class=\"p1\"><span class=\"s1\">MESSAGE DE LA CP-AES SUITE A LA SORTIE M\u00c9DIATIQUE INOPPORTUNE DE DR CHOGUEL KOKALLA MAIGA CONTRE LES AUTORIT\u00c9S MALIENNES<\/span><\/p>\n<p class=\"p1\"><span class=\"s1\">La conf\u00e9d\u00e9ration des peuples de l&rsquo;AES (CP-AES) a \u00e9t\u00e9 surprise et tr\u00e8s pr\u00e9occup\u00e9e de constater la sortie m\u00e9diatique de Dr Choguel Kokalla MAIGA dans un discours au ton r\u00e9quisitoire et offensif<span class=\"Apple-converted-space\">\u00a0 <\/span>contre les plus hautes autorit\u00e9s du Mali au cours d&rsquo;un meeting face \u00e0 ses partisans du M5-RFP au CICB le samedi 16 novembre 2024.<\/span><\/p>\n<p class=\"p1\"><span class=\"s1\">En effet, un meeting sens\u00e9 comm\u00e9mor\u00e9 la reprise de Kidal par les forces arm\u00e9es maliennes (FAMA) le 14 novembre 2023, s&rsquo;est transform\u00e9 en une diatribe contre les autorit\u00e9s militaires du Mali qui n&rsquo;ont pas \u00e9chapp\u00e9es aux critiques ouvertes et frontales du chef du gouvernement.<\/span><\/p>\n<p class=\"p1\"><span class=\"s1\">*La CP-AES, face \u00e0 cette situation, exprime sa vive pr\u00e9occupation et se demande sur les r\u00e9elles motivations de tels agissements de la part de l&rsquo;int\u00e9ress\u00e9 sens\u00e9 \u00eatre un des acteurs de premier plan de la transition malienne.*<\/span><\/p>\n<p class=\"p1\"><span class=\"s1\">Au moment o\u00f9 les peuples du Mali en particulier et la conf\u00e9d\u00e9ration de l&rsquo;AES en g\u00e9n\u00e9ral sont r\u00e9solument engag\u00e9s et tous mobilis\u00e9s comme un seul homme derri\u00e8re les autorit\u00e9s de l&rsquo;AES sous le leadership de son pr\u00e9sident en exercice le g\u00e9n\u00e9ral d&rsquo;arm\u00e9e Assimi GO\u00cfTA pour lutter contre les ennemis int\u00e9rieurs et ext\u00e9rieurs, la CP-AES ne peut tol\u00e9rer des attitudes de diversion contraires aux id\u00e9aux de la conf\u00e9d\u00e9ration et aux int\u00e9r\u00eats des peuples.<\/span><\/p>\n<p class=\"p1\"><span class=\"s1\">La CP-AES exprime son soutien sans r\u00e9serve aux plus hautes autorit\u00e9s du Mali et invite le peuple malien \u00e0 la vigilance face \u00e0 toute tentative de d\u00e9tournement de son combat pour sa dignit\u00e9 et sa souverainet\u00e9 et face \u00e0 toute man\u0153uvre de d\u00e9stabilisation des autorit\u00e9s.<\/span><\/p>\n<p class=\"p1\"><span class=\"s1\">La CP-AES, tout en r\u00e9it\u00e9rant sa confiance aux plus hautes autorit\u00e9s maliennes, les sollicite \u00e0 tirer toutes les cons\u00e9quences de tels agissements afin de donner une coh\u00e9rence \u00e0 l&rsquo;action gouvernementale au sommet de l&rsquo;\u00c9tat.<\/span><\/p>\n<p class=\"p1\" style=\"text-align: right;\"><span class=\"s1\"><b>Peuples de l&rsquo;AES unis et solidaires NOUS VAINCRONS.<\/b><\/span><\/p>\n<p class=\"p1\" style=\"text-align: right;\"><span class=\"s1\"><b>Bamako, Ouagadougou et Niamey le 18 novembre 2024.\u00a0<\/b><\/span><\/p>\n","protected":false},"excerpt":{"rendered":"<p>La Conf\u00e9d\u00e9ration des Peuples de l&rsquo;AES (CP-AES) condamne fermement les critiques formul\u00e9es par le Dr<\/p>\n","protected":false},"author":2,"featured_media":912,"comment_status":"open","ping_status":"open","sticky":false,"template":"","format":"standard","meta":{"_et_pb_use_builder":"","_et_pb_old_content":"","_et_gb_content_width":"","footnotes":""},"categories":[5],"tags":[61,62,124,18,123,353,262,449,450,31,60],"class_list":["post-911","post","type-post","status-publish","format-standard","has-post-thumbnail","hentry","category-societe","tag-aes","tag-alliance-des-etats-du-sahel","tag-assimi-goita","tag-burkina-faso","tag-confederation-de-lalliances-des-etats-du-sahel","tag-confederation-des-peuples-de-lalliance-des-etats-du-sahel","tag-cp-aes","tag-dr-choguel-kokalla-maiga","tag-m5-rfp","tag-mali","tag-niger"],"yoast_head":"<!-- This site is optimized with the Yoast SEO plugin v27.5 - https:\/\/yoast.com\/product\/yoast-seo-wordpress\/ -->\n<title>D\u00e9claration de la CP-AES : R\u00e9probation des critiques de Dr Choguel Kokalla Ma\u00efga et soutien au leadership du G\u00e9n\u00e9ral Assimi Go\u00efta - Vox Sahel<\/title>\n<meta name=\"robots\" content=\"index, follow, max-snippet:-1, max-image-preview:large, max-video-preview:-1\" \/>\n<link rel=\"canonical\" href=\"https:\/\/voxsahel.com\/?p=911\" \/>\n<meta property=\"og:locale\" content=\"fr_FR\" \/>\n<meta property=\"og:type\" content=\"article\" \/>\n<meta property=\"og:title\" content=\"D\u00e9claration de la CP-AES : R\u00e9probation des critiques de Dr Choguel Kokalla Ma\u00efga et soutien au leadership du G\u00e9n\u00e9ral Assimi Go\u00efta - Vox Sahel\" \/>\n<meta property=\"og:description\" content=\"La Conf\u00e9d\u00e9ration des Peuples de l&rsquo;AES (CP-AES) condamne fermement les critiques formul\u00e9es par le Dr\" \/>\n<meta property=\"og:url\" content=\"https:\/\/voxsahel.com\/?p=911\" \/>\n<meta property=\"og:site_name\" content=\"Vox Sahel\" \/>\n<meta property=\"article:publisher\" content=\"https:\/\/www.facebook.com\/journal.voxsahel\" \/>\n<meta property=\"article:published_time\" content=\"2024-11-20T07:56:32+00:00\" \/>\n<meta property=\"og:image\" content=\"https:\/\/voxsahel.com\/wp-content\/uploads\/2024\/11\/183c1aaa-3e1e-41f3-931e-8d9b55fcd1d8.jpeg\" \/>\n\t<meta property=\"og:image:width\" content=\"557\" \/>\n\t<meta property=\"og:image:height\" content=\"458\" \/>\n\t<meta property=\"og:image:type\" content=\"image\/jpeg\" \/>\n<meta name=\"author\" content=\"Vox Sahel\" \/>\n<meta name=\"twitter:card\" content=\"summary_large_image\" \/>\n<meta name=\"twitter:label1\" content=\"\u00c9crit par\" \/>\n\t<meta name=\"twitter:data1\" content=\"Vox Sahel\" \/>\n\t<meta name=\"twitter:label2\" content=\"Dur\u00e9e de lecture estim\u00e9e\" \/>\n\t<meta name=\"twitter:data2\" content=\"3 minutes\" \/>\n<script type=\"application\/ld+json\" class=\"yoast-schema-graph\">{\"@context\":\"https:\\\/\\\/schema.org\",\"@graph\":[{\"@type\":\"Article\",\"@id\":\"https:\\\/\\\/voxsahel.com\\\/?p=911#article\",\"isPartOf\":{\"@id\":\"https:\\\/\\\/voxsahel.com\\\/?p=911\"},\"author\":{\"name\":\"Vox Sahel\",\"@id\":\"https:\\\/\\\/voxsahel.com\\\/#\\\/schema\\\/person\\\/b4043608248f8fa227cd760e7ff1e19e\"},\"headline\":\"D\u00e9claration de la CP-AES : R\u00e9probation des critiques de Dr Choguel Kokalla Ma\u00efga et soutien au leadership du G\u00e9n\u00e9ral Assimi Go\u00efta\",\"datePublished\":\"2024-11-20T07:56:32+00:00\",\"mainEntityOfPage\":{\"@id\":\"https:\\\/\\\/voxsahel.com\\\/?p=911\"},\"wordCount\":485,\"commentCount\":0,\"publisher\":{\"@id\":\"https:\\\/\\\/voxsahel.com\\\/#organization\"},\"image\":{\"@id\":\"https:\\\/\\\/voxsahel.com\\\/?p=911#primaryimage\"},\"thumbnailUrl\":\"https:\\\/\\\/voxsahel.com\\\/wp-content\\\/uploads\\\/2024\\\/11\\\/183c1aaa-3e1e-41f3-931e-8d9b55fcd1d8.jpeg\",\"keywords\":[\"AES\",\"Alliance des \u00c9tats du Sahel\",\"Assimi GO\u00cfTA\",\"Burkina Faso\",\"Conf\u00e9d\u00e9ration de l\u2019Alliances des \u00c9tats du Sahel\",\"Conf\u00e9d\u00e9ration des Peuples de l'Alliance des \u00c9tats du Sahel\",\"CP-AES\",\"Dr Choguel Kokalla Ma\u00efga\",\"M5-RFP\",\"Mali\",\"Niger\"],\"articleSection\":[\"SOCIETE\"],\"inLanguage\":\"fr-FR\",\"potentialAction\":[{\"@type\":\"CommentAction\",\"name\":\"Comment\",\"target\":[\"https:\\\/\\\/voxsahel.com\\\/?p=911#respond\"]}]},{\"@type\":\"WebPage\",\"@id\":\"https:\\\/\\\/voxsahel.com\\\/?p=911\",\"url\":\"https:\\\/\\\/voxsahel.com\\\/?p=911\",\"name\":\"D\u00e9claration de la CP-AES : R\u00e9probation des critiques de Dr Choguel Kokalla Ma\u00efga et soutien au leadership du G\u00e9n\u00e9ral Assimi Go\u00efta - Vox Sahel\",\"isPartOf\":{\"@id\":\"https:\\\/\\\/voxsahel.com\\\/#website\"},\"primaryImageOfPage\":{\"@id\":\"https:\\\/\\\/voxsahel.com\\\/?p=911#primaryimage\"},\"image\":{\"@id\":\"https:\\\/\\\/voxsahel.com\\\/?p=911#primaryimage\"},\"thumbnailUrl\":\"https:\\\/\\\/voxsahel.com\\\/wp-content\\\/uploads\\\/2024\\\/11\\\/183c1aaa-3e1e-41f3-931e-8d9b55fcd1d8.jpeg\",\"datePublished\":\"2024-11-20T07:56:32+00:00\",\"breadcrumb\":{\"@id\":\"https:\\\/\\\/voxsahel.com\\\/?p=911#breadcrumb\"},\"inLanguage\":\"fr-FR\",\"potentialAction\":[{\"@type\":\"ReadAction\",\"target\":[\"https:\\\/\\\/voxsahel.com\\\/?p=911\"]}]},{\"@type\":\"ImageObject\",\"inLanguage\":\"fr-FR\",\"@id\":\"https:\\\/\\\/voxsahel.com\\\/?p=911#primaryimage\",\"url\":\"https:\\\/\\\/voxsahel.com\\\/wp-content\\\/uploads\\\/2024\\\/11\\\/183c1aaa-3e1e-41f3-931e-8d9b55fcd1d8.jpeg\",\"contentUrl\":\"https:\\\/\\\/voxsahel.com\\\/wp-content\\\/uploads\\\/2024\\\/11\\\/183c1aaa-3e1e-41f3-931e-8d9b55fcd1d8.jpeg\",\"width\":557,\"height\":458},{\"@type\":\"BreadcrumbList\",\"@id\":\"https:\\\/\\\/voxsahel.com\\\/?p=911#breadcrumb\",\"itemListElement\":[{\"@type\":\"ListItem\",\"position\":1,\"name\":\"Home\",\"item\":\"https:\\\/\\\/voxsahel.com\\\/\"},{\"@type\":\"ListItem\",\"position\":2,\"name\":\"D\u00e9claration de la CP-AES : R\u00e9probation des critiques de Dr Choguel Kokalla Ma\u00efga et soutien au leadership du G\u00e9n\u00e9ral Assimi Go\u00efta\"}]},{\"@type\":\"WebSite\",\"@id\":\"https:\\\/\\\/voxsahel.com\\\/#website\",\"url\":\"https:\\\/\\\/voxsahel.com\\\/\",\"name\":\"Vox Sahel\",\"description\":\"Informez-vous sur le Sahel en un clic\",\"publisher\":{\"@id\":\"https:\\\/\\\/voxsahel.com\\\/#organization\"},\"potentialAction\":[{\"@type\":\"SearchAction\",\"target\":{\"@type\":\"EntryPoint\",\"urlTemplate\":\"https:\\\/\\\/voxsahel.com\\\/?s={search_term_string}\"},\"query-input\":{\"@type\":\"PropertyValueSpecification\",\"valueRequired\":true,\"valueName\":\"search_term_string\"}}],\"inLanguage\":\"fr-FR\"},{\"@type\":\"Organization\",\"@id\":\"https:\\\/\\\/voxsahel.com\\\/#organization\",\"name\":\"Vox Sahel\",\"url\":\"https:\\\/\\\/voxsahel.com\\\/\",\"logo\":{\"@type\":\"ImageObject\",\"inLanguage\":\"fr-FR\",\"@id\":\"https:\\\/\\\/voxsahel.com\\\/#\\\/schema\\\/logo\\\/image\\\/\",\"url\":\"https:\\\/\\\/voxsahel.com\\\/wp-content\\\/uploads\\\/2024\\\/09\\\/Logo-Vox-Sahel.jpg\",\"contentUrl\":\"https:\\\/\\\/voxsahel.com\\\/wp-content\\\/uploads\\\/2024\\\/09\\\/Logo-Vox-Sahel.jpg\",\"width\":1181,\"height\":848,\"caption\":\"Vox Sahel\"},\"image\":{\"@id\":\"https:\\\/\\\/voxsahel.com\\\/#\\\/schema\\\/logo\\\/image\\\/\"},\"sameAs\":[\"https:\\\/\\\/www.facebook.com\\\/journal.voxsahel\"]},{\"@type\":\"Person\",\"@id\":\"https:\\\/\\\/voxsahel.com\\\/#\\\/schema\\\/person\\\/b4043608248f8fa227cd760e7ff1e19e\",\"name\":\"Vox Sahel\",\"image\":{\"@type\":\"ImageObject\",\"inLanguage\":\"fr-FR\",\"@id\":\"https:\\\/\\\/secure.gravatar.com\\\/avatar\\\/f70e7fa0cb9b29d4a7c5788d6eb2e9ab4d3135cbae1c9161810fdf77a8964699?s=96&d=mm&r=g\",\"url\":\"https:\\\/\\\/secure.gravatar.com\\\/avatar\\\/f70e7fa0cb9b29d4a7c5788d6eb2e9ab4d3135cbae1c9161810fdf77a8964699?s=96&d=mm&r=g\",\"contentUrl\":\"https:\\\/\\\/secure.gravatar.com\\\/avatar\\\/f70e7fa0cb9b29d4a7c5788d6eb2e9ab4d3135cbae1c9161810fdf77a8964699?s=96&d=mm&r=g\",\"caption\":\"Vox Sahel\"},\"sameAs\":[\"http:\\\/\\\/www.voxsahel.com\"],\"url\":\"https:\\\/\\\/voxsahel.com\\\/?author=2\"}]}<\/script>\n<!-- \/ Yoast SEO plugin. -->","yoast_head_json":{"title":"D\u00e9claration de la CP-AES : R\u00e9probation des critiques de Dr Choguel Kokalla Ma\u00efga et soutien au leadership du G\u00e9n\u00e9ral Assimi Go\u00efta - Vox Sahel","robots":{"index":"index","follow":"follow","max-snippet":"max-snippet:-1","max-image-preview":"max-image-preview:large","max-video-preview":"max-video-preview:-1"},"canonical":"https:\/\/voxsahel.com\/?p=911","og_locale":"fr_FR","og_type":"article","og_title":"D\u00e9claration de la CP-AES : R\u00e9probation des critiques de Dr Choguel Kokalla Ma\u00efga et soutien au leadership du G\u00e9n\u00e9ral Assimi Go\u00efta - Vox Sahel","og_description":"La Conf\u00e9d\u00e9ration des Peuples de l&rsquo;AES (CP-AES) condamne fermement les critiques formul\u00e9es par le Dr","og_url":"https:\/\/voxsahel.com\/?p=911","og_site_name":"Vox Sahel","article_publisher":"https:\/\/www.facebook.com\/journal.voxsahel","article_published_time":"2024-11-20T07:56:32+00:00","og_image":[{"width":557,"height":458,"url":"https:\/\/voxsahel.com\/wp-content\/uploads\/2024\/11\/183c1aaa-3e1e-41f3-931e-8d9b55fcd1d8.jpeg","type":"image\/jpeg"}],"author":"Vox Sahel","twitter_card":"summary_large_image","twitter_misc":{"\u00c9crit par":"Vox Sahel","Dur\u00e9e de lecture estim\u00e9e":"3 minutes"},"schema":{"@context":"https:\/\/schema.org","@graph":[{"@type":"Article","@id":"https:\/\/voxsahel.com\/?p=911#article","isPartOf":{"@id":"https:\/\/voxsahel.com\/?p=911"},"author":{"name":"Vox Sahel","@id":"https:\/\/voxsahel.com\/#\/schema\/person\/b4043608248f8fa227cd760e7ff1e19e"},"headline":"D\u00e9claration de la CP-AES : R\u00e9probation des critiques de Dr Choguel Kokalla Ma\u00efga et soutien au leadership du G\u00e9n\u00e9ral Assimi Go\u00efta","datePublished":"2024-11-20T07:56:32+00:00","mainEntityOfPage":{"@id":"https:\/\/voxsahel.com\/?p=911"},"wordCount":485,"commentCount":0,"publisher":{"@id":"https:\/\/voxsahel.com\/#organization"},"image":{"@id":"https:\/\/voxsahel.com\/?p=911#primaryimage"},"thumbnailUrl":"https:\/\/voxsahel.com\/wp-content\/uploads\/2024\/11\/183c1aaa-3e1e-41f3-931e-8d9b55fcd1d8.jpeg","keywords":["AES","Alliance des \u00c9tats du Sahel","Assimi GO\u00cfTA","Burkina Faso","Conf\u00e9d\u00e9ration de l\u2019Alliances des \u00c9tats du Sahel","Conf\u00e9d\u00e9ration des Peuples de l'Alliance des \u00c9tats du Sahel","CP-AES","Dr Choguel Kokalla Ma\u00efga","M5-RFP","Mali","Niger"],"articleSection":["SOCIETE"],"inLanguage":"fr-FR","potentialAction":[{"@type":"CommentAction","name":"Comment","target":["https:\/\/voxsahel.com\/?p=911#respond"]}]},{"@type":"WebPage","@id":"https:\/\/voxsahel.com\/?p=911","url":"https:\/\/voxsahel.com\/?p=911","name":"D\u00e9claration de la CP-AES : R\u00e9probation des critiques de Dr Choguel Kokalla Ma\u00efga et soutien au leadership du G\u00e9n\u00e9ral Assimi Go\u00efta - Vox Sahel","isPartOf":{"@id":"https:\/\/voxsahel.com\/#website"},"primaryImageOfPage":{"@id":"https:\/\/voxsahel.com\/?p=911#primaryimage"},"image":{"@id":"https:\/\/voxsahel.com\/?p=911#primaryimage"},"thumbnailUrl":"https:\/\/voxsahel.com\/wp-content\/uploads\/2024\/11\/183c1aaa-3e1e-41f3-931e-8d9b55fcd1d8.jpeg","datePublished":"2024-11-20T07:56:32+00:00","breadcrumb":{"@id":"https:\/\/voxsahel.com\/?p=911#breadcrumb"},"inLanguage":"fr-FR","potentialAction":[{"@type":"ReadAction","target":["https:\/\/voxsahel.com\/?p=911"]}]},{"@type":"ImageObject","inLanguage":"fr-FR","@id":"https:\/\/voxsahel.com\/?p=911#primaryimage","url":"https:\/\/voxsahel.com\/wp-content\/uploads\/2024\/11\/183c1aaa-3e1e-41f3-931e-8d9b55fcd1d8.jpeg","contentUrl":"https:\/\/voxsahel.com\/wp-content\/uploads\/2024\/11\/183c1aaa-3e1e-41f3-931e-8d9b55fcd1d8.jpeg","width":557,"height":458},{"@type":"BreadcrumbList","@id":"https:\/\/voxsahel.com\/?p=911#breadcrumb","itemListElement":[{"@type":"ListItem","position":1,"name":"Home","item":"https:\/\/voxsahel.com\/"},{"@type":"ListItem","position":2,"name":"D\u00e9claration de la CP-AES : R\u00e9probation des critiques de Dr Choguel Kokalla Ma\u00efga et soutien au leadership du G\u00e9n\u00e9ral Assimi Go\u00efta"}]},{"@type":"WebSite","@id":"https:\/\/voxsahel.com\/#website","url":"https:\/\/voxsahel.com\/","name":"Vox Sahel","description":"Informez-vous sur le Sahel en un clic","publisher":{"@id":"https:\/\/voxsahel.com\/#organization"},"potentialAction":[{"@type":"SearchAction","target":{"@type":"EntryPoint","urlTemplate":"https:\/\/voxsahel.com\/?s={search_term_string}"},"query-input":{"@type":"PropertyValueSpecification","valueRequired":true,"valueName":"search_term_string"}}],"inLanguage":"fr-FR"},{"@type":"Organization","@id":"https:\/\/voxsahel.com\/#organization","name":"Vox Sahel","url":"https:\/\/voxsahel.com\/","logo":{"@type":"ImageObject","inLanguage":"fr-FR","@id":"https:\/\/voxsahel.com\/#\/schema\/logo\/image\/","url":"https:\/\/voxsahel.com\/wp-content\/uploads\/2024\/09\/Logo-Vox-Sahel.jpg","contentUrl":"https:\/\/voxsahel.com\/wp-content\/uploads\/2024\/09\/Logo-Vox-Sahel.jpg","width":1181,"height":848,"caption":"Vox Sahel"},"image":{"@id":"https:\/\/voxsahel.com\/#\/schema\/logo\/image\/"},"sameAs":["https:\/\/www.facebook.com\/journal.voxsahel"]},{"@type":"Person","@id":"https:\/\/voxsahel.com\/#\/schema\/person\/b4043608248f8fa227cd760e7ff1e19e","name":"Vox Sahel","image":{"@type":"ImageObject","inLanguage":"fr-FR","@id":"https:\/\/secure.gravatar.com\/avatar\/f70e7fa0cb9b29d4a7c5788d6eb2e9ab4d3135cbae1c9161810fdf77a8964699?s=96&d=mm&r=g","url":"https:\/\/secure.gravatar.com\/avatar\/f70e7fa0cb9b29d4a7c5788d6eb2e9ab4d3135cbae1c9161810fdf77a8964699?s=96&d=mm&r=g","contentUrl":"https:\/\/secure.gravatar.com\/avatar\/f70e7fa0cb9b29d4a7c5788d6eb2e9ab4d3135cbae1c9161810fdf77a8964699?s=96&d=mm&r=g","caption":"Vox Sahel"},"sameAs":["http:\/\/www.voxsahel.com"],"url":"https:\/\/voxsahel.com\/?author=2"}]}},"_links":{"self":[{"href":"https:\/\/voxsahel.com\/index.php?rest_route=\/wp\/v2\/posts\/911","targetHints":{"allow":["GET"]}}],"collection":[{"href":"https:\/\/voxsahel.com\/index.php?rest_route=\/wp\/v2\/posts"}],"about":[{"href":"https:\/\/voxsahel.com\/index.php?rest_route=\/wp\/v2\/types\/post"}],"author":[{"embeddable":true,"href":"https:\/\/voxsahel.com\/index.php?rest_route=\/wp\/v2\/users\/2"}],"replies":[{"embeddable":true,"href":"https:\/\/voxsahel.com\/index.php?rest_route=%2Fwp%2Fv2%2Fcomments&post=911"}],"version-history":[{"count":1,"href":"https:\/\/voxsahel.com\/index.php?rest_route=\/wp\/v2\/posts\/911\/revisions"}],"predecessor-version":[{"id":913,"href":"https:\/\/voxsahel.com\/index.php?rest_route=\/wp\/v2\/posts\/911\/revisions\/913"}],"wp:featuredmedia":[{"embeddable":true,"href":"https:\/\/voxsahel.com\/index.php?rest_route=\/wp\/v2\/media\/912"}],"wp:attachment":[{"href":"https:\/\/voxsahel.com\/index.php?rest_route=%2Fwp%2Fv2%2Fmedia&parent=911"}],"wp:term":[{"taxonomy":"category","embeddable":true,"href":"https:\/\/voxsahel.com\/index.php?rest_route=%2Fwp%2Fv2%2Fcategories&post=911"},{"taxonomy":"post_tag","embeddable":true,"href":"https:\/\/voxsahel.com\/index.php?rest_route=%2Fwp%2Fv2%2Ftags&post=911"}],"curies":[{"name":"wp","href":"https:\/\/api.w.org\/{rel}","templated":true}]}}