{"id":905,"date":"2024-11-19T16:44:35","date_gmt":"2024-11-19T16:44:35","guid":{"rendered":"https:\/\/voxsahel.com\/?p=905"},"modified":"2024-11-19T16:44:35","modified_gmt":"2024-11-19T16:44:35","slug":"etalon-du-burkina-faso-le-capitaine-traore-deplore-labsence-d-un-percuteur-un-leader-et-meneur-dhommes-dans-le-groupe","status":"publish","type":"post","link":"https:\/\/voxsahel.com\/?p=905","title":{"rendered":"Etalon du Burkina Faso : Le Capitaine Traor\u00e9 d\u00e9plore l\u2019absence d\u2019\u00ab un percuteur \u00bb, un leader et meneur d\u2019hommes dans le groupe"},"content":{"rendered":"<p>Le Pr\u00e9sident du Faso, Chef de l\u2019Etat, le Capitaine Ibrahim TRAORE a eu, ce mardi dans la matin\u00e9e, des \u00e9changes avec l\u2019\u00e9quipe nationale de football, les Etalons. Il a remont\u00e9 le moral des joueurs avant de les engager \u00e0 donner le meilleur d\u2019eux-m\u00eames pour le bonheur du peuple.<\/p>\n<p>Au cours de cette rencontre avec l\u2019\u00e9quipe nationale qualifi\u00e9e pour la Coupe d\u2019Afrique des Nations (CAN) 2025 au Maroc, le Chef de l\u2019Etat s\u2019est r\u00e9joui des efforts consentis par l\u2019encadrement technique, le minist\u00e8re en charge des Sports et la F\u00e9d\u00e9ration burkinab\u00e8 de football pour ramener la coh\u00e9sion au sein de l\u2019\u00e9quipe nationale. Il a encourag\u00e9 le staff technique \u00e0 poursuivre dans la m\u00eame dynamique.<\/p>\n<p>Aux joueurs qui reviennent d\u2019une d\u00e9faite contre le Malawi, le Pr\u00e9sident du Faso a prodigu\u00e9 des conseils. \u00ab Il faut vous mettre dans la peau d\u2019un soldat. Les combattants suivent les matchs et les victoires les motivent. Chaque fois que vous gagnez, c\u2019est beaucoup de vies que vous sauvez \u00bb, leur a fait comprendre le Chef de l\u2019Etat.<\/p>\n<p>Partageant son exp\u00e9rience du front de la lutte contre le terrorisme, il a invit\u00e9 les joueurs \u00e0 se poser toujours des questions, \u00e0 prendre conscience de ce qui n\u2019a pas march\u00e9 afin de r\u00e9articuler le jeu pour mieux se relancer dans la conqu\u00eate des victoires. \u00ab Un jeune ne perd pas le moral. Il a de l\u2019espoir et il a confiance en lui \u00bb, a-t-il dit au onze national, tout en encourageant les joueurs \u00e0 plus d\u2019audace.<\/p>\n<p>Le Pr\u00e9sident du Faso a, par ailleurs, appr\u00e9ci\u00e9 l\u2019esprit collectif qui pr\u00e9vaut sur le terrain. \u00ab Le match contre le S\u00e9n\u00e9gal, j\u2019ai beaucoup appr\u00e9ci\u00e9. On commence \u00e0 avoir une \u00e9quipe, un bloc. Je ne suis pas un technicien du foot, mais on sent qu\u2019il y a du collectif. Si vous continuez \u00e0 bosser dans ce sens, il y a de l\u2019avenir \u00bb, a-t-il indiqu\u00e9.<\/p>\n<p>Toutefois, le Chef de l\u2019Etat a d\u00e9plor\u00e9 l\u2019absence d\u2019\u00ab un percuteur \u00bb, ce leader et meneur d\u2019hommes, capable de catalyser toutes les \u00e9nergies pour venir \u00e0 bout de l&rsquo;adversaire. Il a aussi encourag\u00e9 les joueurs \u00e0 se former individuellement et demand\u00e9 \u00e0 l\u2019encadrement technique de cr\u00e9er un percuteur au sein de l\u2019\u00e9quipe.<\/p>\n<p>Le Capitaine Ibrahim TRAORE a, en outre, invit\u00e9 les Etalons \u00e0 se pr\u00e9parer d\u00e8s maintenant pour la CAN. \u00ab Vous \u00eates des personnalit\u00e9s publiques. Vous ne vous appartenez pas. Vous appartenez au peuple. Et tout ce que vous faites, c\u2019est pour le bonheur du peuple \u00bb, a soutenu le Chef de l\u2019Etat qui dit comprendre la complexit\u00e9 de la mission des joueurs. \u00ab Quand vous gagnez, les gens jubilent. Quand vous perdez, vous devez assumer. Il n\u2019y a pas \u00e0 se d\u00e9courager. Vous devez continuer \u00e0 vous battre \u00bb, a-t-il ajout\u00e9.<\/p>\n<p>Les Etalons, par la voix de leur porte-parole Issoufou DAYO, ont remerci\u00e9 le Pr\u00e9sident du Faso pour le soutien, et pris l&rsquo;engagement de donner le meilleur d\u2019eux-m\u00eames pour les prochaines comp\u00e9titions. Pour le Ministre des Sports, de la Jeunesse et de l&rsquo;Emploi An\u00fbuyirtole Roland SOMDA, cette rencontre avec les Etalons t\u00e9moigne de l\u2019importance que le Pr\u00e9sident du Faso accorde au sport.<\/p>\n<p style=\"text-align: right;\"><strong>\u00a0Direction de la communication de la Pr\u00e9sidence du Faso<\/strong><\/p>\n<p style=\"text-align: right;\"><strong>NB\u00a0:\u00a0 Le titre est de la r\u00e9daction<\/strong><\/p>\n","protected":false},"excerpt":{"rendered":"<p>Le Pr\u00e9sident du Faso, Chef de l\u2019Etat, le Capitaine Ibrahim TRAORE a eu, ce mardi<\/p>\n","protected":false},"author":2,"featured_media":906,"comment_status":"open","ping_status":"open","sticky":false,"template":"","format":"standard","meta":{"_et_pb_use_builder":"","_et_pb_old_content":"","_et_gb_content_width":"","footnotes":""},"categories":[12],"tags":[18,38,37,174,274,40,35,34],"class_list":["post-905","post","type-post","status-publish","format-standard","has-post-thumbnail","hentry","category-sports","tag-burkina-faso","tag-can","tag-can-maroc-2025","tag-capitaine-ibrahim-traore","tag-etalons","tag-federation-burkinabe-de-football","tag-football","tag-sport"],"yoast_head":"<!-- This site is optimized with the Yoast SEO plugin v27.5 - https:\/\/yoast.com\/product\/yoast-seo-wordpress\/ -->\n<title>Etalon du Burkina Faso : Le Capitaine Traor\u00e9 d\u00e9plore l\u2019absence d\u2019\u00ab un percuteur \u00bb, un leader et meneur d\u2019hommes dans le groupe - Vox Sahel<\/title>\n<meta name=\"robots\" content=\"index, follow, max-snippet:-1, max-image-preview:large, max-video-preview:-1\" \/>\n<link rel=\"canonical\" href=\"https:\/\/voxsahel.com\/?p=905\" \/>\n<meta property=\"og:locale\" content=\"fr_FR\" \/>\n<meta property=\"og:type\" content=\"article\" \/>\n<meta property=\"og:title\" content=\"Etalon du Burkina Faso : Le Capitaine Traor\u00e9 d\u00e9plore l\u2019absence d\u2019\u00ab un percuteur \u00bb, un leader et meneur d\u2019hommes dans le groupe - Vox Sahel\" \/>\n<meta property=\"og:description\" content=\"Le Pr\u00e9sident du Faso, Chef de l\u2019Etat, le Capitaine Ibrahim TRAORE a eu, ce mardi\" \/>\n<meta property=\"og:url\" content=\"https:\/\/voxsahel.com\/?p=905\" \/>\n<meta property=\"og:site_name\" content=\"Vox Sahel\" \/>\n<meta property=\"article:publisher\" content=\"https:\/\/www.facebook.com\/journal.voxsahel\" \/>\n<meta property=\"article:published_time\" content=\"2024-11-19T16:44:35+00:00\" \/>\n<meta property=\"og:image\" content=\"https:\/\/voxsahel.com\/wp-content\/uploads\/2024\/11\/Etalons.jpg\" \/>\n\t<meta property=\"og:image:width\" content=\"1204\" \/>\n\t<meta property=\"og:image:height\" content=\"1280\" \/>\n\t<meta property=\"og:image:type\" content=\"image\/jpeg\" \/>\n<meta name=\"author\" content=\"Vox Sahel\" \/>\n<meta name=\"twitter:card\" content=\"summary_large_image\" \/>\n<meta name=\"twitter:label1\" content=\"\u00c9crit par\" \/>\n\t<meta name=\"twitter:data1\" content=\"Vox Sahel\" \/>\n\t<meta name=\"twitter:label2\" content=\"Dur\u00e9e de lecture estim\u00e9e\" \/>\n\t<meta name=\"twitter:data2\" content=\"3 minutes\" \/>\n<script type=\"application\/ld+json\" class=\"yoast-schema-graph\">{\"@context\":\"https:\\\/\\\/schema.org\",\"@graph\":[{\"@type\":\"Article\",\"@id\":\"https:\\\/\\\/voxsahel.com\\\/?p=905#article\",\"isPartOf\":{\"@id\":\"https:\\\/\\\/voxsahel.com\\\/?p=905\"},\"author\":{\"name\":\"Vox Sahel\",\"@id\":\"https:\\\/\\\/voxsahel.com\\\/#\\\/schema\\\/person\\\/b4043608248f8fa227cd760e7ff1e19e\"},\"headline\":\"Etalon du Burkina Faso : Le Capitaine Traor\u00e9 d\u00e9plore l\u2019absence d\u2019\u00ab un percuteur \u00bb, un leader et meneur d\u2019hommes dans le groupe\",\"datePublished\":\"2024-11-19T16:44:35+00:00\",\"mainEntityOfPage\":{\"@id\":\"https:\\\/\\\/voxsahel.com\\\/?p=905\"},\"wordCount\":597,\"commentCount\":0,\"publisher\":{\"@id\":\"https:\\\/\\\/voxsahel.com\\\/#organization\"},\"image\":{\"@id\":\"https:\\\/\\\/voxsahel.com\\\/?p=905#primaryimage\"},\"thumbnailUrl\":\"https:\\\/\\\/voxsahel.com\\\/wp-content\\\/uploads\\\/2024\\\/11\\\/Etalons.jpg\",\"keywords\":[\"Burkina Faso\",\"CAN\",\"CAN Maroc 2025\",\"Capitaine Ibrahim Traor\u00e9\",\"Etalons\",\"F\u00e9d\u00e9ration Burkinab\u00e8 de Football\",\"Football\",\"Sport\"],\"articleSection\":[\"SPORTS\"],\"inLanguage\":\"fr-FR\",\"potentialAction\":[{\"@type\":\"CommentAction\",\"name\":\"Comment\",\"target\":[\"https:\\\/\\\/voxsahel.com\\\/?p=905#respond\"]}]},{\"@type\":\"WebPage\",\"@id\":\"https:\\\/\\\/voxsahel.com\\\/?p=905\",\"url\":\"https:\\\/\\\/voxsahel.com\\\/?p=905\",\"name\":\"Etalon du Burkina Faso : Le Capitaine Traor\u00e9 d\u00e9plore l\u2019absence d\u2019\u00ab un percuteur \u00bb, un leader et meneur d\u2019hommes dans le groupe - Vox Sahel\",\"isPartOf\":{\"@id\":\"https:\\\/\\\/voxsahel.com\\\/#website\"},\"primaryImageOfPage\":{\"@id\":\"https:\\\/\\\/voxsahel.com\\\/?p=905#primaryimage\"},\"image\":{\"@id\":\"https:\\\/\\\/voxsahel.com\\\/?p=905#primaryimage\"},\"thumbnailUrl\":\"https:\\\/\\\/voxsahel.com\\\/wp-content\\\/uploads\\\/2024\\\/11\\\/Etalons.jpg\",\"datePublished\":\"2024-11-19T16:44:35+00:00\",\"breadcrumb\":{\"@id\":\"https:\\\/\\\/voxsahel.com\\\/?p=905#breadcrumb\"},\"inLanguage\":\"fr-FR\",\"potentialAction\":[{\"@type\":\"ReadAction\",\"target\":[\"https:\\\/\\\/voxsahel.com\\\/?p=905\"]}]},{\"@type\":\"ImageObject\",\"inLanguage\":\"fr-FR\",\"@id\":\"https:\\\/\\\/voxsahel.com\\\/?p=905#primaryimage\",\"url\":\"https:\\\/\\\/voxsahel.com\\\/wp-content\\\/uploads\\\/2024\\\/11\\\/Etalons.jpg\",\"contentUrl\":\"https:\\\/\\\/voxsahel.com\\\/wp-content\\\/uploads\\\/2024\\\/11\\\/Etalons.jpg\",\"width\":1204,\"height\":1280,\"caption\":\"Etalon du Burkina Faso : Le Capitaine Traor\u00e9 d\u00e9plore l\u2019absence d\u2019\u00ab un percuteur \u00bb, un leader et meneur d\u2019hommes dans le groupe\"},{\"@type\":\"BreadcrumbList\",\"@id\":\"https:\\\/\\\/voxsahel.com\\\/?p=905#breadcrumb\",\"itemListElement\":[{\"@type\":\"ListItem\",\"position\":1,\"name\":\"Home\",\"item\":\"https:\\\/\\\/voxsahel.com\\\/\"},{\"@type\":\"ListItem\",\"position\":2,\"name\":\"Etalon du Burkina Faso : Le Capitaine Traor\u00e9 d\u00e9plore l\u2019absence d\u2019\u00ab un percuteur \u00bb, un leader et meneur d\u2019hommes dans le groupe\"}]},{\"@type\":\"WebSite\",\"@id\":\"https:\\\/\\\/voxsahel.com\\\/#website\",\"url\":\"https:\\\/\\\/voxsahel.com\\\/\",\"name\":\"Vox Sahel\",\"description\":\"Informez-vous sur le Sahel en un clic\",\"publisher\":{\"@id\":\"https:\\\/\\\/voxsahel.com\\\/#organization\"},\"potentialAction\":[{\"@type\":\"SearchAction\",\"target\":{\"@type\":\"EntryPoint\",\"urlTemplate\":\"https:\\\/\\\/voxsahel.com\\\/?s={search_term_string}\"},\"query-input\":{\"@type\":\"PropertyValueSpecification\",\"valueRequired\":true,\"valueName\":\"search_term_string\"}}],\"inLanguage\":\"fr-FR\"},{\"@type\":\"Organization\",\"@id\":\"https:\\\/\\\/voxsahel.com\\\/#organization\",\"name\":\"Vox Sahel\",\"url\":\"https:\\\/\\\/voxsahel.com\\\/\",\"logo\":{\"@type\":\"ImageObject\",\"inLanguage\":\"fr-FR\",\"@id\":\"https:\\\/\\\/voxsahel.com\\\/#\\\/schema\\\/logo\\\/image\\\/\",\"url\":\"https:\\\/\\\/voxsahel.com\\\/wp-content\\\/uploads\\\/2024\\\/09\\\/Logo-Vox-Sahel.jpg\",\"contentUrl\":\"https:\\\/\\\/voxsahel.com\\\/wp-content\\\/uploads\\\/2024\\\/09\\\/Logo-Vox-Sahel.jpg\",\"width\":1181,\"height\":848,\"caption\":\"Vox Sahel\"},\"image\":{\"@id\":\"https:\\\/\\\/voxsahel.com\\\/#\\\/schema\\\/logo\\\/image\\\/\"},\"sameAs\":[\"https:\\\/\\\/www.facebook.com\\\/journal.voxsahel\"]},{\"@type\":\"Person\",\"@id\":\"https:\\\/\\\/voxsahel.com\\\/#\\\/schema\\\/person\\\/b4043608248f8fa227cd760e7ff1e19e\",\"name\":\"Vox Sahel\",\"image\":{\"@type\":\"ImageObject\",\"inLanguage\":\"fr-FR\",\"@id\":\"https:\\\/\\\/secure.gravatar.com\\\/avatar\\\/f70e7fa0cb9b29d4a7c5788d6eb2e9ab4d3135cbae1c9161810fdf77a8964699?s=96&d=mm&r=g\",\"url\":\"https:\\\/\\\/secure.gravatar.com\\\/avatar\\\/f70e7fa0cb9b29d4a7c5788d6eb2e9ab4d3135cbae1c9161810fdf77a8964699?s=96&d=mm&r=g\",\"contentUrl\":\"https:\\\/\\\/secure.gravatar.com\\\/avatar\\\/f70e7fa0cb9b29d4a7c5788d6eb2e9ab4d3135cbae1c9161810fdf77a8964699?s=96&d=mm&r=g\",\"caption\":\"Vox Sahel\"},\"sameAs\":[\"http:\\\/\\\/www.voxsahel.com\"],\"url\":\"https:\\\/\\\/voxsahel.com\\\/?author=2\"}]}<\/script>\n<!-- \/ Yoast SEO plugin. -->","yoast_head_json":{"title":"Etalon du Burkina Faso : Le Capitaine Traor\u00e9 d\u00e9plore l\u2019absence d\u2019\u00ab un percuteur \u00bb, un leader et meneur d\u2019hommes dans le groupe - Vox Sahel","robots":{"index":"index","follow":"follow","max-snippet":"max-snippet:-1","max-image-preview":"max-image-preview:large","max-video-preview":"max-video-preview:-1"},"canonical":"https:\/\/voxsahel.com\/?p=905","og_locale":"fr_FR","og_type":"article","og_title":"Etalon du Burkina Faso : Le Capitaine Traor\u00e9 d\u00e9plore l\u2019absence d\u2019\u00ab un percuteur \u00bb, un leader et meneur d\u2019hommes dans le groupe - Vox Sahel","og_description":"Le Pr\u00e9sident du Faso, Chef de l\u2019Etat, le Capitaine Ibrahim TRAORE a eu, ce mardi","og_url":"https:\/\/voxsahel.com\/?p=905","og_site_name":"Vox Sahel","article_publisher":"https:\/\/www.facebook.com\/journal.voxsahel","article_published_time":"2024-11-19T16:44:35+00:00","og_image":[{"width":1204,"height":1280,"url":"https:\/\/voxsahel.com\/wp-content\/uploads\/2024\/11\/Etalons.jpg","type":"image\/jpeg"}],"author":"Vox Sahel","twitter_card":"summary_large_image","twitter_misc":{"\u00c9crit par":"Vox Sahel","Dur\u00e9e de lecture estim\u00e9e":"3 minutes"},"schema":{"@context":"https:\/\/schema.org","@graph":[{"@type":"Article","@id":"https:\/\/voxsahel.com\/?p=905#article","isPartOf":{"@id":"https:\/\/voxsahel.com\/?p=905"},"author":{"name":"Vox Sahel","@id":"https:\/\/voxsahel.com\/#\/schema\/person\/b4043608248f8fa227cd760e7ff1e19e"},"headline":"Etalon du Burkina Faso : Le Capitaine Traor\u00e9 d\u00e9plore l\u2019absence d\u2019\u00ab un percuteur \u00bb, un leader et meneur d\u2019hommes dans le groupe","datePublished":"2024-11-19T16:44:35+00:00","mainEntityOfPage":{"@id":"https:\/\/voxsahel.com\/?p=905"},"wordCount":597,"commentCount":0,"publisher":{"@id":"https:\/\/voxsahel.com\/#organization"},"image":{"@id":"https:\/\/voxsahel.com\/?p=905#primaryimage"},"thumbnailUrl":"https:\/\/voxsahel.com\/wp-content\/uploads\/2024\/11\/Etalons.jpg","keywords":["Burkina Faso","CAN","CAN Maroc 2025","Capitaine Ibrahim Traor\u00e9","Etalons","F\u00e9d\u00e9ration Burkinab\u00e8 de Football","Football","Sport"],"articleSection":["SPORTS"],"inLanguage":"fr-FR","potentialAction":[{"@type":"CommentAction","name":"Comment","target":["https:\/\/voxsahel.com\/?p=905#respond"]}]},{"@type":"WebPage","@id":"https:\/\/voxsahel.com\/?p=905","url":"https:\/\/voxsahel.com\/?p=905","name":"Etalon du Burkina Faso : Le Capitaine Traor\u00e9 d\u00e9plore l\u2019absence d\u2019\u00ab un percuteur \u00bb, un leader et meneur d\u2019hommes dans le groupe - Vox Sahel","isPartOf":{"@id":"https:\/\/voxsahel.com\/#website"},"primaryImageOfPage":{"@id":"https:\/\/voxsahel.com\/?p=905#primaryimage"},"image":{"@id":"https:\/\/voxsahel.com\/?p=905#primaryimage"},"thumbnailUrl":"https:\/\/voxsahel.com\/wp-content\/uploads\/2024\/11\/Etalons.jpg","datePublished":"2024-11-19T16:44:35+00:00","breadcrumb":{"@id":"https:\/\/voxsahel.com\/?p=905#breadcrumb"},"inLanguage":"fr-FR","potentialAction":[{"@type":"ReadAction","target":["https:\/\/voxsahel.com\/?p=905"]}]},{"@type":"ImageObject","inLanguage":"fr-FR","@id":"https:\/\/voxsahel.com\/?p=905#primaryimage","url":"https:\/\/voxsahel.com\/wp-content\/uploads\/2024\/11\/Etalons.jpg","contentUrl":"https:\/\/voxsahel.com\/wp-content\/uploads\/2024\/11\/Etalons.jpg","width":1204,"height":1280,"caption":"Etalon du Burkina Faso : Le Capitaine Traor\u00e9 d\u00e9plore l\u2019absence d\u2019\u00ab un percuteur \u00bb, un leader et meneur d\u2019hommes dans le groupe"},{"@type":"BreadcrumbList","@id":"https:\/\/voxsahel.com\/?p=905#breadcrumb","itemListElement":[{"@type":"ListItem","position":1,"name":"Home","item":"https:\/\/voxsahel.com\/"},{"@type":"ListItem","position":2,"name":"Etalon du Burkina Faso : Le Capitaine Traor\u00e9 d\u00e9plore l\u2019absence d\u2019\u00ab un percuteur \u00bb, un leader et meneur d\u2019hommes dans le groupe"}]},{"@type":"WebSite","@id":"https:\/\/voxsahel.com\/#website","url":"https:\/\/voxsahel.com\/","name":"Vox Sahel","description":"Informez-vous sur le Sahel en un clic","publisher":{"@id":"https:\/\/voxsahel.com\/#organization"},"potentialAction":[{"@type":"SearchAction","target":{"@type":"EntryPoint","urlTemplate":"https:\/\/voxsahel.com\/?s={search_term_string}"},"query-input":{"@type":"PropertyValueSpecification","valueRequired":true,"valueName":"search_term_string"}}],"inLanguage":"fr-FR"},{"@type":"Organization","@id":"https:\/\/voxsahel.com\/#organization","name":"Vox Sahel","url":"https:\/\/voxsahel.com\/","logo":{"@type":"ImageObject","inLanguage":"fr-FR","@id":"https:\/\/voxsahel.com\/#\/schema\/logo\/image\/","url":"https:\/\/voxsahel.com\/wp-content\/uploads\/2024\/09\/Logo-Vox-Sahel.jpg","contentUrl":"https:\/\/voxsahel.com\/wp-content\/uploads\/2024\/09\/Logo-Vox-Sahel.jpg","width":1181,"height":848,"caption":"Vox Sahel"},"image":{"@id":"https:\/\/voxsahel.com\/#\/schema\/logo\/image\/"},"sameAs":["https:\/\/www.facebook.com\/journal.voxsahel"]},{"@type":"Person","@id":"https:\/\/voxsahel.com\/#\/schema\/person\/b4043608248f8fa227cd760e7ff1e19e","name":"Vox Sahel","image":{"@type":"ImageObject","inLanguage":"fr-FR","@id":"https:\/\/secure.gravatar.com\/avatar\/f70e7fa0cb9b29d4a7c5788d6eb2e9ab4d3135cbae1c9161810fdf77a8964699?s=96&d=mm&r=g","url":"https:\/\/secure.gravatar.com\/avatar\/f70e7fa0cb9b29d4a7c5788d6eb2e9ab4d3135cbae1c9161810fdf77a8964699?s=96&d=mm&r=g","contentUrl":"https:\/\/secure.gravatar.com\/avatar\/f70e7fa0cb9b29d4a7c5788d6eb2e9ab4d3135cbae1c9161810fdf77a8964699?s=96&d=mm&r=g","caption":"Vox Sahel"},"sameAs":["http:\/\/www.voxsahel.com"],"url":"https:\/\/voxsahel.com\/?author=2"}]}},"_links":{"self":[{"href":"https:\/\/voxsahel.com\/index.php?rest_route=\/wp\/v2\/posts\/905","targetHints":{"allow":["GET"]}}],"collection":[{"href":"https:\/\/voxsahel.com\/index.php?rest_route=\/wp\/v2\/posts"}],"about":[{"href":"https:\/\/voxsahel.com\/index.php?rest_route=\/wp\/v2\/types\/post"}],"author":[{"embeddable":true,"href":"https:\/\/voxsahel.com\/index.php?rest_route=\/wp\/v2\/users\/2"}],"replies":[{"embeddable":true,"href":"https:\/\/voxsahel.com\/index.php?rest_route=%2Fwp%2Fv2%2Fcomments&post=905"}],"version-history":[{"count":1,"href":"https:\/\/voxsahel.com\/index.php?rest_route=\/wp\/v2\/posts\/905\/revisions"}],"predecessor-version":[{"id":907,"href":"https:\/\/voxsahel.com\/index.php?rest_route=\/wp\/v2\/posts\/905\/revisions\/907"}],"wp:featuredmedia":[{"embeddable":true,"href":"https:\/\/voxsahel.com\/index.php?rest_route=\/wp\/v2\/media\/906"}],"wp:attachment":[{"href":"https:\/\/voxsahel.com\/index.php?rest_route=%2Fwp%2Fv2%2Fmedia&parent=905"}],"wp:term":[{"taxonomy":"category","embeddable":true,"href":"https:\/\/voxsahel.com\/index.php?rest_route=%2Fwp%2Fv2%2Fcategories&post=905"},{"taxonomy":"post_tag","embeddable":true,"href":"https:\/\/voxsahel.com\/index.php?rest_route=%2Fwp%2Fv2%2Ftags&post=905"}],"curies":[{"name":"wp","href":"https:\/\/api.w.org\/{rel}","templated":true}]}}