{"id":888,"date":"2024-11-18T10:05:09","date_gmt":"2024-11-18T10:05:09","guid":{"rendered":"https:\/\/voxsahel.com\/?p=888"},"modified":"2024-11-18T10:05:09","modified_gmt":"2024-11-18T10:05:09","slug":"campagne-de-collecte-de-coton-graine-la-production-est-meilleure-cette-annee","status":"publish","type":"post","link":"https:\/\/voxsahel.com\/?p=888","title":{"rendered":"Campagne de collecte de coton graine: \u00ab La production est meilleure cette ann\u00e9e \u00bb"},"content":{"rendered":"<p>La <span style=\"color: #008000;\"><strong><a style=\"color: #008000;\" href=\"https:\/\/www.sofitex.bf\/\">Soci\u00e9t\u00e9 Burkinab\u00e8 des Fibres Textiles<\/a><\/strong><\/span> (SOFITEX), \u00e0 travers sa direction r\u00e9gionale de Bobo-Dioulasso, a donn\u00e9, le jeudi 14 novembre 2024, le coup d&rsquo;envoi de la campagne de commercialisation primaire du coton \u00e0 Dand\u00e9, dans la province du Houet. Une c\u00e9r\u00e9monie qui marque un d\u00e9but prometteur avec des pr\u00e9visions nettement meilleures que celles de l&rsquo;ann\u00e9e derni\u00e8re.<\/p>\n<p>Le march\u00e9 de coton de Dand\u00e9, situ\u00e9 \u00e0 environ 60 kilom\u00e8tres de Bobo-Dioulasso, affiche d\u00e9j\u00e0 ses premi\u00e8res r\u00e9coltes. Une centaine de tonnes de coton, soigneusement dispos\u00e9es en bulletins de vote, attendant d&rsquo;\u00eatre pes\u00e9es et distribu\u00e9es. Ces r\u00e9coltes, issues de deux groupements de producteurs locaux, illustrent le dynamisme de la commune.<\/p>\n<p>Pr\u00e9sente \u00e0 la c\u00e9r\u00e9monie, la directrice de la r\u00e9gion cotonni\u00e8re de Bobo-Dioulasso, Awa Sabo, a exprim\u00e9 sa satisfaction : \u00ab Pour un d\u00e9marrage, c&rsquo;est vraiment encourageant. Nous avons environ 100 tonnes de coton pr\u00eates \u00e0 \u00eatre pes\u00e9es sur ce march\u00e9. Cela t\u00e9moigne de l&rsquo;engagement des producteurs de Dand\u00e9, toujours parmi les premiers \u00e0 livrer leur r\u00e9colte. \u00bb<\/p>\n<p>Les pr\u00e9visions de production, soutenues par une bonne pluviom\u00e9trie et des entrants subventionn\u00e9s, annoncent une campagne fructueuse. Cette r\u00e9ussite est attribu\u00e9e aux efforts conjoints du gouvernement et des soci\u00e9t\u00e9s cotonni\u00e8res. Gr\u00e2ce \u00e0 des subventions, les prix des engrais et de l&rsquo;ur\u00e9e ont \u00e9t\u00e9 r\u00e9duits de mani\u00e8re significative, passant respectivement de 28 000 \u00e0 18 500 FCFA et de 32 000 \u00e0 18 500 FCFA. Les co\u00fbts des semences et insecticides, quant \u00e0 eux, ont \u00e9t\u00e9 maintenus \u00e0 6 000 FCFA. Le prix d&rsquo;achat du coton, fix\u00e9 \u00e0 325 FCFA le kilogramme, demeure \u00e9galement inchang\u00e9, offrant aux producteurs une garantie de revenus stables.<\/p>\n<p><strong>Une production en hausse<\/strong><\/p>\n<p>Dans le d\u00e9partement de Dand\u00e9, les producteurs anticipent une r\u00e9colte de plus de 2 000 tonnes de coton contre 1 600 tonnes l&rsquo;an dernier. Amidou Sedogo, secr\u00e9taire g\u00e9n\u00e9ral de l&rsquo;Union d\u00e9partementale des producteurs de coton, a assur\u00e9ment cette : \u00ab La production est meilleure cette ann\u00e9e, gr\u00e2ce \u00e0 l&rsquo;appui de la SOFITEX et aux conditions favorables. \u00bb<\/p>\n<p>Il a \u00e9galement soulign\u00e9 les avantages de la commercialisation pr\u00e9coce : un coton plus propre et plus lourd, exempt des impuret\u00e9s li\u00e9es \u00e0 la poussi\u00e8re et au vent, fr\u00e9quentes en d\u00e9but d&rsquo;ann\u00e9e.<\/p>\n<p>Apr\u00e8s Dand\u00e9, la SOFITEX pr\u00e9voit d&rsquo;\u00e9tendre cette campagne \u00e0 d&rsquo;autres localit\u00e9s sous la direction r\u00e9gionale de Bobo-Dioulasso. Ce lancement prometteur augure d&rsquo;une campagne cotonni\u00e8re r\u00e9ussie, b\u00e9n\u00e9fique pour les producteurs et l&rsquo;\u00e9conomie locale.<\/p>\n<p>La c\u00e9r\u00e9monie a \u00e9t\u00e9 marqu\u00e9e par des remerciements appuy\u00e9s aux autorit\u00e9s de la Transition pour leur soutien aux agriculteurs, consolidant ainsi le r\u00f4le du coton comme \u00ab ou blanc \u00bb de l&rsquo;\u00e9conomie burkinab\u00e8.<\/p>\n<p style=\"text-align: right;\"><strong>Par Vox Sahel<\/strong><\/p>\n","protected":false},"excerpt":{"rendered":"<p>La Soci\u00e9t\u00e9 Burkinab\u00e8 des Fibres Textiles (SOFITEX), \u00e0 travers sa direction r\u00e9gionale de Bobo-Dioulasso, a<\/p>\n","protected":false},"author":2,"featured_media":890,"comment_status":"open","ping_status":"open","sticky":false,"template":"","format":"standard","meta":{"_et_pb_use_builder":"","_et_pb_old_content":"","_et_gb_content_width":"","footnotes":""},"categories":[8],"tags":[240,18,186,183,238,246,199,242],"class_list":["post-888","post","type-post","status-publish","format-standard","has-post-thumbnail","hentry","category-developpement","tag-association-interprofessionnelle-du-coton-burkinabe","tag-burkina-faso","tag-chaine-de-valeur-du-coton","tag-coton","tag-coton-ogm","tag-societe-burkinabe-des-fibres-textiles","tag-sofitex","tag-union-nationale-des-producteurs-de-coton-du-burkina"],"yoast_head":"<!-- This site is optimized with the Yoast SEO plugin v27.5 - https:\/\/yoast.com\/product\/yoast-seo-wordpress\/ -->\n<title>Campagne de collecte de coton graine: \u00ab La production est meilleure cette ann\u00e9e \u00bb - Vox Sahel<\/title>\n<meta name=\"robots\" content=\"index, follow, max-snippet:-1, max-image-preview:large, max-video-preview:-1\" \/>\n<link rel=\"canonical\" href=\"https:\/\/voxsahel.com\/?p=888\" \/>\n<meta property=\"og:locale\" content=\"fr_FR\" \/>\n<meta property=\"og:type\" content=\"article\" \/>\n<meta property=\"og:title\" content=\"Campagne de collecte de coton graine: \u00ab La production est meilleure cette ann\u00e9e \u00bb - Vox Sahel\" \/>\n<meta property=\"og:description\" content=\"La Soci\u00e9t\u00e9 Burkinab\u00e8 des Fibres Textiles (SOFITEX), \u00e0 travers sa direction r\u00e9gionale de Bobo-Dioulasso, a\" \/>\n<meta property=\"og:url\" content=\"https:\/\/voxsahel.com\/?p=888\" \/>\n<meta property=\"og:site_name\" content=\"Vox Sahel\" \/>\n<meta property=\"article:publisher\" content=\"https:\/\/www.facebook.com\/journal.voxsahel\" \/>\n<meta property=\"article:published_time\" content=\"2024-11-18T10:05:09+00:00\" \/>\n<meta property=\"og:image\" content=\"https:\/\/voxsahel.com\/wp-content\/uploads\/2024\/11\/Sofitex.jpg\" \/>\n\t<meta property=\"og:image:width\" content=\"840\" \/>\n\t<meta property=\"og:image:height\" content=\"630\" \/>\n\t<meta property=\"og:image:type\" content=\"image\/jpeg\" \/>\n<meta name=\"author\" content=\"Vox Sahel\" \/>\n<meta name=\"twitter:card\" content=\"summary_large_image\" \/>\n<meta name=\"twitter:label1\" content=\"\u00c9crit par\" \/>\n\t<meta name=\"twitter:data1\" content=\"Vox Sahel\" \/>\n\t<meta name=\"twitter:label2\" content=\"Dur\u00e9e de lecture estim\u00e9e\" \/>\n\t<meta name=\"twitter:data2\" content=\"3 minutes\" \/>\n<script type=\"application\/ld+json\" class=\"yoast-schema-graph\">{\"@context\":\"https:\\\/\\\/schema.org\",\"@graph\":[{\"@type\":\"Article\",\"@id\":\"https:\\\/\\\/voxsahel.com\\\/?p=888#article\",\"isPartOf\":{\"@id\":\"https:\\\/\\\/voxsahel.com\\\/?p=888\"},\"author\":{\"name\":\"Vox Sahel\",\"@id\":\"https:\\\/\\\/voxsahel.com\\\/#\\\/schema\\\/person\\\/b4043608248f8fa227cd760e7ff1e19e\"},\"headline\":\"Campagne de collecte de coton graine: \u00ab La production est meilleure cette ann\u00e9e \u00bb\",\"datePublished\":\"2024-11-18T10:05:09+00:00\",\"mainEntityOfPage\":{\"@id\":\"https:\\\/\\\/voxsahel.com\\\/?p=888\"},\"wordCount\":481,\"commentCount\":0,\"publisher\":{\"@id\":\"https:\\\/\\\/voxsahel.com\\\/#organization\"},\"image\":{\"@id\":\"https:\\\/\\\/voxsahel.com\\\/?p=888#primaryimage\"},\"thumbnailUrl\":\"https:\\\/\\\/voxsahel.com\\\/wp-content\\\/uploads\\\/2024\\\/11\\\/Sofitex.jpg\",\"keywords\":[\"Association interprofessionnelle du Coton Burkinab\u00e8\",\"Burkina Faso\",\"cha\u00eene de valeur du coton\",\"Coton\",\"Coton OGM\",\"Soci\u00e9t\u00e9 burkinab\u00e8 des fibres textiles\",\"SOFITEX\",\"Union nationale des producteurs de coton du Burkina\"],\"articleSection\":[\"DEVELOPPEMENT\"],\"inLanguage\":\"fr-FR\",\"potentialAction\":[{\"@type\":\"CommentAction\",\"name\":\"Comment\",\"target\":[\"https:\\\/\\\/voxsahel.com\\\/?p=888#respond\"]}]},{\"@type\":\"WebPage\",\"@id\":\"https:\\\/\\\/voxsahel.com\\\/?p=888\",\"url\":\"https:\\\/\\\/voxsahel.com\\\/?p=888\",\"name\":\"Campagne de collecte de coton graine: \u00ab La production est meilleure cette ann\u00e9e \u00bb - Vox Sahel\",\"isPartOf\":{\"@id\":\"https:\\\/\\\/voxsahel.com\\\/#website\"},\"primaryImageOfPage\":{\"@id\":\"https:\\\/\\\/voxsahel.com\\\/?p=888#primaryimage\"},\"image\":{\"@id\":\"https:\\\/\\\/voxsahel.com\\\/?p=888#primaryimage\"},\"thumbnailUrl\":\"https:\\\/\\\/voxsahel.com\\\/wp-content\\\/uploads\\\/2024\\\/11\\\/Sofitex.jpg\",\"datePublished\":\"2024-11-18T10:05:09+00:00\",\"breadcrumb\":{\"@id\":\"https:\\\/\\\/voxsahel.com\\\/?p=888#breadcrumb\"},\"inLanguage\":\"fr-FR\",\"potentialAction\":[{\"@type\":\"ReadAction\",\"target\":[\"https:\\\/\\\/voxsahel.com\\\/?p=888\"]}]},{\"@type\":\"ImageObject\",\"inLanguage\":\"fr-FR\",\"@id\":\"https:\\\/\\\/voxsahel.com\\\/?p=888#primaryimage\",\"url\":\"https:\\\/\\\/voxsahel.com\\\/wp-content\\\/uploads\\\/2024\\\/11\\\/Sofitex.jpg\",\"contentUrl\":\"https:\\\/\\\/voxsahel.com\\\/wp-content\\\/uploads\\\/2024\\\/11\\\/Sofitex.jpg\",\"width\":840,\"height\":630,\"caption\":\"Campagne de collecte de coton graine: \u00ab La production est meilleure cette ann\u00e9e \u00bb\"},{\"@type\":\"BreadcrumbList\",\"@id\":\"https:\\\/\\\/voxsahel.com\\\/?p=888#breadcrumb\",\"itemListElement\":[{\"@type\":\"ListItem\",\"position\":1,\"name\":\"Home\",\"item\":\"https:\\\/\\\/voxsahel.com\\\/\"},{\"@type\":\"ListItem\",\"position\":2,\"name\":\"Campagne de collecte de coton graine: \u00ab La production est meilleure cette ann\u00e9e \u00bb\"}]},{\"@type\":\"WebSite\",\"@id\":\"https:\\\/\\\/voxsahel.com\\\/#website\",\"url\":\"https:\\\/\\\/voxsahel.com\\\/\",\"name\":\"Vox Sahel\",\"description\":\"Informez-vous sur le Sahel en un clic\",\"publisher\":{\"@id\":\"https:\\\/\\\/voxsahel.com\\\/#organization\"},\"potentialAction\":[{\"@type\":\"SearchAction\",\"target\":{\"@type\":\"EntryPoint\",\"urlTemplate\":\"https:\\\/\\\/voxsahel.com\\\/?s={search_term_string}\"},\"query-input\":{\"@type\":\"PropertyValueSpecification\",\"valueRequired\":true,\"valueName\":\"search_term_string\"}}],\"inLanguage\":\"fr-FR\"},{\"@type\":\"Organization\",\"@id\":\"https:\\\/\\\/voxsahel.com\\\/#organization\",\"name\":\"Vox Sahel\",\"url\":\"https:\\\/\\\/voxsahel.com\\\/\",\"logo\":{\"@type\":\"ImageObject\",\"inLanguage\":\"fr-FR\",\"@id\":\"https:\\\/\\\/voxsahel.com\\\/#\\\/schema\\\/logo\\\/image\\\/\",\"url\":\"https:\\\/\\\/voxsahel.com\\\/wp-content\\\/uploads\\\/2024\\\/09\\\/Logo-Vox-Sahel.jpg\",\"contentUrl\":\"https:\\\/\\\/voxsahel.com\\\/wp-content\\\/uploads\\\/2024\\\/09\\\/Logo-Vox-Sahel.jpg\",\"width\":1181,\"height\":848,\"caption\":\"Vox Sahel\"},\"image\":{\"@id\":\"https:\\\/\\\/voxsahel.com\\\/#\\\/schema\\\/logo\\\/image\\\/\"},\"sameAs\":[\"https:\\\/\\\/www.facebook.com\\\/journal.voxsahel\"]},{\"@type\":\"Person\",\"@id\":\"https:\\\/\\\/voxsahel.com\\\/#\\\/schema\\\/person\\\/b4043608248f8fa227cd760e7ff1e19e\",\"name\":\"Vox Sahel\",\"image\":{\"@type\":\"ImageObject\",\"inLanguage\":\"fr-FR\",\"@id\":\"https:\\\/\\\/secure.gravatar.com\\\/avatar\\\/f70e7fa0cb9b29d4a7c5788d6eb2e9ab4d3135cbae1c9161810fdf77a8964699?s=96&d=mm&r=g\",\"url\":\"https:\\\/\\\/secure.gravatar.com\\\/avatar\\\/f70e7fa0cb9b29d4a7c5788d6eb2e9ab4d3135cbae1c9161810fdf77a8964699?s=96&d=mm&r=g\",\"contentUrl\":\"https:\\\/\\\/secure.gravatar.com\\\/avatar\\\/f70e7fa0cb9b29d4a7c5788d6eb2e9ab4d3135cbae1c9161810fdf77a8964699?s=96&d=mm&r=g\",\"caption\":\"Vox Sahel\"},\"sameAs\":[\"http:\\\/\\\/www.voxsahel.com\"],\"url\":\"https:\\\/\\\/voxsahel.com\\\/?author=2\"}]}<\/script>\n<!-- \/ Yoast SEO plugin. -->","yoast_head_json":{"title":"Campagne de collecte de coton graine: \u00ab La production est meilleure cette ann\u00e9e \u00bb - Vox Sahel","robots":{"index":"index","follow":"follow","max-snippet":"max-snippet:-1","max-image-preview":"max-image-preview:large","max-video-preview":"max-video-preview:-1"},"canonical":"https:\/\/voxsahel.com\/?p=888","og_locale":"fr_FR","og_type":"article","og_title":"Campagne de collecte de coton graine: \u00ab La production est meilleure cette ann\u00e9e \u00bb - Vox Sahel","og_description":"La Soci\u00e9t\u00e9 Burkinab\u00e8 des Fibres Textiles (SOFITEX), \u00e0 travers sa direction r\u00e9gionale de Bobo-Dioulasso, a","og_url":"https:\/\/voxsahel.com\/?p=888","og_site_name":"Vox Sahel","article_publisher":"https:\/\/www.facebook.com\/journal.voxsahel","article_published_time":"2024-11-18T10:05:09+00:00","og_image":[{"width":840,"height":630,"url":"https:\/\/voxsahel.com\/wp-content\/uploads\/2024\/11\/Sofitex.jpg","type":"image\/jpeg"}],"author":"Vox Sahel","twitter_card":"summary_large_image","twitter_misc":{"\u00c9crit par":"Vox Sahel","Dur\u00e9e de lecture estim\u00e9e":"3 minutes"},"schema":{"@context":"https:\/\/schema.org","@graph":[{"@type":"Article","@id":"https:\/\/voxsahel.com\/?p=888#article","isPartOf":{"@id":"https:\/\/voxsahel.com\/?p=888"},"author":{"name":"Vox Sahel","@id":"https:\/\/voxsahel.com\/#\/schema\/person\/b4043608248f8fa227cd760e7ff1e19e"},"headline":"Campagne de collecte de coton graine: \u00ab La production est meilleure cette ann\u00e9e \u00bb","datePublished":"2024-11-18T10:05:09+00:00","mainEntityOfPage":{"@id":"https:\/\/voxsahel.com\/?p=888"},"wordCount":481,"commentCount":0,"publisher":{"@id":"https:\/\/voxsahel.com\/#organization"},"image":{"@id":"https:\/\/voxsahel.com\/?p=888#primaryimage"},"thumbnailUrl":"https:\/\/voxsahel.com\/wp-content\/uploads\/2024\/11\/Sofitex.jpg","keywords":["Association interprofessionnelle du Coton Burkinab\u00e8","Burkina Faso","cha\u00eene de valeur du coton","Coton","Coton OGM","Soci\u00e9t\u00e9 burkinab\u00e8 des fibres textiles","SOFITEX","Union nationale des producteurs de coton du Burkina"],"articleSection":["DEVELOPPEMENT"],"inLanguage":"fr-FR","potentialAction":[{"@type":"CommentAction","name":"Comment","target":["https:\/\/voxsahel.com\/?p=888#respond"]}]},{"@type":"WebPage","@id":"https:\/\/voxsahel.com\/?p=888","url":"https:\/\/voxsahel.com\/?p=888","name":"Campagne de collecte de coton graine: \u00ab La production est meilleure cette ann\u00e9e \u00bb - Vox Sahel","isPartOf":{"@id":"https:\/\/voxsahel.com\/#website"},"primaryImageOfPage":{"@id":"https:\/\/voxsahel.com\/?p=888#primaryimage"},"image":{"@id":"https:\/\/voxsahel.com\/?p=888#primaryimage"},"thumbnailUrl":"https:\/\/voxsahel.com\/wp-content\/uploads\/2024\/11\/Sofitex.jpg","datePublished":"2024-11-18T10:05:09+00:00","breadcrumb":{"@id":"https:\/\/voxsahel.com\/?p=888#breadcrumb"},"inLanguage":"fr-FR","potentialAction":[{"@type":"ReadAction","target":["https:\/\/voxsahel.com\/?p=888"]}]},{"@type":"ImageObject","inLanguage":"fr-FR","@id":"https:\/\/voxsahel.com\/?p=888#primaryimage","url":"https:\/\/voxsahel.com\/wp-content\/uploads\/2024\/11\/Sofitex.jpg","contentUrl":"https:\/\/voxsahel.com\/wp-content\/uploads\/2024\/11\/Sofitex.jpg","width":840,"height":630,"caption":"Campagne de collecte de coton graine: \u00ab La production est meilleure cette ann\u00e9e \u00bb"},{"@type":"BreadcrumbList","@id":"https:\/\/voxsahel.com\/?p=888#breadcrumb","itemListElement":[{"@type":"ListItem","position":1,"name":"Home","item":"https:\/\/voxsahel.com\/"},{"@type":"ListItem","position":2,"name":"Campagne de collecte de coton graine: \u00ab La production est meilleure cette ann\u00e9e \u00bb"}]},{"@type":"WebSite","@id":"https:\/\/voxsahel.com\/#website","url":"https:\/\/voxsahel.com\/","name":"Vox Sahel","description":"Informez-vous sur le Sahel en un clic","publisher":{"@id":"https:\/\/voxsahel.com\/#organization"},"potentialAction":[{"@type":"SearchAction","target":{"@type":"EntryPoint","urlTemplate":"https:\/\/voxsahel.com\/?s={search_term_string}"},"query-input":{"@type":"PropertyValueSpecification","valueRequired":true,"valueName":"search_term_string"}}],"inLanguage":"fr-FR"},{"@type":"Organization","@id":"https:\/\/voxsahel.com\/#organization","name":"Vox Sahel","url":"https:\/\/voxsahel.com\/","logo":{"@type":"ImageObject","inLanguage":"fr-FR","@id":"https:\/\/voxsahel.com\/#\/schema\/logo\/image\/","url":"https:\/\/voxsahel.com\/wp-content\/uploads\/2024\/09\/Logo-Vox-Sahel.jpg","contentUrl":"https:\/\/voxsahel.com\/wp-content\/uploads\/2024\/09\/Logo-Vox-Sahel.jpg","width":1181,"height":848,"caption":"Vox Sahel"},"image":{"@id":"https:\/\/voxsahel.com\/#\/schema\/logo\/image\/"},"sameAs":["https:\/\/www.facebook.com\/journal.voxsahel"]},{"@type":"Person","@id":"https:\/\/voxsahel.com\/#\/schema\/person\/b4043608248f8fa227cd760e7ff1e19e","name":"Vox Sahel","image":{"@type":"ImageObject","inLanguage":"fr-FR","@id":"https:\/\/secure.gravatar.com\/avatar\/f70e7fa0cb9b29d4a7c5788d6eb2e9ab4d3135cbae1c9161810fdf77a8964699?s=96&d=mm&r=g","url":"https:\/\/secure.gravatar.com\/avatar\/f70e7fa0cb9b29d4a7c5788d6eb2e9ab4d3135cbae1c9161810fdf77a8964699?s=96&d=mm&r=g","contentUrl":"https:\/\/secure.gravatar.com\/avatar\/f70e7fa0cb9b29d4a7c5788d6eb2e9ab4d3135cbae1c9161810fdf77a8964699?s=96&d=mm&r=g","caption":"Vox Sahel"},"sameAs":["http:\/\/www.voxsahel.com"],"url":"https:\/\/voxsahel.com\/?author=2"}]}},"_links":{"self":[{"href":"https:\/\/voxsahel.com\/index.php?rest_route=\/wp\/v2\/posts\/888","targetHints":{"allow":["GET"]}}],"collection":[{"href":"https:\/\/voxsahel.com\/index.php?rest_route=\/wp\/v2\/posts"}],"about":[{"href":"https:\/\/voxsahel.com\/index.php?rest_route=\/wp\/v2\/types\/post"}],"author":[{"embeddable":true,"href":"https:\/\/voxsahel.com\/index.php?rest_route=\/wp\/v2\/users\/2"}],"replies":[{"embeddable":true,"href":"https:\/\/voxsahel.com\/index.php?rest_route=%2Fwp%2Fv2%2Fcomments&post=888"}],"version-history":[{"count":1,"href":"https:\/\/voxsahel.com\/index.php?rest_route=\/wp\/v2\/posts\/888\/revisions"}],"predecessor-version":[{"id":891,"href":"https:\/\/voxsahel.com\/index.php?rest_route=\/wp\/v2\/posts\/888\/revisions\/891"}],"wp:featuredmedia":[{"embeddable":true,"href":"https:\/\/voxsahel.com\/index.php?rest_route=\/wp\/v2\/media\/890"}],"wp:attachment":[{"href":"https:\/\/voxsahel.com\/index.php?rest_route=%2Fwp%2Fv2%2Fmedia&parent=888"}],"wp:term":[{"taxonomy":"category","embeddable":true,"href":"https:\/\/voxsahel.com\/index.php?rest_route=%2Fwp%2Fv2%2Fcategories&post=888"},{"taxonomy":"post_tag","embeddable":true,"href":"https:\/\/voxsahel.com\/index.php?rest_route=%2Fwp%2Fv2%2Ftags&post=888"}],"curies":[{"name":"wp","href":"https:\/\/api.w.org\/{rel}","templated":true}]}}