{"id":884,"date":"2024-11-18T06:50:50","date_gmt":"2024-11-18T06:50:50","guid":{"rendered":"https:\/\/voxsahel.com\/?p=884"},"modified":"2024-11-18T08:34:16","modified_gmt":"2024-11-18T08:34:16","slug":"legislatives-senegalaises-le-triomphe-du-pastef-aux-legislatives-consacre-lere-sonko-diomaye","status":"publish","type":"post","link":"https:\/\/voxsahel.com\/?p=884","title":{"rendered":"L\u00e9gislatives s\u00e9n\u00e9galaises : Le triomphe du Pastef aux l\u00e9gislatives consacre l&rsquo;\u00e8re Sonko-Diomaye"},"content":{"rendered":"<p class=\"p1\"><span class=\"s1\">Les S\u00e9n\u00e9galais ont vot\u00e9 ce dimanche 17 novembre dans un climat apais\u00e9 pour \u00e9lire leurs d\u00e9put\u00e9s. Une s\u00e9r\u00e9nit\u00e9 remarquable apr\u00e8s une campagne \u00e9lectorale marqu\u00e9e par des tensions. Les premi\u00e8res tendances sont claires : le Pastef, dirig\u00e9 par Ousmane Sonko, s&rsquo;impose largement face \u00e0 ses adversaires, confirmant son ascension politique amorc\u00e9e lors de la pr\u00e9sidentielle de mars dernier.<\/span><\/p>\n<p class=\"p1\"><span class=\"s1\">Pr\u00e8s de huit mois apr\u00e8s l&rsquo;\u00e9lection pr\u00e9sidentielle qui a vu Bassirou Diomaye Faye acc\u00e9der au poste de Premier ministre, les l\u00e9gislatives confirment l&rsquo;adh\u00e9sion des S\u00e9n\u00e9galais \u00e0 leur projet de rupture. Avec une majorit\u00e9 parlementaire d\u00e9sormais acquise, le Pastef dispose de tous les leviers pour appliquer son programme.<\/span><\/p>\n<p class=\"p1\"><span class=\"s1\">Cette victoire, si attendue, n&rsquo;en est pas moins spectaculaire par son ampleur. Les adversaires du Pastef, \u00e0 commencer par l&rsquo;ancien pr\u00e9sident Macky Sall, n&rsquo;ont pas su mobiliser face \u00e0 une \u00e9quipe qui incarne le renouveau politique pour un grand parti de l&rsquo;\u00e9lectorat. Macky Sall, dont la figure reste associ\u00e9e aux crises pass\u00e9es, pourrait avoir contribu\u00e9, involontairement, \u00e0 galvaniser le soutien en faveur de Sonko.<\/span><\/p>\n<p class=\"p1\"><span class=\"s1\">Le triomphe du Pastef place d\u00e9sormais le parti face \u00e0 une responsabilit\u00e9 immense. D\u00e9tenir \u00e0 la fois l&rsquo;ex\u00e9cutif et le l\u00e9gislatif donne au gouvernement les moyens n\u00e9cessaires pour mettre en \u0153uvre ses engagements, mais cela aussi supprimer toute excuse en cas d&rsquo;\u00e9chec.<\/span><\/p>\n<p class=\"p1\"><span class=\"s1\">Les S\u00e9n\u00e9galais, porteurs d&rsquo;une grande esp\u00e9rance, attendant des r\u00e9sultats tangibles. Si les dirigeants du Pastef ont jusqu&rsquo;ici d\u00e9montr\u00e9 une d\u00e9termination et une vision claire, les d\u00e9fis qui les attendent sont nombreux, allant des r\u00e9formes \u00e9conomiques aux promesses sociales avanc\u00e9es.<\/span><\/p>\n<p class=\"p1\"><span class=\"s1\">Au-del\u00e0 de la victoire du Pastef, ces l\u00e9gislatives ont mis en lumi\u00e8re la maturit\u00e9 d\u00e9mocratique du S\u00e9n\u00e9gal. Apr\u00e8s une campagne tendue, le scrutateur s&rsquo;est d\u00e9roul\u00e9 dans le calme, sans incident majeur. Une atmosph\u00e8re qui tranche avec les crispations des mois pr\u00e9c\u00e9dents et refl\u00e8te le sens des responsabilit\u00e9s des \u00e9lecteurs comme des candidats.<\/span><\/p>\n<p class=\"p1\"><span class=\"s1\">Des figures politiques comme Amadou Bah, ancien Premier ministre, et Barth\u00e9l\u00e9my Dias, maire de Dakar, ont m\u00eame publiquement f\u00e9licit\u00e9 les vainqueurs. Ces gestes de fair-play, relay\u00e9s sur les r\u00e9seaux sociaux, montrent un visage apais\u00e9 de la d\u00e9mocratie s\u00e9n\u00e9galaise, o\u00f9 la d\u00e9faite peut aussi s&rsquo;accompagner de dignit\u00e9.<\/span><\/p>\n<p class=\"p1\"><span class=\"s1\">Le Pastef, d\u00e9sormais aux commandes du S\u00e9n\u00e9gal, porte les espoirs d&rsquo;un pays en qu\u00eate de changement. Mais avec ce pouvoir vient une attente accumul\u00e9e : celle de prouver que les promesses de rupture peuvent se traduire en actions concr\u00e8tes.<\/span><\/p>\n<p class=\"p1\"><span class=\"s1\">Les S\u00e9n\u00e9galais ont jou\u00e9 leur r\u00f4le en se mobilisant massivement pour exprimer leur choix. D\u00e9sormais, il revient \u00e0 Ousmane Sonko, Bassirou Diomaye Faye et leur \u00e9quipe de prouver qu&rsquo;ils sont \u00e0 la hauteur de cette confiance. \u00c0 l&rsquo;heure du bilan, ils ne pourront se d\u00e9rober face aux attentes d&rsquo;une nation enti\u00e8re.<\/span><\/p>\n<p class=\"p1\" style=\"text-align: right;\"><span class=\"s1\"><b> Par Vox Sahel <\/b><\/span><\/p>\n","protected":false},"excerpt":{"rendered":"<p>Les S\u00e9n\u00e9galais ont vot\u00e9 ce dimanche 17 novembre dans un climat apais\u00e9 pour \u00e9lire leurs<\/p>\n","protected":false},"author":2,"featured_media":885,"comment_status":"open","ping_status":"open","sticky":false,"template":"","format":"standard","meta":{"_et_pb_use_builder":"","_et_pb_old_content":"","_et_gb_content_width":"","footnotes":""},"categories":[15],"tags":[76,442,49,328,443,75,74],"class_list":["post-884","post","type-post","status-publish","format-standard","has-post-thumbnail","hentry","category-international","tag-bassirou-diomaye-faye","tag-elections-legislatives","tag-geopolitique","tag-ousmane-sonko","tag-pastef","tag-politique","tag-senegal"],"yoast_head":"<!-- This site is optimized with the Yoast SEO plugin v27.5 - https:\/\/yoast.com\/product\/yoast-seo-wordpress\/ -->\n<title>L\u00e9gislatives s\u00e9n\u00e9galaises : Le triomphe du Pastef aux l\u00e9gislatives consacre l&#039;\u00e8re Sonko-Diomaye - Vox Sahel<\/title>\n<meta name=\"robots\" content=\"index, follow, max-snippet:-1, max-image-preview:large, max-video-preview:-1\" \/>\n<link rel=\"canonical\" href=\"https:\/\/voxsahel.com\/?p=884\" \/>\n<meta property=\"og:locale\" content=\"fr_FR\" \/>\n<meta property=\"og:type\" content=\"article\" \/>\n<meta property=\"og:title\" content=\"L\u00e9gislatives s\u00e9n\u00e9galaises : Le triomphe du Pastef aux l\u00e9gislatives consacre l&#039;\u00e8re Sonko-Diomaye - Vox Sahel\" \/>\n<meta property=\"og:description\" content=\"Les S\u00e9n\u00e9galais ont vot\u00e9 ce dimanche 17 novembre dans un climat apais\u00e9 pour \u00e9lire leurs\" \/>\n<meta property=\"og:url\" content=\"https:\/\/voxsahel.com\/?p=884\" \/>\n<meta property=\"og:site_name\" content=\"Vox Sahel\" \/>\n<meta property=\"article:publisher\" content=\"https:\/\/www.facebook.com\/journal.voxsahel\" \/>\n<meta property=\"article:published_time\" content=\"2024-11-18T06:50:50+00:00\" \/>\n<meta property=\"article:modified_time\" content=\"2024-11-18T08:34:16+00:00\" \/>\n<meta property=\"og:image\" content=\"https:\/\/voxsahel.com\/wp-content\/uploads\/2024\/11\/IMG_0431.jpeg\" \/>\n\t<meta property=\"og:image:width\" content=\"1200\" \/>\n\t<meta property=\"og:image:height\" content=\"800\" \/>\n\t<meta property=\"og:image:type\" content=\"image\/jpeg\" \/>\n<meta name=\"author\" content=\"Vox Sahel\" \/>\n<meta name=\"twitter:card\" content=\"summary_large_image\" \/>\n<meta name=\"twitter:label1\" content=\"\u00c9crit par\" \/>\n\t<meta name=\"twitter:data1\" content=\"Vox Sahel\" \/>\n\t<meta name=\"twitter:label2\" content=\"Dur\u00e9e de lecture estim\u00e9e\" \/>\n\t<meta name=\"twitter:data2\" content=\"3 minutes\" \/>\n<script type=\"application\/ld+json\" class=\"yoast-schema-graph\">{\"@context\":\"https:\\\/\\\/schema.org\",\"@graph\":[{\"@type\":\"Article\",\"@id\":\"https:\\\/\\\/voxsahel.com\\\/?p=884#article\",\"isPartOf\":{\"@id\":\"https:\\\/\\\/voxsahel.com\\\/?p=884\"},\"author\":{\"name\":\"Vox Sahel\",\"@id\":\"https:\\\/\\\/voxsahel.com\\\/#\\\/schema\\\/person\\\/b4043608248f8fa227cd760e7ff1e19e\"},\"headline\":\"L\u00e9gislatives s\u00e9n\u00e9galaises : Le triomphe du Pastef aux l\u00e9gislatives consacre l&rsquo;\u00e8re Sonko-Diomaye\",\"datePublished\":\"2024-11-18T06:50:50+00:00\",\"dateModified\":\"2024-11-18T08:34:16+00:00\",\"mainEntityOfPage\":{\"@id\":\"https:\\\/\\\/voxsahel.com\\\/?p=884\"},\"wordCount\":531,\"commentCount\":0,\"publisher\":{\"@id\":\"https:\\\/\\\/voxsahel.com\\\/#organization\"},\"image\":{\"@id\":\"https:\\\/\\\/voxsahel.com\\\/?p=884#primaryimage\"},\"thumbnailUrl\":\"https:\\\/\\\/voxsahel.com\\\/wp-content\\\/uploads\\\/2024\\\/11\\\/IMG_0431.jpeg\",\"keywords\":[\"Bassirou Diomaye Faye\",\"\u00c9lections l\u00e9gislatives\",\"G\u00e9opolitique\",\"Ousmane Sonko\",\"PASTEF\",\"Politique\",\"S\u00e9n\u00e9gal\"],\"articleSection\":[\"INTERNATIONAL\"],\"inLanguage\":\"fr-FR\",\"potentialAction\":[{\"@type\":\"CommentAction\",\"name\":\"Comment\",\"target\":[\"https:\\\/\\\/voxsahel.com\\\/?p=884#respond\"]}]},{\"@type\":\"WebPage\",\"@id\":\"https:\\\/\\\/voxsahel.com\\\/?p=884\",\"url\":\"https:\\\/\\\/voxsahel.com\\\/?p=884\",\"name\":\"L\u00e9gislatives s\u00e9n\u00e9galaises : Le triomphe du Pastef aux l\u00e9gislatives consacre l'\u00e8re Sonko-Diomaye - Vox Sahel\",\"isPartOf\":{\"@id\":\"https:\\\/\\\/voxsahel.com\\\/#website\"},\"primaryImageOfPage\":{\"@id\":\"https:\\\/\\\/voxsahel.com\\\/?p=884#primaryimage\"},\"image\":{\"@id\":\"https:\\\/\\\/voxsahel.com\\\/?p=884#primaryimage\"},\"thumbnailUrl\":\"https:\\\/\\\/voxsahel.com\\\/wp-content\\\/uploads\\\/2024\\\/11\\\/IMG_0431.jpeg\",\"datePublished\":\"2024-11-18T06:50:50+00:00\",\"dateModified\":\"2024-11-18T08:34:16+00:00\",\"breadcrumb\":{\"@id\":\"https:\\\/\\\/voxsahel.com\\\/?p=884#breadcrumb\"},\"inLanguage\":\"fr-FR\",\"potentialAction\":[{\"@type\":\"ReadAction\",\"target\":[\"https:\\\/\\\/voxsahel.com\\\/?p=884\"]}]},{\"@type\":\"ImageObject\",\"inLanguage\":\"fr-FR\",\"@id\":\"https:\\\/\\\/voxsahel.com\\\/?p=884#primaryimage\",\"url\":\"https:\\\/\\\/voxsahel.com\\\/wp-content\\\/uploads\\\/2024\\\/11\\\/IMG_0431.jpeg\",\"contentUrl\":\"https:\\\/\\\/voxsahel.com\\\/wp-content\\\/uploads\\\/2024\\\/11\\\/IMG_0431.jpeg\",\"width\":1200,\"height\":800},{\"@type\":\"BreadcrumbList\",\"@id\":\"https:\\\/\\\/voxsahel.com\\\/?p=884#breadcrumb\",\"itemListElement\":[{\"@type\":\"ListItem\",\"position\":1,\"name\":\"Home\",\"item\":\"https:\\\/\\\/voxsahel.com\\\/\"},{\"@type\":\"ListItem\",\"position\":2,\"name\":\"L\u00e9gislatives s\u00e9n\u00e9galaises : Le triomphe du Pastef aux l\u00e9gislatives consacre l&rsquo;\u00e8re Sonko-Diomaye\"}]},{\"@type\":\"WebSite\",\"@id\":\"https:\\\/\\\/voxsahel.com\\\/#website\",\"url\":\"https:\\\/\\\/voxsahel.com\\\/\",\"name\":\"Vox Sahel\",\"description\":\"Informez-vous sur le Sahel en un clic\",\"publisher\":{\"@id\":\"https:\\\/\\\/voxsahel.com\\\/#organization\"},\"potentialAction\":[{\"@type\":\"SearchAction\",\"target\":{\"@type\":\"EntryPoint\",\"urlTemplate\":\"https:\\\/\\\/voxsahel.com\\\/?s={search_term_string}\"},\"query-input\":{\"@type\":\"PropertyValueSpecification\",\"valueRequired\":true,\"valueName\":\"search_term_string\"}}],\"inLanguage\":\"fr-FR\"},{\"@type\":\"Organization\",\"@id\":\"https:\\\/\\\/voxsahel.com\\\/#organization\",\"name\":\"Vox Sahel\",\"url\":\"https:\\\/\\\/voxsahel.com\\\/\",\"logo\":{\"@type\":\"ImageObject\",\"inLanguage\":\"fr-FR\",\"@id\":\"https:\\\/\\\/voxsahel.com\\\/#\\\/schema\\\/logo\\\/image\\\/\",\"url\":\"https:\\\/\\\/voxsahel.com\\\/wp-content\\\/uploads\\\/2024\\\/09\\\/Logo-Vox-Sahel.jpg\",\"contentUrl\":\"https:\\\/\\\/voxsahel.com\\\/wp-content\\\/uploads\\\/2024\\\/09\\\/Logo-Vox-Sahel.jpg\",\"width\":1181,\"height\":848,\"caption\":\"Vox Sahel\"},\"image\":{\"@id\":\"https:\\\/\\\/voxsahel.com\\\/#\\\/schema\\\/logo\\\/image\\\/\"},\"sameAs\":[\"https:\\\/\\\/www.facebook.com\\\/journal.voxsahel\"]},{\"@type\":\"Person\",\"@id\":\"https:\\\/\\\/voxsahel.com\\\/#\\\/schema\\\/person\\\/b4043608248f8fa227cd760e7ff1e19e\",\"name\":\"Vox Sahel\",\"image\":{\"@type\":\"ImageObject\",\"inLanguage\":\"fr-FR\",\"@id\":\"https:\\\/\\\/secure.gravatar.com\\\/avatar\\\/f70e7fa0cb9b29d4a7c5788d6eb2e9ab4d3135cbae1c9161810fdf77a8964699?s=96&d=mm&r=g\",\"url\":\"https:\\\/\\\/secure.gravatar.com\\\/avatar\\\/f70e7fa0cb9b29d4a7c5788d6eb2e9ab4d3135cbae1c9161810fdf77a8964699?s=96&d=mm&r=g\",\"contentUrl\":\"https:\\\/\\\/secure.gravatar.com\\\/avatar\\\/f70e7fa0cb9b29d4a7c5788d6eb2e9ab4d3135cbae1c9161810fdf77a8964699?s=96&d=mm&r=g\",\"caption\":\"Vox Sahel\"},\"sameAs\":[\"http:\\\/\\\/www.voxsahel.com\"],\"url\":\"https:\\\/\\\/voxsahel.com\\\/?author=2\"}]}<\/script>\n<!-- \/ Yoast SEO plugin. -->","yoast_head_json":{"title":"L\u00e9gislatives s\u00e9n\u00e9galaises : Le triomphe du Pastef aux l\u00e9gislatives consacre l'\u00e8re Sonko-Diomaye - Vox Sahel","robots":{"index":"index","follow":"follow","max-snippet":"max-snippet:-1","max-image-preview":"max-image-preview:large","max-video-preview":"max-video-preview:-1"},"canonical":"https:\/\/voxsahel.com\/?p=884","og_locale":"fr_FR","og_type":"article","og_title":"L\u00e9gislatives s\u00e9n\u00e9galaises : Le triomphe du Pastef aux l\u00e9gislatives consacre l'\u00e8re Sonko-Diomaye - Vox Sahel","og_description":"Les S\u00e9n\u00e9galais ont vot\u00e9 ce dimanche 17 novembre dans un climat apais\u00e9 pour \u00e9lire leurs","og_url":"https:\/\/voxsahel.com\/?p=884","og_site_name":"Vox Sahel","article_publisher":"https:\/\/www.facebook.com\/journal.voxsahel","article_published_time":"2024-11-18T06:50:50+00:00","article_modified_time":"2024-11-18T08:34:16+00:00","og_image":[{"width":1200,"height":800,"url":"https:\/\/voxsahel.com\/wp-content\/uploads\/2024\/11\/IMG_0431.jpeg","type":"image\/jpeg"}],"author":"Vox Sahel","twitter_card":"summary_large_image","twitter_misc":{"\u00c9crit par":"Vox Sahel","Dur\u00e9e de lecture estim\u00e9e":"3 minutes"},"schema":{"@context":"https:\/\/schema.org","@graph":[{"@type":"Article","@id":"https:\/\/voxsahel.com\/?p=884#article","isPartOf":{"@id":"https:\/\/voxsahel.com\/?p=884"},"author":{"name":"Vox Sahel","@id":"https:\/\/voxsahel.com\/#\/schema\/person\/b4043608248f8fa227cd760e7ff1e19e"},"headline":"L\u00e9gislatives s\u00e9n\u00e9galaises : Le triomphe du Pastef aux l\u00e9gislatives consacre l&rsquo;\u00e8re Sonko-Diomaye","datePublished":"2024-11-18T06:50:50+00:00","dateModified":"2024-11-18T08:34:16+00:00","mainEntityOfPage":{"@id":"https:\/\/voxsahel.com\/?p=884"},"wordCount":531,"commentCount":0,"publisher":{"@id":"https:\/\/voxsahel.com\/#organization"},"image":{"@id":"https:\/\/voxsahel.com\/?p=884#primaryimage"},"thumbnailUrl":"https:\/\/voxsahel.com\/wp-content\/uploads\/2024\/11\/IMG_0431.jpeg","keywords":["Bassirou Diomaye Faye","\u00c9lections l\u00e9gislatives","G\u00e9opolitique","Ousmane Sonko","PASTEF","Politique","S\u00e9n\u00e9gal"],"articleSection":["INTERNATIONAL"],"inLanguage":"fr-FR","potentialAction":[{"@type":"CommentAction","name":"Comment","target":["https:\/\/voxsahel.com\/?p=884#respond"]}]},{"@type":"WebPage","@id":"https:\/\/voxsahel.com\/?p=884","url":"https:\/\/voxsahel.com\/?p=884","name":"L\u00e9gislatives s\u00e9n\u00e9galaises : Le triomphe du Pastef aux l\u00e9gislatives consacre l'\u00e8re Sonko-Diomaye - Vox Sahel","isPartOf":{"@id":"https:\/\/voxsahel.com\/#website"},"primaryImageOfPage":{"@id":"https:\/\/voxsahel.com\/?p=884#primaryimage"},"image":{"@id":"https:\/\/voxsahel.com\/?p=884#primaryimage"},"thumbnailUrl":"https:\/\/voxsahel.com\/wp-content\/uploads\/2024\/11\/IMG_0431.jpeg","datePublished":"2024-11-18T06:50:50+00:00","dateModified":"2024-11-18T08:34:16+00:00","breadcrumb":{"@id":"https:\/\/voxsahel.com\/?p=884#breadcrumb"},"inLanguage":"fr-FR","potentialAction":[{"@type":"ReadAction","target":["https:\/\/voxsahel.com\/?p=884"]}]},{"@type":"ImageObject","inLanguage":"fr-FR","@id":"https:\/\/voxsahel.com\/?p=884#primaryimage","url":"https:\/\/voxsahel.com\/wp-content\/uploads\/2024\/11\/IMG_0431.jpeg","contentUrl":"https:\/\/voxsahel.com\/wp-content\/uploads\/2024\/11\/IMG_0431.jpeg","width":1200,"height":800},{"@type":"BreadcrumbList","@id":"https:\/\/voxsahel.com\/?p=884#breadcrumb","itemListElement":[{"@type":"ListItem","position":1,"name":"Home","item":"https:\/\/voxsahel.com\/"},{"@type":"ListItem","position":2,"name":"L\u00e9gislatives s\u00e9n\u00e9galaises : Le triomphe du Pastef aux l\u00e9gislatives consacre l&rsquo;\u00e8re Sonko-Diomaye"}]},{"@type":"WebSite","@id":"https:\/\/voxsahel.com\/#website","url":"https:\/\/voxsahel.com\/","name":"Vox Sahel","description":"Informez-vous sur le Sahel en un clic","publisher":{"@id":"https:\/\/voxsahel.com\/#organization"},"potentialAction":[{"@type":"SearchAction","target":{"@type":"EntryPoint","urlTemplate":"https:\/\/voxsahel.com\/?s={search_term_string}"},"query-input":{"@type":"PropertyValueSpecification","valueRequired":true,"valueName":"search_term_string"}}],"inLanguage":"fr-FR"},{"@type":"Organization","@id":"https:\/\/voxsahel.com\/#organization","name":"Vox Sahel","url":"https:\/\/voxsahel.com\/","logo":{"@type":"ImageObject","inLanguage":"fr-FR","@id":"https:\/\/voxsahel.com\/#\/schema\/logo\/image\/","url":"https:\/\/voxsahel.com\/wp-content\/uploads\/2024\/09\/Logo-Vox-Sahel.jpg","contentUrl":"https:\/\/voxsahel.com\/wp-content\/uploads\/2024\/09\/Logo-Vox-Sahel.jpg","width":1181,"height":848,"caption":"Vox Sahel"},"image":{"@id":"https:\/\/voxsahel.com\/#\/schema\/logo\/image\/"},"sameAs":["https:\/\/www.facebook.com\/journal.voxsahel"]},{"@type":"Person","@id":"https:\/\/voxsahel.com\/#\/schema\/person\/b4043608248f8fa227cd760e7ff1e19e","name":"Vox Sahel","image":{"@type":"ImageObject","inLanguage":"fr-FR","@id":"https:\/\/secure.gravatar.com\/avatar\/f70e7fa0cb9b29d4a7c5788d6eb2e9ab4d3135cbae1c9161810fdf77a8964699?s=96&d=mm&r=g","url":"https:\/\/secure.gravatar.com\/avatar\/f70e7fa0cb9b29d4a7c5788d6eb2e9ab4d3135cbae1c9161810fdf77a8964699?s=96&d=mm&r=g","contentUrl":"https:\/\/secure.gravatar.com\/avatar\/f70e7fa0cb9b29d4a7c5788d6eb2e9ab4d3135cbae1c9161810fdf77a8964699?s=96&d=mm&r=g","caption":"Vox Sahel"},"sameAs":["http:\/\/www.voxsahel.com"],"url":"https:\/\/voxsahel.com\/?author=2"}]}},"_links":{"self":[{"href":"https:\/\/voxsahel.com\/index.php?rest_route=\/wp\/v2\/posts\/884","targetHints":{"allow":["GET"]}}],"collection":[{"href":"https:\/\/voxsahel.com\/index.php?rest_route=\/wp\/v2\/posts"}],"about":[{"href":"https:\/\/voxsahel.com\/index.php?rest_route=\/wp\/v2\/types\/post"}],"author":[{"embeddable":true,"href":"https:\/\/voxsahel.com\/index.php?rest_route=\/wp\/v2\/users\/2"}],"replies":[{"embeddable":true,"href":"https:\/\/voxsahel.com\/index.php?rest_route=%2Fwp%2Fv2%2Fcomments&post=884"}],"version-history":[{"count":2,"href":"https:\/\/voxsahel.com\/index.php?rest_route=\/wp\/v2\/posts\/884\/revisions"}],"predecessor-version":[{"id":887,"href":"https:\/\/voxsahel.com\/index.php?rest_route=\/wp\/v2\/posts\/884\/revisions\/887"}],"wp:featuredmedia":[{"embeddable":true,"href":"https:\/\/voxsahel.com\/index.php?rest_route=\/wp\/v2\/media\/885"}],"wp:attachment":[{"href":"https:\/\/voxsahel.com\/index.php?rest_route=%2Fwp%2Fv2%2Fmedia&parent=884"}],"wp:term":[{"taxonomy":"category","embeddable":true,"href":"https:\/\/voxsahel.com\/index.php?rest_route=%2Fwp%2Fv2%2Fcategories&post=884"},{"taxonomy":"post_tag","embeddable":true,"href":"https:\/\/voxsahel.com\/index.php?rest_route=%2Fwp%2Fv2%2Ftags&post=884"}],"curies":[{"name":"wp","href":"https:\/\/api.w.org\/{rel}","templated":true}]}}