{"id":878,"date":"2024-11-17T21:48:56","date_gmt":"2024-11-17T21:48:56","guid":{"rendered":"https:\/\/voxsahel.com\/?p=878"},"modified":"2024-11-17T22:01:51","modified_gmt":"2024-11-17T22:01:51","slug":"free-roaming-au-sahel-une-avancee-majeure-pour-la-communication-entre-le-burkina-faso-le-mali-et-le-niger","status":"publish","type":"post","link":"https:\/\/voxsahel.com\/?p=878","title":{"rendered":"\u00a0Free Roaming au Sahel : Une avanc\u00e9e majeure pour la communication entre le Burkina Faso, le Mali et le Niger"},"content":{"rendered":"<p>A partir de janvier 2025, les citoyens du Burkina Faso, du Mali et du Niger pourront communiquer librement entre ces trois pays sans frais de roaming. Cette d\u00e9cision, fruit d&rsquo;une collaboration entre les ministres en charge des communications \u00e9lectroniques des pays membres de l&rsquo;Alliance des \u00c9tats du Sahel (AES), a \u00e9t\u00e9 annonc\u00e9e lors de la cl\u00f4ture de la 19\u1d49 \u00e9dition de la Semaine du num\u00e9rique au Burkina Faso.<\/p>\n<p>Cette initiative permettra aux utilisateurs d&rsquo;utiliser leur forfait national, que ce soit pour les appels, les SMS ou les donn\u00e9es mobiles, sans frais suppl\u00e9mentaires, lorsqu&rsquo;ils voyagent dans l&rsquo;un des trois pays. \u00ab Vous t\u00e9l\u00e9phonez \u00e0 Bamako avec votre t\u00e9l\u00e9phone burkinab\u00e8 comme si vous \u00e9tiez au Burkina. C&rsquo;est une grande facilit\u00e9 pour la population \u00bb, a d\u00e9clar\u00e9 Alhamdou Ag Ily\u00e8ne, ministre malien des Communications \u00e9lectroniques.<\/p>\n<p>Au-del\u00e0 du roaming gratuit, les trois pays envisagent de renforcer leur coop\u00e9ration en mati\u00e8re d&rsquo;interconnectivit\u00e9 num\u00e9rique. Sidy Mohammed Raliou, ministre nig\u00e9rien des Communications \u00e9lectroniques, a soulign\u00e9 l&rsquo;importance de connecter les administrations publiques via la fibre optique et d&rsquo;autres infrastructures num\u00e9riques. \u00ab Nous nous sommes encourag\u00e9s \u00e0 interconnecter nos trois pays \u00bb, a-t-il affirm\u00e9.<\/p>\n<p>La Semaine du num\u00e9rique a \u00e9galement \u00e9t\u00e9 marqu\u00e9e par des comp\u00e9titions mettant en lumi\u00e8re le talent des acteurs du secteur. Alban Ga\u00ebl Sama et Wili Kabor\u00e9 ont remport\u00e9 le premier prix du concours Hacking \u00c9thique pour leur solution visant \u00e0 am\u00e9liorer la cybers\u00e9curit\u00e9. Dans la cat\u00e9gorie mini-programmes, Joanne Prince Kouchouanou s&rsquo;est distingu\u00e9e, tandis que la plateforme Campus Faso a \u00e9t\u00e9 r\u00e9compens\u00e9e pour son service num\u00e9rique innovant \u00e0 destination des \u00e9tudiants et du personnel universitaire.<\/p>\n<p>Selon Dr Aminata Zerbo\/Sabane, ministre en charge des Communications \u00e9lectroniques du Burkina Faso, cette 19\u1d49 \u00e9dition a connu un franc succ\u00e8s. \u00ab Nous avons vu un engouement tr\u00e8s satisfaisant, non seulement de la part des professionnels du num\u00e9rique, mais aussi des usagers qui ont d\u00e9couvert le talent et le savoir-faire des acteurs de tout l&rsquo;espace AES \u00bb, a-t-elle d\u00e9clar\u00e9.<\/p>\n<p>La Poste Burkina a remport\u00e9 le prix du meilleur stand d&rsquo;exposition dans le secteur public, tandis que des troph\u00e9es d&rsquo;honneur ont \u00e9t\u00e9 attribu\u00e9s \u00e0 des institutions telles que la BECAO et la SONABEL pour leur contribution au d\u00e9veloppement num\u00e9rique.<\/p>\n<p>Cette avanc\u00e9e marque une \u00e9tape importante dans l&rsquo;int\u00e9gration num\u00e9rique des pays de l&rsquo;AES, facilitant non seulement les \u00e9changes transfrontaliers, mais aussi la collaboration entre les administrations et les acteurs priv\u00e9s. Avec ces initiatives, l&rsquo;Alliance des \u00c9tats du Sahel ambitionne de construire un espace num\u00e9rique commun et performant, au service du d\u00e9veloppement socio-\u00e9conomique de la r\u00e9gion.<\/p>\n<p style=\"text-align: right;\"><strong>Par Vox Sahel<\/strong><\/p>\n","protected":false},"excerpt":{"rendered":"<p>A partir de janvier 2025, les citoyens du Burkina Faso, du Mali et du Niger<\/p>\n","protected":false},"author":2,"featured_media":881,"comment_status":"open","ping_status":"open","sticky":false,"template":"","format":"standard","meta":{"_et_pb_use_builder":"","_et_pb_old_content":"","_et_gb_content_width":"","footnotes":""},"categories":[14],"tags":[61,62,18,439,123,441,31,60,440,172,82],"class_list":["post-878","post","type-post","status-publish","format-standard","has-post-thumbnail","hentry","category-tech","tag-aes","tag-alliance-des-etats-du-sahel","tag-burkina-faso","tag-communications-electroniques","tag-confederation-de-lalliances-des-etats-du-sahel","tag-digitalisation","tag-mali","tag-niger","tag-roaming","tag-sahel","tag-technologie"],"yoast_head":"<!-- This site is optimized with the Yoast SEO plugin v27.5 - https:\/\/yoast.com\/product\/yoast-seo-wordpress\/ -->\n<title>\u00a0Free Roaming au Sahel : Une avanc\u00e9e majeure pour la communication entre le Burkina Faso, le Mali et le Niger - Vox Sahel<\/title>\n<meta name=\"robots\" content=\"index, follow, max-snippet:-1, max-image-preview:large, max-video-preview:-1\" \/>\n<link rel=\"canonical\" href=\"https:\/\/voxsahel.com\/?p=878\" \/>\n<meta property=\"og:locale\" content=\"fr_FR\" \/>\n<meta property=\"og:type\" content=\"article\" \/>\n<meta property=\"og:title\" content=\"\u00a0Free Roaming au Sahel : Une avanc\u00e9e majeure pour la communication entre le Burkina Faso, le Mali et le Niger - Vox Sahel\" \/>\n<meta property=\"og:description\" content=\"A partir de janvier 2025, les citoyens du Burkina Faso, du Mali et du Niger\" \/>\n<meta property=\"og:url\" content=\"https:\/\/voxsahel.com\/?p=878\" \/>\n<meta property=\"og:site_name\" content=\"Vox Sahel\" \/>\n<meta property=\"article:publisher\" content=\"https:\/\/www.facebook.com\/journal.voxsahel\" \/>\n<meta property=\"article:published_time\" content=\"2024-11-17T21:48:56+00:00\" \/>\n<meta property=\"article:modified_time\" content=\"2024-11-17T22:01:51+00:00\" \/>\n<meta property=\"og:image\" content=\"https:\/\/voxsahel.com\/wp-content\/uploads\/2024\/11\/t.jpg\" \/>\n\t<meta property=\"og:image:width\" content=\"448\" \/>\n\t<meta property=\"og:image:height\" content=\"299\" \/>\n\t<meta property=\"og:image:type\" content=\"image\/jpeg\" \/>\n<meta name=\"author\" content=\"Vox Sahel\" \/>\n<meta name=\"twitter:card\" content=\"summary_large_image\" \/>\n<meta name=\"twitter:label1\" content=\"\u00c9crit par\" \/>\n\t<meta name=\"twitter:data1\" content=\"Vox Sahel\" \/>\n\t<meta name=\"twitter:label2\" content=\"Dur\u00e9e de lecture estim\u00e9e\" \/>\n\t<meta name=\"twitter:data2\" content=\"3 minutes\" \/>\n<script type=\"application\/ld+json\" class=\"yoast-schema-graph\">{\"@context\":\"https:\\\/\\\/schema.org\",\"@graph\":[{\"@type\":\"Article\",\"@id\":\"https:\\\/\\\/voxsahel.com\\\/?p=878#article\",\"isPartOf\":{\"@id\":\"https:\\\/\\\/voxsahel.com\\\/?p=878\"},\"author\":{\"name\":\"Vox Sahel\",\"@id\":\"https:\\\/\\\/voxsahel.com\\\/#\\\/schema\\\/person\\\/b4043608248f8fa227cd760e7ff1e19e\"},\"headline\":\"\u00a0Free Roaming au Sahel : Une avanc\u00e9e majeure pour la communication entre le Burkina Faso, le Mali et le Niger\",\"datePublished\":\"2024-11-17T21:48:56+00:00\",\"dateModified\":\"2024-11-17T22:01:51+00:00\",\"mainEntityOfPage\":{\"@id\":\"https:\\\/\\\/voxsahel.com\\\/?p=878\"},\"wordCount\":485,\"commentCount\":0,\"publisher\":{\"@id\":\"https:\\\/\\\/voxsahel.com\\\/#organization\"},\"image\":{\"@id\":\"https:\\\/\\\/voxsahel.com\\\/?p=878#primaryimage\"},\"thumbnailUrl\":\"https:\\\/\\\/voxsahel.com\\\/wp-content\\\/uploads\\\/2024\\\/11\\\/t.jpg\",\"keywords\":[\"AES\",\"Alliance des \u00c9tats du Sahel\",\"Burkina Faso\",\"Communications \u00e9lectroniques\",\"Conf\u00e9d\u00e9ration de l\u2019Alliances des \u00c9tats du Sahel\",\"Digitalisation\",\"Mali\",\"Niger\",\"Roaming\",\"Sahel\",\"Technologie\"],\"articleSection\":[\"TECH\"],\"inLanguage\":\"fr-FR\",\"potentialAction\":[{\"@type\":\"CommentAction\",\"name\":\"Comment\",\"target\":[\"https:\\\/\\\/voxsahel.com\\\/?p=878#respond\"]}]},{\"@type\":\"WebPage\",\"@id\":\"https:\\\/\\\/voxsahel.com\\\/?p=878\",\"url\":\"https:\\\/\\\/voxsahel.com\\\/?p=878\",\"name\":\"\u00a0Free Roaming au Sahel : Une avanc\u00e9e majeure pour la communication entre le Burkina Faso, le Mali et le Niger - Vox Sahel\",\"isPartOf\":{\"@id\":\"https:\\\/\\\/voxsahel.com\\\/#website\"},\"primaryImageOfPage\":{\"@id\":\"https:\\\/\\\/voxsahel.com\\\/?p=878#primaryimage\"},\"image\":{\"@id\":\"https:\\\/\\\/voxsahel.com\\\/?p=878#primaryimage\"},\"thumbnailUrl\":\"https:\\\/\\\/voxsahel.com\\\/wp-content\\\/uploads\\\/2024\\\/11\\\/t.jpg\",\"datePublished\":\"2024-11-17T21:48:56+00:00\",\"dateModified\":\"2024-11-17T22:01:51+00:00\",\"breadcrumb\":{\"@id\":\"https:\\\/\\\/voxsahel.com\\\/?p=878#breadcrumb\"},\"inLanguage\":\"fr-FR\",\"potentialAction\":[{\"@type\":\"ReadAction\",\"target\":[\"https:\\\/\\\/voxsahel.com\\\/?p=878\"]}]},{\"@type\":\"ImageObject\",\"inLanguage\":\"fr-FR\",\"@id\":\"https:\\\/\\\/voxsahel.com\\\/?p=878#primaryimage\",\"url\":\"https:\\\/\\\/voxsahel.com\\\/wp-content\\\/uploads\\\/2024\\\/11\\\/t.jpg\",\"contentUrl\":\"https:\\\/\\\/voxsahel.com\\\/wp-content\\\/uploads\\\/2024\\\/11\\\/t.jpg\",\"width\":448,\"height\":299,\"caption\":\"Men speak on mobile phones at the Adjame market in Abidjan on June 23, 2009. The African market for mobile telephones has since 2002 shown the \\\"fastest growth rate in the world\\\", according to a survey conducted by business consultancy Ernst Young and published Monday. \\\"Since 2002, the African market has seen a growth rate of 49.3 percent, where the French market has only seen 7.5 percent a year, compared with 28 percent in Brazil and 27.4 percent in Asia, said the report released in Abidjan. AFP PHOTO \\\/ ISSOUF SANOGO\"},{\"@type\":\"BreadcrumbList\",\"@id\":\"https:\\\/\\\/voxsahel.com\\\/?p=878#breadcrumb\",\"itemListElement\":[{\"@type\":\"ListItem\",\"position\":1,\"name\":\"Home\",\"item\":\"https:\\\/\\\/voxsahel.com\\\/\"},{\"@type\":\"ListItem\",\"position\":2,\"name\":\"\u00a0Free Roaming au Sahel : Une avanc\u00e9e majeure pour la communication entre le Burkina Faso, le Mali et le Niger\"}]},{\"@type\":\"WebSite\",\"@id\":\"https:\\\/\\\/voxsahel.com\\\/#website\",\"url\":\"https:\\\/\\\/voxsahel.com\\\/\",\"name\":\"Vox Sahel\",\"description\":\"Informez-vous sur le Sahel en un clic\",\"publisher\":{\"@id\":\"https:\\\/\\\/voxsahel.com\\\/#organization\"},\"potentialAction\":[{\"@type\":\"SearchAction\",\"target\":{\"@type\":\"EntryPoint\",\"urlTemplate\":\"https:\\\/\\\/voxsahel.com\\\/?s={search_term_string}\"},\"query-input\":{\"@type\":\"PropertyValueSpecification\",\"valueRequired\":true,\"valueName\":\"search_term_string\"}}],\"inLanguage\":\"fr-FR\"},{\"@type\":\"Organization\",\"@id\":\"https:\\\/\\\/voxsahel.com\\\/#organization\",\"name\":\"Vox Sahel\",\"url\":\"https:\\\/\\\/voxsahel.com\\\/\",\"logo\":{\"@type\":\"ImageObject\",\"inLanguage\":\"fr-FR\",\"@id\":\"https:\\\/\\\/voxsahel.com\\\/#\\\/schema\\\/logo\\\/image\\\/\",\"url\":\"https:\\\/\\\/voxsahel.com\\\/wp-content\\\/uploads\\\/2024\\\/09\\\/Logo-Vox-Sahel.jpg\",\"contentUrl\":\"https:\\\/\\\/voxsahel.com\\\/wp-content\\\/uploads\\\/2024\\\/09\\\/Logo-Vox-Sahel.jpg\",\"width\":1181,\"height\":848,\"caption\":\"Vox Sahel\"},\"image\":{\"@id\":\"https:\\\/\\\/voxsahel.com\\\/#\\\/schema\\\/logo\\\/image\\\/\"},\"sameAs\":[\"https:\\\/\\\/www.facebook.com\\\/journal.voxsahel\"]},{\"@type\":\"Person\",\"@id\":\"https:\\\/\\\/voxsahel.com\\\/#\\\/schema\\\/person\\\/b4043608248f8fa227cd760e7ff1e19e\",\"name\":\"Vox Sahel\",\"image\":{\"@type\":\"ImageObject\",\"inLanguage\":\"fr-FR\",\"@id\":\"https:\\\/\\\/secure.gravatar.com\\\/avatar\\\/f70e7fa0cb9b29d4a7c5788d6eb2e9ab4d3135cbae1c9161810fdf77a8964699?s=96&d=mm&r=g\",\"url\":\"https:\\\/\\\/secure.gravatar.com\\\/avatar\\\/f70e7fa0cb9b29d4a7c5788d6eb2e9ab4d3135cbae1c9161810fdf77a8964699?s=96&d=mm&r=g\",\"contentUrl\":\"https:\\\/\\\/secure.gravatar.com\\\/avatar\\\/f70e7fa0cb9b29d4a7c5788d6eb2e9ab4d3135cbae1c9161810fdf77a8964699?s=96&d=mm&r=g\",\"caption\":\"Vox Sahel\"},\"sameAs\":[\"http:\\\/\\\/www.voxsahel.com\"],\"url\":\"https:\\\/\\\/voxsahel.com\\\/?author=2\"}]}<\/script>\n<!-- \/ Yoast SEO plugin. -->","yoast_head_json":{"title":"\u00a0Free Roaming au Sahel : Une avanc\u00e9e majeure pour la communication entre le Burkina Faso, le Mali et le Niger - Vox Sahel","robots":{"index":"index","follow":"follow","max-snippet":"max-snippet:-1","max-image-preview":"max-image-preview:large","max-video-preview":"max-video-preview:-1"},"canonical":"https:\/\/voxsahel.com\/?p=878","og_locale":"fr_FR","og_type":"article","og_title":"\u00a0Free Roaming au Sahel : Une avanc\u00e9e majeure pour la communication entre le Burkina Faso, le Mali et le Niger - Vox Sahel","og_description":"A partir de janvier 2025, les citoyens du Burkina Faso, du Mali et du Niger","og_url":"https:\/\/voxsahel.com\/?p=878","og_site_name":"Vox Sahel","article_publisher":"https:\/\/www.facebook.com\/journal.voxsahel","article_published_time":"2024-11-17T21:48:56+00:00","article_modified_time":"2024-11-17T22:01:51+00:00","og_image":[{"width":448,"height":299,"url":"https:\/\/voxsahel.com\/wp-content\/uploads\/2024\/11\/t.jpg","type":"image\/jpeg"}],"author":"Vox Sahel","twitter_card":"summary_large_image","twitter_misc":{"\u00c9crit par":"Vox Sahel","Dur\u00e9e de lecture estim\u00e9e":"3 minutes"},"schema":{"@context":"https:\/\/schema.org","@graph":[{"@type":"Article","@id":"https:\/\/voxsahel.com\/?p=878#article","isPartOf":{"@id":"https:\/\/voxsahel.com\/?p=878"},"author":{"name":"Vox Sahel","@id":"https:\/\/voxsahel.com\/#\/schema\/person\/b4043608248f8fa227cd760e7ff1e19e"},"headline":"\u00a0Free Roaming au Sahel : Une avanc\u00e9e majeure pour la communication entre le Burkina Faso, le Mali et le Niger","datePublished":"2024-11-17T21:48:56+00:00","dateModified":"2024-11-17T22:01:51+00:00","mainEntityOfPage":{"@id":"https:\/\/voxsahel.com\/?p=878"},"wordCount":485,"commentCount":0,"publisher":{"@id":"https:\/\/voxsahel.com\/#organization"},"image":{"@id":"https:\/\/voxsahel.com\/?p=878#primaryimage"},"thumbnailUrl":"https:\/\/voxsahel.com\/wp-content\/uploads\/2024\/11\/t.jpg","keywords":["AES","Alliance des \u00c9tats du Sahel","Burkina Faso","Communications \u00e9lectroniques","Conf\u00e9d\u00e9ration de l\u2019Alliances des \u00c9tats du Sahel","Digitalisation","Mali","Niger","Roaming","Sahel","Technologie"],"articleSection":["TECH"],"inLanguage":"fr-FR","potentialAction":[{"@type":"CommentAction","name":"Comment","target":["https:\/\/voxsahel.com\/?p=878#respond"]}]},{"@type":"WebPage","@id":"https:\/\/voxsahel.com\/?p=878","url":"https:\/\/voxsahel.com\/?p=878","name":"\u00a0Free Roaming au Sahel : Une avanc\u00e9e majeure pour la communication entre le Burkina Faso, le Mali et le Niger - Vox Sahel","isPartOf":{"@id":"https:\/\/voxsahel.com\/#website"},"primaryImageOfPage":{"@id":"https:\/\/voxsahel.com\/?p=878#primaryimage"},"image":{"@id":"https:\/\/voxsahel.com\/?p=878#primaryimage"},"thumbnailUrl":"https:\/\/voxsahel.com\/wp-content\/uploads\/2024\/11\/t.jpg","datePublished":"2024-11-17T21:48:56+00:00","dateModified":"2024-11-17T22:01:51+00:00","breadcrumb":{"@id":"https:\/\/voxsahel.com\/?p=878#breadcrumb"},"inLanguage":"fr-FR","potentialAction":[{"@type":"ReadAction","target":["https:\/\/voxsahel.com\/?p=878"]}]},{"@type":"ImageObject","inLanguage":"fr-FR","@id":"https:\/\/voxsahel.com\/?p=878#primaryimage","url":"https:\/\/voxsahel.com\/wp-content\/uploads\/2024\/11\/t.jpg","contentUrl":"https:\/\/voxsahel.com\/wp-content\/uploads\/2024\/11\/t.jpg","width":448,"height":299,"caption":"Men speak on mobile phones at the Adjame market in Abidjan on June 23, 2009. The African market for mobile telephones has since 2002 shown the \"fastest growth rate in the world\", according to a survey conducted by business consultancy Ernst Young and published Monday. \"Since 2002, the African market has seen a growth rate of 49.3 percent, where the French market has only seen 7.5 percent a year, compared with 28 percent in Brazil and 27.4 percent in Asia, said the report released in Abidjan. AFP PHOTO \/ ISSOUF SANOGO"},{"@type":"BreadcrumbList","@id":"https:\/\/voxsahel.com\/?p=878#breadcrumb","itemListElement":[{"@type":"ListItem","position":1,"name":"Home","item":"https:\/\/voxsahel.com\/"},{"@type":"ListItem","position":2,"name":"\u00a0Free Roaming au Sahel : Une avanc\u00e9e majeure pour la communication entre le Burkina Faso, le Mali et le Niger"}]},{"@type":"WebSite","@id":"https:\/\/voxsahel.com\/#website","url":"https:\/\/voxsahel.com\/","name":"Vox Sahel","description":"Informez-vous sur le Sahel en un clic","publisher":{"@id":"https:\/\/voxsahel.com\/#organization"},"potentialAction":[{"@type":"SearchAction","target":{"@type":"EntryPoint","urlTemplate":"https:\/\/voxsahel.com\/?s={search_term_string}"},"query-input":{"@type":"PropertyValueSpecification","valueRequired":true,"valueName":"search_term_string"}}],"inLanguage":"fr-FR"},{"@type":"Organization","@id":"https:\/\/voxsahel.com\/#organization","name":"Vox Sahel","url":"https:\/\/voxsahel.com\/","logo":{"@type":"ImageObject","inLanguage":"fr-FR","@id":"https:\/\/voxsahel.com\/#\/schema\/logo\/image\/","url":"https:\/\/voxsahel.com\/wp-content\/uploads\/2024\/09\/Logo-Vox-Sahel.jpg","contentUrl":"https:\/\/voxsahel.com\/wp-content\/uploads\/2024\/09\/Logo-Vox-Sahel.jpg","width":1181,"height":848,"caption":"Vox Sahel"},"image":{"@id":"https:\/\/voxsahel.com\/#\/schema\/logo\/image\/"},"sameAs":["https:\/\/www.facebook.com\/journal.voxsahel"]},{"@type":"Person","@id":"https:\/\/voxsahel.com\/#\/schema\/person\/b4043608248f8fa227cd760e7ff1e19e","name":"Vox Sahel","image":{"@type":"ImageObject","inLanguage":"fr-FR","@id":"https:\/\/secure.gravatar.com\/avatar\/f70e7fa0cb9b29d4a7c5788d6eb2e9ab4d3135cbae1c9161810fdf77a8964699?s=96&d=mm&r=g","url":"https:\/\/secure.gravatar.com\/avatar\/f70e7fa0cb9b29d4a7c5788d6eb2e9ab4d3135cbae1c9161810fdf77a8964699?s=96&d=mm&r=g","contentUrl":"https:\/\/secure.gravatar.com\/avatar\/f70e7fa0cb9b29d4a7c5788d6eb2e9ab4d3135cbae1c9161810fdf77a8964699?s=96&d=mm&r=g","caption":"Vox Sahel"},"sameAs":["http:\/\/www.voxsahel.com"],"url":"https:\/\/voxsahel.com\/?author=2"}]}},"_links":{"self":[{"href":"https:\/\/voxsahel.com\/index.php?rest_route=\/wp\/v2\/posts\/878","targetHints":{"allow":["GET"]}}],"collection":[{"href":"https:\/\/voxsahel.com\/index.php?rest_route=\/wp\/v2\/posts"}],"about":[{"href":"https:\/\/voxsahel.com\/index.php?rest_route=\/wp\/v2\/types\/post"}],"author":[{"embeddable":true,"href":"https:\/\/voxsahel.com\/index.php?rest_route=\/wp\/v2\/users\/2"}],"replies":[{"embeddable":true,"href":"https:\/\/voxsahel.com\/index.php?rest_route=%2Fwp%2Fv2%2Fcomments&post=878"}],"version-history":[{"count":2,"href":"https:\/\/voxsahel.com\/index.php?rest_route=\/wp\/v2\/posts\/878\/revisions"}],"predecessor-version":[{"id":883,"href":"https:\/\/voxsahel.com\/index.php?rest_route=\/wp\/v2\/posts\/878\/revisions\/883"}],"wp:featuredmedia":[{"embeddable":true,"href":"https:\/\/voxsahel.com\/index.php?rest_route=\/wp\/v2\/media\/881"}],"wp:attachment":[{"href":"https:\/\/voxsahel.com\/index.php?rest_route=%2Fwp%2Fv2%2Fmedia&parent=878"}],"wp:term":[{"taxonomy":"category","embeddable":true,"href":"https:\/\/voxsahel.com\/index.php?rest_route=%2Fwp%2Fv2%2Fcategories&post=878"},{"taxonomy":"post_tag","embeddable":true,"href":"https:\/\/voxsahel.com\/index.php?rest_route=%2Fwp%2Fv2%2Ftags&post=878"}],"curies":[{"name":"wp","href":"https:\/\/api.w.org\/{rel}","templated":true}]}}