{"id":875,"date":"2024-11-17T18:45:25","date_gmt":"2024-11-17T18:45:25","guid":{"rendered":"https:\/\/voxsahel.com\/?p=875"},"modified":"2024-11-17T18:45:25","modified_gmt":"2024-11-17T18:45:25","slug":"dedicace-du-livre-aes-chronique-dune-audacieuse-marche-adama-soro-appelle-a-lautodetermination-des-pays-africains","status":"publish","type":"post","link":"https:\/\/voxsahel.com\/?p=875","title":{"rendered":"D\u00e9dicace du livre \u00ab AES : Chronique d\u2019une audacieuse marche \u00bb Adama Soro appelle \u00e0 l\u2019autod\u00e9termination des pays africains"},"content":{"rendered":"<p class=\"p1\"><strong><span class=\"s1\">Le journaliste et \u00e9crivain burkinab\u00e8 Adama Amad\u00e9 Soro a pr\u00e9sent\u00e9 son troisi\u00e8me ouvrage intitul\u00e9 \u00ab AES : Chronique d\u2019une audacieuse marche \u00bb le samedi 16 novembre 2024. La c\u00e9r\u00e9monie de d\u00e9dicace s\u2019est d\u00e9roul\u00e9e en pr\u00e9sence de nombreuses personnalit\u00e9s du Burkina Faso, dont le repr\u00e9sentant du ministre en charge de la culture et le vice-consul g\u00e9n\u00e9ral du Niger au Burkina Faso.<\/span><\/strong><\/p>\n<p class=\"p1\"><span class=\"s1\">\u00a0<\/span>Cet essai g\u00e9opolitique et g\u00e9ostrat\u00e9gique de 120 pages, r\u00e9parti en huit chapitres, s&rsquo;inscrit dans le contexte de l&rsquo;Alliance des \u00c9tats du Sahel (AES), form\u00e9e le 16 septembre 2023 par le Mali, le Burkina Faso et le Niger, qui ont choisi de quitter la CEDEAO. Dans son livre, Adama Soro explore les enjeux d&rsquo;identit\u00e9, de souverainet\u00e9 et les perspectives d\u2019avenir de ces trois pays. Selon lui, l&rsquo;ouvrage constitue une \u00ab trace \u00e9crite de cette Alliance pour la post\u00e9rit\u00e9 \u00bb, afin que les g\u00e9n\u00e9rations futures comprennent les jalons pos\u00e9s par ces \u00c9tats dans leur d\u00e9marche commune.<\/p>\n<p class=\"p1\"><span class=\"s1\">L\u2019auteur met en avant la d\u00e9termination des trois pays \u00e0 r\u00e9affirmer leur souverainet\u00e9 face aux puissances \u00e9trang\u00e8res et \u00e0 relever les d\u00e9fis de la mondialisation. Pour lui, l&rsquo;AES repr\u00e9sente une v\u00e9ritable opportunit\u00e9 de coop\u00e9ration, capable de peser sur la sc\u00e8ne internationale pour d\u00e9fendre ses int\u00e9r\u00eats. Adama Soro souligne que l&rsquo;Alliance doit se concentrer sur quatre axes fondamentaux : la d\u00e9fense, la s\u00e9curit\u00e9, la diplomatie et le d\u00e9veloppement. Il insiste sur la n\u00e9cessit\u00e9 d&rsquo;une \u00ab union sacr\u00e9e \u00bb pour surmonter les d\u00e9fis actuels et orienter l\u2019avenir vers une v\u00e9ritable autonomie et une r\u00e9elle souverainet\u00e9.L\u2019ouvrage de Adama Soro plaide \u00e9galement pour la mise en place de strat\u00e9gies communes, notamment en mati\u00e8re de s\u00e9curit\u00e9.<br \/>\n<\/span><\/p>\n<p class=\"p1\"><span class=\"s1\">Il propose un renforcement des capacit\u00e9s militaires, une meilleure coordination des forces de s\u00e9curit\u00e9 et une coop\u00e9ration accrue avec les partenaires internationaux pour lutter contre le terrorisme. Cependant, il pr\u00e9cise que l&rsquo;AES ne se limite pas \u00e0 une alliance militaire : \u00ab C\u2019est un projet politique visant \u00e0 forger une identit\u00e9 r\u00e9gionale forte, capable de r\u00e9sister aux pressions ext\u00e9rieures et de promouvoir les int\u00e9r\u00eats communs des trois nations \u00bb, affirme l\u2019auteur.Il appelle les peuples de l\u2019AES \u00e0 repenser les relations internationales sous un autre prisme. Selon lui, l\u2019AES peut devenir un mod\u00e8le d\u2019int\u00e9gration r\u00e9gionale, inspirant d\u2019autres r\u00e9gions du continent africain.<br \/>\n<\/span><\/p>\n<p class=\"p1\"><span class=\"s1\">Pour cela, il pr\u00e9conise le d\u00e9veloppement d\u2019infrastructures r\u00e9gionales pour favoriser les \u00e9changes et renforcer la coh\u00e9sion sociale. Il conclut en soulignant que l\u2019AES, bien que r\u00e9cente, peut se positionner comme un acteur majeur de la g\u00e9opolitique, non seulement sous-r\u00e9gionale, mais aussi internationale : \u00ab L\u2019AES qui vient de na\u00eetre peut devenir un acteur majeur de la g\u00e9opolitique, non seulement sous-r\u00e9gionale, mais aussi internationale, en mettant les \u00c9tats face \u00e0 leurs propres contradictions. C\u2019est donc un appel \u00e0 l\u2019ensemble des pays africains pour qu\u2019ils prennent en main leur destin \u00bb.<\/span><\/p>\n<p class=\"p1\"><span class=\"s1\">Le ministre en charge de la culture, repr\u00e9sent\u00e9 par Bakary Kon\u00e9, a salu\u00e9 cet ouvrage, qui, selon lui, prolonge la lutte des dirigeants de l\u2019AES. Il a exprim\u00e9 l\u2019espoir que le livre sensibilise davantage les populations des trois pays sur la dynamique enclench\u00e9e. L&rsquo;ouvrage, qui co\u00fbte 5000 FCFA, est disponible dans les librairies du Burkina Faso ainsi qu&rsquo;aux si\u00e8ges de Savane M\u00e9dias et d&rsquo;Albouchra Voyage.<\/span><\/p>\n<p class=\"p1\" style=\"text-align: right;\"><span class=\"s1\"><b>Par Amir Ouedraogo <\/b><\/span><\/p>\n","protected":false},"excerpt":{"rendered":"<p>Le journaliste et \u00e9crivain burkinab\u00e8 Adama Amad\u00e9 Soro a pr\u00e9sent\u00e9 son troisi\u00e8me ouvrage intitul\u00e9 \u00ab<\/p>\n","protected":false},"author":2,"featured_media":876,"comment_status":"open","ping_status":"open","sticky":false,"template":"","format":"standard","meta":{"_et_pb_use_builder":"","_et_pb_old_content":"","_et_gb_content_width":"","footnotes":""},"categories":[13],"tags":[],"class_list":["post-875","post","type-post","status-publish","format-standard","has-post-thumbnail","hentry","category-culture"],"yoast_head":"<!-- This site is optimized with the Yoast SEO plugin v27.5 - https:\/\/yoast.com\/product\/yoast-seo-wordpress\/ -->\n<title>D\u00e9dicace du livre \u00ab AES : Chronique d\u2019une audacieuse marche \u00bb Adama Soro appelle \u00e0 l\u2019autod\u00e9termination des pays africains - Vox Sahel<\/title>\n<meta name=\"robots\" content=\"index, follow, max-snippet:-1, max-image-preview:large, max-video-preview:-1\" \/>\n<link rel=\"canonical\" href=\"https:\/\/voxsahel.com\/?p=875\" \/>\n<meta property=\"og:locale\" content=\"fr_FR\" \/>\n<meta property=\"og:type\" content=\"article\" \/>\n<meta property=\"og:title\" content=\"D\u00e9dicace du livre \u00ab AES : Chronique d\u2019une audacieuse marche \u00bb Adama Soro appelle \u00e0 l\u2019autod\u00e9termination des pays africains - Vox Sahel\" \/>\n<meta property=\"og:description\" content=\"Le journaliste et \u00e9crivain burkinab\u00e8 Adama Amad\u00e9 Soro a pr\u00e9sent\u00e9 son troisi\u00e8me ouvrage intitul\u00e9 \u00ab\" \/>\n<meta property=\"og:url\" content=\"https:\/\/voxsahel.com\/?p=875\" \/>\n<meta property=\"og:site_name\" content=\"Vox Sahel\" \/>\n<meta property=\"article:publisher\" content=\"https:\/\/www.facebook.com\/journal.voxsahel\" \/>\n<meta property=\"article:published_time\" content=\"2024-11-17T18:45:25+00:00\" \/>\n<meta property=\"og:image\" content=\"https:\/\/voxsahel.com\/wp-content\/uploads\/2024\/11\/11d45e09-6943-4d9f-9f48-7b68c8f358dc.jpeg\" \/>\n\t<meta property=\"og:image:width\" content=\"1700\" \/>\n\t<meta property=\"og:image:height\" content=\"2560\" \/>\n\t<meta property=\"og:image:type\" content=\"image\/jpeg\" \/>\n<meta name=\"author\" content=\"Vox Sahel\" \/>\n<meta name=\"twitter:card\" content=\"summary_large_image\" \/>\n<meta name=\"twitter:label1\" content=\"\u00c9crit par\" \/>\n\t<meta name=\"twitter:data1\" content=\"Vox Sahel\" \/>\n\t<meta name=\"twitter:label2\" content=\"Dur\u00e9e de lecture estim\u00e9e\" \/>\n\t<meta name=\"twitter:data2\" content=\"3 minutes\" \/>\n<script type=\"application\/ld+json\" class=\"yoast-schema-graph\">{\"@context\":\"https:\\\/\\\/schema.org\",\"@graph\":[{\"@type\":\"Article\",\"@id\":\"https:\\\/\\\/voxsahel.com\\\/?p=875#article\",\"isPartOf\":{\"@id\":\"https:\\\/\\\/voxsahel.com\\\/?p=875\"},\"author\":{\"name\":\"Vox Sahel\",\"@id\":\"https:\\\/\\\/voxsahel.com\\\/#\\\/schema\\\/person\\\/b4043608248f8fa227cd760e7ff1e19e\"},\"headline\":\"D\u00e9dicace du livre \u00ab AES : Chronique d\u2019une audacieuse marche \u00bb Adama Soro appelle \u00e0 l\u2019autod\u00e9termination des pays africains\",\"datePublished\":\"2024-11-17T18:45:25+00:00\",\"mainEntityOfPage\":{\"@id\":\"https:\\\/\\\/voxsahel.com\\\/?p=875\"},\"wordCount\":619,\"commentCount\":0,\"publisher\":{\"@id\":\"https:\\\/\\\/voxsahel.com\\\/#organization\"},\"image\":{\"@id\":\"https:\\\/\\\/voxsahel.com\\\/?p=875#primaryimage\"},\"thumbnailUrl\":\"https:\\\/\\\/voxsahel.com\\\/wp-content\\\/uploads\\\/2024\\\/11\\\/11d45e09-6943-4d9f-9f48-7b68c8f358dc.jpeg\",\"articleSection\":[\"CULTURE\"],\"inLanguage\":\"fr-FR\",\"potentialAction\":[{\"@type\":\"CommentAction\",\"name\":\"Comment\",\"target\":[\"https:\\\/\\\/voxsahel.com\\\/?p=875#respond\"]}]},{\"@type\":\"WebPage\",\"@id\":\"https:\\\/\\\/voxsahel.com\\\/?p=875\",\"url\":\"https:\\\/\\\/voxsahel.com\\\/?p=875\",\"name\":\"D\u00e9dicace du livre \u00ab AES : Chronique d\u2019une audacieuse marche \u00bb Adama Soro appelle \u00e0 l\u2019autod\u00e9termination des pays africains - Vox Sahel\",\"isPartOf\":{\"@id\":\"https:\\\/\\\/voxsahel.com\\\/#website\"},\"primaryImageOfPage\":{\"@id\":\"https:\\\/\\\/voxsahel.com\\\/?p=875#primaryimage\"},\"image\":{\"@id\":\"https:\\\/\\\/voxsahel.com\\\/?p=875#primaryimage\"},\"thumbnailUrl\":\"https:\\\/\\\/voxsahel.com\\\/wp-content\\\/uploads\\\/2024\\\/11\\\/11d45e09-6943-4d9f-9f48-7b68c8f358dc.jpeg\",\"datePublished\":\"2024-11-17T18:45:25+00:00\",\"breadcrumb\":{\"@id\":\"https:\\\/\\\/voxsahel.com\\\/?p=875#breadcrumb\"},\"inLanguage\":\"fr-FR\",\"potentialAction\":[{\"@type\":\"ReadAction\",\"target\":[\"https:\\\/\\\/voxsahel.com\\\/?p=875\"]}]},{\"@type\":\"ImageObject\",\"inLanguage\":\"fr-FR\",\"@id\":\"https:\\\/\\\/voxsahel.com\\\/?p=875#primaryimage\",\"url\":\"https:\\\/\\\/voxsahel.com\\\/wp-content\\\/uploads\\\/2024\\\/11\\\/11d45e09-6943-4d9f-9f48-7b68c8f358dc.jpeg\",\"contentUrl\":\"https:\\\/\\\/voxsahel.com\\\/wp-content\\\/uploads\\\/2024\\\/11\\\/11d45e09-6943-4d9f-9f48-7b68c8f358dc.jpeg\",\"width\":1700,\"height\":2560},{\"@type\":\"BreadcrumbList\",\"@id\":\"https:\\\/\\\/voxsahel.com\\\/?p=875#breadcrumb\",\"itemListElement\":[{\"@type\":\"ListItem\",\"position\":1,\"name\":\"Home\",\"item\":\"https:\\\/\\\/voxsahel.com\\\/\"},{\"@type\":\"ListItem\",\"position\":2,\"name\":\"D\u00e9dicace du livre \u00ab AES : Chronique d\u2019une audacieuse marche \u00bb Adama Soro appelle \u00e0 l\u2019autod\u00e9termination des pays africains\"}]},{\"@type\":\"WebSite\",\"@id\":\"https:\\\/\\\/voxsahel.com\\\/#website\",\"url\":\"https:\\\/\\\/voxsahel.com\\\/\",\"name\":\"Vox Sahel\",\"description\":\"Informez-vous sur le Sahel en un clic\",\"publisher\":{\"@id\":\"https:\\\/\\\/voxsahel.com\\\/#organization\"},\"potentialAction\":[{\"@type\":\"SearchAction\",\"target\":{\"@type\":\"EntryPoint\",\"urlTemplate\":\"https:\\\/\\\/voxsahel.com\\\/?s={search_term_string}\"},\"query-input\":{\"@type\":\"PropertyValueSpecification\",\"valueRequired\":true,\"valueName\":\"search_term_string\"}}],\"inLanguage\":\"fr-FR\"},{\"@type\":\"Organization\",\"@id\":\"https:\\\/\\\/voxsahel.com\\\/#organization\",\"name\":\"Vox Sahel\",\"url\":\"https:\\\/\\\/voxsahel.com\\\/\",\"logo\":{\"@type\":\"ImageObject\",\"inLanguage\":\"fr-FR\",\"@id\":\"https:\\\/\\\/voxsahel.com\\\/#\\\/schema\\\/logo\\\/image\\\/\",\"url\":\"https:\\\/\\\/voxsahel.com\\\/wp-content\\\/uploads\\\/2024\\\/09\\\/Logo-Vox-Sahel.jpg\",\"contentUrl\":\"https:\\\/\\\/voxsahel.com\\\/wp-content\\\/uploads\\\/2024\\\/09\\\/Logo-Vox-Sahel.jpg\",\"width\":1181,\"height\":848,\"caption\":\"Vox Sahel\"},\"image\":{\"@id\":\"https:\\\/\\\/voxsahel.com\\\/#\\\/schema\\\/logo\\\/image\\\/\"},\"sameAs\":[\"https:\\\/\\\/www.facebook.com\\\/journal.voxsahel\"]},{\"@type\":\"Person\",\"@id\":\"https:\\\/\\\/voxsahel.com\\\/#\\\/schema\\\/person\\\/b4043608248f8fa227cd760e7ff1e19e\",\"name\":\"Vox Sahel\",\"image\":{\"@type\":\"ImageObject\",\"inLanguage\":\"fr-FR\",\"@id\":\"https:\\\/\\\/secure.gravatar.com\\\/avatar\\\/f70e7fa0cb9b29d4a7c5788d6eb2e9ab4d3135cbae1c9161810fdf77a8964699?s=96&d=mm&r=g\",\"url\":\"https:\\\/\\\/secure.gravatar.com\\\/avatar\\\/f70e7fa0cb9b29d4a7c5788d6eb2e9ab4d3135cbae1c9161810fdf77a8964699?s=96&d=mm&r=g\",\"contentUrl\":\"https:\\\/\\\/secure.gravatar.com\\\/avatar\\\/f70e7fa0cb9b29d4a7c5788d6eb2e9ab4d3135cbae1c9161810fdf77a8964699?s=96&d=mm&r=g\",\"caption\":\"Vox Sahel\"},\"sameAs\":[\"http:\\\/\\\/www.voxsahel.com\"],\"url\":\"https:\\\/\\\/voxsahel.com\\\/?author=2\"}]}<\/script>\n<!-- \/ Yoast SEO plugin. -->","yoast_head_json":{"title":"D\u00e9dicace du livre \u00ab AES : Chronique d\u2019une audacieuse marche \u00bb Adama Soro appelle \u00e0 l\u2019autod\u00e9termination des pays africains - Vox Sahel","robots":{"index":"index","follow":"follow","max-snippet":"max-snippet:-1","max-image-preview":"max-image-preview:large","max-video-preview":"max-video-preview:-1"},"canonical":"https:\/\/voxsahel.com\/?p=875","og_locale":"fr_FR","og_type":"article","og_title":"D\u00e9dicace du livre \u00ab AES : Chronique d\u2019une audacieuse marche \u00bb Adama Soro appelle \u00e0 l\u2019autod\u00e9termination des pays africains - Vox Sahel","og_description":"Le journaliste et \u00e9crivain burkinab\u00e8 Adama Amad\u00e9 Soro a pr\u00e9sent\u00e9 son troisi\u00e8me ouvrage intitul\u00e9 \u00ab","og_url":"https:\/\/voxsahel.com\/?p=875","og_site_name":"Vox Sahel","article_publisher":"https:\/\/www.facebook.com\/journal.voxsahel","article_published_time":"2024-11-17T18:45:25+00:00","og_image":[{"width":1700,"height":2560,"url":"https:\/\/voxsahel.com\/wp-content\/uploads\/2024\/11\/11d45e09-6943-4d9f-9f48-7b68c8f358dc.jpeg","type":"image\/jpeg"}],"author":"Vox Sahel","twitter_card":"summary_large_image","twitter_misc":{"\u00c9crit par":"Vox Sahel","Dur\u00e9e de lecture estim\u00e9e":"3 minutes"},"schema":{"@context":"https:\/\/schema.org","@graph":[{"@type":"Article","@id":"https:\/\/voxsahel.com\/?p=875#article","isPartOf":{"@id":"https:\/\/voxsahel.com\/?p=875"},"author":{"name":"Vox Sahel","@id":"https:\/\/voxsahel.com\/#\/schema\/person\/b4043608248f8fa227cd760e7ff1e19e"},"headline":"D\u00e9dicace du livre \u00ab AES : Chronique d\u2019une audacieuse marche \u00bb Adama Soro appelle \u00e0 l\u2019autod\u00e9termination des pays africains","datePublished":"2024-11-17T18:45:25+00:00","mainEntityOfPage":{"@id":"https:\/\/voxsahel.com\/?p=875"},"wordCount":619,"commentCount":0,"publisher":{"@id":"https:\/\/voxsahel.com\/#organization"},"image":{"@id":"https:\/\/voxsahel.com\/?p=875#primaryimage"},"thumbnailUrl":"https:\/\/voxsahel.com\/wp-content\/uploads\/2024\/11\/11d45e09-6943-4d9f-9f48-7b68c8f358dc.jpeg","articleSection":["CULTURE"],"inLanguage":"fr-FR","potentialAction":[{"@type":"CommentAction","name":"Comment","target":["https:\/\/voxsahel.com\/?p=875#respond"]}]},{"@type":"WebPage","@id":"https:\/\/voxsahel.com\/?p=875","url":"https:\/\/voxsahel.com\/?p=875","name":"D\u00e9dicace du livre \u00ab AES : Chronique d\u2019une audacieuse marche \u00bb Adama Soro appelle \u00e0 l\u2019autod\u00e9termination des pays africains - Vox Sahel","isPartOf":{"@id":"https:\/\/voxsahel.com\/#website"},"primaryImageOfPage":{"@id":"https:\/\/voxsahel.com\/?p=875#primaryimage"},"image":{"@id":"https:\/\/voxsahel.com\/?p=875#primaryimage"},"thumbnailUrl":"https:\/\/voxsahel.com\/wp-content\/uploads\/2024\/11\/11d45e09-6943-4d9f-9f48-7b68c8f358dc.jpeg","datePublished":"2024-11-17T18:45:25+00:00","breadcrumb":{"@id":"https:\/\/voxsahel.com\/?p=875#breadcrumb"},"inLanguage":"fr-FR","potentialAction":[{"@type":"ReadAction","target":["https:\/\/voxsahel.com\/?p=875"]}]},{"@type":"ImageObject","inLanguage":"fr-FR","@id":"https:\/\/voxsahel.com\/?p=875#primaryimage","url":"https:\/\/voxsahel.com\/wp-content\/uploads\/2024\/11\/11d45e09-6943-4d9f-9f48-7b68c8f358dc.jpeg","contentUrl":"https:\/\/voxsahel.com\/wp-content\/uploads\/2024\/11\/11d45e09-6943-4d9f-9f48-7b68c8f358dc.jpeg","width":1700,"height":2560},{"@type":"BreadcrumbList","@id":"https:\/\/voxsahel.com\/?p=875#breadcrumb","itemListElement":[{"@type":"ListItem","position":1,"name":"Home","item":"https:\/\/voxsahel.com\/"},{"@type":"ListItem","position":2,"name":"D\u00e9dicace du livre \u00ab AES : Chronique d\u2019une audacieuse marche \u00bb Adama Soro appelle \u00e0 l\u2019autod\u00e9termination des pays africains"}]},{"@type":"WebSite","@id":"https:\/\/voxsahel.com\/#website","url":"https:\/\/voxsahel.com\/","name":"Vox Sahel","description":"Informez-vous sur le Sahel en un clic","publisher":{"@id":"https:\/\/voxsahel.com\/#organization"},"potentialAction":[{"@type":"SearchAction","target":{"@type":"EntryPoint","urlTemplate":"https:\/\/voxsahel.com\/?s={search_term_string}"},"query-input":{"@type":"PropertyValueSpecification","valueRequired":true,"valueName":"search_term_string"}}],"inLanguage":"fr-FR"},{"@type":"Organization","@id":"https:\/\/voxsahel.com\/#organization","name":"Vox Sahel","url":"https:\/\/voxsahel.com\/","logo":{"@type":"ImageObject","inLanguage":"fr-FR","@id":"https:\/\/voxsahel.com\/#\/schema\/logo\/image\/","url":"https:\/\/voxsahel.com\/wp-content\/uploads\/2024\/09\/Logo-Vox-Sahel.jpg","contentUrl":"https:\/\/voxsahel.com\/wp-content\/uploads\/2024\/09\/Logo-Vox-Sahel.jpg","width":1181,"height":848,"caption":"Vox Sahel"},"image":{"@id":"https:\/\/voxsahel.com\/#\/schema\/logo\/image\/"},"sameAs":["https:\/\/www.facebook.com\/journal.voxsahel"]},{"@type":"Person","@id":"https:\/\/voxsahel.com\/#\/schema\/person\/b4043608248f8fa227cd760e7ff1e19e","name":"Vox Sahel","image":{"@type":"ImageObject","inLanguage":"fr-FR","@id":"https:\/\/secure.gravatar.com\/avatar\/f70e7fa0cb9b29d4a7c5788d6eb2e9ab4d3135cbae1c9161810fdf77a8964699?s=96&d=mm&r=g","url":"https:\/\/secure.gravatar.com\/avatar\/f70e7fa0cb9b29d4a7c5788d6eb2e9ab4d3135cbae1c9161810fdf77a8964699?s=96&d=mm&r=g","contentUrl":"https:\/\/secure.gravatar.com\/avatar\/f70e7fa0cb9b29d4a7c5788d6eb2e9ab4d3135cbae1c9161810fdf77a8964699?s=96&d=mm&r=g","caption":"Vox Sahel"},"sameAs":["http:\/\/www.voxsahel.com"],"url":"https:\/\/voxsahel.com\/?author=2"}]}},"_links":{"self":[{"href":"https:\/\/voxsahel.com\/index.php?rest_route=\/wp\/v2\/posts\/875","targetHints":{"allow":["GET"]}}],"collection":[{"href":"https:\/\/voxsahel.com\/index.php?rest_route=\/wp\/v2\/posts"}],"about":[{"href":"https:\/\/voxsahel.com\/index.php?rest_route=\/wp\/v2\/types\/post"}],"author":[{"embeddable":true,"href":"https:\/\/voxsahel.com\/index.php?rest_route=\/wp\/v2\/users\/2"}],"replies":[{"embeddable":true,"href":"https:\/\/voxsahel.com\/index.php?rest_route=%2Fwp%2Fv2%2Fcomments&post=875"}],"version-history":[{"count":1,"href":"https:\/\/voxsahel.com\/index.php?rest_route=\/wp\/v2\/posts\/875\/revisions"}],"predecessor-version":[{"id":877,"href":"https:\/\/voxsahel.com\/index.php?rest_route=\/wp\/v2\/posts\/875\/revisions\/877"}],"wp:featuredmedia":[{"embeddable":true,"href":"https:\/\/voxsahel.com\/index.php?rest_route=\/wp\/v2\/media\/876"}],"wp:attachment":[{"href":"https:\/\/voxsahel.com\/index.php?rest_route=%2Fwp%2Fv2%2Fmedia&parent=875"}],"wp:term":[{"taxonomy":"category","embeddable":true,"href":"https:\/\/voxsahel.com\/index.php?rest_route=%2Fwp%2Fv2%2Fcategories&post=875"},{"taxonomy":"post_tag","embeddable":true,"href":"https:\/\/voxsahel.com\/index.php?rest_route=%2Fwp%2Fv2%2Ftags&post=875"}],"curies":[{"name":"wp","href":"https:\/\/api.w.org\/{rel}","templated":true}]}}