{"id":872,"date":"2024-11-16T22:32:13","date_gmt":"2024-11-16T22:32:13","guid":{"rendered":"https:\/\/voxsahel.com\/?p=872"},"modified":"2024-11-16T22:32:13","modified_gmt":"2024-11-16T22:32:13","slug":"championnat-du-monde-de-powerlifting-a-moscou-le-burkinabe-zan-bady-encore-pare-dor-au-developpe-couche-benchpress","status":"publish","type":"post","link":"https:\/\/voxsahel.com\/?p=872","title":{"rendered":"Championnat du Monde de Powerlifting \u00e0 Moscou : le Burkinab\u00e9 Zan Bady encore par\u00e9 d&rsquo;or au D\u00e9velopp\u00e9-couch\u00e9 (Benchpress)"},"content":{"rendered":"<p class=\"p1\"><span class=\"s2\">Le champion burkinab\u00e8 Zan Bady, surnomm\u00e9 \u00ab Caterpillar \u00bb, a une fois de plus confirm\u00e9 sa place parmi l&rsquo;\u00e9lite mondiale du powerlifting. Ce samedi \u00e0 Moscou, il a d\u00e9croch\u00e9 une deuxi\u00e8me m\u00e9daille d&rsquo;or en Bench Press (d\u00e9velopp\u00e9-couch\u00e9), portant \u00e0 trois le total de ses m\u00e9dailles lors de cette comp\u00e9tition prestigieuse.<\/span><\/p>\n<p class=\"p1\"><span class=\"s2\">Zan Bady s&rsquo;est illustr\u00e9 avec des performances exceptionnelles, r\u00e9alisant des records africains, europ\u00e9ens et mondiaux dans la cat\u00e9gorie Dips (soulev\u00e9 de hanche) en soulevant 140 kg, ce qui lui a valu une premi\u00e8re m\u00e9daille d&rsquo;or. Il a \u00e9galement r\u00e9alis\u00e9 un exploit en Bench Press avec un d\u00e9velopp\u00e9-couch\u00e9 impressionnant de 220 kg pour s&#8217;emparer d&rsquo;une seconde m\u00e9daille d&rsquo;or. Enfin, il a ajout\u00e9 une m\u00e9daille d&rsquo;argent \u00e0 son palmar\u00e8s en Curl Biceps, avec une charge de 80 kg, devenant vice-champion du monde dans cette \u00e9preuve.<\/span><\/p>\n<p class=\"p1\"><span class=\"s2\">En d\u00e9crochant le titre de troisi\u00e8me meilleure performance mondiale dans la discipline du d\u00e9velopp\u00e9-couch\u00e9, Zan Bady a \u00e9galement \u00e9t\u00e9 honor\u00e9 d&rsquo;une m\u00e9daille sp\u00e9ciale. Dans un message mentionn\u00e9 \u00e0 ses proches, le champion a exprim\u00e9 sa joie et sa fiert\u00e9 :<\/span><\/p>\n<blockquote>\n<p class=\"p1\"><span class=\"s3\"><i>\u00ab En tant que 3e meilleure performance mondiale du d\u00e9velopp\u00e9-couch\u00e9, j&rsquo;ai obtenu une m\u00e9daille sp\u00e9ciale. C&rsquo;est une immense fiert\u00e9 qui m&rsquo;anime. \u00bb<\/i><\/span><\/p>\n<\/blockquote>\n<p class=\"p1\"><span class=\"s2\">Reconnaissant envers ceux qui l&rsquo;ont soutenu, Zan Bady a tenu \u00e0 remercier ses fans, partenaires et le peuple burkinab\u00e8 pour leur appui ind\u00e9fectible :<br \/>\n<\/span><span class=\"s3\">\u00ab Merci au peuple burkinab\u00e8, africain, et \u00e0 mes Caterpillars du monde entier. Merci \u00e0 mes soutiens et partenaires. \u00bb<\/span><\/p>\n<p class=\"p1\"><span class=\"s2\">Zan Bady, qui continue d&rsquo;\u00e9lever haut le drapeau burkinab\u00e8 sur la sc\u00e8ne mondiale, est un mod\u00e8le de pers\u00e9v\u00e9rance et de d\u00e9termination. Ses exploits r\u00e9sonnent comme une source d&rsquo;inspiration pour tous les amateurs de sport et le peuple burkinab\u00e8 tout entier.<\/span><\/p>\n<p class=\"p1\"><span class=\"s2\">Avec ce triomphe, le \u00ab Caterpillar \u00bb s&rsquo;affirme comme un athl\u00e8te incontournable du powerlifting, promettant de nouvelles performances l\u00e9gendaires \u00e0 l&rsquo;avenir.<\/span><\/p>\n","protected":false},"excerpt":{"rendered":"<p>Le champion burkinab\u00e8 Zan Bady, surnomm\u00e9 \u00ab Caterpillar \u00bb, a une fois de plus confirm\u00e9<\/p>\n","protected":false},"author":2,"featured_media":873,"comment_status":"open","ping_status":"open","sticky":false,"template":"","format":"standard","meta":{"_et_pb_use_builder":"","_et_pb_old_content":"","_et_gb_content_width":"","footnotes":""},"categories":[12],"tags":[18,437,392,34,438],"class_list":["post-872","post","type-post","status-publish","format-standard","has-post-thumbnail","hentry","category-sports","tag-burkina-faso","tag-championnat-du-monde-de-power-lifting","tag-russie","tag-sport","tag-zan-bady"],"yoast_head":"<!-- This site is optimized with the Yoast SEO plugin v27.5 - https:\/\/yoast.com\/product\/yoast-seo-wordpress\/ -->\n<title>Championnat du Monde de Powerlifting \u00e0 Moscou : le Burkinab\u00e9 Zan Bady encore par\u00e9 d&#039;or au D\u00e9velopp\u00e9-couch\u00e9 (Benchpress) - Vox Sahel<\/title>\n<meta name=\"robots\" content=\"index, follow, max-snippet:-1, max-image-preview:large, max-video-preview:-1\" \/>\n<link rel=\"canonical\" href=\"https:\/\/voxsahel.com\/?p=872\" \/>\n<meta property=\"og:locale\" content=\"fr_FR\" \/>\n<meta property=\"og:type\" content=\"article\" \/>\n<meta property=\"og:title\" content=\"Championnat du Monde de Powerlifting \u00e0 Moscou : le Burkinab\u00e9 Zan Bady encore par\u00e9 d&#039;or au D\u00e9velopp\u00e9-couch\u00e9 (Benchpress) - Vox Sahel\" \/>\n<meta property=\"og:description\" content=\"Le champion burkinab\u00e8 Zan Bady, surnomm\u00e9 \u00ab Caterpillar \u00bb, a une fois de plus confirm\u00e9\" \/>\n<meta property=\"og:url\" content=\"https:\/\/voxsahel.com\/?p=872\" \/>\n<meta property=\"og:site_name\" content=\"Vox Sahel\" \/>\n<meta property=\"article:publisher\" content=\"https:\/\/www.facebook.com\/journal.voxsahel\" \/>\n<meta property=\"article:published_time\" content=\"2024-11-16T22:32:13+00:00\" \/>\n<meta property=\"og:image\" content=\"https:\/\/voxsahel.com\/wp-content\/uploads\/2024\/11\/IMG_0146.jpeg\" \/>\n\t<meta property=\"og:image:width\" content=\"729\" \/>\n\t<meta property=\"og:image:height\" content=\"560\" \/>\n\t<meta property=\"og:image:type\" content=\"image\/jpeg\" \/>\n<meta name=\"author\" content=\"Vox Sahel\" \/>\n<meta name=\"twitter:card\" content=\"summary_large_image\" \/>\n<meta name=\"twitter:label1\" content=\"\u00c9crit par\" \/>\n\t<meta name=\"twitter:data1\" content=\"Vox Sahel\" \/>\n\t<meta name=\"twitter:label2\" content=\"Dur\u00e9e de lecture estim\u00e9e\" \/>\n\t<meta name=\"twitter:data2\" content=\"2 minutes\" \/>\n<script type=\"application\/ld+json\" class=\"yoast-schema-graph\">{\"@context\":\"https:\\\/\\\/schema.org\",\"@graph\":[{\"@type\":\"Article\",\"@id\":\"https:\\\/\\\/voxsahel.com\\\/?p=872#article\",\"isPartOf\":{\"@id\":\"https:\\\/\\\/voxsahel.com\\\/?p=872\"},\"author\":{\"name\":\"Vox Sahel\",\"@id\":\"https:\\\/\\\/voxsahel.com\\\/#\\\/schema\\\/person\\\/b4043608248f8fa227cd760e7ff1e19e\"},\"headline\":\"Championnat du Monde de Powerlifting \u00e0 Moscou : le Burkinab\u00e9 Zan Bady encore par\u00e9 d&rsquo;or au D\u00e9velopp\u00e9-couch\u00e9 (Benchpress)\",\"datePublished\":\"2024-11-16T22:32:13+00:00\",\"mainEntityOfPage\":{\"@id\":\"https:\\\/\\\/voxsahel.com\\\/?p=872\"},\"wordCount\":352,\"commentCount\":0,\"publisher\":{\"@id\":\"https:\\\/\\\/voxsahel.com\\\/#organization\"},\"image\":{\"@id\":\"https:\\\/\\\/voxsahel.com\\\/?p=872#primaryimage\"},\"thumbnailUrl\":\"https:\\\/\\\/voxsahel.com\\\/wp-content\\\/uploads\\\/2024\\\/11\\\/IMG_0146.jpeg\",\"keywords\":[\"Burkina Faso\",\"Championnat du Monde de Power lifting\",\"Russie\",\"Sport\",\"Zan Bady\"],\"articleSection\":[\"SPORTS\"],\"inLanguage\":\"fr-FR\",\"potentialAction\":[{\"@type\":\"CommentAction\",\"name\":\"Comment\",\"target\":[\"https:\\\/\\\/voxsahel.com\\\/?p=872#respond\"]}]},{\"@type\":\"WebPage\",\"@id\":\"https:\\\/\\\/voxsahel.com\\\/?p=872\",\"url\":\"https:\\\/\\\/voxsahel.com\\\/?p=872\",\"name\":\"Championnat du Monde de Powerlifting \u00e0 Moscou : le Burkinab\u00e9 Zan Bady encore par\u00e9 d'or au D\u00e9velopp\u00e9-couch\u00e9 (Benchpress) - Vox Sahel\",\"isPartOf\":{\"@id\":\"https:\\\/\\\/voxsahel.com\\\/#website\"},\"primaryImageOfPage\":{\"@id\":\"https:\\\/\\\/voxsahel.com\\\/?p=872#primaryimage\"},\"image\":{\"@id\":\"https:\\\/\\\/voxsahel.com\\\/?p=872#primaryimage\"},\"thumbnailUrl\":\"https:\\\/\\\/voxsahel.com\\\/wp-content\\\/uploads\\\/2024\\\/11\\\/IMG_0146.jpeg\",\"datePublished\":\"2024-11-16T22:32:13+00:00\",\"breadcrumb\":{\"@id\":\"https:\\\/\\\/voxsahel.com\\\/?p=872#breadcrumb\"},\"inLanguage\":\"fr-FR\",\"potentialAction\":[{\"@type\":\"ReadAction\",\"target\":[\"https:\\\/\\\/voxsahel.com\\\/?p=872\"]}]},{\"@type\":\"ImageObject\",\"inLanguage\":\"fr-FR\",\"@id\":\"https:\\\/\\\/voxsahel.com\\\/?p=872#primaryimage\",\"url\":\"https:\\\/\\\/voxsahel.com\\\/wp-content\\\/uploads\\\/2024\\\/11\\\/IMG_0146.jpeg\",\"contentUrl\":\"https:\\\/\\\/voxsahel.com\\\/wp-content\\\/uploads\\\/2024\\\/11\\\/IMG_0146.jpeg\",\"width\":729,\"height\":560},{\"@type\":\"BreadcrumbList\",\"@id\":\"https:\\\/\\\/voxsahel.com\\\/?p=872#breadcrumb\",\"itemListElement\":[{\"@type\":\"ListItem\",\"position\":1,\"name\":\"Home\",\"item\":\"https:\\\/\\\/voxsahel.com\\\/\"},{\"@type\":\"ListItem\",\"position\":2,\"name\":\"Championnat du Monde de Powerlifting \u00e0 Moscou : le Burkinab\u00e9 Zan Bady encore par\u00e9 d&rsquo;or au D\u00e9velopp\u00e9-couch\u00e9 (Benchpress)\"}]},{\"@type\":\"WebSite\",\"@id\":\"https:\\\/\\\/voxsahel.com\\\/#website\",\"url\":\"https:\\\/\\\/voxsahel.com\\\/\",\"name\":\"Vox Sahel\",\"description\":\"Informez-vous sur le Sahel en un clic\",\"publisher\":{\"@id\":\"https:\\\/\\\/voxsahel.com\\\/#organization\"},\"potentialAction\":[{\"@type\":\"SearchAction\",\"target\":{\"@type\":\"EntryPoint\",\"urlTemplate\":\"https:\\\/\\\/voxsahel.com\\\/?s={search_term_string}\"},\"query-input\":{\"@type\":\"PropertyValueSpecification\",\"valueRequired\":true,\"valueName\":\"search_term_string\"}}],\"inLanguage\":\"fr-FR\"},{\"@type\":\"Organization\",\"@id\":\"https:\\\/\\\/voxsahel.com\\\/#organization\",\"name\":\"Vox Sahel\",\"url\":\"https:\\\/\\\/voxsahel.com\\\/\",\"logo\":{\"@type\":\"ImageObject\",\"inLanguage\":\"fr-FR\",\"@id\":\"https:\\\/\\\/voxsahel.com\\\/#\\\/schema\\\/logo\\\/image\\\/\",\"url\":\"https:\\\/\\\/voxsahel.com\\\/wp-content\\\/uploads\\\/2024\\\/09\\\/Logo-Vox-Sahel.jpg\",\"contentUrl\":\"https:\\\/\\\/voxsahel.com\\\/wp-content\\\/uploads\\\/2024\\\/09\\\/Logo-Vox-Sahel.jpg\",\"width\":1181,\"height\":848,\"caption\":\"Vox Sahel\"},\"image\":{\"@id\":\"https:\\\/\\\/voxsahel.com\\\/#\\\/schema\\\/logo\\\/image\\\/\"},\"sameAs\":[\"https:\\\/\\\/www.facebook.com\\\/journal.voxsahel\"]},{\"@type\":\"Person\",\"@id\":\"https:\\\/\\\/voxsahel.com\\\/#\\\/schema\\\/person\\\/b4043608248f8fa227cd760e7ff1e19e\",\"name\":\"Vox Sahel\",\"image\":{\"@type\":\"ImageObject\",\"inLanguage\":\"fr-FR\",\"@id\":\"https:\\\/\\\/secure.gravatar.com\\\/avatar\\\/f70e7fa0cb9b29d4a7c5788d6eb2e9ab4d3135cbae1c9161810fdf77a8964699?s=96&d=mm&r=g\",\"url\":\"https:\\\/\\\/secure.gravatar.com\\\/avatar\\\/f70e7fa0cb9b29d4a7c5788d6eb2e9ab4d3135cbae1c9161810fdf77a8964699?s=96&d=mm&r=g\",\"contentUrl\":\"https:\\\/\\\/secure.gravatar.com\\\/avatar\\\/f70e7fa0cb9b29d4a7c5788d6eb2e9ab4d3135cbae1c9161810fdf77a8964699?s=96&d=mm&r=g\",\"caption\":\"Vox Sahel\"},\"sameAs\":[\"http:\\\/\\\/www.voxsahel.com\"],\"url\":\"https:\\\/\\\/voxsahel.com\\\/?author=2\"}]}<\/script>\n<!-- \/ Yoast SEO plugin. -->","yoast_head_json":{"title":"Championnat du Monde de Powerlifting \u00e0 Moscou : le Burkinab\u00e9 Zan Bady encore par\u00e9 d'or au D\u00e9velopp\u00e9-couch\u00e9 (Benchpress) - Vox Sahel","robots":{"index":"index","follow":"follow","max-snippet":"max-snippet:-1","max-image-preview":"max-image-preview:large","max-video-preview":"max-video-preview:-1"},"canonical":"https:\/\/voxsahel.com\/?p=872","og_locale":"fr_FR","og_type":"article","og_title":"Championnat du Monde de Powerlifting \u00e0 Moscou : le Burkinab\u00e9 Zan Bady encore par\u00e9 d'or au D\u00e9velopp\u00e9-couch\u00e9 (Benchpress) - Vox Sahel","og_description":"Le champion burkinab\u00e8 Zan Bady, surnomm\u00e9 \u00ab Caterpillar \u00bb, a une fois de plus confirm\u00e9","og_url":"https:\/\/voxsahel.com\/?p=872","og_site_name":"Vox Sahel","article_publisher":"https:\/\/www.facebook.com\/journal.voxsahel","article_published_time":"2024-11-16T22:32:13+00:00","og_image":[{"width":729,"height":560,"url":"https:\/\/voxsahel.com\/wp-content\/uploads\/2024\/11\/IMG_0146.jpeg","type":"image\/jpeg"}],"author":"Vox Sahel","twitter_card":"summary_large_image","twitter_misc":{"\u00c9crit par":"Vox Sahel","Dur\u00e9e de lecture estim\u00e9e":"2 minutes"},"schema":{"@context":"https:\/\/schema.org","@graph":[{"@type":"Article","@id":"https:\/\/voxsahel.com\/?p=872#article","isPartOf":{"@id":"https:\/\/voxsahel.com\/?p=872"},"author":{"name":"Vox Sahel","@id":"https:\/\/voxsahel.com\/#\/schema\/person\/b4043608248f8fa227cd760e7ff1e19e"},"headline":"Championnat du Monde de Powerlifting \u00e0 Moscou : le Burkinab\u00e9 Zan Bady encore par\u00e9 d&rsquo;or au D\u00e9velopp\u00e9-couch\u00e9 (Benchpress)","datePublished":"2024-11-16T22:32:13+00:00","mainEntityOfPage":{"@id":"https:\/\/voxsahel.com\/?p=872"},"wordCount":352,"commentCount":0,"publisher":{"@id":"https:\/\/voxsahel.com\/#organization"},"image":{"@id":"https:\/\/voxsahel.com\/?p=872#primaryimage"},"thumbnailUrl":"https:\/\/voxsahel.com\/wp-content\/uploads\/2024\/11\/IMG_0146.jpeg","keywords":["Burkina Faso","Championnat du Monde de Power lifting","Russie","Sport","Zan Bady"],"articleSection":["SPORTS"],"inLanguage":"fr-FR","potentialAction":[{"@type":"CommentAction","name":"Comment","target":["https:\/\/voxsahel.com\/?p=872#respond"]}]},{"@type":"WebPage","@id":"https:\/\/voxsahel.com\/?p=872","url":"https:\/\/voxsahel.com\/?p=872","name":"Championnat du Monde de Powerlifting \u00e0 Moscou : le Burkinab\u00e9 Zan Bady encore par\u00e9 d'or au D\u00e9velopp\u00e9-couch\u00e9 (Benchpress) - Vox Sahel","isPartOf":{"@id":"https:\/\/voxsahel.com\/#website"},"primaryImageOfPage":{"@id":"https:\/\/voxsahel.com\/?p=872#primaryimage"},"image":{"@id":"https:\/\/voxsahel.com\/?p=872#primaryimage"},"thumbnailUrl":"https:\/\/voxsahel.com\/wp-content\/uploads\/2024\/11\/IMG_0146.jpeg","datePublished":"2024-11-16T22:32:13+00:00","breadcrumb":{"@id":"https:\/\/voxsahel.com\/?p=872#breadcrumb"},"inLanguage":"fr-FR","potentialAction":[{"@type":"ReadAction","target":["https:\/\/voxsahel.com\/?p=872"]}]},{"@type":"ImageObject","inLanguage":"fr-FR","@id":"https:\/\/voxsahel.com\/?p=872#primaryimage","url":"https:\/\/voxsahel.com\/wp-content\/uploads\/2024\/11\/IMG_0146.jpeg","contentUrl":"https:\/\/voxsahel.com\/wp-content\/uploads\/2024\/11\/IMG_0146.jpeg","width":729,"height":560},{"@type":"BreadcrumbList","@id":"https:\/\/voxsahel.com\/?p=872#breadcrumb","itemListElement":[{"@type":"ListItem","position":1,"name":"Home","item":"https:\/\/voxsahel.com\/"},{"@type":"ListItem","position":2,"name":"Championnat du Monde de Powerlifting \u00e0 Moscou : le Burkinab\u00e9 Zan Bady encore par\u00e9 d&rsquo;or au D\u00e9velopp\u00e9-couch\u00e9 (Benchpress)"}]},{"@type":"WebSite","@id":"https:\/\/voxsahel.com\/#website","url":"https:\/\/voxsahel.com\/","name":"Vox Sahel","description":"Informez-vous sur le Sahel en un clic","publisher":{"@id":"https:\/\/voxsahel.com\/#organization"},"potentialAction":[{"@type":"SearchAction","target":{"@type":"EntryPoint","urlTemplate":"https:\/\/voxsahel.com\/?s={search_term_string}"},"query-input":{"@type":"PropertyValueSpecification","valueRequired":true,"valueName":"search_term_string"}}],"inLanguage":"fr-FR"},{"@type":"Organization","@id":"https:\/\/voxsahel.com\/#organization","name":"Vox Sahel","url":"https:\/\/voxsahel.com\/","logo":{"@type":"ImageObject","inLanguage":"fr-FR","@id":"https:\/\/voxsahel.com\/#\/schema\/logo\/image\/","url":"https:\/\/voxsahel.com\/wp-content\/uploads\/2024\/09\/Logo-Vox-Sahel.jpg","contentUrl":"https:\/\/voxsahel.com\/wp-content\/uploads\/2024\/09\/Logo-Vox-Sahel.jpg","width":1181,"height":848,"caption":"Vox Sahel"},"image":{"@id":"https:\/\/voxsahel.com\/#\/schema\/logo\/image\/"},"sameAs":["https:\/\/www.facebook.com\/journal.voxsahel"]},{"@type":"Person","@id":"https:\/\/voxsahel.com\/#\/schema\/person\/b4043608248f8fa227cd760e7ff1e19e","name":"Vox Sahel","image":{"@type":"ImageObject","inLanguage":"fr-FR","@id":"https:\/\/secure.gravatar.com\/avatar\/f70e7fa0cb9b29d4a7c5788d6eb2e9ab4d3135cbae1c9161810fdf77a8964699?s=96&d=mm&r=g","url":"https:\/\/secure.gravatar.com\/avatar\/f70e7fa0cb9b29d4a7c5788d6eb2e9ab4d3135cbae1c9161810fdf77a8964699?s=96&d=mm&r=g","contentUrl":"https:\/\/secure.gravatar.com\/avatar\/f70e7fa0cb9b29d4a7c5788d6eb2e9ab4d3135cbae1c9161810fdf77a8964699?s=96&d=mm&r=g","caption":"Vox Sahel"},"sameAs":["http:\/\/www.voxsahel.com"],"url":"https:\/\/voxsahel.com\/?author=2"}]}},"_links":{"self":[{"href":"https:\/\/voxsahel.com\/index.php?rest_route=\/wp\/v2\/posts\/872","targetHints":{"allow":["GET"]}}],"collection":[{"href":"https:\/\/voxsahel.com\/index.php?rest_route=\/wp\/v2\/posts"}],"about":[{"href":"https:\/\/voxsahel.com\/index.php?rest_route=\/wp\/v2\/types\/post"}],"author":[{"embeddable":true,"href":"https:\/\/voxsahel.com\/index.php?rest_route=\/wp\/v2\/users\/2"}],"replies":[{"embeddable":true,"href":"https:\/\/voxsahel.com\/index.php?rest_route=%2Fwp%2Fv2%2Fcomments&post=872"}],"version-history":[{"count":1,"href":"https:\/\/voxsahel.com\/index.php?rest_route=\/wp\/v2\/posts\/872\/revisions"}],"predecessor-version":[{"id":874,"href":"https:\/\/voxsahel.com\/index.php?rest_route=\/wp\/v2\/posts\/872\/revisions\/874"}],"wp:featuredmedia":[{"embeddable":true,"href":"https:\/\/voxsahel.com\/index.php?rest_route=\/wp\/v2\/media\/873"}],"wp:attachment":[{"href":"https:\/\/voxsahel.com\/index.php?rest_route=%2Fwp%2Fv2%2Fmedia&parent=872"}],"wp:term":[{"taxonomy":"category","embeddable":true,"href":"https:\/\/voxsahel.com\/index.php?rest_route=%2Fwp%2Fv2%2Fcategories&post=872"},{"taxonomy":"post_tag","embeddable":true,"href":"https:\/\/voxsahel.com\/index.php?rest_route=%2Fwp%2Fv2%2Ftags&post=872"}],"curies":[{"name":"wp","href":"https:\/\/api.w.org\/{rel}","templated":true}]}}