{"id":836,"date":"2024-11-11T10:02:15","date_gmt":"2024-11-11T10:02:15","guid":{"rendered":"https:\/\/voxsahel.com\/?p=836"},"modified":"2024-11-11T10:02:15","modified_gmt":"2024-11-11T10:02:15","slug":"diaspora-les-burkinabe-a-new-york-contribue-a-leffort-de-paix-au-burkina-faso","status":"publish","type":"post","link":"https:\/\/voxsahel.com\/?p=836","title":{"rendered":"Diaspora\u00a0: Les Burkinab\u00e8 \u00e0 New York contribue \u00e0 l&rsquo;effort de paix au Burkina Faso"},"content":{"rendered":"<p>Dans un \u00e9lan de solidarit\u00e9 et de patriotisme, la communaut\u00e9 burkinab\u00e8 aux Etats-Unis s&rsquo;est mobilis\u00e9e pour soutenir la paix au Burkina Faso. Le Dimanche 10 novembre 2024<em>,<\/em> une c\u00e9r\u00e9monie officielle s&rsquo;est tenue au Consulat G\u00e9n\u00e9ral du Burkina Faso \u00e0 New York, o\u00f9 un ch\u00e8que de 10 millions de FCFA a \u00e9t\u00e9 remis par les repr\u00e9sentants des diff\u00e9rentes communaut\u00e9s religieuses burkinab\u00e8, musulmanes, chr\u00e9tiennes et protestantes.<\/p>\n<p>Ce don important, destin\u00e9 \u00e0 renforcer les initiatives pour la paix dans un contexte de crise s\u00e9curitaire et humanitaire au Burkina Faso, a \u00e9t\u00e9 re\u00e7u par Estelle P\u00e9lagie P. Segda\/Gando, Consule G\u00e9n\u00e9rale du Burkina Faso aux Etats-Unis, entour\u00e9e de ses collaborateurs. Repr\u00e9sentant le Ministre des Affaires \u00c9trang\u00e8res, la Consule G\u00e9n\u00e9rale a chaleureusement remerci\u00e9 les donateurs pour cet acte de patriotisme et a soulign\u00e9 l&rsquo;importance de l&rsquo;unit\u00e9 et de la solidarit\u00e9 dans cette p\u00e9riode difficile.<\/p>\n<p>La Consule g\u00e9n\u00e9rale du Burkina Faso aux Etats-Unis a salu\u00e9 la mobilisation de la communaut\u00e9 burkinab\u00e8 pour leur engagement ind\u00e9fectible envers la patrie : \u00ab Nous avons un seul pays, et c&rsquo;est ensemble que nous pourrons le prot\u00e9ger et le soutenir. \u00bb Elle a \u00e9galement encourag\u00e9 les Burkinab\u00e8 de la diaspora \u00e0 poursuivre cet \u00e9lan de g\u00e9n\u00e9rosit\u00e9 et d&rsquo;entraide, rappelant que ce n&rsquo;est pas le premier t\u00e9moignage de solidarit\u00e9 de la diaspora burkinab\u00e8 aux \u00c9tats-Unis.<\/p>\n<p>Les repr\u00e9sentants des communaut\u00e9s religieuses ont quant \u00e0 eux renouvel\u00e9 leur d\u00e9termination \u00e0 soutenir les efforts de paix au Burkina Faso, affirmant que ce soutien moral et mat\u00e9riel incarne les valeurs profondes de fraternit\u00e9 et de paix qu&rsquo;ils d\u00e9fendent.<\/p>\n<p>La c\u00e9r\u00e9monie s&rsquo;est cl\u00f4tur\u00e9e par la remise d&rsquo;une quittance aux donateurs, suivie d&rsquo;une photo de famille symbolisant cette union sacr\u00e9e pour le Burkina Faso. Ce geste de solidarit\u00e9 est une preuve suppl\u00e9mentaire que pour la patrie, aucun effort n&rsquo;est de trop.<\/p>\n<p style=\"text-align: right;\"><strong>Par Vox Sahel<\/strong><\/p>\n<p style=\"text-align: right;\"><strong>Source\u00a0: Africa Stars<\/strong><\/p>\n","protected":false},"excerpt":{"rendered":"<p>Dans un \u00e9lan de solidarit\u00e9 et de patriotisme, la communaut\u00e9 burkinab\u00e8 aux Etats-Unis s&rsquo;est mobilis\u00e9e<\/p>\n","protected":false},"author":2,"featured_media":837,"comment_status":"open","ping_status":"open","sticky":false,"template":"","format":"standard","meta":{"_et_pb_use_builder":"","_et_pb_old_content":"","_et_gb_content_width":"","footnotes":""},"categories":[5],"tags":[18,362,429,98,409,20,97],"class_list":["post-836","post","type-post","status-publish","format-standard","has-post-thumbnail","hentry","category-societe","tag-burkina-faso","tag-diaspora","tag-effort-de-paix","tag-etats-unis","tag-new-york","tag-terrorisme","tag-usa"],"yoast_head":"<!-- This site is optimized with the Yoast SEO plugin v27.5 - https:\/\/yoast.com\/product\/yoast-seo-wordpress\/ -->\n<title>Diaspora\u00a0: Les Burkinab\u00e8 \u00e0 New York contribue \u00e0 l&#039;effort de paix au Burkina Faso - Vox Sahel<\/title>\n<meta name=\"robots\" content=\"index, follow, max-snippet:-1, max-image-preview:large, max-video-preview:-1\" \/>\n<link rel=\"canonical\" href=\"https:\/\/voxsahel.com\/?p=836\" \/>\n<meta property=\"og:locale\" content=\"fr_FR\" \/>\n<meta property=\"og:type\" content=\"article\" \/>\n<meta property=\"og:title\" content=\"Diaspora\u00a0: Les Burkinab\u00e8 \u00e0 New York contribue \u00e0 l&#039;effort de paix au Burkina Faso - Vox Sahel\" \/>\n<meta property=\"og:description\" content=\"Dans un \u00e9lan de solidarit\u00e9 et de patriotisme, la communaut\u00e9 burkinab\u00e8 aux Etats-Unis s&rsquo;est mobilis\u00e9e\" \/>\n<meta property=\"og:url\" content=\"https:\/\/voxsahel.com\/?p=836\" \/>\n<meta property=\"og:site_name\" content=\"Vox Sahel\" \/>\n<meta property=\"article:publisher\" content=\"https:\/\/www.facebook.com\/journal.voxsahel\" \/>\n<meta property=\"article:published_time\" content=\"2024-11-11T10:02:15+00:00\" \/>\n<meta property=\"og:image\" content=\"https:\/\/voxsahel.com\/wp-content\/uploads\/2024\/11\/USA.jpg\" \/>\n\t<meta property=\"og:image:width\" content=\"1397\" \/>\n\t<meta property=\"og:image:height\" content=\"1397\" \/>\n\t<meta property=\"og:image:type\" content=\"image\/jpeg\" \/>\n<meta name=\"author\" content=\"Vox Sahel\" \/>\n<meta name=\"twitter:card\" content=\"summary_large_image\" \/>\n<meta name=\"twitter:label1\" content=\"\u00c9crit par\" \/>\n\t<meta name=\"twitter:data1\" content=\"Vox Sahel\" \/>\n\t<meta name=\"twitter:label2\" content=\"Dur\u00e9e de lecture estim\u00e9e\" \/>\n\t<meta name=\"twitter:data2\" content=\"2 minutes\" \/>\n<script type=\"application\/ld+json\" class=\"yoast-schema-graph\">{\"@context\":\"https:\\\/\\\/schema.org\",\"@graph\":[{\"@type\":\"Article\",\"@id\":\"https:\\\/\\\/voxsahel.com\\\/?p=836#article\",\"isPartOf\":{\"@id\":\"https:\\\/\\\/voxsahel.com\\\/?p=836\"},\"author\":{\"name\":\"Vox Sahel\",\"@id\":\"https:\\\/\\\/voxsahel.com\\\/#\\\/schema\\\/person\\\/b4043608248f8fa227cd760e7ff1e19e\"},\"headline\":\"Diaspora\u00a0: Les Burkinab\u00e8 \u00e0 New York contribue \u00e0 l&rsquo;effort de paix au Burkina Faso\",\"datePublished\":\"2024-11-11T10:02:15+00:00\",\"mainEntityOfPage\":{\"@id\":\"https:\\\/\\\/voxsahel.com\\\/?p=836\"},\"wordCount\":353,\"commentCount\":0,\"publisher\":{\"@id\":\"https:\\\/\\\/voxsahel.com\\\/#organization\"},\"image\":{\"@id\":\"https:\\\/\\\/voxsahel.com\\\/?p=836#primaryimage\"},\"thumbnailUrl\":\"https:\\\/\\\/voxsahel.com\\\/wp-content\\\/uploads\\\/2024\\\/11\\\/USA.jpg\",\"keywords\":[\"Burkina Faso\",\"Diaspora\",\"Effort de Paix\",\"Etats-Unis\",\"New York\",\"Terrorisme\",\"USA\"],\"articleSection\":[\"SOCIETE\"],\"inLanguage\":\"fr-FR\",\"potentialAction\":[{\"@type\":\"CommentAction\",\"name\":\"Comment\",\"target\":[\"https:\\\/\\\/voxsahel.com\\\/?p=836#respond\"]}]},{\"@type\":\"WebPage\",\"@id\":\"https:\\\/\\\/voxsahel.com\\\/?p=836\",\"url\":\"https:\\\/\\\/voxsahel.com\\\/?p=836\",\"name\":\"Diaspora\u00a0: Les Burkinab\u00e8 \u00e0 New York contribue \u00e0 l'effort de paix au Burkina Faso - Vox Sahel\",\"isPartOf\":{\"@id\":\"https:\\\/\\\/voxsahel.com\\\/#website\"},\"primaryImageOfPage\":{\"@id\":\"https:\\\/\\\/voxsahel.com\\\/?p=836#primaryimage\"},\"image\":{\"@id\":\"https:\\\/\\\/voxsahel.com\\\/?p=836#primaryimage\"},\"thumbnailUrl\":\"https:\\\/\\\/voxsahel.com\\\/wp-content\\\/uploads\\\/2024\\\/11\\\/USA.jpg\",\"datePublished\":\"2024-11-11T10:02:15+00:00\",\"breadcrumb\":{\"@id\":\"https:\\\/\\\/voxsahel.com\\\/?p=836#breadcrumb\"},\"inLanguage\":\"fr-FR\",\"potentialAction\":[{\"@type\":\"ReadAction\",\"target\":[\"https:\\\/\\\/voxsahel.com\\\/?p=836\"]}]},{\"@type\":\"ImageObject\",\"inLanguage\":\"fr-FR\",\"@id\":\"https:\\\/\\\/voxsahel.com\\\/?p=836#primaryimage\",\"url\":\"https:\\\/\\\/voxsahel.com\\\/wp-content\\\/uploads\\\/2024\\\/11\\\/USA.jpg\",\"contentUrl\":\"https:\\\/\\\/voxsahel.com\\\/wp-content\\\/uploads\\\/2024\\\/11\\\/USA.jpg\",\"width\":1397,\"height\":1397,\"caption\":\"Diaspora : Les Burkinab\u00e8 \u00e0 New York contribue \u00e0 l'effort de paix au Burkina Faso\"},{\"@type\":\"BreadcrumbList\",\"@id\":\"https:\\\/\\\/voxsahel.com\\\/?p=836#breadcrumb\",\"itemListElement\":[{\"@type\":\"ListItem\",\"position\":1,\"name\":\"Home\",\"item\":\"https:\\\/\\\/voxsahel.com\\\/\"},{\"@type\":\"ListItem\",\"position\":2,\"name\":\"Diaspora\u00a0: Les Burkinab\u00e8 \u00e0 New York contribue \u00e0 l&rsquo;effort de paix au Burkina Faso\"}]},{\"@type\":\"WebSite\",\"@id\":\"https:\\\/\\\/voxsahel.com\\\/#website\",\"url\":\"https:\\\/\\\/voxsahel.com\\\/\",\"name\":\"Vox Sahel\",\"description\":\"Informez-vous sur le Sahel en un clic\",\"publisher\":{\"@id\":\"https:\\\/\\\/voxsahel.com\\\/#organization\"},\"potentialAction\":[{\"@type\":\"SearchAction\",\"target\":{\"@type\":\"EntryPoint\",\"urlTemplate\":\"https:\\\/\\\/voxsahel.com\\\/?s={search_term_string}\"},\"query-input\":{\"@type\":\"PropertyValueSpecification\",\"valueRequired\":true,\"valueName\":\"search_term_string\"}}],\"inLanguage\":\"fr-FR\"},{\"@type\":\"Organization\",\"@id\":\"https:\\\/\\\/voxsahel.com\\\/#organization\",\"name\":\"Vox Sahel\",\"url\":\"https:\\\/\\\/voxsahel.com\\\/\",\"logo\":{\"@type\":\"ImageObject\",\"inLanguage\":\"fr-FR\",\"@id\":\"https:\\\/\\\/voxsahel.com\\\/#\\\/schema\\\/logo\\\/image\\\/\",\"url\":\"https:\\\/\\\/voxsahel.com\\\/wp-content\\\/uploads\\\/2024\\\/09\\\/Logo-Vox-Sahel.jpg\",\"contentUrl\":\"https:\\\/\\\/voxsahel.com\\\/wp-content\\\/uploads\\\/2024\\\/09\\\/Logo-Vox-Sahel.jpg\",\"width\":1181,\"height\":848,\"caption\":\"Vox Sahel\"},\"image\":{\"@id\":\"https:\\\/\\\/voxsahel.com\\\/#\\\/schema\\\/logo\\\/image\\\/\"},\"sameAs\":[\"https:\\\/\\\/www.facebook.com\\\/journal.voxsahel\"]},{\"@type\":\"Person\",\"@id\":\"https:\\\/\\\/voxsahel.com\\\/#\\\/schema\\\/person\\\/b4043608248f8fa227cd760e7ff1e19e\",\"name\":\"Vox Sahel\",\"image\":{\"@type\":\"ImageObject\",\"inLanguage\":\"fr-FR\",\"@id\":\"https:\\\/\\\/secure.gravatar.com\\\/avatar\\\/f70e7fa0cb9b29d4a7c5788d6eb2e9ab4d3135cbae1c9161810fdf77a8964699?s=96&d=mm&r=g\",\"url\":\"https:\\\/\\\/secure.gravatar.com\\\/avatar\\\/f70e7fa0cb9b29d4a7c5788d6eb2e9ab4d3135cbae1c9161810fdf77a8964699?s=96&d=mm&r=g\",\"contentUrl\":\"https:\\\/\\\/secure.gravatar.com\\\/avatar\\\/f70e7fa0cb9b29d4a7c5788d6eb2e9ab4d3135cbae1c9161810fdf77a8964699?s=96&d=mm&r=g\",\"caption\":\"Vox Sahel\"},\"sameAs\":[\"http:\\\/\\\/www.voxsahel.com\"],\"url\":\"https:\\\/\\\/voxsahel.com\\\/?author=2\"}]}<\/script>\n<!-- \/ Yoast SEO plugin. -->","yoast_head_json":{"title":"Diaspora\u00a0: Les Burkinab\u00e8 \u00e0 New York contribue \u00e0 l'effort de paix au Burkina Faso - Vox Sahel","robots":{"index":"index","follow":"follow","max-snippet":"max-snippet:-1","max-image-preview":"max-image-preview:large","max-video-preview":"max-video-preview:-1"},"canonical":"https:\/\/voxsahel.com\/?p=836","og_locale":"fr_FR","og_type":"article","og_title":"Diaspora\u00a0: Les Burkinab\u00e8 \u00e0 New York contribue \u00e0 l'effort de paix au Burkina Faso - Vox Sahel","og_description":"Dans un \u00e9lan de solidarit\u00e9 et de patriotisme, la communaut\u00e9 burkinab\u00e8 aux Etats-Unis s&rsquo;est mobilis\u00e9e","og_url":"https:\/\/voxsahel.com\/?p=836","og_site_name":"Vox Sahel","article_publisher":"https:\/\/www.facebook.com\/journal.voxsahel","article_published_time":"2024-11-11T10:02:15+00:00","og_image":[{"width":1397,"height":1397,"url":"https:\/\/voxsahel.com\/wp-content\/uploads\/2024\/11\/USA.jpg","type":"image\/jpeg"}],"author":"Vox Sahel","twitter_card":"summary_large_image","twitter_misc":{"\u00c9crit par":"Vox Sahel","Dur\u00e9e de lecture estim\u00e9e":"2 minutes"},"schema":{"@context":"https:\/\/schema.org","@graph":[{"@type":"Article","@id":"https:\/\/voxsahel.com\/?p=836#article","isPartOf":{"@id":"https:\/\/voxsahel.com\/?p=836"},"author":{"name":"Vox Sahel","@id":"https:\/\/voxsahel.com\/#\/schema\/person\/b4043608248f8fa227cd760e7ff1e19e"},"headline":"Diaspora\u00a0: Les Burkinab\u00e8 \u00e0 New York contribue \u00e0 l&rsquo;effort de paix au Burkina Faso","datePublished":"2024-11-11T10:02:15+00:00","mainEntityOfPage":{"@id":"https:\/\/voxsahel.com\/?p=836"},"wordCount":353,"commentCount":0,"publisher":{"@id":"https:\/\/voxsahel.com\/#organization"},"image":{"@id":"https:\/\/voxsahel.com\/?p=836#primaryimage"},"thumbnailUrl":"https:\/\/voxsahel.com\/wp-content\/uploads\/2024\/11\/USA.jpg","keywords":["Burkina Faso","Diaspora","Effort de Paix","Etats-Unis","New York","Terrorisme","USA"],"articleSection":["SOCIETE"],"inLanguage":"fr-FR","potentialAction":[{"@type":"CommentAction","name":"Comment","target":["https:\/\/voxsahel.com\/?p=836#respond"]}]},{"@type":"WebPage","@id":"https:\/\/voxsahel.com\/?p=836","url":"https:\/\/voxsahel.com\/?p=836","name":"Diaspora\u00a0: Les Burkinab\u00e8 \u00e0 New York contribue \u00e0 l'effort de paix au Burkina Faso - Vox Sahel","isPartOf":{"@id":"https:\/\/voxsahel.com\/#website"},"primaryImageOfPage":{"@id":"https:\/\/voxsahel.com\/?p=836#primaryimage"},"image":{"@id":"https:\/\/voxsahel.com\/?p=836#primaryimage"},"thumbnailUrl":"https:\/\/voxsahel.com\/wp-content\/uploads\/2024\/11\/USA.jpg","datePublished":"2024-11-11T10:02:15+00:00","breadcrumb":{"@id":"https:\/\/voxsahel.com\/?p=836#breadcrumb"},"inLanguage":"fr-FR","potentialAction":[{"@type":"ReadAction","target":["https:\/\/voxsahel.com\/?p=836"]}]},{"@type":"ImageObject","inLanguage":"fr-FR","@id":"https:\/\/voxsahel.com\/?p=836#primaryimage","url":"https:\/\/voxsahel.com\/wp-content\/uploads\/2024\/11\/USA.jpg","contentUrl":"https:\/\/voxsahel.com\/wp-content\/uploads\/2024\/11\/USA.jpg","width":1397,"height":1397,"caption":"Diaspora : Les Burkinab\u00e8 \u00e0 New York contribue \u00e0 l'effort de paix au Burkina Faso"},{"@type":"BreadcrumbList","@id":"https:\/\/voxsahel.com\/?p=836#breadcrumb","itemListElement":[{"@type":"ListItem","position":1,"name":"Home","item":"https:\/\/voxsahel.com\/"},{"@type":"ListItem","position":2,"name":"Diaspora\u00a0: Les Burkinab\u00e8 \u00e0 New York contribue \u00e0 l&rsquo;effort de paix au Burkina Faso"}]},{"@type":"WebSite","@id":"https:\/\/voxsahel.com\/#website","url":"https:\/\/voxsahel.com\/","name":"Vox Sahel","description":"Informez-vous sur le Sahel en un clic","publisher":{"@id":"https:\/\/voxsahel.com\/#organization"},"potentialAction":[{"@type":"SearchAction","target":{"@type":"EntryPoint","urlTemplate":"https:\/\/voxsahel.com\/?s={search_term_string}"},"query-input":{"@type":"PropertyValueSpecification","valueRequired":true,"valueName":"search_term_string"}}],"inLanguage":"fr-FR"},{"@type":"Organization","@id":"https:\/\/voxsahel.com\/#organization","name":"Vox Sahel","url":"https:\/\/voxsahel.com\/","logo":{"@type":"ImageObject","inLanguage":"fr-FR","@id":"https:\/\/voxsahel.com\/#\/schema\/logo\/image\/","url":"https:\/\/voxsahel.com\/wp-content\/uploads\/2024\/09\/Logo-Vox-Sahel.jpg","contentUrl":"https:\/\/voxsahel.com\/wp-content\/uploads\/2024\/09\/Logo-Vox-Sahel.jpg","width":1181,"height":848,"caption":"Vox Sahel"},"image":{"@id":"https:\/\/voxsahel.com\/#\/schema\/logo\/image\/"},"sameAs":["https:\/\/www.facebook.com\/journal.voxsahel"]},{"@type":"Person","@id":"https:\/\/voxsahel.com\/#\/schema\/person\/b4043608248f8fa227cd760e7ff1e19e","name":"Vox Sahel","image":{"@type":"ImageObject","inLanguage":"fr-FR","@id":"https:\/\/secure.gravatar.com\/avatar\/f70e7fa0cb9b29d4a7c5788d6eb2e9ab4d3135cbae1c9161810fdf77a8964699?s=96&d=mm&r=g","url":"https:\/\/secure.gravatar.com\/avatar\/f70e7fa0cb9b29d4a7c5788d6eb2e9ab4d3135cbae1c9161810fdf77a8964699?s=96&d=mm&r=g","contentUrl":"https:\/\/secure.gravatar.com\/avatar\/f70e7fa0cb9b29d4a7c5788d6eb2e9ab4d3135cbae1c9161810fdf77a8964699?s=96&d=mm&r=g","caption":"Vox Sahel"},"sameAs":["http:\/\/www.voxsahel.com"],"url":"https:\/\/voxsahel.com\/?author=2"}]}},"_links":{"self":[{"href":"https:\/\/voxsahel.com\/index.php?rest_route=\/wp\/v2\/posts\/836","targetHints":{"allow":["GET"]}}],"collection":[{"href":"https:\/\/voxsahel.com\/index.php?rest_route=\/wp\/v2\/posts"}],"about":[{"href":"https:\/\/voxsahel.com\/index.php?rest_route=\/wp\/v2\/types\/post"}],"author":[{"embeddable":true,"href":"https:\/\/voxsahel.com\/index.php?rest_route=\/wp\/v2\/users\/2"}],"replies":[{"embeddable":true,"href":"https:\/\/voxsahel.com\/index.php?rest_route=%2Fwp%2Fv2%2Fcomments&post=836"}],"version-history":[{"count":1,"href":"https:\/\/voxsahel.com\/index.php?rest_route=\/wp\/v2\/posts\/836\/revisions"}],"predecessor-version":[{"id":838,"href":"https:\/\/voxsahel.com\/index.php?rest_route=\/wp\/v2\/posts\/836\/revisions\/838"}],"wp:featuredmedia":[{"embeddable":true,"href":"https:\/\/voxsahel.com\/index.php?rest_route=\/wp\/v2\/media\/837"}],"wp:attachment":[{"href":"https:\/\/voxsahel.com\/index.php?rest_route=%2Fwp%2Fv2%2Fmedia&parent=836"}],"wp:term":[{"taxonomy":"category","embeddable":true,"href":"https:\/\/voxsahel.com\/index.php?rest_route=%2Fwp%2Fv2%2Fcategories&post=836"},{"taxonomy":"post_tag","embeddable":true,"href":"https:\/\/voxsahel.com\/index.php?rest_route=%2Fwp%2Fv2%2Ftags&post=836"}],"curies":[{"name":"wp","href":"https:\/\/api.w.org\/{rel}","templated":true}]}}