{"id":824,"date":"2024-11-09T13:35:22","date_gmt":"2024-11-09T13:35:22","guid":{"rendered":"https:\/\/voxsahel.com\/?p=824"},"modified":"2024-11-09T13:35:22","modified_gmt":"2024-11-09T13:35:22","slug":"la-confederation-des-peuples-de-laes-presente-son-projet-au-ministere-de-leconomie-et-des-finances-pour-renforcer-la-cooperation-sahelienne","status":"publish","type":"post","link":"https:\/\/voxsahel.com\/?p=824","title":{"rendered":"La Conf\u00e9d\u00e9ration des Peuples de l&rsquo;AES pr\u00e9sente son projet au Minist\u00e8re de l&rsquo;\u00c9conomie et des Finances pour renforcer la coop\u00e9ration Sah\u00e9lienne"},"content":{"rendered":"<p class=\"s3\"><span class=\"s4\"><span class=\"bumpedFont15\">Une d\u00e9l\u00e9gation de la Conf\u00e9d\u00e9ration des Peuples de l&rsquo;AES (CP-AES), conduite par son <\/span><\/span><span class=\"s4\"><span class=\"bumpedFont15\">C<\/span><\/span><span class=\"s4\"><span class=\"bumpedFont15\">oordinateur <\/span><\/span><span class=\"s4\"><span class=\"bumpedFont15\">N<\/span><\/span><span class=\"s4\"><span class=\"bumpedFont15\">ationa<\/span><\/span><span class=\"s4\"><span class=\"bumpedFont15\">l <\/span><\/span><span class=\"s4\"><span class=\"bumpedFont15\">monsieur Y<\/span><\/span><span class=\"s4\"><span class=\"bumpedFont15\">ssouf<\/span><\/span><span class=\"s4\"><span class=\"bumpedFont15\">ou<\/span><\/span><span class=\"s4\"><span class=\"bumpedFont15\"> O<\/span><\/span><span class=\"s4\"><span class=\"bumpedFont15\">UATTARA<\/span><\/span><span class=\"s4\"><span class=\"bumpedFont15\">, a rencontr\u00e9 <\/span><\/span><span class=\"s4\"><span class=\"bumpedFont15\">monsieur <\/span><\/span><span class=\"s4\"><span class=\"bumpedFont15\">E<\/span><\/span><span class=\"s4\"><span class=\"bumpedFont15\">ric Z<\/span><\/span><span class=\"s4\"><span class=\"bumpedFont15\">OURE<\/span><\/span><span class=\"s4\"><span class=\"bumpedFont15\">, <\/span><\/span><span class=\"s4\"><span class=\"bumpedFont15\">C<\/span><\/span><span class=\"s4\"><span class=\"bumpedFont15\">harg<\/span><\/span><span class=\"s4\"><span class=\"bumpedFont15\">\u00e9 de mission du Minist\u00e8re de l\u2019E<\/span><\/span><span class=\"s4\"><span class=\"bumpedFont15\">conomie et des Finances, pour pr\u00e9senter la jeune structure et solliciter<\/span><\/span><span class=\"s4\"><span class=\"bumpedFont15\"> le soutien de l\u2019E<\/span><\/span><span class=\"s4\"><span class=\"bumpedFont15\">tat pour mener \u00e0 bien son ambition de f\u00e9d\u00e9rer les peuples du Sahel. <\/span><\/span><\/p>\n<p class=\"s3\"><span class=\"s4\"><span class=\"bumpedFont15\">Officiellement cr\u00e9\u00e9e le 16 septembre 2024 \u00e0 Bamako, la CP-AES aspire \u00e0 devenir un acteur majeur de la coop\u00e9ration r\u00e9gionale dans la sous-r\u00e9gion.<\/span><\/span><\/p>\n<p class=\"s3\"><span class=\"s4\"><span class=\"bumpedFont15\">Le <\/span><\/span><span class=\"s4\"><span class=\"bumpedFont15\">C<\/span><\/span><span class=\"s4\"><span class=\"bumpedFont15\">oordinateur <\/span><\/span><span class=\"s4\"><span class=\"bumpedFont15\">N<\/span><\/span><span class=\"s4\"><span class=\"bumpedFont15\">ationa<\/span><\/span><span class=\"s4\"><span class=\"bumpedFont15\">l <\/span><\/span><span class=\"s4\"><span class=\"bumpedFont15\">a <\/span><\/span><span class=\"s4\"><span class=\"bumpedFont15\">expliqu\u00e9<\/span><\/span><span class=\"s4\"><span class=\"bumpedFont15\">, \u00e0 sa sortie d\u2019audience<\/span><\/span><span class=\"s4\"><span class=\"bumpedFont15\"> que cette <\/span><\/span><span class=\"s4\"><span class=\"bumpedFont15\">rencontre<\/span><\/span><span class=\"s4\"><span class=\"bumpedFont15\"> visait \u00e0 mieux faire conna\u00eetre l<\/span><\/span><span class=\"s4\"><span class=\"bumpedFont15\">a CP-AES <\/span><\/span><span class=\"s4\"><span class=\"bumpedFont15\">et \u00e0 partager ses documents constitutifs, notamment le <\/span><\/span><span class=\"s4\"><span class=\"bumpedFont15\">D<\/span><\/span><span class=\"s4\"><span class=\"bumpedFont15\">iscours solennel, le <\/span><\/span><span class=\"s4\"><span class=\"bumpedFont15\">M<\/span><\/span><span class=\"s4\"><span class=\"bumpedFont15\">\u00e9morandum et la <\/span><\/span><span class=\"s4\"><span class=\"bumpedFont15\">C<\/span><\/span><span class=\"s4\"><span class=\"bumpedFont15\">harte des valeurs, avec les autorit\u00e9s nationales. \u00ab Nous voulons que nos autorit\u00e9s comprennent comment notre organisation est structur\u00e9e et comment elle peut collaborer avec elles pour accompagner les populations locales, \u00bb a-t-il pr\u00e9cis\u00e9.<\/span><\/span><\/p>\n<p class=\"s3\"><span class=\"s4\"><span class=\"bumpedFont15\">Il a indiqu\u00e9 que lors de cet \u00e9change, <\/span><\/span><span class=\"s4\"><span class=\"bumpedFont15\">le <\/span><\/span><span class=\"s4\"><span class=\"bumpedFont15\">C<\/span><\/span><span class=\"s4\"><span class=\"bumpedFont15\">harg<\/span><\/span><span class=\"s4\"><span class=\"bumpedFont15\">\u00e9 de mission du Minist\u00e8re de l\u2019E<\/span><\/span><span class=\"s4\"><span class=\"bumpedFont15\">conomie et des Finances, <\/span><\/span><span class=\"s4\"><span class=\"bumpedFont15\">s<\/span><\/span><span class=\"s4\"><span class=\"bumpedFont15\">\u2019<\/span><\/span><span class=\"s4\"><span class=\"bumpedFont15\">est dit impressionn\u00e9 par l\u2019engagement de la CP-AES et a encourag\u00e9 l&rsquo;organisation \u00e0 prendre en compte des questions sensibles telles que la <\/span><\/span><span class=\"s4\"><span class=\"bumpedFont15\">S<\/span><\/span><span class=\"s4\"><span class=\"bumpedFont15\">\u00e9curit\u00e9 et l\u2019<\/span><\/span><span class=\"s4\"><span class=\"bumpedFont15\">I<\/span><\/span><span class=\"s4\"><span class=\"bumpedFont15\">nclusion des personnes vuln\u00e9rables, y compris les handicap\u00e9s, <\/span><\/span><span class=\"s4\"><span class=\"bumpedFont15\">et la question du genre, <\/span><\/span><span class=\"s4\"><span class=\"bumpedFont15\">pour garantir une implantation durable et adapt\u00e9e aux besoins des communaut\u00e9s \u00e9loign\u00e9es<\/span><\/span><span class=\"s4\"><span class=\"bumpedFont15\">, dans une vision holistique de l\u2019AES<\/span><\/span><span class=\"s4\"><span class=\"bumpedFont15\">. \u00ab Nous avons bien not\u00e9 ces conseils et rassur\u00e9 notre interlocuteur que ces pr\u00e9occupations sont d\u00e9j\u00e0 int\u00e9gr\u00e9es dans nos plans d\u2019action,<\/span><\/span><span class=\"s4\"><span class=\"bumpedFont15\"> \u00e0 travers nos neuf (09) commissions \u00e0 mettre en place<\/span><\/span><span class=\"s4\"><span class=\"bumpedFont15\"> \u00bb a affirm\u00e9 <\/span><\/span><span class=\"s4\"><span class=\"bumpedFont15\">monsieur OUATTARA<\/span><\/span><span class=\"s4\"><span class=\"bumpedFont15\">.<\/span><\/span><\/p>\n<p class=\"s3\"><span class=\"s4\"><span class=\"bumpedFont15\">Le <\/span><\/span><span class=\"s4\"><span class=\"bumpedFont15\">C<\/span><\/span><span class=\"s4\"><span class=\"bumpedFont15\">oord<\/span><\/span><span class=\"s4\"><span class=\"bumpedFont15\">i<\/span><\/span><span class=\"s4\"><span class=\"bumpedFont15\">nateur<\/span><\/span> <span class=\"s4\"><span class=\"bumpedFont15\">National <\/span><\/span><span class=\"s4\"><span class=\"bumpedFont15\">de la CP-AES a \u00e9galement soulign\u00e9 l\u2019importance de la d\u00e9centralisation, un des piliers de l&rsquo;organisation, avec la mise en place de conseils r\u00e9gionaux et provinciaux pour rapprocher davantage l&rsquo;organisation des populations.<\/span><\/span><\/p>\n<p class=\"s3\"><span class=\"s2\"><span class=\"bumpedFont15\">Plus de 100 associations engag\u00e9es<\/span><\/span><\/p>\n<p class=\"s3\"><span class=\"s4\"><span class=\"bumpedFont15\">Interrog\u00e9 sur le processus d&rsquo;adh\u00e9sion des associations \u00e0 la CP-AES, <\/span><\/span><span class=\"s4\"><span class=\"bumpedFont15\">Le C<\/span><\/span><span class=\"s4\"><span class=\"bumpedFont15\">oordinateur <\/span><\/span><span class=\"s4\"><span class=\"bumpedFont15\">N<\/span><\/span><span class=\"s4\"><span class=\"bumpedFont15\">ationa<\/span><\/span><span class=\"s4\"><span class=\"bumpedFont15\">l <\/span><\/span><span class=\"s4\"><span class=\"bumpedFont15\">a indiqu\u00e9 qu&rsquo;il y a un fort engouement autour du projet : plus de cent associations sont d\u00e9j\u00e0 inscrites. \u00ab Nous avons \u00e9tabli une proc\u00e9dure stricte : <\/span><\/span><span class=\"s4\"><span class=\"bumpedFont15\">chaque association doit disposer d\u2019un r\u00e9c\u00e9piss\u00e9 de d\u00e9claration d\u2019existence d\u2019association <\/span><\/span><span class=\"s4\"><span class=\"bumpedFont15\">en cours de validit\u00e9<\/span><\/span><span class=\"s4\"><span class=\"bumpedFont15\"> et signer la charte des valeurs <\/span><\/span><span class=\"s4\"><span class=\"bumpedFont15\">par son repr\u00e9sentant, <\/span><\/span><span class=\"s4\"><span class=\"bumpedFont15\">avant de voir son adh\u00e9sion <\/span><\/span><span class=\"s4\"><span class=\"bumpedFont15\">valid\u00e9e<\/span><\/span><span class=\"s4\"><span class=\"bumpedFont15\"> par la <\/span><\/span><span class=\"s4\"><span class=\"bumpedFont15\">C<\/span><\/span><span class=\"s4\"><span class=\"bumpedFont15\">oordination <\/span><\/span><span class=\"s4\"><span class=\"bumpedFont15\">N<\/span><\/span><span class=\"s4\"><span class=\"bumpedFont15\">ationale et <\/span><\/span><span class=\"s4\"><span class=\"bumpedFont15\">enterin\u00e9e<\/span><\/span><a name=\"_GoBack\"><\/a><span class=\"s4\"><span class=\"bumpedFont15\"> par le si\u00e8ge \u00e0 Bamako. \u00bb<\/span><\/span><\/p>\n<p class=\"s3\"><span class=\"s4\"><span class=\"bumpedFont15\">Les \u00e9changes avec le minist\u00e8re de l&rsquo;\u00c9conomie et des Finances ont permis d\u2019envisager des pistes concr\u00e8tes de collaboration, notamment sur les programmes d&rsquo;activit\u00e9s de la CP-AES. \u00ab Cette audience marque une \u00e9tape importante dans notre d\u00e9marche de construction d\u2019un r\u00e9seau de solidarit\u00e9 sah\u00e9lien, \u00bb a <\/span><\/span><span class=\"s4\"><span class=\"bumpedFont15\">dit<\/span><\/span><span class=\"s4\"><span class=\"bumpedFont15\">le <\/span><\/span><span class=\"s4\"><span class=\"bumpedFont15\">C<\/span><\/span><span class=\"s4\"><span class=\"bumpedFont15\">oord<\/span><\/span><span class=\"s4\"><span class=\"bumpedFont15\">inateur N<\/span><\/span><span class=\"s4\"><span class=\"bumpedFont15\">ational.<\/span><\/span><\/p>\n<p class=\"s3\"><span class=\"s4\"><span class=\"bumpedFont15\">Avec cette rencontre, la CP-AES confirme sa volont\u00e9 de b\u00e2tir une coop\u00e9ration forte et dynamique entre les peuples de l&rsquo;espace Sah\u00e9lien, ancr\u00e9e dans les valeurs de solidarit\u00e9, d\u2019exclusivit\u00e9 et de respect des sp\u00e9cificit\u00e9s locales.<\/span><\/span><\/p>\n<p class=\"s3\">\n","protected":false},"excerpt":{"rendered":"<p>Une d\u00e9l\u00e9gation de la Conf\u00e9d\u00e9ration des Peuples de l&rsquo;AES (CP-AES), conduite par son Coordinateur National<\/p>\n","protected":false},"author":2,"featured_media":825,"comment_status":"open","ping_status":"open","sticky":false,"template":"","format":"standard","meta":{"_et_pb_use_builder":"","_et_pb_old_content":"","_et_gb_content_width":"","footnotes":""},"categories":[5],"tags":[],"class_list":["post-824","post","type-post","status-publish","format-standard","has-post-thumbnail","hentry","category-societe"],"yoast_head":"<!-- This site is optimized with the Yoast SEO plugin v27.5 - https:\/\/yoast.com\/product\/yoast-seo-wordpress\/ -->\n<title>La Conf\u00e9d\u00e9ration des Peuples de l&#039;AES pr\u00e9sente son projet au Minist\u00e8re de l&#039;\u00c9conomie et des Finances pour renforcer la coop\u00e9ration Sah\u00e9lienne - Vox Sahel<\/title>\n<meta name=\"robots\" content=\"index, follow, max-snippet:-1, max-image-preview:large, max-video-preview:-1\" \/>\n<link rel=\"canonical\" href=\"https:\/\/voxsahel.com\/?p=824\" \/>\n<meta property=\"og:locale\" content=\"fr_FR\" \/>\n<meta property=\"og:type\" content=\"article\" \/>\n<meta property=\"og:title\" content=\"La Conf\u00e9d\u00e9ration des Peuples de l&#039;AES pr\u00e9sente son projet au Minist\u00e8re de l&#039;\u00c9conomie et des Finances pour renforcer la coop\u00e9ration Sah\u00e9lienne - Vox Sahel\" \/>\n<meta property=\"og:description\" content=\"Une d\u00e9l\u00e9gation de la Conf\u00e9d\u00e9ration des Peuples de l&rsquo;AES (CP-AES), conduite par son Coordinateur National\" \/>\n<meta property=\"og:url\" content=\"https:\/\/voxsahel.com\/?p=824\" \/>\n<meta property=\"og:site_name\" content=\"Vox Sahel\" \/>\n<meta property=\"article:publisher\" content=\"https:\/\/www.facebook.com\/journal.voxsahel\" \/>\n<meta property=\"article:published_time\" content=\"2024-11-09T13:35:22+00:00\" \/>\n<meta property=\"og:image\" content=\"https:\/\/voxsahel.com\/wp-content\/uploads\/2024\/11\/5478aca1-f5b5-48b4-9037-3b045b31e9f7.jpeg\" \/>\n\t<meta property=\"og:image:width\" content=\"1280\" \/>\n\t<meta property=\"og:image:height\" content=\"1280\" \/>\n\t<meta property=\"og:image:type\" content=\"image\/jpeg\" \/>\n<meta name=\"author\" content=\"Vox Sahel\" \/>\n<meta name=\"twitter:card\" content=\"summary_large_image\" \/>\n<meta name=\"twitter:label1\" content=\"\u00c9crit par\" \/>\n\t<meta name=\"twitter:data1\" content=\"Vox Sahel\" \/>\n\t<meta name=\"twitter:label2\" content=\"Dur\u00e9e de lecture estim\u00e9e\" \/>\n\t<meta name=\"twitter:data2\" content=\"3 minutes\" \/>\n<script type=\"application\/ld+json\" class=\"yoast-schema-graph\">{\"@context\":\"https:\\\/\\\/schema.org\",\"@graph\":[{\"@type\":\"Article\",\"@id\":\"https:\\\/\\\/voxsahel.com\\\/?p=824#article\",\"isPartOf\":{\"@id\":\"https:\\\/\\\/voxsahel.com\\\/?p=824\"},\"author\":{\"name\":\"Vox Sahel\",\"@id\":\"https:\\\/\\\/voxsahel.com\\\/#\\\/schema\\\/person\\\/b4043608248f8fa227cd760e7ff1e19e\"},\"headline\":\"La Conf\u00e9d\u00e9ration des Peuples de l&rsquo;AES pr\u00e9sente son projet au Minist\u00e8re de l&rsquo;\u00c9conomie et des Finances pour renforcer la coop\u00e9ration Sah\u00e9lienne\",\"datePublished\":\"2024-11-09T13:35:22+00:00\",\"mainEntityOfPage\":{\"@id\":\"https:\\\/\\\/voxsahel.com\\\/?p=824\"},\"wordCount\":574,\"commentCount\":0,\"publisher\":{\"@id\":\"https:\\\/\\\/voxsahel.com\\\/#organization\"},\"image\":{\"@id\":\"https:\\\/\\\/voxsahel.com\\\/?p=824#primaryimage\"},\"thumbnailUrl\":\"https:\\\/\\\/voxsahel.com\\\/wp-content\\\/uploads\\\/2024\\\/11\\\/5478aca1-f5b5-48b4-9037-3b045b31e9f7.jpeg\",\"articleSection\":[\"SOCIETE\"],\"inLanguage\":\"fr-FR\",\"potentialAction\":[{\"@type\":\"CommentAction\",\"name\":\"Comment\",\"target\":[\"https:\\\/\\\/voxsahel.com\\\/?p=824#respond\"]}]},{\"@type\":\"WebPage\",\"@id\":\"https:\\\/\\\/voxsahel.com\\\/?p=824\",\"url\":\"https:\\\/\\\/voxsahel.com\\\/?p=824\",\"name\":\"La Conf\u00e9d\u00e9ration des Peuples de l'AES pr\u00e9sente son projet au Minist\u00e8re de l'\u00c9conomie et des Finances pour renforcer la coop\u00e9ration Sah\u00e9lienne - Vox Sahel\",\"isPartOf\":{\"@id\":\"https:\\\/\\\/voxsahel.com\\\/#website\"},\"primaryImageOfPage\":{\"@id\":\"https:\\\/\\\/voxsahel.com\\\/?p=824#primaryimage\"},\"image\":{\"@id\":\"https:\\\/\\\/voxsahel.com\\\/?p=824#primaryimage\"},\"thumbnailUrl\":\"https:\\\/\\\/voxsahel.com\\\/wp-content\\\/uploads\\\/2024\\\/11\\\/5478aca1-f5b5-48b4-9037-3b045b31e9f7.jpeg\",\"datePublished\":\"2024-11-09T13:35:22+00:00\",\"breadcrumb\":{\"@id\":\"https:\\\/\\\/voxsahel.com\\\/?p=824#breadcrumb\"},\"inLanguage\":\"fr-FR\",\"potentialAction\":[{\"@type\":\"ReadAction\",\"target\":[\"https:\\\/\\\/voxsahel.com\\\/?p=824\"]}]},{\"@type\":\"ImageObject\",\"inLanguage\":\"fr-FR\",\"@id\":\"https:\\\/\\\/voxsahel.com\\\/?p=824#primaryimage\",\"url\":\"https:\\\/\\\/voxsahel.com\\\/wp-content\\\/uploads\\\/2024\\\/11\\\/5478aca1-f5b5-48b4-9037-3b045b31e9f7.jpeg\",\"contentUrl\":\"https:\\\/\\\/voxsahel.com\\\/wp-content\\\/uploads\\\/2024\\\/11\\\/5478aca1-f5b5-48b4-9037-3b045b31e9f7.jpeg\",\"width\":1280,\"height\":1280},{\"@type\":\"BreadcrumbList\",\"@id\":\"https:\\\/\\\/voxsahel.com\\\/?p=824#breadcrumb\",\"itemListElement\":[{\"@type\":\"ListItem\",\"position\":1,\"name\":\"Home\",\"item\":\"https:\\\/\\\/voxsahel.com\\\/\"},{\"@type\":\"ListItem\",\"position\":2,\"name\":\"La Conf\u00e9d\u00e9ration des Peuples de l&rsquo;AES pr\u00e9sente son projet au Minist\u00e8re de l&rsquo;\u00c9conomie et des Finances pour renforcer la coop\u00e9ration Sah\u00e9lienne\"}]},{\"@type\":\"WebSite\",\"@id\":\"https:\\\/\\\/voxsahel.com\\\/#website\",\"url\":\"https:\\\/\\\/voxsahel.com\\\/\",\"name\":\"Vox Sahel\",\"description\":\"Informez-vous sur le Sahel en un clic\",\"publisher\":{\"@id\":\"https:\\\/\\\/voxsahel.com\\\/#organization\"},\"potentialAction\":[{\"@type\":\"SearchAction\",\"target\":{\"@type\":\"EntryPoint\",\"urlTemplate\":\"https:\\\/\\\/voxsahel.com\\\/?s={search_term_string}\"},\"query-input\":{\"@type\":\"PropertyValueSpecification\",\"valueRequired\":true,\"valueName\":\"search_term_string\"}}],\"inLanguage\":\"fr-FR\"},{\"@type\":\"Organization\",\"@id\":\"https:\\\/\\\/voxsahel.com\\\/#organization\",\"name\":\"Vox Sahel\",\"url\":\"https:\\\/\\\/voxsahel.com\\\/\",\"logo\":{\"@type\":\"ImageObject\",\"inLanguage\":\"fr-FR\",\"@id\":\"https:\\\/\\\/voxsahel.com\\\/#\\\/schema\\\/logo\\\/image\\\/\",\"url\":\"https:\\\/\\\/voxsahel.com\\\/wp-content\\\/uploads\\\/2024\\\/09\\\/Logo-Vox-Sahel.jpg\",\"contentUrl\":\"https:\\\/\\\/voxsahel.com\\\/wp-content\\\/uploads\\\/2024\\\/09\\\/Logo-Vox-Sahel.jpg\",\"width\":1181,\"height\":848,\"caption\":\"Vox Sahel\"},\"image\":{\"@id\":\"https:\\\/\\\/voxsahel.com\\\/#\\\/schema\\\/logo\\\/image\\\/\"},\"sameAs\":[\"https:\\\/\\\/www.facebook.com\\\/journal.voxsahel\"]},{\"@type\":\"Person\",\"@id\":\"https:\\\/\\\/voxsahel.com\\\/#\\\/schema\\\/person\\\/b4043608248f8fa227cd760e7ff1e19e\",\"name\":\"Vox Sahel\",\"image\":{\"@type\":\"ImageObject\",\"inLanguage\":\"fr-FR\",\"@id\":\"https:\\\/\\\/secure.gravatar.com\\\/avatar\\\/f70e7fa0cb9b29d4a7c5788d6eb2e9ab4d3135cbae1c9161810fdf77a8964699?s=96&d=mm&r=g\",\"url\":\"https:\\\/\\\/secure.gravatar.com\\\/avatar\\\/f70e7fa0cb9b29d4a7c5788d6eb2e9ab4d3135cbae1c9161810fdf77a8964699?s=96&d=mm&r=g\",\"contentUrl\":\"https:\\\/\\\/secure.gravatar.com\\\/avatar\\\/f70e7fa0cb9b29d4a7c5788d6eb2e9ab4d3135cbae1c9161810fdf77a8964699?s=96&d=mm&r=g\",\"caption\":\"Vox Sahel\"},\"sameAs\":[\"http:\\\/\\\/www.voxsahel.com\"],\"url\":\"https:\\\/\\\/voxsahel.com\\\/?author=2\"}]}<\/script>\n<!-- \/ Yoast SEO plugin. -->","yoast_head_json":{"title":"La Conf\u00e9d\u00e9ration des Peuples de l'AES pr\u00e9sente son projet au Minist\u00e8re de l'\u00c9conomie et des Finances pour renforcer la coop\u00e9ration Sah\u00e9lienne - Vox Sahel","robots":{"index":"index","follow":"follow","max-snippet":"max-snippet:-1","max-image-preview":"max-image-preview:large","max-video-preview":"max-video-preview:-1"},"canonical":"https:\/\/voxsahel.com\/?p=824","og_locale":"fr_FR","og_type":"article","og_title":"La Conf\u00e9d\u00e9ration des Peuples de l'AES pr\u00e9sente son projet au Minist\u00e8re de l'\u00c9conomie et des Finances pour renforcer la coop\u00e9ration Sah\u00e9lienne - Vox Sahel","og_description":"Une d\u00e9l\u00e9gation de la Conf\u00e9d\u00e9ration des Peuples de l&rsquo;AES (CP-AES), conduite par son Coordinateur National","og_url":"https:\/\/voxsahel.com\/?p=824","og_site_name":"Vox Sahel","article_publisher":"https:\/\/www.facebook.com\/journal.voxsahel","article_published_time":"2024-11-09T13:35:22+00:00","og_image":[{"width":1280,"height":1280,"url":"https:\/\/voxsahel.com\/wp-content\/uploads\/2024\/11\/5478aca1-f5b5-48b4-9037-3b045b31e9f7.jpeg","type":"image\/jpeg"}],"author":"Vox Sahel","twitter_card":"summary_large_image","twitter_misc":{"\u00c9crit par":"Vox Sahel","Dur\u00e9e de lecture estim\u00e9e":"3 minutes"},"schema":{"@context":"https:\/\/schema.org","@graph":[{"@type":"Article","@id":"https:\/\/voxsahel.com\/?p=824#article","isPartOf":{"@id":"https:\/\/voxsahel.com\/?p=824"},"author":{"name":"Vox Sahel","@id":"https:\/\/voxsahel.com\/#\/schema\/person\/b4043608248f8fa227cd760e7ff1e19e"},"headline":"La Conf\u00e9d\u00e9ration des Peuples de l&rsquo;AES pr\u00e9sente son projet au Minist\u00e8re de l&rsquo;\u00c9conomie et des Finances pour renforcer la coop\u00e9ration Sah\u00e9lienne","datePublished":"2024-11-09T13:35:22+00:00","mainEntityOfPage":{"@id":"https:\/\/voxsahel.com\/?p=824"},"wordCount":574,"commentCount":0,"publisher":{"@id":"https:\/\/voxsahel.com\/#organization"},"image":{"@id":"https:\/\/voxsahel.com\/?p=824#primaryimage"},"thumbnailUrl":"https:\/\/voxsahel.com\/wp-content\/uploads\/2024\/11\/5478aca1-f5b5-48b4-9037-3b045b31e9f7.jpeg","articleSection":["SOCIETE"],"inLanguage":"fr-FR","potentialAction":[{"@type":"CommentAction","name":"Comment","target":["https:\/\/voxsahel.com\/?p=824#respond"]}]},{"@type":"WebPage","@id":"https:\/\/voxsahel.com\/?p=824","url":"https:\/\/voxsahel.com\/?p=824","name":"La Conf\u00e9d\u00e9ration des Peuples de l'AES pr\u00e9sente son projet au Minist\u00e8re de l'\u00c9conomie et des Finances pour renforcer la coop\u00e9ration Sah\u00e9lienne - Vox Sahel","isPartOf":{"@id":"https:\/\/voxsahel.com\/#website"},"primaryImageOfPage":{"@id":"https:\/\/voxsahel.com\/?p=824#primaryimage"},"image":{"@id":"https:\/\/voxsahel.com\/?p=824#primaryimage"},"thumbnailUrl":"https:\/\/voxsahel.com\/wp-content\/uploads\/2024\/11\/5478aca1-f5b5-48b4-9037-3b045b31e9f7.jpeg","datePublished":"2024-11-09T13:35:22+00:00","breadcrumb":{"@id":"https:\/\/voxsahel.com\/?p=824#breadcrumb"},"inLanguage":"fr-FR","potentialAction":[{"@type":"ReadAction","target":["https:\/\/voxsahel.com\/?p=824"]}]},{"@type":"ImageObject","inLanguage":"fr-FR","@id":"https:\/\/voxsahel.com\/?p=824#primaryimage","url":"https:\/\/voxsahel.com\/wp-content\/uploads\/2024\/11\/5478aca1-f5b5-48b4-9037-3b045b31e9f7.jpeg","contentUrl":"https:\/\/voxsahel.com\/wp-content\/uploads\/2024\/11\/5478aca1-f5b5-48b4-9037-3b045b31e9f7.jpeg","width":1280,"height":1280},{"@type":"BreadcrumbList","@id":"https:\/\/voxsahel.com\/?p=824#breadcrumb","itemListElement":[{"@type":"ListItem","position":1,"name":"Home","item":"https:\/\/voxsahel.com\/"},{"@type":"ListItem","position":2,"name":"La Conf\u00e9d\u00e9ration des Peuples de l&rsquo;AES pr\u00e9sente son projet au Minist\u00e8re de l&rsquo;\u00c9conomie et des Finances pour renforcer la coop\u00e9ration Sah\u00e9lienne"}]},{"@type":"WebSite","@id":"https:\/\/voxsahel.com\/#website","url":"https:\/\/voxsahel.com\/","name":"Vox Sahel","description":"Informez-vous sur le Sahel en un clic","publisher":{"@id":"https:\/\/voxsahel.com\/#organization"},"potentialAction":[{"@type":"SearchAction","target":{"@type":"EntryPoint","urlTemplate":"https:\/\/voxsahel.com\/?s={search_term_string}"},"query-input":{"@type":"PropertyValueSpecification","valueRequired":true,"valueName":"search_term_string"}}],"inLanguage":"fr-FR"},{"@type":"Organization","@id":"https:\/\/voxsahel.com\/#organization","name":"Vox Sahel","url":"https:\/\/voxsahel.com\/","logo":{"@type":"ImageObject","inLanguage":"fr-FR","@id":"https:\/\/voxsahel.com\/#\/schema\/logo\/image\/","url":"https:\/\/voxsahel.com\/wp-content\/uploads\/2024\/09\/Logo-Vox-Sahel.jpg","contentUrl":"https:\/\/voxsahel.com\/wp-content\/uploads\/2024\/09\/Logo-Vox-Sahel.jpg","width":1181,"height":848,"caption":"Vox Sahel"},"image":{"@id":"https:\/\/voxsahel.com\/#\/schema\/logo\/image\/"},"sameAs":["https:\/\/www.facebook.com\/journal.voxsahel"]},{"@type":"Person","@id":"https:\/\/voxsahel.com\/#\/schema\/person\/b4043608248f8fa227cd760e7ff1e19e","name":"Vox Sahel","image":{"@type":"ImageObject","inLanguage":"fr-FR","@id":"https:\/\/secure.gravatar.com\/avatar\/f70e7fa0cb9b29d4a7c5788d6eb2e9ab4d3135cbae1c9161810fdf77a8964699?s=96&d=mm&r=g","url":"https:\/\/secure.gravatar.com\/avatar\/f70e7fa0cb9b29d4a7c5788d6eb2e9ab4d3135cbae1c9161810fdf77a8964699?s=96&d=mm&r=g","contentUrl":"https:\/\/secure.gravatar.com\/avatar\/f70e7fa0cb9b29d4a7c5788d6eb2e9ab4d3135cbae1c9161810fdf77a8964699?s=96&d=mm&r=g","caption":"Vox Sahel"},"sameAs":["http:\/\/www.voxsahel.com"],"url":"https:\/\/voxsahel.com\/?author=2"}]}},"_links":{"self":[{"href":"https:\/\/voxsahel.com\/index.php?rest_route=\/wp\/v2\/posts\/824","targetHints":{"allow":["GET"]}}],"collection":[{"href":"https:\/\/voxsahel.com\/index.php?rest_route=\/wp\/v2\/posts"}],"about":[{"href":"https:\/\/voxsahel.com\/index.php?rest_route=\/wp\/v2\/types\/post"}],"author":[{"embeddable":true,"href":"https:\/\/voxsahel.com\/index.php?rest_route=\/wp\/v2\/users\/2"}],"replies":[{"embeddable":true,"href":"https:\/\/voxsahel.com\/index.php?rest_route=%2Fwp%2Fv2%2Fcomments&post=824"}],"version-history":[{"count":1,"href":"https:\/\/voxsahel.com\/index.php?rest_route=\/wp\/v2\/posts\/824\/revisions"}],"predecessor-version":[{"id":826,"href":"https:\/\/voxsahel.com\/index.php?rest_route=\/wp\/v2\/posts\/824\/revisions\/826"}],"wp:featuredmedia":[{"embeddable":true,"href":"https:\/\/voxsahel.com\/index.php?rest_route=\/wp\/v2\/media\/825"}],"wp:attachment":[{"href":"https:\/\/voxsahel.com\/index.php?rest_route=%2Fwp%2Fv2%2Fmedia&parent=824"}],"wp:term":[{"taxonomy":"category","embeddable":true,"href":"https:\/\/voxsahel.com\/index.php?rest_route=%2Fwp%2Fv2%2Fcategories&post=824"},{"taxonomy":"post_tag","embeddable":true,"href":"https:\/\/voxsahel.com\/index.php?rest_route=%2Fwp%2Fv2%2Ftags&post=824"}],"curies":[{"name":"wp","href":"https:\/\/api.w.org\/{rel}","templated":true}]}}