{"id":821,"date":"2024-11-09T09:37:06","date_gmt":"2024-11-09T09:37:06","guid":{"rendered":"https:\/\/voxsahel.com\/?p=821"},"modified":"2024-11-09T09:37:06","modified_gmt":"2024-11-09T09:37:06","slug":"culture-de-lananas-au-burkina-faso-des-autorites-en-visite-a-la-ferme-djoda-pionniere-de-la-culture","status":"publish","type":"post","link":"https:\/\/voxsahel.com\/?p=821","title":{"rendered":"Culture de l\u2019ananas au Burkina Faso : Des autorit\u00e9s en visite \u00e0 la Ferme Djoda, pionni\u00e8re de la culture"},"content":{"rendered":"<p class=\"p1\">Le vendredi 1er novembre 2024, la Ferme Djoda a accueilli les autorit\u00e9s burkinab\u00e8 en charge de l&rsquo;agriculture, conduites par le conseiller sp\u00e9cial du pr\u00e9sident du Faso, pour une visite de ses installations et activit\u00e9s. Cette ferme pionni\u00e8re dans la culture de l&rsquo;ananas, une plante exotique, se distingue par sa r\u00e9ussite dans un pays sah\u00e9lien comme le Burkina Faso, et ambitionne d&rsquo;ancrer cette production au c\u0153ur de l&rsquo;agriculture nationale.<\/p>\n<p class=\"p1\"><span class=\"s1\">\u00ab Ils nous ont rendu visite pour voir comment l&rsquo;activit\u00e9 \u00e9volue et explorer les possibilit\u00e9s de structuration de cette fili\u00e8re jeune, mais prometteuse \u00bb, explique le promoteur de la Ferme Djoda, Oumarou Compaor\u00e9. Lors de cette visite, les autorit\u00e9s ont pu observer diff\u00e9rentes \u00e9tapes du processus de production, depuis les sites d&rsquo;ananas en pleine floraison jusqu&rsquo;aux champs en cours d&rsquo;installation. Le parcours comprenait \u00e9galement des ateliers de transformation, un volet essentiel pour valoriser la production au-del\u00e0 de la culture brute. Les visiteurs ont ainsi d\u00e9couvert des initiatives de transformation des feuilles d&rsquo;ananas en fourrage pour le b\u00e9tail, ainsi que l&rsquo;extraction de fibres \u00e0 partir de celles-ci.<\/span><\/p>\n<p class=\"p1\"><span class=\"s1\">Les repr\u00e9sentants ont \u00e9galement pris connaissance des efforts de la ferme pour organiser et partager son savoir-faire \u00e0 travers l\u2019\u00e9dition d\u2019un livre ( Mon guide pour tout savoir sur la production d&rsquo;ananas au Burkina Faso ! ) et l&rsquo;am\u00e9lioration des techniques de culture. \u00ab Leur pr\u00e9sence et leur int\u00e9r\u00eat pour cette activit\u00e9 innovante d\u00e9montrent l&rsquo;importance de structurer cette fili\u00e8re pour qu&rsquo;elle b\u00e9n\u00e9ficie \u00e0 l&rsquo;ensemble de notre pays \u00bb, ajoute le promoteur.<\/span><\/p>\n<p class=\"p1\"><span class=\"s1\">Pour l&rsquo;\u00e9quipe de la Ferme Djoda, cette visite est bien plus qu&rsquo;un simple passage. Elle est une source d&rsquo;encouragement et un signe de reconnaissance pour les efforts investis dans cette culture nouvelle et encore peu r\u00e9pandue au Burkina Faso. Le promoteur a exprim\u00e9 sa satisfaction de voir les autorit\u00e9s s&rsquo;int\u00e9resser de pr\u00e8s \u00e0 une fili\u00e8re encore en d\u00e9veloppement mais pleine de potentiel. \u00ab On est satisfait de leur visite. On esp\u00e8re que cela ne s&rsquo;arr\u00eatera pas l\u00e0 et que d&rsquo;autres actions concr\u00e8tes viendront en soutien \u00bb, d\u00e9clare-t-il, visiblement \u00e9mu.<\/span><\/p>\n<p class=\"p1\"><span class=\"s1\">Ce geste, pour lui, d\u00e9passe la simple aide mat\u00e9rielle. \u00ab Rien que leur passage nous encourage \u00e0 pers\u00e9v\u00e9rer malgr\u00e9 les d\u00e9fis. Ce soutien moral est pr\u00e9cieux, surtout dans un contexte difficile, o\u00f9 notre pays est en guerre \u00bb, ajoute-t-il.<\/span><\/p>\n<p class=\"p1\"><span class=\"s1\">Profitant de cette occasion, le promoteur a \u00e9galement formul\u00e9 un message d&rsquo;encouragement \u00e0 la jeunesse burkinab\u00e8, les exhortant \u00e0 briser les st\u00e9r\u00e9otypes autour de l&rsquo;agriculture. \u00ab Notre pays est trop souvent associ\u00e9 \u00e0 des limitations en mati\u00e8re de culture. Mais cela appartient au pass\u00e9. Nous devons tous contribuer \u00e0 transformer notre agriculture et \u00e0 trouver des solutions innovantes \u00bb, a-t-il soulign\u00e9.<\/span><\/p>\n<p class=\"p1\"><span class=\"s1\">Il a \u00e9galement remerci\u00e9 les autorit\u00e9s pour leurs efforts malgr\u00e9 les restrictions budg\u00e9taires li\u00e9es \u00e0 la situation s\u00e9curitaire. \u00ab C&rsquo;est une marque d&rsquo;encouragement pour nous, un signe que notre travail est reconnu, et cela nous motive \u00e0 continuer pour hisser plus haut le drapeau burkinab\u00e8 \u00bb, conclut-il.<\/span><\/p>\n<p class=\"p1\"><span class=\"s1\">La Ferme Djoda repr\u00e9sente un mod\u00e8le d&rsquo;innovation agricole dans la r\u00e9gion du Sahel. Son travail pourrait ouvrir la voie \u00e0 de nouvelles perspectives pour l&rsquo;agriculture burkinab\u00e8 et offrir des opportunit\u00e9s de diversification \u00e9conomique, tout en inspirant d&rsquo;autres producteurs \u00e0 explorer cette culture. Gr\u00e2ce \u00e0 des initiatives comme celle-ci, le Burkina Faso pourrait devenir un acteur cl\u00e9 dans la culture de l&rsquo;ananas, une vision qui semble de plus en plus r\u00e9alisable.<\/span><\/p>\n<p class=\"p1\" style=\"text-align: right;\"><span class=\"s1\"><b>Par Vox Sahel <\/b><\/span><\/p>\n","protected":false},"excerpt":{"rendered":"<p>Le vendredi 1er novembre 2024, la Ferme Djoda a accueilli les autorit\u00e9s burkinab\u00e8 en charge<\/p>\n","protected":false},"author":2,"featured_media":822,"comment_status":"open","ping_status":"open","sticky":false,"template":"","format":"standard","meta":{"_et_pb_use_builder":"","_et_pb_old_content":"","_et_gb_content_width":"","footnotes":""},"categories":[8],"tags":[81,282,115,18,92,114,420],"class_list":["post-821","post","type-post","status-publish","format-standard","has-post-thumbnail","hentry","category-developpement","tag-agriculture","tag-ananas","tag-ananas-burkina","tag-burkina-faso","tag-developpement","tag-ferme-djoda","tag-plante-exotique"],"yoast_head":"<!-- This site is optimized with the Yoast SEO plugin v27.5 - https:\/\/yoast.com\/product\/yoast-seo-wordpress\/ -->\n<title>Culture de l\u2019ananas au Burkina Faso : Des autorit\u00e9s en visite \u00e0 la Ferme Djoda, pionni\u00e8re de la culture - Vox Sahel<\/title>\n<meta name=\"robots\" content=\"index, follow, max-snippet:-1, max-image-preview:large, max-video-preview:-1\" \/>\n<link rel=\"canonical\" href=\"https:\/\/voxsahel.com\/?p=821\" \/>\n<meta property=\"og:locale\" content=\"fr_FR\" \/>\n<meta property=\"og:type\" content=\"article\" \/>\n<meta property=\"og:title\" content=\"Culture de l\u2019ananas au Burkina Faso : Des autorit\u00e9s en visite \u00e0 la Ferme Djoda, pionni\u00e8re de la culture - Vox Sahel\" \/>\n<meta property=\"og:description\" content=\"Le vendredi 1er novembre 2024, la Ferme Djoda a accueilli les autorit\u00e9s burkinab\u00e8 en charge\" \/>\n<meta property=\"og:url\" content=\"https:\/\/voxsahel.com\/?p=821\" \/>\n<meta property=\"og:site_name\" content=\"Vox Sahel\" \/>\n<meta property=\"article:publisher\" content=\"https:\/\/www.facebook.com\/journal.voxsahel\" \/>\n<meta property=\"article:published_time\" content=\"2024-11-09T09:37:06+00:00\" \/>\n<meta property=\"og:image\" content=\"https:\/\/voxsahel.com\/wp-content\/uploads\/2024\/11\/IMG_7389.jpeg\" \/>\n\t<meta property=\"og:image:width\" content=\"716\" \/>\n\t<meta property=\"og:image:height\" content=\"716\" \/>\n\t<meta property=\"og:image:type\" content=\"image\/jpeg\" \/>\n<meta name=\"author\" content=\"Vox Sahel\" \/>\n<meta name=\"twitter:card\" content=\"summary_large_image\" \/>\n<meta name=\"twitter:label1\" content=\"\u00c9crit par\" \/>\n\t<meta name=\"twitter:data1\" content=\"Vox Sahel\" \/>\n\t<meta name=\"twitter:label2\" content=\"Dur\u00e9e de lecture estim\u00e9e\" \/>\n\t<meta name=\"twitter:data2\" content=\"3 minutes\" \/>\n<script type=\"application\/ld+json\" class=\"yoast-schema-graph\">{\"@context\":\"https:\\\/\\\/schema.org\",\"@graph\":[{\"@type\":\"Article\",\"@id\":\"https:\\\/\\\/voxsahel.com\\\/?p=821#article\",\"isPartOf\":{\"@id\":\"https:\\\/\\\/voxsahel.com\\\/?p=821\"},\"author\":{\"name\":\"Vox Sahel\",\"@id\":\"https:\\\/\\\/voxsahel.com\\\/#\\\/schema\\\/person\\\/b4043608248f8fa227cd760e7ff1e19e\"},\"headline\":\"Culture de l\u2019ananas au Burkina Faso : Des autorit\u00e9s en visite \u00e0 la Ferme Djoda, pionni\u00e8re de la culture\",\"datePublished\":\"2024-11-09T09:37:06+00:00\",\"mainEntityOfPage\":{\"@id\":\"https:\\\/\\\/voxsahel.com\\\/?p=821\"},\"wordCount\":626,\"commentCount\":0,\"publisher\":{\"@id\":\"https:\\\/\\\/voxsahel.com\\\/#organization\"},\"image\":{\"@id\":\"https:\\\/\\\/voxsahel.com\\\/?p=821#primaryimage\"},\"thumbnailUrl\":\"https:\\\/\\\/voxsahel.com\\\/wp-content\\\/uploads\\\/2024\\\/11\\\/IMG_7389.jpeg\",\"keywords\":[\"Agriculture\",\"Ananas\",\"Ananas Burkina\",\"Burkina Faso\",\"D\u00e9veloppement\",\"Ferme Djoda\",\"Plante exotique\"],\"articleSection\":[\"DEVELOPPEMENT\"],\"inLanguage\":\"fr-FR\",\"potentialAction\":[{\"@type\":\"CommentAction\",\"name\":\"Comment\",\"target\":[\"https:\\\/\\\/voxsahel.com\\\/?p=821#respond\"]}]},{\"@type\":\"WebPage\",\"@id\":\"https:\\\/\\\/voxsahel.com\\\/?p=821\",\"url\":\"https:\\\/\\\/voxsahel.com\\\/?p=821\",\"name\":\"Culture de l\u2019ananas au Burkina Faso : Des autorit\u00e9s en visite \u00e0 la Ferme Djoda, pionni\u00e8re de la culture - Vox Sahel\",\"isPartOf\":{\"@id\":\"https:\\\/\\\/voxsahel.com\\\/#website\"},\"primaryImageOfPage\":{\"@id\":\"https:\\\/\\\/voxsahel.com\\\/?p=821#primaryimage\"},\"image\":{\"@id\":\"https:\\\/\\\/voxsahel.com\\\/?p=821#primaryimage\"},\"thumbnailUrl\":\"https:\\\/\\\/voxsahel.com\\\/wp-content\\\/uploads\\\/2024\\\/11\\\/IMG_7389.jpeg\",\"datePublished\":\"2024-11-09T09:37:06+00:00\",\"breadcrumb\":{\"@id\":\"https:\\\/\\\/voxsahel.com\\\/?p=821#breadcrumb\"},\"inLanguage\":\"fr-FR\",\"potentialAction\":[{\"@type\":\"ReadAction\",\"target\":[\"https:\\\/\\\/voxsahel.com\\\/?p=821\"]}]},{\"@type\":\"ImageObject\",\"inLanguage\":\"fr-FR\",\"@id\":\"https:\\\/\\\/voxsahel.com\\\/?p=821#primaryimage\",\"url\":\"https:\\\/\\\/voxsahel.com\\\/wp-content\\\/uploads\\\/2024\\\/11\\\/IMG_7389.jpeg\",\"contentUrl\":\"https:\\\/\\\/voxsahel.com\\\/wp-content\\\/uploads\\\/2024\\\/11\\\/IMG_7389.jpeg\",\"width\":716,\"height\":716},{\"@type\":\"BreadcrumbList\",\"@id\":\"https:\\\/\\\/voxsahel.com\\\/?p=821#breadcrumb\",\"itemListElement\":[{\"@type\":\"ListItem\",\"position\":1,\"name\":\"Home\",\"item\":\"https:\\\/\\\/voxsahel.com\\\/\"},{\"@type\":\"ListItem\",\"position\":2,\"name\":\"Culture de l\u2019ananas au Burkina Faso : Des autorit\u00e9s en visite \u00e0 la Ferme Djoda, pionni\u00e8re de la culture\"}]},{\"@type\":\"WebSite\",\"@id\":\"https:\\\/\\\/voxsahel.com\\\/#website\",\"url\":\"https:\\\/\\\/voxsahel.com\\\/\",\"name\":\"Vox Sahel\",\"description\":\"Informez-vous sur le Sahel en un clic\",\"publisher\":{\"@id\":\"https:\\\/\\\/voxsahel.com\\\/#organization\"},\"potentialAction\":[{\"@type\":\"SearchAction\",\"target\":{\"@type\":\"EntryPoint\",\"urlTemplate\":\"https:\\\/\\\/voxsahel.com\\\/?s={search_term_string}\"},\"query-input\":{\"@type\":\"PropertyValueSpecification\",\"valueRequired\":true,\"valueName\":\"search_term_string\"}}],\"inLanguage\":\"fr-FR\"},{\"@type\":\"Organization\",\"@id\":\"https:\\\/\\\/voxsahel.com\\\/#organization\",\"name\":\"Vox Sahel\",\"url\":\"https:\\\/\\\/voxsahel.com\\\/\",\"logo\":{\"@type\":\"ImageObject\",\"inLanguage\":\"fr-FR\",\"@id\":\"https:\\\/\\\/voxsahel.com\\\/#\\\/schema\\\/logo\\\/image\\\/\",\"url\":\"https:\\\/\\\/voxsahel.com\\\/wp-content\\\/uploads\\\/2024\\\/09\\\/Logo-Vox-Sahel.jpg\",\"contentUrl\":\"https:\\\/\\\/voxsahel.com\\\/wp-content\\\/uploads\\\/2024\\\/09\\\/Logo-Vox-Sahel.jpg\",\"width\":1181,\"height\":848,\"caption\":\"Vox Sahel\"},\"image\":{\"@id\":\"https:\\\/\\\/voxsahel.com\\\/#\\\/schema\\\/logo\\\/image\\\/\"},\"sameAs\":[\"https:\\\/\\\/www.facebook.com\\\/journal.voxsahel\"]},{\"@type\":\"Person\",\"@id\":\"https:\\\/\\\/voxsahel.com\\\/#\\\/schema\\\/person\\\/b4043608248f8fa227cd760e7ff1e19e\",\"name\":\"Vox Sahel\",\"image\":{\"@type\":\"ImageObject\",\"inLanguage\":\"fr-FR\",\"@id\":\"https:\\\/\\\/secure.gravatar.com\\\/avatar\\\/f70e7fa0cb9b29d4a7c5788d6eb2e9ab4d3135cbae1c9161810fdf77a8964699?s=96&d=mm&r=g\",\"url\":\"https:\\\/\\\/secure.gravatar.com\\\/avatar\\\/f70e7fa0cb9b29d4a7c5788d6eb2e9ab4d3135cbae1c9161810fdf77a8964699?s=96&d=mm&r=g\",\"contentUrl\":\"https:\\\/\\\/secure.gravatar.com\\\/avatar\\\/f70e7fa0cb9b29d4a7c5788d6eb2e9ab4d3135cbae1c9161810fdf77a8964699?s=96&d=mm&r=g\",\"caption\":\"Vox Sahel\"},\"sameAs\":[\"http:\\\/\\\/www.voxsahel.com\"],\"url\":\"https:\\\/\\\/voxsahel.com\\\/?author=2\"}]}<\/script>\n<!-- \/ Yoast SEO plugin. -->","yoast_head_json":{"title":"Culture de l\u2019ananas au Burkina Faso : Des autorit\u00e9s en visite \u00e0 la Ferme Djoda, pionni\u00e8re de la culture - Vox Sahel","robots":{"index":"index","follow":"follow","max-snippet":"max-snippet:-1","max-image-preview":"max-image-preview:large","max-video-preview":"max-video-preview:-1"},"canonical":"https:\/\/voxsahel.com\/?p=821","og_locale":"fr_FR","og_type":"article","og_title":"Culture de l\u2019ananas au Burkina Faso : Des autorit\u00e9s en visite \u00e0 la Ferme Djoda, pionni\u00e8re de la culture - Vox Sahel","og_description":"Le vendredi 1er novembre 2024, la Ferme Djoda a accueilli les autorit\u00e9s burkinab\u00e8 en charge","og_url":"https:\/\/voxsahel.com\/?p=821","og_site_name":"Vox Sahel","article_publisher":"https:\/\/www.facebook.com\/journal.voxsahel","article_published_time":"2024-11-09T09:37:06+00:00","og_image":[{"width":716,"height":716,"url":"https:\/\/voxsahel.com\/wp-content\/uploads\/2024\/11\/IMG_7389.jpeg","type":"image\/jpeg"}],"author":"Vox Sahel","twitter_card":"summary_large_image","twitter_misc":{"\u00c9crit par":"Vox Sahel","Dur\u00e9e de lecture estim\u00e9e":"3 minutes"},"schema":{"@context":"https:\/\/schema.org","@graph":[{"@type":"Article","@id":"https:\/\/voxsahel.com\/?p=821#article","isPartOf":{"@id":"https:\/\/voxsahel.com\/?p=821"},"author":{"name":"Vox Sahel","@id":"https:\/\/voxsahel.com\/#\/schema\/person\/b4043608248f8fa227cd760e7ff1e19e"},"headline":"Culture de l\u2019ananas au Burkina Faso : Des autorit\u00e9s en visite \u00e0 la Ferme Djoda, pionni\u00e8re de la culture","datePublished":"2024-11-09T09:37:06+00:00","mainEntityOfPage":{"@id":"https:\/\/voxsahel.com\/?p=821"},"wordCount":626,"commentCount":0,"publisher":{"@id":"https:\/\/voxsahel.com\/#organization"},"image":{"@id":"https:\/\/voxsahel.com\/?p=821#primaryimage"},"thumbnailUrl":"https:\/\/voxsahel.com\/wp-content\/uploads\/2024\/11\/IMG_7389.jpeg","keywords":["Agriculture","Ananas","Ananas Burkina","Burkina Faso","D\u00e9veloppement","Ferme Djoda","Plante exotique"],"articleSection":["DEVELOPPEMENT"],"inLanguage":"fr-FR","potentialAction":[{"@type":"CommentAction","name":"Comment","target":["https:\/\/voxsahel.com\/?p=821#respond"]}]},{"@type":"WebPage","@id":"https:\/\/voxsahel.com\/?p=821","url":"https:\/\/voxsahel.com\/?p=821","name":"Culture de l\u2019ananas au Burkina Faso : Des autorit\u00e9s en visite \u00e0 la Ferme Djoda, pionni\u00e8re de la culture - Vox Sahel","isPartOf":{"@id":"https:\/\/voxsahel.com\/#website"},"primaryImageOfPage":{"@id":"https:\/\/voxsahel.com\/?p=821#primaryimage"},"image":{"@id":"https:\/\/voxsahel.com\/?p=821#primaryimage"},"thumbnailUrl":"https:\/\/voxsahel.com\/wp-content\/uploads\/2024\/11\/IMG_7389.jpeg","datePublished":"2024-11-09T09:37:06+00:00","breadcrumb":{"@id":"https:\/\/voxsahel.com\/?p=821#breadcrumb"},"inLanguage":"fr-FR","potentialAction":[{"@type":"ReadAction","target":["https:\/\/voxsahel.com\/?p=821"]}]},{"@type":"ImageObject","inLanguage":"fr-FR","@id":"https:\/\/voxsahel.com\/?p=821#primaryimage","url":"https:\/\/voxsahel.com\/wp-content\/uploads\/2024\/11\/IMG_7389.jpeg","contentUrl":"https:\/\/voxsahel.com\/wp-content\/uploads\/2024\/11\/IMG_7389.jpeg","width":716,"height":716},{"@type":"BreadcrumbList","@id":"https:\/\/voxsahel.com\/?p=821#breadcrumb","itemListElement":[{"@type":"ListItem","position":1,"name":"Home","item":"https:\/\/voxsahel.com\/"},{"@type":"ListItem","position":2,"name":"Culture de l\u2019ananas au Burkina Faso : Des autorit\u00e9s en visite \u00e0 la Ferme Djoda, pionni\u00e8re de la culture"}]},{"@type":"WebSite","@id":"https:\/\/voxsahel.com\/#website","url":"https:\/\/voxsahel.com\/","name":"Vox Sahel","description":"Informez-vous sur le Sahel en un clic","publisher":{"@id":"https:\/\/voxsahel.com\/#organization"},"potentialAction":[{"@type":"SearchAction","target":{"@type":"EntryPoint","urlTemplate":"https:\/\/voxsahel.com\/?s={search_term_string}"},"query-input":{"@type":"PropertyValueSpecification","valueRequired":true,"valueName":"search_term_string"}}],"inLanguage":"fr-FR"},{"@type":"Organization","@id":"https:\/\/voxsahel.com\/#organization","name":"Vox Sahel","url":"https:\/\/voxsahel.com\/","logo":{"@type":"ImageObject","inLanguage":"fr-FR","@id":"https:\/\/voxsahel.com\/#\/schema\/logo\/image\/","url":"https:\/\/voxsahel.com\/wp-content\/uploads\/2024\/09\/Logo-Vox-Sahel.jpg","contentUrl":"https:\/\/voxsahel.com\/wp-content\/uploads\/2024\/09\/Logo-Vox-Sahel.jpg","width":1181,"height":848,"caption":"Vox Sahel"},"image":{"@id":"https:\/\/voxsahel.com\/#\/schema\/logo\/image\/"},"sameAs":["https:\/\/www.facebook.com\/journal.voxsahel"]},{"@type":"Person","@id":"https:\/\/voxsahel.com\/#\/schema\/person\/b4043608248f8fa227cd760e7ff1e19e","name":"Vox Sahel","image":{"@type":"ImageObject","inLanguage":"fr-FR","@id":"https:\/\/secure.gravatar.com\/avatar\/f70e7fa0cb9b29d4a7c5788d6eb2e9ab4d3135cbae1c9161810fdf77a8964699?s=96&d=mm&r=g","url":"https:\/\/secure.gravatar.com\/avatar\/f70e7fa0cb9b29d4a7c5788d6eb2e9ab4d3135cbae1c9161810fdf77a8964699?s=96&d=mm&r=g","contentUrl":"https:\/\/secure.gravatar.com\/avatar\/f70e7fa0cb9b29d4a7c5788d6eb2e9ab4d3135cbae1c9161810fdf77a8964699?s=96&d=mm&r=g","caption":"Vox Sahel"},"sameAs":["http:\/\/www.voxsahel.com"],"url":"https:\/\/voxsahel.com\/?author=2"}]}},"_links":{"self":[{"href":"https:\/\/voxsahel.com\/index.php?rest_route=\/wp\/v2\/posts\/821","targetHints":{"allow":["GET"]}}],"collection":[{"href":"https:\/\/voxsahel.com\/index.php?rest_route=\/wp\/v2\/posts"}],"about":[{"href":"https:\/\/voxsahel.com\/index.php?rest_route=\/wp\/v2\/types\/post"}],"author":[{"embeddable":true,"href":"https:\/\/voxsahel.com\/index.php?rest_route=\/wp\/v2\/users\/2"}],"replies":[{"embeddable":true,"href":"https:\/\/voxsahel.com\/index.php?rest_route=%2Fwp%2Fv2%2Fcomments&post=821"}],"version-history":[{"count":1,"href":"https:\/\/voxsahel.com\/index.php?rest_route=\/wp\/v2\/posts\/821\/revisions"}],"predecessor-version":[{"id":823,"href":"https:\/\/voxsahel.com\/index.php?rest_route=\/wp\/v2\/posts\/821\/revisions\/823"}],"wp:featuredmedia":[{"embeddable":true,"href":"https:\/\/voxsahel.com\/index.php?rest_route=\/wp\/v2\/media\/822"}],"wp:attachment":[{"href":"https:\/\/voxsahel.com\/index.php?rest_route=%2Fwp%2Fv2%2Fmedia&parent=821"}],"wp:term":[{"taxonomy":"category","embeddable":true,"href":"https:\/\/voxsahel.com\/index.php?rest_route=%2Fwp%2Fv2%2Fcategories&post=821"},{"taxonomy":"post_tag","embeddable":true,"href":"https:\/\/voxsahel.com\/index.php?rest_route=%2Fwp%2Fv2%2Ftags&post=821"}],"curies":[{"name":"wp","href":"https:\/\/api.w.org\/{rel}","templated":true}]}}