{"id":818,"date":"2024-11-09T07:41:17","date_gmt":"2024-11-09T07:41:17","guid":{"rendered":"https:\/\/voxsahel.com\/?p=818"},"modified":"2024-11-09T07:41:17","modified_gmt":"2024-11-09T07:41:17","slug":"affaire-de-detournement-de-fonds-publics-un-prejudice-de-3-milliards-de-fcfa-et-des-biens-saisis","status":"publish","type":"post","link":"https:\/\/voxsahel.com\/?p=818","title":{"rendered":"\u00a0Affaire de d\u00e9tournement de fonds publics : Un pr\u00e9judice de 3 milliards de FCFA et des biens saisis"},"content":{"rendered":"<p>Le minist\u00e8re de l\u2019Action Humanitaire au Burkina Faso est secou\u00e9 par une affaire de d\u00e9tournement de fonds publics, r\u00e9v\u00e9l\u00e9e lors d\u2019une conf\u00e9rence de presse tenue par le procureur du Faso, Blaise Bazi\u00e9, \u00a0ce vendredi 8 novembre 2024. Les investigations ont permis de d\u00e9couvrir une fraude qui aurait caus\u00e9 un pr\u00e9judice de pr\u00e8s de trois milliards de francs CFA, avec plusieurs biens de grande valeur saisis dans le cadre de l\u2019enqu\u00eate.<\/p>\n<p>Trois personnes ont \u00e9t\u00e9 plac\u00e9es sous mandat de d\u00e9p\u00f4t, notamment Amidou T\u00e9gnan, principal suspect et gestionnaire de compte tr\u00e9sor en charge des fonds destin\u00e9s \u00e0 l\u2019assistance des personnes d\u00e9plac\u00e9es internes. Deux complices pr\u00e9sum\u00e9s, Ou\u00e9draogo Salifou et Bayoungo Philippe, font \u00e9galement face aux accusations de d\u00e9tournement de deniers publics, faux et usage de faux en \u00e9criture publique et blanchiment de capitaux. Selon les explications du procureur, T\u00e9gnan aurait imit\u00e9 les signatures de ses sup\u00e9rieurs hi\u00e9rarchiques pour d\u00e9tourner les fonds, en falsifiant des ch\u00e8ques et en produisant des \u00e9tats financiers fictifs dans le but de dissimuler les \u00e9carts de compte.<\/p>\n<p><strong>Biens saisis<\/strong><\/p>\n<p>L\u2019enqu\u00eate a permis de saisir plusieurs biens de grande valeur acquis avec les fonds d\u00e9tourn\u00e9s, dont des voitures de luxe, des camions-citernes, des cars de transport en commun, ainsi que des parcelles \u00e0 Ouagadougou et Bobo-Dioulasso. Parmi les propri\u00e9t\u00e9s saisies figure \u00e9galement une ferme de plus de huit hectares situ\u00e9e \u00e0 Samandeni, o\u00f9 se trouvent des animaux d\u2019attraction de grande valeur, tels que des autruches, des antilopes, des paons, et des canards sauvages.<\/p>\n<p>La valeur des liquidit\u00e9s saisies jusqu\u2019\u00e0 pr\u00e9sent s\u2019\u00e9l\u00e8ve \u00e0 166 millions 630 mille francs CFA, qui seront d\u00e9pos\u00e9s sur un compte d\u2019attente g\u00e9r\u00e9 par l\u2019Agence nationale de gestion et de recouvrement des avoirs saisis et confisqu\u00e9s. Les biens meubles, essentiellement compos\u00e9s de v\u00e9hicules, ont \u00e9t\u00e9 estim\u00e9s \u00e0 471 millions 250 mille francs CFA, et la valeur des biens immobiliers pourrait atteindre un milliard 500 mille francs CFA.<\/p>\n<p>Suite \u00e0 une plainte d\u00e9pos\u00e9e le 8 octobre 2024 par le Directeur de la gestion des finances du minist\u00e8re, les autorit\u00e9s judiciaires ont imm\u00e9diatement ouvert une enqu\u00eate. Le procureur du Faso a soulign\u00e9 la gravit\u00e9 des infractions, signalant qu\u2019elles entra\u00eenent des pertes financi\u00e8res importantes pour l\u2019\u00c9tat et compromettent l\u2019aide aux populations vuln\u00e9rables. Amidou T\u00e9gnan, accompagn\u00e9 de ses deux pr\u00e9sum\u00e9s complices, sera jug\u00e9 prochainement pour r\u00e9pondre des faits qui leur sont reproch\u00e9s.<\/p>\n<p style=\"text-align: right;\"><strong>Par Vox Sahel<\/strong><\/p>\n","protected":false},"excerpt":{"rendered":"<p>Le minist\u00e8re de l\u2019Action Humanitaire au Burkina Faso est secou\u00e9 par une affaire de d\u00e9tournement<\/p>\n","protected":false},"author":2,"featured_media":819,"comment_status":"open","ping_status":"open","sticky":false,"template":"","format":"standard","meta":{"_et_pb_use_builder":"","_et_pb_old_content":"","_et_gb_content_width":"","footnotes":""},"categories":[5],"tags":[18,306,381],"class_list":["post-818","post","type-post","status-publish","format-standard","has-post-thumbnail","hentry","category-societe","tag-burkina-faso","tag-corruption","tag-justice"],"yoast_head":"<!-- This site is optimized with the Yoast SEO plugin v27.5 - https:\/\/yoast.com\/product\/yoast-seo-wordpress\/ -->\n<title>\u00a0Affaire de d\u00e9tournement de fonds publics : Un pr\u00e9judice de 3 milliards de FCFA et des biens saisis - Vox Sahel<\/title>\n<meta name=\"robots\" content=\"index, follow, max-snippet:-1, max-image-preview:large, max-video-preview:-1\" \/>\n<link rel=\"canonical\" href=\"https:\/\/voxsahel.com\/?p=818\" \/>\n<meta property=\"og:locale\" content=\"fr_FR\" \/>\n<meta property=\"og:type\" content=\"article\" \/>\n<meta property=\"og:title\" content=\"\u00a0Affaire de d\u00e9tournement de fonds publics : Un pr\u00e9judice de 3 milliards de FCFA et des biens saisis - Vox Sahel\" \/>\n<meta property=\"og:description\" content=\"Le minist\u00e8re de l\u2019Action Humanitaire au Burkina Faso est secou\u00e9 par une affaire de d\u00e9tournement\" \/>\n<meta property=\"og:url\" content=\"https:\/\/voxsahel.com\/?p=818\" \/>\n<meta property=\"og:site_name\" content=\"Vox Sahel\" \/>\n<meta property=\"article:publisher\" content=\"https:\/\/www.facebook.com\/journal.voxsahel\" \/>\n<meta property=\"article:published_time\" content=\"2024-11-09T07:41:17+00:00\" \/>\n<meta property=\"og:image\" content=\"https:\/\/voxsahel.com\/wp-content\/uploads\/2024\/11\/Blaise-Bazie-procureur-1.jpg\" \/>\n\t<meta property=\"og:image:width\" content=\"1200\" \/>\n\t<meta property=\"og:image:height\" content=\"675\" \/>\n\t<meta property=\"og:image:type\" content=\"image\/jpeg\" \/>\n<meta name=\"author\" content=\"Vox Sahel\" \/>\n<meta name=\"twitter:card\" content=\"summary_large_image\" \/>\n<meta name=\"twitter:label1\" content=\"\u00c9crit par\" \/>\n\t<meta name=\"twitter:data1\" content=\"Vox Sahel\" \/>\n\t<meta name=\"twitter:label2\" content=\"Dur\u00e9e de lecture estim\u00e9e\" \/>\n\t<meta name=\"twitter:data2\" content=\"3 minutes\" \/>\n<script type=\"application\/ld+json\" class=\"yoast-schema-graph\">{\"@context\":\"https:\\\/\\\/schema.org\",\"@graph\":[{\"@type\":\"Article\",\"@id\":\"https:\\\/\\\/voxsahel.com\\\/?p=818#article\",\"isPartOf\":{\"@id\":\"https:\\\/\\\/voxsahel.com\\\/?p=818\"},\"author\":{\"name\":\"Vox Sahel\",\"@id\":\"https:\\\/\\\/voxsahel.com\\\/#\\\/schema\\\/person\\\/b4043608248f8fa227cd760e7ff1e19e\"},\"headline\":\"\u00a0Affaire de d\u00e9tournement de fonds publics : Un pr\u00e9judice de 3 milliards de FCFA et des biens saisis\",\"datePublished\":\"2024-11-09T07:41:17+00:00\",\"mainEntityOfPage\":{\"@id\":\"https:\\\/\\\/voxsahel.com\\\/?p=818\"},\"wordCount\":456,\"commentCount\":0,\"publisher\":{\"@id\":\"https:\\\/\\\/voxsahel.com\\\/#organization\"},\"image\":{\"@id\":\"https:\\\/\\\/voxsahel.com\\\/?p=818#primaryimage\"},\"thumbnailUrl\":\"https:\\\/\\\/voxsahel.com\\\/wp-content\\\/uploads\\\/2024\\\/11\\\/Blaise-Bazie-procureur-1.jpg\",\"keywords\":[\"Burkina Faso\",\"Corruption\",\"Justice\"],\"articleSection\":[\"SOCIETE\"],\"inLanguage\":\"fr-FR\",\"potentialAction\":[{\"@type\":\"CommentAction\",\"name\":\"Comment\",\"target\":[\"https:\\\/\\\/voxsahel.com\\\/?p=818#respond\"]}]},{\"@type\":\"WebPage\",\"@id\":\"https:\\\/\\\/voxsahel.com\\\/?p=818\",\"url\":\"https:\\\/\\\/voxsahel.com\\\/?p=818\",\"name\":\"\u00a0Affaire de d\u00e9tournement de fonds publics : Un pr\u00e9judice de 3 milliards de FCFA et des biens saisis - Vox Sahel\",\"isPartOf\":{\"@id\":\"https:\\\/\\\/voxsahel.com\\\/#website\"},\"primaryImageOfPage\":{\"@id\":\"https:\\\/\\\/voxsahel.com\\\/?p=818#primaryimage\"},\"image\":{\"@id\":\"https:\\\/\\\/voxsahel.com\\\/?p=818#primaryimage\"},\"thumbnailUrl\":\"https:\\\/\\\/voxsahel.com\\\/wp-content\\\/uploads\\\/2024\\\/11\\\/Blaise-Bazie-procureur-1.jpg\",\"datePublished\":\"2024-11-09T07:41:17+00:00\",\"breadcrumb\":{\"@id\":\"https:\\\/\\\/voxsahel.com\\\/?p=818#breadcrumb\"},\"inLanguage\":\"fr-FR\",\"potentialAction\":[{\"@type\":\"ReadAction\",\"target\":[\"https:\\\/\\\/voxsahel.com\\\/?p=818\"]}]},{\"@type\":\"ImageObject\",\"inLanguage\":\"fr-FR\",\"@id\":\"https:\\\/\\\/voxsahel.com\\\/?p=818#primaryimage\",\"url\":\"https:\\\/\\\/voxsahel.com\\\/wp-content\\\/uploads\\\/2024\\\/11\\\/Blaise-Bazie-procureur-1.jpg\",\"contentUrl\":\"https:\\\/\\\/voxsahel.com\\\/wp-content\\\/uploads\\\/2024\\\/11\\\/Blaise-Bazie-procureur-1.jpg\",\"width\":1200,\"height\":675,\"caption\":\"\u00a0Affaire de d\u00e9tournement de fonds publics : Un pr\u00e9judice de 3 milliards de FCFA et des biens saisis\"},{\"@type\":\"BreadcrumbList\",\"@id\":\"https:\\\/\\\/voxsahel.com\\\/?p=818#breadcrumb\",\"itemListElement\":[{\"@type\":\"ListItem\",\"position\":1,\"name\":\"Home\",\"item\":\"https:\\\/\\\/voxsahel.com\\\/\"},{\"@type\":\"ListItem\",\"position\":2,\"name\":\"\u00a0Affaire de d\u00e9tournement de fonds publics : Un pr\u00e9judice de 3 milliards de FCFA et des biens saisis\"}]},{\"@type\":\"WebSite\",\"@id\":\"https:\\\/\\\/voxsahel.com\\\/#website\",\"url\":\"https:\\\/\\\/voxsahel.com\\\/\",\"name\":\"Vox Sahel\",\"description\":\"Informez-vous sur le Sahel en un clic\",\"publisher\":{\"@id\":\"https:\\\/\\\/voxsahel.com\\\/#organization\"},\"potentialAction\":[{\"@type\":\"SearchAction\",\"target\":{\"@type\":\"EntryPoint\",\"urlTemplate\":\"https:\\\/\\\/voxsahel.com\\\/?s={search_term_string}\"},\"query-input\":{\"@type\":\"PropertyValueSpecification\",\"valueRequired\":true,\"valueName\":\"search_term_string\"}}],\"inLanguage\":\"fr-FR\"},{\"@type\":\"Organization\",\"@id\":\"https:\\\/\\\/voxsahel.com\\\/#organization\",\"name\":\"Vox Sahel\",\"url\":\"https:\\\/\\\/voxsahel.com\\\/\",\"logo\":{\"@type\":\"ImageObject\",\"inLanguage\":\"fr-FR\",\"@id\":\"https:\\\/\\\/voxsahel.com\\\/#\\\/schema\\\/logo\\\/image\\\/\",\"url\":\"https:\\\/\\\/voxsahel.com\\\/wp-content\\\/uploads\\\/2024\\\/09\\\/Logo-Vox-Sahel.jpg\",\"contentUrl\":\"https:\\\/\\\/voxsahel.com\\\/wp-content\\\/uploads\\\/2024\\\/09\\\/Logo-Vox-Sahel.jpg\",\"width\":1181,\"height\":848,\"caption\":\"Vox Sahel\"},\"image\":{\"@id\":\"https:\\\/\\\/voxsahel.com\\\/#\\\/schema\\\/logo\\\/image\\\/\"},\"sameAs\":[\"https:\\\/\\\/www.facebook.com\\\/journal.voxsahel\"]},{\"@type\":\"Person\",\"@id\":\"https:\\\/\\\/voxsahel.com\\\/#\\\/schema\\\/person\\\/b4043608248f8fa227cd760e7ff1e19e\",\"name\":\"Vox Sahel\",\"image\":{\"@type\":\"ImageObject\",\"inLanguage\":\"fr-FR\",\"@id\":\"https:\\\/\\\/secure.gravatar.com\\\/avatar\\\/f70e7fa0cb9b29d4a7c5788d6eb2e9ab4d3135cbae1c9161810fdf77a8964699?s=96&d=mm&r=g\",\"url\":\"https:\\\/\\\/secure.gravatar.com\\\/avatar\\\/f70e7fa0cb9b29d4a7c5788d6eb2e9ab4d3135cbae1c9161810fdf77a8964699?s=96&d=mm&r=g\",\"contentUrl\":\"https:\\\/\\\/secure.gravatar.com\\\/avatar\\\/f70e7fa0cb9b29d4a7c5788d6eb2e9ab4d3135cbae1c9161810fdf77a8964699?s=96&d=mm&r=g\",\"caption\":\"Vox Sahel\"},\"sameAs\":[\"http:\\\/\\\/www.voxsahel.com\"],\"url\":\"https:\\\/\\\/voxsahel.com\\\/?author=2\"}]}<\/script>\n<!-- \/ Yoast SEO plugin. -->","yoast_head_json":{"title":"\u00a0Affaire de d\u00e9tournement de fonds publics : Un pr\u00e9judice de 3 milliards de FCFA et des biens saisis - Vox Sahel","robots":{"index":"index","follow":"follow","max-snippet":"max-snippet:-1","max-image-preview":"max-image-preview:large","max-video-preview":"max-video-preview:-1"},"canonical":"https:\/\/voxsahel.com\/?p=818","og_locale":"fr_FR","og_type":"article","og_title":"\u00a0Affaire de d\u00e9tournement de fonds publics : Un pr\u00e9judice de 3 milliards de FCFA et des biens saisis - Vox Sahel","og_description":"Le minist\u00e8re de l\u2019Action Humanitaire au Burkina Faso est secou\u00e9 par une affaire de d\u00e9tournement","og_url":"https:\/\/voxsahel.com\/?p=818","og_site_name":"Vox Sahel","article_publisher":"https:\/\/www.facebook.com\/journal.voxsahel","article_published_time":"2024-11-09T07:41:17+00:00","og_image":[{"width":1200,"height":675,"url":"https:\/\/voxsahel.com\/wp-content\/uploads\/2024\/11\/Blaise-Bazie-procureur-1.jpg","type":"image\/jpeg"}],"author":"Vox Sahel","twitter_card":"summary_large_image","twitter_misc":{"\u00c9crit par":"Vox Sahel","Dur\u00e9e de lecture estim\u00e9e":"3 minutes"},"schema":{"@context":"https:\/\/schema.org","@graph":[{"@type":"Article","@id":"https:\/\/voxsahel.com\/?p=818#article","isPartOf":{"@id":"https:\/\/voxsahel.com\/?p=818"},"author":{"name":"Vox Sahel","@id":"https:\/\/voxsahel.com\/#\/schema\/person\/b4043608248f8fa227cd760e7ff1e19e"},"headline":"\u00a0Affaire de d\u00e9tournement de fonds publics : Un pr\u00e9judice de 3 milliards de FCFA et des biens saisis","datePublished":"2024-11-09T07:41:17+00:00","mainEntityOfPage":{"@id":"https:\/\/voxsahel.com\/?p=818"},"wordCount":456,"commentCount":0,"publisher":{"@id":"https:\/\/voxsahel.com\/#organization"},"image":{"@id":"https:\/\/voxsahel.com\/?p=818#primaryimage"},"thumbnailUrl":"https:\/\/voxsahel.com\/wp-content\/uploads\/2024\/11\/Blaise-Bazie-procureur-1.jpg","keywords":["Burkina Faso","Corruption","Justice"],"articleSection":["SOCIETE"],"inLanguage":"fr-FR","potentialAction":[{"@type":"CommentAction","name":"Comment","target":["https:\/\/voxsahel.com\/?p=818#respond"]}]},{"@type":"WebPage","@id":"https:\/\/voxsahel.com\/?p=818","url":"https:\/\/voxsahel.com\/?p=818","name":"\u00a0Affaire de d\u00e9tournement de fonds publics : Un pr\u00e9judice de 3 milliards de FCFA et des biens saisis - Vox Sahel","isPartOf":{"@id":"https:\/\/voxsahel.com\/#website"},"primaryImageOfPage":{"@id":"https:\/\/voxsahel.com\/?p=818#primaryimage"},"image":{"@id":"https:\/\/voxsahel.com\/?p=818#primaryimage"},"thumbnailUrl":"https:\/\/voxsahel.com\/wp-content\/uploads\/2024\/11\/Blaise-Bazie-procureur-1.jpg","datePublished":"2024-11-09T07:41:17+00:00","breadcrumb":{"@id":"https:\/\/voxsahel.com\/?p=818#breadcrumb"},"inLanguage":"fr-FR","potentialAction":[{"@type":"ReadAction","target":["https:\/\/voxsahel.com\/?p=818"]}]},{"@type":"ImageObject","inLanguage":"fr-FR","@id":"https:\/\/voxsahel.com\/?p=818#primaryimage","url":"https:\/\/voxsahel.com\/wp-content\/uploads\/2024\/11\/Blaise-Bazie-procureur-1.jpg","contentUrl":"https:\/\/voxsahel.com\/wp-content\/uploads\/2024\/11\/Blaise-Bazie-procureur-1.jpg","width":1200,"height":675,"caption":"\u00a0Affaire de d\u00e9tournement de fonds publics : Un pr\u00e9judice de 3 milliards de FCFA et des biens saisis"},{"@type":"BreadcrumbList","@id":"https:\/\/voxsahel.com\/?p=818#breadcrumb","itemListElement":[{"@type":"ListItem","position":1,"name":"Home","item":"https:\/\/voxsahel.com\/"},{"@type":"ListItem","position":2,"name":"\u00a0Affaire de d\u00e9tournement de fonds publics : Un pr\u00e9judice de 3 milliards de FCFA et des biens saisis"}]},{"@type":"WebSite","@id":"https:\/\/voxsahel.com\/#website","url":"https:\/\/voxsahel.com\/","name":"Vox Sahel","description":"Informez-vous sur le Sahel en un clic","publisher":{"@id":"https:\/\/voxsahel.com\/#organization"},"potentialAction":[{"@type":"SearchAction","target":{"@type":"EntryPoint","urlTemplate":"https:\/\/voxsahel.com\/?s={search_term_string}"},"query-input":{"@type":"PropertyValueSpecification","valueRequired":true,"valueName":"search_term_string"}}],"inLanguage":"fr-FR"},{"@type":"Organization","@id":"https:\/\/voxsahel.com\/#organization","name":"Vox Sahel","url":"https:\/\/voxsahel.com\/","logo":{"@type":"ImageObject","inLanguage":"fr-FR","@id":"https:\/\/voxsahel.com\/#\/schema\/logo\/image\/","url":"https:\/\/voxsahel.com\/wp-content\/uploads\/2024\/09\/Logo-Vox-Sahel.jpg","contentUrl":"https:\/\/voxsahel.com\/wp-content\/uploads\/2024\/09\/Logo-Vox-Sahel.jpg","width":1181,"height":848,"caption":"Vox Sahel"},"image":{"@id":"https:\/\/voxsahel.com\/#\/schema\/logo\/image\/"},"sameAs":["https:\/\/www.facebook.com\/journal.voxsahel"]},{"@type":"Person","@id":"https:\/\/voxsahel.com\/#\/schema\/person\/b4043608248f8fa227cd760e7ff1e19e","name":"Vox Sahel","image":{"@type":"ImageObject","inLanguage":"fr-FR","@id":"https:\/\/secure.gravatar.com\/avatar\/f70e7fa0cb9b29d4a7c5788d6eb2e9ab4d3135cbae1c9161810fdf77a8964699?s=96&d=mm&r=g","url":"https:\/\/secure.gravatar.com\/avatar\/f70e7fa0cb9b29d4a7c5788d6eb2e9ab4d3135cbae1c9161810fdf77a8964699?s=96&d=mm&r=g","contentUrl":"https:\/\/secure.gravatar.com\/avatar\/f70e7fa0cb9b29d4a7c5788d6eb2e9ab4d3135cbae1c9161810fdf77a8964699?s=96&d=mm&r=g","caption":"Vox Sahel"},"sameAs":["http:\/\/www.voxsahel.com"],"url":"https:\/\/voxsahel.com\/?author=2"}]}},"_links":{"self":[{"href":"https:\/\/voxsahel.com\/index.php?rest_route=\/wp\/v2\/posts\/818","targetHints":{"allow":["GET"]}}],"collection":[{"href":"https:\/\/voxsahel.com\/index.php?rest_route=\/wp\/v2\/posts"}],"about":[{"href":"https:\/\/voxsahel.com\/index.php?rest_route=\/wp\/v2\/types\/post"}],"author":[{"embeddable":true,"href":"https:\/\/voxsahel.com\/index.php?rest_route=\/wp\/v2\/users\/2"}],"replies":[{"embeddable":true,"href":"https:\/\/voxsahel.com\/index.php?rest_route=%2Fwp%2Fv2%2Fcomments&post=818"}],"version-history":[{"count":1,"href":"https:\/\/voxsahel.com\/index.php?rest_route=\/wp\/v2\/posts\/818\/revisions"}],"predecessor-version":[{"id":820,"href":"https:\/\/voxsahel.com\/index.php?rest_route=\/wp\/v2\/posts\/818\/revisions\/820"}],"wp:featuredmedia":[{"embeddable":true,"href":"https:\/\/voxsahel.com\/index.php?rest_route=\/wp\/v2\/media\/819"}],"wp:attachment":[{"href":"https:\/\/voxsahel.com\/index.php?rest_route=%2Fwp%2Fv2%2Fmedia&parent=818"}],"wp:term":[{"taxonomy":"category","embeddable":true,"href":"https:\/\/voxsahel.com\/index.php?rest_route=%2Fwp%2Fv2%2Fcategories&post=818"},{"taxonomy":"post_tag","embeddable":true,"href":"https:\/\/voxsahel.com\/index.php?rest_route=%2Fwp%2Fv2%2Ftags&post=818"}],"curies":[{"name":"wp","href":"https:\/\/api.w.org\/{rel}","templated":true}]}}