{"id":815,"date":"2024-11-08T14:19:15","date_gmt":"2024-11-08T14:19:15","guid":{"rendered":"https:\/\/voxsahel.com\/?p=815"},"modified":"2024-11-08T14:19:15","modified_gmt":"2024-11-08T14:19:15","slug":"burkina-faso-deces-de-me-frederic-titinga-pacere-doyen-des-avocats-et-eminent-homme-de-culture","status":"publish","type":"post","link":"https:\/\/voxsahel.com\/?p=815","title":{"rendered":"Burkina Faso : D\u00e9c\u00e8s de Me Fr\u00e9d\u00e9ric Titinga Pac\u00e9r\u00e9, doyen des avocats et \u00e9minent homme de culture"},"content":{"rendered":"<p class=\"p1\">Le Burkina Faso est en deuil. Me Fr\u00e9d\u00e9ric Titinga Pac\u00e9r\u00e9, doyen des avocats et figure \u00e9minente de la culture burkinab\u00e8, est d\u00e9c\u00e9d\u00e9 ce vendredi 8 novembre 2024 en fin de matin\u00e9e, \u00e0 l&rsquo;\u00e2ge de 81 ans, a inform\u00e9 l&rsquo;Agence d&rsquo;Information du Burkina (AIB) de sources concordantes.<\/p>\n<p class=\"p1\"><span class=\"s2\">Reconnu pour sa contribution au domaine juridique et pour sa d\u00e9fense infatigable des droits humains, Me Pac\u00e9r\u00e9 \u00e9tait une personnalit\u00e9 respect\u00e9e et une source d&rsquo;inspiration dans le milieu judiciaire et culturel du Burkina Faso. Outre sa carri\u00e8re d&rsquo;avocat, il s&rsquo;\u00e9tait \u00e9galement illustr\u00e9 comme \u00e9crivain, po\u00e8te, et ambassadeur de la culture burkinab\u00e8, promouvant \u00e0 la fois le patrimoine et l&rsquo;identit\u00e9 culturelle du pays \u00e0 travers ses \u0153uvres.<\/span><\/p>\n<p class=\"p1\"><span class=\"s2\">Sa disparition laisse un grand vide dans le paysage culturel et juridique du Burkina Faso. De nombreux Burkinab\u00e8 se souviennent de lui non seulement comme un avocat de renom mais aussi comme un \u00e9rudit profond\u00e9ment attach\u00e9 aux valeurs et aux traditions de son pays.<\/span><\/p>\n<p class=\"p1\"><span class=\"s2\">Les d\u00e9tails des fun\u00e9railles de Me Fr\u00e9d\u00e9ric Titinga Pac\u00e9r\u00e9 seront communiqu\u00e9s ult\u00e9rieurement.<\/span><\/p>\n","protected":false},"excerpt":{"rendered":"<p>Le Burkina Faso est en deuil. Me Fr\u00e9d\u00e9ric Titinga Pac\u00e9r\u00e9, doyen des avocats et figure<\/p>\n","protected":false},"author":2,"featured_media":816,"comment_status":"open","ping_status":"open","sticky":false,"template":"","format":"standard","meta":{"_et_pb_use_builder":"","_et_pb_old_content":"","_et_gb_content_width":"","footnotes":""},"categories":[13],"tags":[18,65,419,26],"class_list":["post-815","post","type-post","status-publish","format-standard","has-post-thumbnail","hentry","category-culture","tag-burkina-faso","tag-culture","tag-droit","tag-litterature"],"yoast_head":"<!-- This site is optimized with the Yoast SEO plugin v27.5 - https:\/\/yoast.com\/product\/yoast-seo-wordpress\/ -->\n<title>Burkina Faso : D\u00e9c\u00e8s de Me Fr\u00e9d\u00e9ric Titinga Pac\u00e9r\u00e9, doyen des avocats et \u00e9minent homme de culture - Vox Sahel<\/title>\n<meta name=\"robots\" content=\"index, follow, max-snippet:-1, max-image-preview:large, max-video-preview:-1\" \/>\n<link rel=\"canonical\" href=\"https:\/\/voxsahel.com\/?p=815\" \/>\n<meta property=\"og:locale\" content=\"fr_FR\" \/>\n<meta property=\"og:type\" content=\"article\" \/>\n<meta property=\"og:title\" content=\"Burkina Faso : D\u00e9c\u00e8s de Me Fr\u00e9d\u00e9ric Titinga Pac\u00e9r\u00e9, doyen des avocats et \u00e9minent homme de culture - Vox Sahel\" \/>\n<meta property=\"og:description\" content=\"Le Burkina Faso est en deuil. Me Fr\u00e9d\u00e9ric Titinga Pac\u00e9r\u00e9, doyen des avocats et figure\" \/>\n<meta property=\"og:url\" content=\"https:\/\/voxsahel.com\/?p=815\" \/>\n<meta property=\"og:site_name\" content=\"Vox Sahel\" \/>\n<meta property=\"article:publisher\" content=\"https:\/\/www.facebook.com\/journal.voxsahel\" \/>\n<meta property=\"article:published_time\" content=\"2024-11-08T14:19:15+00:00\" \/>\n<meta property=\"og:image\" content=\"https:\/\/voxsahel.com\/wp-content\/uploads\/2024\/11\/IMG_7145.jpeg\" \/>\n\t<meta property=\"og:image:width\" content=\"608\" \/>\n\t<meta property=\"og:image:height\" content=\"608\" \/>\n\t<meta property=\"og:image:type\" content=\"image\/jpeg\" \/>\n<meta name=\"author\" content=\"Vox Sahel\" \/>\n<meta name=\"twitter:card\" content=\"summary_large_image\" \/>\n<meta name=\"twitter:label1\" content=\"\u00c9crit par\" \/>\n\t<meta name=\"twitter:data1\" content=\"Vox Sahel\" \/>\n\t<meta name=\"twitter:label2\" content=\"Dur\u00e9e de lecture estim\u00e9e\" \/>\n\t<meta name=\"twitter:data2\" content=\"2 minutes\" \/>\n<script type=\"application\/ld+json\" class=\"yoast-schema-graph\">{\"@context\":\"https:\\\/\\\/schema.org\",\"@graph\":[{\"@type\":\"Article\",\"@id\":\"https:\\\/\\\/voxsahel.com\\\/?p=815#article\",\"isPartOf\":{\"@id\":\"https:\\\/\\\/voxsahel.com\\\/?p=815\"},\"author\":{\"name\":\"Vox Sahel\",\"@id\":\"https:\\\/\\\/voxsahel.com\\\/#\\\/schema\\\/person\\\/b4043608248f8fa227cd760e7ff1e19e\"},\"headline\":\"Burkina Faso : D\u00e9c\u00e8s de Me Fr\u00e9d\u00e9ric Titinga Pac\u00e9r\u00e9, doyen des avocats et \u00e9minent homme de culture\",\"datePublished\":\"2024-11-08T14:19:15+00:00\",\"mainEntityOfPage\":{\"@id\":\"https:\\\/\\\/voxsahel.com\\\/?p=815\"},\"wordCount\":209,\"commentCount\":0,\"publisher\":{\"@id\":\"https:\\\/\\\/voxsahel.com\\\/#organization\"},\"image\":{\"@id\":\"https:\\\/\\\/voxsahel.com\\\/?p=815#primaryimage\"},\"thumbnailUrl\":\"https:\\\/\\\/voxsahel.com\\\/wp-content\\\/uploads\\\/2024\\\/11\\\/IMG_7145.jpeg\",\"keywords\":[\"Burkina Faso\",\"Culture\",\"Droit\",\"Litt\u00e9rature\"],\"articleSection\":[\"CULTURE\"],\"inLanguage\":\"fr-FR\",\"potentialAction\":[{\"@type\":\"CommentAction\",\"name\":\"Comment\",\"target\":[\"https:\\\/\\\/voxsahel.com\\\/?p=815#respond\"]}]},{\"@type\":\"WebPage\",\"@id\":\"https:\\\/\\\/voxsahel.com\\\/?p=815\",\"url\":\"https:\\\/\\\/voxsahel.com\\\/?p=815\",\"name\":\"Burkina Faso : D\u00e9c\u00e8s de Me Fr\u00e9d\u00e9ric Titinga Pac\u00e9r\u00e9, doyen des avocats et \u00e9minent homme de culture - Vox Sahel\",\"isPartOf\":{\"@id\":\"https:\\\/\\\/voxsahel.com\\\/#website\"},\"primaryImageOfPage\":{\"@id\":\"https:\\\/\\\/voxsahel.com\\\/?p=815#primaryimage\"},\"image\":{\"@id\":\"https:\\\/\\\/voxsahel.com\\\/?p=815#primaryimage\"},\"thumbnailUrl\":\"https:\\\/\\\/voxsahel.com\\\/wp-content\\\/uploads\\\/2024\\\/11\\\/IMG_7145.jpeg\",\"datePublished\":\"2024-11-08T14:19:15+00:00\",\"breadcrumb\":{\"@id\":\"https:\\\/\\\/voxsahel.com\\\/?p=815#breadcrumb\"},\"inLanguage\":\"fr-FR\",\"potentialAction\":[{\"@type\":\"ReadAction\",\"target\":[\"https:\\\/\\\/voxsahel.com\\\/?p=815\"]}]},{\"@type\":\"ImageObject\",\"inLanguage\":\"fr-FR\",\"@id\":\"https:\\\/\\\/voxsahel.com\\\/?p=815#primaryimage\",\"url\":\"https:\\\/\\\/voxsahel.com\\\/wp-content\\\/uploads\\\/2024\\\/11\\\/IMG_7145.jpeg\",\"contentUrl\":\"https:\\\/\\\/voxsahel.com\\\/wp-content\\\/uploads\\\/2024\\\/11\\\/IMG_7145.jpeg\",\"width\":608,\"height\":608},{\"@type\":\"BreadcrumbList\",\"@id\":\"https:\\\/\\\/voxsahel.com\\\/?p=815#breadcrumb\",\"itemListElement\":[{\"@type\":\"ListItem\",\"position\":1,\"name\":\"Home\",\"item\":\"https:\\\/\\\/voxsahel.com\\\/\"},{\"@type\":\"ListItem\",\"position\":2,\"name\":\"Burkina Faso : D\u00e9c\u00e8s de Me Fr\u00e9d\u00e9ric Titinga Pac\u00e9r\u00e9, doyen des avocats et \u00e9minent homme de culture\"}]},{\"@type\":\"WebSite\",\"@id\":\"https:\\\/\\\/voxsahel.com\\\/#website\",\"url\":\"https:\\\/\\\/voxsahel.com\\\/\",\"name\":\"Vox Sahel\",\"description\":\"Informez-vous sur le Sahel en un clic\",\"publisher\":{\"@id\":\"https:\\\/\\\/voxsahel.com\\\/#organization\"},\"potentialAction\":[{\"@type\":\"SearchAction\",\"target\":{\"@type\":\"EntryPoint\",\"urlTemplate\":\"https:\\\/\\\/voxsahel.com\\\/?s={search_term_string}\"},\"query-input\":{\"@type\":\"PropertyValueSpecification\",\"valueRequired\":true,\"valueName\":\"search_term_string\"}}],\"inLanguage\":\"fr-FR\"},{\"@type\":\"Organization\",\"@id\":\"https:\\\/\\\/voxsahel.com\\\/#organization\",\"name\":\"Vox Sahel\",\"url\":\"https:\\\/\\\/voxsahel.com\\\/\",\"logo\":{\"@type\":\"ImageObject\",\"inLanguage\":\"fr-FR\",\"@id\":\"https:\\\/\\\/voxsahel.com\\\/#\\\/schema\\\/logo\\\/image\\\/\",\"url\":\"https:\\\/\\\/voxsahel.com\\\/wp-content\\\/uploads\\\/2024\\\/09\\\/Logo-Vox-Sahel.jpg\",\"contentUrl\":\"https:\\\/\\\/voxsahel.com\\\/wp-content\\\/uploads\\\/2024\\\/09\\\/Logo-Vox-Sahel.jpg\",\"width\":1181,\"height\":848,\"caption\":\"Vox Sahel\"},\"image\":{\"@id\":\"https:\\\/\\\/voxsahel.com\\\/#\\\/schema\\\/logo\\\/image\\\/\"},\"sameAs\":[\"https:\\\/\\\/www.facebook.com\\\/journal.voxsahel\"]},{\"@type\":\"Person\",\"@id\":\"https:\\\/\\\/voxsahel.com\\\/#\\\/schema\\\/person\\\/b4043608248f8fa227cd760e7ff1e19e\",\"name\":\"Vox Sahel\",\"image\":{\"@type\":\"ImageObject\",\"inLanguage\":\"fr-FR\",\"@id\":\"https:\\\/\\\/secure.gravatar.com\\\/avatar\\\/f70e7fa0cb9b29d4a7c5788d6eb2e9ab4d3135cbae1c9161810fdf77a8964699?s=96&d=mm&r=g\",\"url\":\"https:\\\/\\\/secure.gravatar.com\\\/avatar\\\/f70e7fa0cb9b29d4a7c5788d6eb2e9ab4d3135cbae1c9161810fdf77a8964699?s=96&d=mm&r=g\",\"contentUrl\":\"https:\\\/\\\/secure.gravatar.com\\\/avatar\\\/f70e7fa0cb9b29d4a7c5788d6eb2e9ab4d3135cbae1c9161810fdf77a8964699?s=96&d=mm&r=g\",\"caption\":\"Vox Sahel\"},\"sameAs\":[\"http:\\\/\\\/www.voxsahel.com\"],\"url\":\"https:\\\/\\\/voxsahel.com\\\/?author=2\"}]}<\/script>\n<!-- \/ Yoast SEO plugin. -->","yoast_head_json":{"title":"Burkina Faso : D\u00e9c\u00e8s de Me Fr\u00e9d\u00e9ric Titinga Pac\u00e9r\u00e9, doyen des avocats et \u00e9minent homme de culture - Vox Sahel","robots":{"index":"index","follow":"follow","max-snippet":"max-snippet:-1","max-image-preview":"max-image-preview:large","max-video-preview":"max-video-preview:-1"},"canonical":"https:\/\/voxsahel.com\/?p=815","og_locale":"fr_FR","og_type":"article","og_title":"Burkina Faso : D\u00e9c\u00e8s de Me Fr\u00e9d\u00e9ric Titinga Pac\u00e9r\u00e9, doyen des avocats et \u00e9minent homme de culture - Vox Sahel","og_description":"Le Burkina Faso est en deuil. Me Fr\u00e9d\u00e9ric Titinga Pac\u00e9r\u00e9, doyen des avocats et figure","og_url":"https:\/\/voxsahel.com\/?p=815","og_site_name":"Vox Sahel","article_publisher":"https:\/\/www.facebook.com\/journal.voxsahel","article_published_time":"2024-11-08T14:19:15+00:00","og_image":[{"width":608,"height":608,"url":"https:\/\/voxsahel.com\/wp-content\/uploads\/2024\/11\/IMG_7145.jpeg","type":"image\/jpeg"}],"author":"Vox Sahel","twitter_card":"summary_large_image","twitter_misc":{"\u00c9crit par":"Vox Sahel","Dur\u00e9e de lecture estim\u00e9e":"2 minutes"},"schema":{"@context":"https:\/\/schema.org","@graph":[{"@type":"Article","@id":"https:\/\/voxsahel.com\/?p=815#article","isPartOf":{"@id":"https:\/\/voxsahel.com\/?p=815"},"author":{"name":"Vox Sahel","@id":"https:\/\/voxsahel.com\/#\/schema\/person\/b4043608248f8fa227cd760e7ff1e19e"},"headline":"Burkina Faso : D\u00e9c\u00e8s de Me Fr\u00e9d\u00e9ric Titinga Pac\u00e9r\u00e9, doyen des avocats et \u00e9minent homme de culture","datePublished":"2024-11-08T14:19:15+00:00","mainEntityOfPage":{"@id":"https:\/\/voxsahel.com\/?p=815"},"wordCount":209,"commentCount":0,"publisher":{"@id":"https:\/\/voxsahel.com\/#organization"},"image":{"@id":"https:\/\/voxsahel.com\/?p=815#primaryimage"},"thumbnailUrl":"https:\/\/voxsahel.com\/wp-content\/uploads\/2024\/11\/IMG_7145.jpeg","keywords":["Burkina Faso","Culture","Droit","Litt\u00e9rature"],"articleSection":["CULTURE"],"inLanguage":"fr-FR","potentialAction":[{"@type":"CommentAction","name":"Comment","target":["https:\/\/voxsahel.com\/?p=815#respond"]}]},{"@type":"WebPage","@id":"https:\/\/voxsahel.com\/?p=815","url":"https:\/\/voxsahel.com\/?p=815","name":"Burkina Faso : D\u00e9c\u00e8s de Me Fr\u00e9d\u00e9ric Titinga Pac\u00e9r\u00e9, doyen des avocats et \u00e9minent homme de culture - Vox Sahel","isPartOf":{"@id":"https:\/\/voxsahel.com\/#website"},"primaryImageOfPage":{"@id":"https:\/\/voxsahel.com\/?p=815#primaryimage"},"image":{"@id":"https:\/\/voxsahel.com\/?p=815#primaryimage"},"thumbnailUrl":"https:\/\/voxsahel.com\/wp-content\/uploads\/2024\/11\/IMG_7145.jpeg","datePublished":"2024-11-08T14:19:15+00:00","breadcrumb":{"@id":"https:\/\/voxsahel.com\/?p=815#breadcrumb"},"inLanguage":"fr-FR","potentialAction":[{"@type":"ReadAction","target":["https:\/\/voxsahel.com\/?p=815"]}]},{"@type":"ImageObject","inLanguage":"fr-FR","@id":"https:\/\/voxsahel.com\/?p=815#primaryimage","url":"https:\/\/voxsahel.com\/wp-content\/uploads\/2024\/11\/IMG_7145.jpeg","contentUrl":"https:\/\/voxsahel.com\/wp-content\/uploads\/2024\/11\/IMG_7145.jpeg","width":608,"height":608},{"@type":"BreadcrumbList","@id":"https:\/\/voxsahel.com\/?p=815#breadcrumb","itemListElement":[{"@type":"ListItem","position":1,"name":"Home","item":"https:\/\/voxsahel.com\/"},{"@type":"ListItem","position":2,"name":"Burkina Faso : D\u00e9c\u00e8s de Me Fr\u00e9d\u00e9ric Titinga Pac\u00e9r\u00e9, doyen des avocats et \u00e9minent homme de culture"}]},{"@type":"WebSite","@id":"https:\/\/voxsahel.com\/#website","url":"https:\/\/voxsahel.com\/","name":"Vox Sahel","description":"Informez-vous sur le Sahel en un clic","publisher":{"@id":"https:\/\/voxsahel.com\/#organization"},"potentialAction":[{"@type":"SearchAction","target":{"@type":"EntryPoint","urlTemplate":"https:\/\/voxsahel.com\/?s={search_term_string}"},"query-input":{"@type":"PropertyValueSpecification","valueRequired":true,"valueName":"search_term_string"}}],"inLanguage":"fr-FR"},{"@type":"Organization","@id":"https:\/\/voxsahel.com\/#organization","name":"Vox Sahel","url":"https:\/\/voxsahel.com\/","logo":{"@type":"ImageObject","inLanguage":"fr-FR","@id":"https:\/\/voxsahel.com\/#\/schema\/logo\/image\/","url":"https:\/\/voxsahel.com\/wp-content\/uploads\/2024\/09\/Logo-Vox-Sahel.jpg","contentUrl":"https:\/\/voxsahel.com\/wp-content\/uploads\/2024\/09\/Logo-Vox-Sahel.jpg","width":1181,"height":848,"caption":"Vox Sahel"},"image":{"@id":"https:\/\/voxsahel.com\/#\/schema\/logo\/image\/"},"sameAs":["https:\/\/www.facebook.com\/journal.voxsahel"]},{"@type":"Person","@id":"https:\/\/voxsahel.com\/#\/schema\/person\/b4043608248f8fa227cd760e7ff1e19e","name":"Vox Sahel","image":{"@type":"ImageObject","inLanguage":"fr-FR","@id":"https:\/\/secure.gravatar.com\/avatar\/f70e7fa0cb9b29d4a7c5788d6eb2e9ab4d3135cbae1c9161810fdf77a8964699?s=96&d=mm&r=g","url":"https:\/\/secure.gravatar.com\/avatar\/f70e7fa0cb9b29d4a7c5788d6eb2e9ab4d3135cbae1c9161810fdf77a8964699?s=96&d=mm&r=g","contentUrl":"https:\/\/secure.gravatar.com\/avatar\/f70e7fa0cb9b29d4a7c5788d6eb2e9ab4d3135cbae1c9161810fdf77a8964699?s=96&d=mm&r=g","caption":"Vox Sahel"},"sameAs":["http:\/\/www.voxsahel.com"],"url":"https:\/\/voxsahel.com\/?author=2"}]}},"_links":{"self":[{"href":"https:\/\/voxsahel.com\/index.php?rest_route=\/wp\/v2\/posts\/815","targetHints":{"allow":["GET"]}}],"collection":[{"href":"https:\/\/voxsahel.com\/index.php?rest_route=\/wp\/v2\/posts"}],"about":[{"href":"https:\/\/voxsahel.com\/index.php?rest_route=\/wp\/v2\/types\/post"}],"author":[{"embeddable":true,"href":"https:\/\/voxsahel.com\/index.php?rest_route=\/wp\/v2\/users\/2"}],"replies":[{"embeddable":true,"href":"https:\/\/voxsahel.com\/index.php?rest_route=%2Fwp%2Fv2%2Fcomments&post=815"}],"version-history":[{"count":1,"href":"https:\/\/voxsahel.com\/index.php?rest_route=\/wp\/v2\/posts\/815\/revisions"}],"predecessor-version":[{"id":817,"href":"https:\/\/voxsahel.com\/index.php?rest_route=\/wp\/v2\/posts\/815\/revisions\/817"}],"wp:featuredmedia":[{"embeddable":true,"href":"https:\/\/voxsahel.com\/index.php?rest_route=\/wp\/v2\/media\/816"}],"wp:attachment":[{"href":"https:\/\/voxsahel.com\/index.php?rest_route=%2Fwp%2Fv2%2Fmedia&parent=815"}],"wp:term":[{"taxonomy":"category","embeddable":true,"href":"https:\/\/voxsahel.com\/index.php?rest_route=%2Fwp%2Fv2%2Fcategories&post=815"},{"taxonomy":"post_tag","embeddable":true,"href":"https:\/\/voxsahel.com\/index.php?rest_route=%2Fwp%2Fv2%2Ftags&post=815"}],"curies":[{"name":"wp","href":"https:\/\/api.w.org\/{rel}","templated":true}]}}