{"id":797,"date":"2024-11-06T14:46:03","date_gmt":"2024-11-06T14:46:03","guid":{"rendered":"https:\/\/voxsahel.com\/?p=797"},"modified":"2024-11-06T14:46:03","modified_gmt":"2024-11-06T14:46:03","slug":"6e-edition-de-la-rentree-du-droit-dauteur-kaya-sera-la-capitale-du-droit-dauteur-du-5-au-7-decembre-2024","status":"publish","type":"post","link":"https:\/\/voxsahel.com\/?p=797","title":{"rendered":"6e \u00e9dition de la Rentr\u00e9e du Droit d&rsquo;Auteur : Kaya sera la capitale du droit d\u2019auteur du 5 au 7 d\u00e9cembre 2024"},"content":{"rendered":"<p class=\"p1\"><span class=\"s2\">Le Bureau Burkinab\u00e9 du Droit d&rsquo;Auteur (BBDA) a confirm\u00e9 l&rsquo;organisation de la sixi\u00e8me \u00e9dition de la Rentr\u00e9e du Droit d&rsquo;Auteur (RDA) dans la ville de Kaya, situ\u00e9e dans la r\u00e9gion du Centre-Nord, du 5 au 7 d\u00e9cembre 2024.<\/span><\/p>\n<p class=\"p1\"><span class=\"s2\">Cette d\u00e9cision a re\u00e7u l&rsquo;appui enthousiaste des autorit\u00e9s locales et des acteurs r\u00e9gionaux, qui ont exprim\u00e9 leur volont\u00e9 de participer activement \u00e0 la r\u00e9ussite de cet \u00e9v\u00e9nement annuel important pour le secteur culturel. Moussa Zamtako, Pr\u00e9sident de la D\u00e9l\u00e9gation Consulaire R\u00e9gionale du Centre-Nord, a affirm\u00e9 cet engagement en d\u00e9clar\u00e9 : <\/span><span class=\"s3\">\u00ab Nous allons vous accompagner et aider \u00e0 la mobilisation des forces vives de la r\u00e9gion \u00bb<\/span><span class=\"s2\"> , lors de sa rencontre avec le Directeur G\u00e9n\u00e9ral du BBDA, Dr Hamed dit Patindeba Patric L\u00e9ga, qui se tenait ce mercredi 6 novembre \u00e0 Kaya.<\/span><\/p>\n<p class=\"p1\"><span class=\"s2\">En s\u00e9lectionnant Kaya comme lieu d&rsquo;accueil de l&rsquo;\u00e9dition 2024 de la RDA, le BBDA souhaite mettre en lumi\u00e8re la vitalit\u00e9 culturelle de cette r\u00e9gion et encourager la relance d&rsquo;activit\u00e9s sociales et \u00e9conomiques, dans un contexte o\u00f9 \u00ab la vie continue \u00bb, comme l&rsquo;a soulign\u00e9 M. Zamtako. Pour lui, cet \u00e9v\u00e9nement rev\u00eat une importance symbolique, permettant \u00e0 Kaya de rayonner et de d\u00e9montrer sa r\u00e9silience.<\/span><\/p>\n<p class=\"p1\"><span class=\"s2\">Dr. Hamed Patric L\u00e9ga, le Directeur G\u00e9n\u00e9ral du BBDA, s&rsquo;est d\u00e9clar\u00e9 satisfait des \u00e9changes et de l&rsquo;accueil re\u00e7us \u00e0 Kaya. <\/span><span class=\"s3\">\u00ab Nous pouvons dire que notre mission est accomplie. Avec l&rsquo;assurance que nous avons eu des autorit\u00e9s ici, nous sommes satisfaits \u00bb<\/span><span class=\"s2\"> , a-t-il affirm\u00e9. Gr\u00e2ce \u00e0 ce soutien local, le BBDA envisage de s&rsquo;atteler avec s\u00e9r\u00e9nit\u00e9 aux pr\u00e9paratifs de la RDA 2024, pour en faire un rendez-vous r\u00e9ussi et un espace de dialogue enrichissant pour tous les acteurs du droit d&rsquo;auteur.<\/span><\/p>\n<p class=\"p1\"><span class=\"s2\">Ce rassemblement annuel est une opportunit\u00e9 de promouvoir et de renforcer la sensibilisation aux droits des cr\u00e9ateurs et \u00e0 la protection de la propri\u00e9t\u00e9 intellectuelle. Cette \u00e9dition dans le Centre-Nord contribuera \u00e0 renforcer la place de Kaya sur la carte culturelle du Burkina Faso, d\u00e9montrer la r\u00e9silience et \u00e0 illustrer la d\u00e9termination collective \u00e0 faire vivre la culture dans toutes les r\u00e9gions du pays.<\/span><\/p>\n<p class=\"p1\" style=\"text-align: right;\"><span class=\"s2\"><b>Par Vox Sahel <\/b><\/span><\/p>\n","protected":false},"excerpt":{"rendered":"<p>Le Bureau Burkinab\u00e9 du Droit d&rsquo;Auteur (BBDA) a confirm\u00e9 l&rsquo;organisation de la sixi\u00e8me \u00e9dition de<\/p>\n","protected":false},"author":2,"featured_media":798,"comment_status":"open","ping_status":"open","sticky":false,"template":"","format":"standard","meta":{"_et_pb_use_builder":"","_et_pb_old_content":"","_et_gb_content_width":"","footnotes":""},"categories":[13],"tags":[68,357,144,18,65,412],"class_list":["post-797","post","type-post","status-publish","format-standard","has-post-thumbnail","hentry","category-culture","tag-artisanat","tag-arts","tag-bbda","tag-burkina-faso","tag-culture","tag-droit-dauteur"],"yoast_head":"<!-- This site is optimized with the Yoast SEO plugin v27.5 - https:\/\/yoast.com\/product\/yoast-seo-wordpress\/ -->\n<title>6e \u00e9dition de la Rentr\u00e9e du Droit d&#039;Auteur : Kaya sera la capitale du droit d\u2019auteur du 5 au 7 d\u00e9cembre 2024 - Vox Sahel<\/title>\n<meta name=\"robots\" content=\"index, follow, max-snippet:-1, max-image-preview:large, max-video-preview:-1\" \/>\n<link rel=\"canonical\" href=\"https:\/\/voxsahel.com\/?p=797\" \/>\n<meta property=\"og:locale\" content=\"fr_FR\" \/>\n<meta property=\"og:type\" content=\"article\" \/>\n<meta property=\"og:title\" content=\"6e \u00e9dition de la Rentr\u00e9e du Droit d&#039;Auteur : Kaya sera la capitale du droit d\u2019auteur du 5 au 7 d\u00e9cembre 2024 - Vox Sahel\" \/>\n<meta property=\"og:description\" content=\"Le Bureau Burkinab\u00e9 du Droit d&rsquo;Auteur (BBDA) a confirm\u00e9 l&rsquo;organisation de la sixi\u00e8me \u00e9dition de\" \/>\n<meta property=\"og:url\" content=\"https:\/\/voxsahel.com\/?p=797\" \/>\n<meta property=\"og:site_name\" content=\"Vox Sahel\" \/>\n<meta property=\"article:publisher\" content=\"https:\/\/www.facebook.com\/journal.voxsahel\" \/>\n<meta property=\"article:published_time\" content=\"2024-11-06T14:46:03+00:00\" \/>\n<meta property=\"og:image\" content=\"https:\/\/voxsahel.com\/wp-content\/uploads\/2024\/11\/IMG_6571.jpeg\" \/>\n\t<meta property=\"og:image:width\" content=\"1024\" \/>\n\t<meta property=\"og:image:height\" content=\"461\" \/>\n\t<meta property=\"og:image:type\" content=\"image\/jpeg\" \/>\n<meta name=\"author\" content=\"Vox Sahel\" \/>\n<meta name=\"twitter:card\" content=\"summary_large_image\" \/>\n<meta name=\"twitter:label1\" content=\"\u00c9crit par\" \/>\n\t<meta name=\"twitter:data1\" content=\"Vox Sahel\" \/>\n\t<meta name=\"twitter:label2\" content=\"Dur\u00e9e de lecture estim\u00e9e\" \/>\n\t<meta name=\"twitter:data2\" content=\"2 minutes\" \/>\n<script type=\"application\/ld+json\" class=\"yoast-schema-graph\">{\"@context\":\"https:\\\/\\\/schema.org\",\"@graph\":[{\"@type\":\"Article\",\"@id\":\"https:\\\/\\\/voxsahel.com\\\/?p=797#article\",\"isPartOf\":{\"@id\":\"https:\\\/\\\/voxsahel.com\\\/?p=797\"},\"author\":{\"name\":\"Vox Sahel\",\"@id\":\"https:\\\/\\\/voxsahel.com\\\/#\\\/schema\\\/person\\\/b4043608248f8fa227cd760e7ff1e19e\"},\"headline\":\"6e \u00e9dition de la Rentr\u00e9e du Droit d&rsquo;Auteur : Kaya sera la capitale du droit d\u2019auteur du 5 au 7 d\u00e9cembre 2024\",\"datePublished\":\"2024-11-06T14:46:03+00:00\",\"mainEntityOfPage\":{\"@id\":\"https:\\\/\\\/voxsahel.com\\\/?p=797\"},\"wordCount\":399,\"commentCount\":0,\"publisher\":{\"@id\":\"https:\\\/\\\/voxsahel.com\\\/#organization\"},\"image\":{\"@id\":\"https:\\\/\\\/voxsahel.com\\\/?p=797#primaryimage\"},\"thumbnailUrl\":\"https:\\\/\\\/voxsahel.com\\\/wp-content\\\/uploads\\\/2024\\\/11\\\/IMG_6571.jpeg\",\"keywords\":[\"Artisanat\",\"Arts\",\"BBDA\",\"Burkina Faso\",\"Culture\",\"Droit d\u2019auteur\"],\"articleSection\":[\"CULTURE\"],\"inLanguage\":\"fr-FR\",\"potentialAction\":[{\"@type\":\"CommentAction\",\"name\":\"Comment\",\"target\":[\"https:\\\/\\\/voxsahel.com\\\/?p=797#respond\"]}]},{\"@type\":\"WebPage\",\"@id\":\"https:\\\/\\\/voxsahel.com\\\/?p=797\",\"url\":\"https:\\\/\\\/voxsahel.com\\\/?p=797\",\"name\":\"6e \u00e9dition de la Rentr\u00e9e du Droit d'Auteur : Kaya sera la capitale du droit d\u2019auteur du 5 au 7 d\u00e9cembre 2024 - Vox Sahel\",\"isPartOf\":{\"@id\":\"https:\\\/\\\/voxsahel.com\\\/#website\"},\"primaryImageOfPage\":{\"@id\":\"https:\\\/\\\/voxsahel.com\\\/?p=797#primaryimage\"},\"image\":{\"@id\":\"https:\\\/\\\/voxsahel.com\\\/?p=797#primaryimage\"},\"thumbnailUrl\":\"https:\\\/\\\/voxsahel.com\\\/wp-content\\\/uploads\\\/2024\\\/11\\\/IMG_6571.jpeg\",\"datePublished\":\"2024-11-06T14:46:03+00:00\",\"breadcrumb\":{\"@id\":\"https:\\\/\\\/voxsahel.com\\\/?p=797#breadcrumb\"},\"inLanguage\":\"fr-FR\",\"potentialAction\":[{\"@type\":\"ReadAction\",\"target\":[\"https:\\\/\\\/voxsahel.com\\\/?p=797\"]}]},{\"@type\":\"ImageObject\",\"inLanguage\":\"fr-FR\",\"@id\":\"https:\\\/\\\/voxsahel.com\\\/?p=797#primaryimage\",\"url\":\"https:\\\/\\\/voxsahel.com\\\/wp-content\\\/uploads\\\/2024\\\/11\\\/IMG_6571.jpeg\",\"contentUrl\":\"https:\\\/\\\/voxsahel.com\\\/wp-content\\\/uploads\\\/2024\\\/11\\\/IMG_6571.jpeg\",\"width\":1024,\"height\":461},{\"@type\":\"BreadcrumbList\",\"@id\":\"https:\\\/\\\/voxsahel.com\\\/?p=797#breadcrumb\",\"itemListElement\":[{\"@type\":\"ListItem\",\"position\":1,\"name\":\"Home\",\"item\":\"https:\\\/\\\/voxsahel.com\\\/\"},{\"@type\":\"ListItem\",\"position\":2,\"name\":\"6e \u00e9dition de la Rentr\u00e9e du Droit d&rsquo;Auteur : Kaya sera la capitale du droit d\u2019auteur du 5 au 7 d\u00e9cembre 2024\"}]},{\"@type\":\"WebSite\",\"@id\":\"https:\\\/\\\/voxsahel.com\\\/#website\",\"url\":\"https:\\\/\\\/voxsahel.com\\\/\",\"name\":\"Vox Sahel\",\"description\":\"Informez-vous sur le Sahel en un clic\",\"publisher\":{\"@id\":\"https:\\\/\\\/voxsahel.com\\\/#organization\"},\"potentialAction\":[{\"@type\":\"SearchAction\",\"target\":{\"@type\":\"EntryPoint\",\"urlTemplate\":\"https:\\\/\\\/voxsahel.com\\\/?s={search_term_string}\"},\"query-input\":{\"@type\":\"PropertyValueSpecification\",\"valueRequired\":true,\"valueName\":\"search_term_string\"}}],\"inLanguage\":\"fr-FR\"},{\"@type\":\"Organization\",\"@id\":\"https:\\\/\\\/voxsahel.com\\\/#organization\",\"name\":\"Vox Sahel\",\"url\":\"https:\\\/\\\/voxsahel.com\\\/\",\"logo\":{\"@type\":\"ImageObject\",\"inLanguage\":\"fr-FR\",\"@id\":\"https:\\\/\\\/voxsahel.com\\\/#\\\/schema\\\/logo\\\/image\\\/\",\"url\":\"https:\\\/\\\/voxsahel.com\\\/wp-content\\\/uploads\\\/2024\\\/09\\\/Logo-Vox-Sahel.jpg\",\"contentUrl\":\"https:\\\/\\\/voxsahel.com\\\/wp-content\\\/uploads\\\/2024\\\/09\\\/Logo-Vox-Sahel.jpg\",\"width\":1181,\"height\":848,\"caption\":\"Vox Sahel\"},\"image\":{\"@id\":\"https:\\\/\\\/voxsahel.com\\\/#\\\/schema\\\/logo\\\/image\\\/\"},\"sameAs\":[\"https:\\\/\\\/www.facebook.com\\\/journal.voxsahel\"]},{\"@type\":\"Person\",\"@id\":\"https:\\\/\\\/voxsahel.com\\\/#\\\/schema\\\/person\\\/b4043608248f8fa227cd760e7ff1e19e\",\"name\":\"Vox Sahel\",\"image\":{\"@type\":\"ImageObject\",\"inLanguage\":\"fr-FR\",\"@id\":\"https:\\\/\\\/secure.gravatar.com\\\/avatar\\\/f70e7fa0cb9b29d4a7c5788d6eb2e9ab4d3135cbae1c9161810fdf77a8964699?s=96&d=mm&r=g\",\"url\":\"https:\\\/\\\/secure.gravatar.com\\\/avatar\\\/f70e7fa0cb9b29d4a7c5788d6eb2e9ab4d3135cbae1c9161810fdf77a8964699?s=96&d=mm&r=g\",\"contentUrl\":\"https:\\\/\\\/secure.gravatar.com\\\/avatar\\\/f70e7fa0cb9b29d4a7c5788d6eb2e9ab4d3135cbae1c9161810fdf77a8964699?s=96&d=mm&r=g\",\"caption\":\"Vox Sahel\"},\"sameAs\":[\"http:\\\/\\\/www.voxsahel.com\"],\"url\":\"https:\\\/\\\/voxsahel.com\\\/?author=2\"}]}<\/script>\n<!-- \/ Yoast SEO plugin. -->","yoast_head_json":{"title":"6e \u00e9dition de la Rentr\u00e9e du Droit d'Auteur : Kaya sera la capitale du droit d\u2019auteur du 5 au 7 d\u00e9cembre 2024 - Vox Sahel","robots":{"index":"index","follow":"follow","max-snippet":"max-snippet:-1","max-image-preview":"max-image-preview:large","max-video-preview":"max-video-preview:-1"},"canonical":"https:\/\/voxsahel.com\/?p=797","og_locale":"fr_FR","og_type":"article","og_title":"6e \u00e9dition de la Rentr\u00e9e du Droit d'Auteur : Kaya sera la capitale du droit d\u2019auteur du 5 au 7 d\u00e9cembre 2024 - Vox Sahel","og_description":"Le Bureau Burkinab\u00e9 du Droit d&rsquo;Auteur (BBDA) a confirm\u00e9 l&rsquo;organisation de la sixi\u00e8me \u00e9dition de","og_url":"https:\/\/voxsahel.com\/?p=797","og_site_name":"Vox Sahel","article_publisher":"https:\/\/www.facebook.com\/journal.voxsahel","article_published_time":"2024-11-06T14:46:03+00:00","og_image":[{"width":1024,"height":461,"url":"https:\/\/voxsahel.com\/wp-content\/uploads\/2024\/11\/IMG_6571.jpeg","type":"image\/jpeg"}],"author":"Vox Sahel","twitter_card":"summary_large_image","twitter_misc":{"\u00c9crit par":"Vox Sahel","Dur\u00e9e de lecture estim\u00e9e":"2 minutes"},"schema":{"@context":"https:\/\/schema.org","@graph":[{"@type":"Article","@id":"https:\/\/voxsahel.com\/?p=797#article","isPartOf":{"@id":"https:\/\/voxsahel.com\/?p=797"},"author":{"name":"Vox Sahel","@id":"https:\/\/voxsahel.com\/#\/schema\/person\/b4043608248f8fa227cd760e7ff1e19e"},"headline":"6e \u00e9dition de la Rentr\u00e9e du Droit d&rsquo;Auteur : Kaya sera la capitale du droit d\u2019auteur du 5 au 7 d\u00e9cembre 2024","datePublished":"2024-11-06T14:46:03+00:00","mainEntityOfPage":{"@id":"https:\/\/voxsahel.com\/?p=797"},"wordCount":399,"commentCount":0,"publisher":{"@id":"https:\/\/voxsahel.com\/#organization"},"image":{"@id":"https:\/\/voxsahel.com\/?p=797#primaryimage"},"thumbnailUrl":"https:\/\/voxsahel.com\/wp-content\/uploads\/2024\/11\/IMG_6571.jpeg","keywords":["Artisanat","Arts","BBDA","Burkina Faso","Culture","Droit d\u2019auteur"],"articleSection":["CULTURE"],"inLanguage":"fr-FR","potentialAction":[{"@type":"CommentAction","name":"Comment","target":["https:\/\/voxsahel.com\/?p=797#respond"]}]},{"@type":"WebPage","@id":"https:\/\/voxsahel.com\/?p=797","url":"https:\/\/voxsahel.com\/?p=797","name":"6e \u00e9dition de la Rentr\u00e9e du Droit d'Auteur : Kaya sera la capitale du droit d\u2019auteur du 5 au 7 d\u00e9cembre 2024 - Vox Sahel","isPartOf":{"@id":"https:\/\/voxsahel.com\/#website"},"primaryImageOfPage":{"@id":"https:\/\/voxsahel.com\/?p=797#primaryimage"},"image":{"@id":"https:\/\/voxsahel.com\/?p=797#primaryimage"},"thumbnailUrl":"https:\/\/voxsahel.com\/wp-content\/uploads\/2024\/11\/IMG_6571.jpeg","datePublished":"2024-11-06T14:46:03+00:00","breadcrumb":{"@id":"https:\/\/voxsahel.com\/?p=797#breadcrumb"},"inLanguage":"fr-FR","potentialAction":[{"@type":"ReadAction","target":["https:\/\/voxsahel.com\/?p=797"]}]},{"@type":"ImageObject","inLanguage":"fr-FR","@id":"https:\/\/voxsahel.com\/?p=797#primaryimage","url":"https:\/\/voxsahel.com\/wp-content\/uploads\/2024\/11\/IMG_6571.jpeg","contentUrl":"https:\/\/voxsahel.com\/wp-content\/uploads\/2024\/11\/IMG_6571.jpeg","width":1024,"height":461},{"@type":"BreadcrumbList","@id":"https:\/\/voxsahel.com\/?p=797#breadcrumb","itemListElement":[{"@type":"ListItem","position":1,"name":"Home","item":"https:\/\/voxsahel.com\/"},{"@type":"ListItem","position":2,"name":"6e \u00e9dition de la Rentr\u00e9e du Droit d&rsquo;Auteur : Kaya sera la capitale du droit d\u2019auteur du 5 au 7 d\u00e9cembre 2024"}]},{"@type":"WebSite","@id":"https:\/\/voxsahel.com\/#website","url":"https:\/\/voxsahel.com\/","name":"Vox Sahel","description":"Informez-vous sur le Sahel en un clic","publisher":{"@id":"https:\/\/voxsahel.com\/#organization"},"potentialAction":[{"@type":"SearchAction","target":{"@type":"EntryPoint","urlTemplate":"https:\/\/voxsahel.com\/?s={search_term_string}"},"query-input":{"@type":"PropertyValueSpecification","valueRequired":true,"valueName":"search_term_string"}}],"inLanguage":"fr-FR"},{"@type":"Organization","@id":"https:\/\/voxsahel.com\/#organization","name":"Vox Sahel","url":"https:\/\/voxsahel.com\/","logo":{"@type":"ImageObject","inLanguage":"fr-FR","@id":"https:\/\/voxsahel.com\/#\/schema\/logo\/image\/","url":"https:\/\/voxsahel.com\/wp-content\/uploads\/2024\/09\/Logo-Vox-Sahel.jpg","contentUrl":"https:\/\/voxsahel.com\/wp-content\/uploads\/2024\/09\/Logo-Vox-Sahel.jpg","width":1181,"height":848,"caption":"Vox Sahel"},"image":{"@id":"https:\/\/voxsahel.com\/#\/schema\/logo\/image\/"},"sameAs":["https:\/\/www.facebook.com\/journal.voxsahel"]},{"@type":"Person","@id":"https:\/\/voxsahel.com\/#\/schema\/person\/b4043608248f8fa227cd760e7ff1e19e","name":"Vox Sahel","image":{"@type":"ImageObject","inLanguage":"fr-FR","@id":"https:\/\/secure.gravatar.com\/avatar\/f70e7fa0cb9b29d4a7c5788d6eb2e9ab4d3135cbae1c9161810fdf77a8964699?s=96&d=mm&r=g","url":"https:\/\/secure.gravatar.com\/avatar\/f70e7fa0cb9b29d4a7c5788d6eb2e9ab4d3135cbae1c9161810fdf77a8964699?s=96&d=mm&r=g","contentUrl":"https:\/\/secure.gravatar.com\/avatar\/f70e7fa0cb9b29d4a7c5788d6eb2e9ab4d3135cbae1c9161810fdf77a8964699?s=96&d=mm&r=g","caption":"Vox Sahel"},"sameAs":["http:\/\/www.voxsahel.com"],"url":"https:\/\/voxsahel.com\/?author=2"}]}},"_links":{"self":[{"href":"https:\/\/voxsahel.com\/index.php?rest_route=\/wp\/v2\/posts\/797","targetHints":{"allow":["GET"]}}],"collection":[{"href":"https:\/\/voxsahel.com\/index.php?rest_route=\/wp\/v2\/posts"}],"about":[{"href":"https:\/\/voxsahel.com\/index.php?rest_route=\/wp\/v2\/types\/post"}],"author":[{"embeddable":true,"href":"https:\/\/voxsahel.com\/index.php?rest_route=\/wp\/v2\/users\/2"}],"replies":[{"embeddable":true,"href":"https:\/\/voxsahel.com\/index.php?rest_route=%2Fwp%2Fv2%2Fcomments&post=797"}],"version-history":[{"count":1,"href":"https:\/\/voxsahel.com\/index.php?rest_route=\/wp\/v2\/posts\/797\/revisions"}],"predecessor-version":[{"id":799,"href":"https:\/\/voxsahel.com\/index.php?rest_route=\/wp\/v2\/posts\/797\/revisions\/799"}],"wp:featuredmedia":[{"embeddable":true,"href":"https:\/\/voxsahel.com\/index.php?rest_route=\/wp\/v2\/media\/798"}],"wp:attachment":[{"href":"https:\/\/voxsahel.com\/index.php?rest_route=%2Fwp%2Fv2%2Fmedia&parent=797"}],"wp:term":[{"taxonomy":"category","embeddable":true,"href":"https:\/\/voxsahel.com\/index.php?rest_route=%2Fwp%2Fv2%2Fcategories&post=797"},{"taxonomy":"post_tag","embeddable":true,"href":"https:\/\/voxsahel.com\/index.php?rest_route=%2Fwp%2Fv2%2Ftags&post=797"}],"curies":[{"name":"wp","href":"https:\/\/api.w.org\/{rel}","templated":true}]}}