{"id":791,"date":"2024-11-06T08:16:11","date_gmt":"2024-11-06T08:16:11","guid":{"rendered":"https:\/\/voxsahel.com\/?p=791"},"modified":"2024-11-06T08:16:11","modified_gmt":"2024-11-06T08:16:11","slug":"burkina-industrie-alain-sankara-officiellement-installe-a-la-tete-de-la-societe-nouvelle-brasserie-du-faso","status":"publish","type":"post","link":"https:\/\/voxsahel.com\/?p=791","title":{"rendered":"Burkina\/ Industrie : Alain Sankara officiellement install\u00e9 \u00e0 la t\u00eate de la Soci\u00e9t\u00e9 Nouvelle-Brasserie du Faso"},"content":{"rendered":"<p class=\"p1\"><span class=\"s2\">Nomm\u00e9 en Conseil des Ministres lors de la s\u00e9ance du 30 octobre 2024, M. Alain Sankara a pris ses fonctions de Directeur G\u00e9n\u00e9ral de la Soci\u00e9t\u00e9 Nouvelle-Brasserie du Faso (SN-BRAFASO). La c\u00e9r\u00e9monie d&rsquo;installation, tenue ce mardi 5 novembre \u00e0 Ouagadougou, a \u00e9t\u00e9 pr\u00e9sid\u00e9e par M. Oumarou Barro, Secr\u00e9taire G\u00e9n\u00e9ral du Minist\u00e8re de l&rsquo;Industrie, du Commerce et de l&rsquo;Artisanat.<\/span><\/p>\n<p class=\"p1\"><span class=\"s2\">Dans son allocution, M. Alain Sankara a exprim\u00e9 sa gratitude envers les hautes autorit\u00e9s du pays, et particuli\u00e8rement envers le Ministre de l&rsquo;Industrie, du Commerce et de l&rsquo;Artisanat, M. Serge Gnaniodem Poda, pour la confiance plac\u00e9e en lui. Il a \u00e9galement profit\u00e9 de l&rsquo;occasion pour adresser un message de mobilisation \u00e0 l&rsquo;ensemble du personnel, soulignant l&rsquo;importance de l&rsquo;engagement et du professionnalisme pour mener \u00e0 bien les missions de la soci\u00e9t\u00e9.<\/span><\/p>\n<p class=\"p1\"><span class=\"s2\">Le nouveau Directeur G\u00e9n\u00e9ral s&rsquo;est engag\u00e9 \u00e0 relever les d\u00e9fis de l&rsquo;entreprise avec rigueur et dynamisme, en promouvant une culture de discipline et de synergie d&rsquo;action. \u00ab Cette nomination est un honneur et une responsabilit\u00e9. Je compte sur chaque employ\u00e9 pour nous unir autour d&rsquo;un m\u00eame objectif : faire de la SN-BRAFASO une r\u00e9f\u00e9rence dans l&rsquo;industrie de la brasserie au Faso \u00bb, a d\u00e9clar\u00e9 M. Sankara.<\/span><\/p>\n<p class=\"p1\"><span class=\"s2\">Le Secr\u00e9taire G\u00e9n\u00e9ral, M. Barro, a quant \u00e0 lui r\u00e9affirm\u00e9 l&rsquo;engagement du Minist\u00e8re de l&rsquo;Industrie \u00e0 soutenir la SN-BRAFASO dans ses initiatives. Il a encourag\u00e9 M. Sankara \u00e0 faire preuve de rigueur dans l&rsquo;atteinte des objectifs strat\u00e9giques qui lui ont \u00e9t\u00e9 confi\u00e9s, tout en soulignant le soutien ind\u00e9fectible du d\u00e9partement.<\/span><\/p>\n<p class=\"p1\"><span class=\"s2\">La SN-BRAFASO, fond\u00e9e dans le cadre de la refondation de l&rsquo;\u00c9tat et de la politique gouvernementale de contr\u00f4le des secteurs strat\u00e9giques, dispose d&rsquo;un capital de 6 milliards de francs CFA, d\u00e9tenu \u00e0 hauteur de 70 % par l&rsquo;\u00c9tat et de 30 % par le secteur priv\u00e9. Ce partenariat public-priv\u00e9 vise \u00e0 revitaliser l&rsquo;industrie de la brasserie au Burkina Faso, en succ\u00e9dant \u00e0 l&rsquo;ancienne entit\u00e9 BRAFASO, avec l&rsquo;ambition de stimuler l&rsquo;\u00e9conomie et de cr\u00e9er de nouvelles opportunit\u00e9s pour les acteurs locaux du secteur.<\/span><\/p>\n<p class=\"p1\"><span class=\"s2\">Avec la prise de fonction de M. Sankara, la SN-BRAFASO entend renforcer son positionnement et contribuer significativement \u00e0 l&rsquo;industrie nationale. Les \u00e9tapes suivantes pour cette entreprise d&rsquo;\u00e9conomie mixte s&rsquo;annoncent cruciales pour son avenir et son r\u00f4le dans le paysage industriel burkinab\u00e8.<\/span><\/p>\n<p style=\"text-align: right;\"><strong>Par Vox Sahel<\/strong><\/p>\n","protected":false},"excerpt":{"rendered":"<p>Nomm\u00e9 en Conseil des Ministres lors de la s\u00e9ance du 30 octobre 2024, M. Alain<\/p>\n","protected":false},"author":2,"featured_media":792,"comment_status":"open","ping_status":"open","sticky":false,"template":"","format":"standard","meta":{"_et_pb_use_builder":"","_et_pb_old_content":"","_et_gb_content_width":"","footnotes":""},"categories":[8],"tags":[18,385,70,189,386],"class_list":["post-791","post","type-post","status-publish","format-standard","has-post-thumbnail","hentry","category-developpement","tag-burkina-faso","tag-groupement-professionnel-des-industriels","tag-industrie","tag-organisation-des-nations-unies-pour-le-developpement-industriel","tag-sn-brafaso"],"yoast_head":"<!-- This site is optimized with the Yoast SEO plugin v27.5 - https:\/\/yoast.com\/product\/yoast-seo-wordpress\/ -->\n<title>Burkina\/ Industrie : Alain Sankara officiellement install\u00e9 \u00e0 la t\u00eate de la Soci\u00e9t\u00e9 Nouvelle-Brasserie du Faso - Vox Sahel<\/title>\n<meta name=\"robots\" content=\"index, follow, max-snippet:-1, max-image-preview:large, max-video-preview:-1\" \/>\n<link rel=\"canonical\" href=\"https:\/\/voxsahel.com\/?p=791\" \/>\n<meta property=\"og:locale\" content=\"fr_FR\" \/>\n<meta property=\"og:type\" content=\"article\" \/>\n<meta property=\"og:title\" content=\"Burkina\/ Industrie : Alain Sankara officiellement install\u00e9 \u00e0 la t\u00eate de la Soci\u00e9t\u00e9 Nouvelle-Brasserie du Faso - Vox Sahel\" \/>\n<meta property=\"og:description\" content=\"Nomm\u00e9 en Conseil des Ministres lors de la s\u00e9ance du 30 octobre 2024, M. Alain\" \/>\n<meta property=\"og:url\" content=\"https:\/\/voxsahel.com\/?p=791\" \/>\n<meta property=\"og:site_name\" content=\"Vox Sahel\" \/>\n<meta property=\"article:publisher\" content=\"https:\/\/www.facebook.com\/journal.voxsahel\" \/>\n<meta property=\"article:published_time\" content=\"2024-11-06T08:16:11+00:00\" \/>\n<meta property=\"og:image\" content=\"https:\/\/voxsahel.com\/wp-content\/uploads\/2024\/11\/IMG_6458.jpeg\" \/>\n\t<meta property=\"og:image:width\" content=\"1080\" \/>\n\t<meta property=\"og:image:height\" content=\"720\" \/>\n\t<meta property=\"og:image:type\" content=\"image\/jpeg\" \/>\n<meta name=\"author\" content=\"Vox Sahel\" \/>\n<meta name=\"twitter:card\" content=\"summary_large_image\" \/>\n<meta name=\"twitter:label1\" content=\"\u00c9crit par\" \/>\n\t<meta name=\"twitter:data1\" content=\"Vox Sahel\" \/>\n\t<meta name=\"twitter:label2\" content=\"Dur\u00e9e de lecture estim\u00e9e\" \/>\n\t<meta name=\"twitter:data2\" content=\"3 minutes\" \/>\n<script type=\"application\/ld+json\" class=\"yoast-schema-graph\">{\"@context\":\"https:\\\/\\\/schema.org\",\"@graph\":[{\"@type\":\"Article\",\"@id\":\"https:\\\/\\\/voxsahel.com\\\/?p=791#article\",\"isPartOf\":{\"@id\":\"https:\\\/\\\/voxsahel.com\\\/?p=791\"},\"author\":{\"name\":\"Vox Sahel\",\"@id\":\"https:\\\/\\\/voxsahel.com\\\/#\\\/schema\\\/person\\\/b4043608248f8fa227cd760e7ff1e19e\"},\"headline\":\"Burkina\\\/ Industrie : Alain Sankara officiellement install\u00e9 \u00e0 la t\u00eate de la Soci\u00e9t\u00e9 Nouvelle-Brasserie du Faso\",\"datePublished\":\"2024-11-06T08:16:11+00:00\",\"mainEntityOfPage\":{\"@id\":\"https:\\\/\\\/voxsahel.com\\\/?p=791\"},\"wordCount\":431,\"commentCount\":0,\"publisher\":{\"@id\":\"https:\\\/\\\/voxsahel.com\\\/#organization\"},\"image\":{\"@id\":\"https:\\\/\\\/voxsahel.com\\\/?p=791#primaryimage\"},\"thumbnailUrl\":\"https:\\\/\\\/voxsahel.com\\\/wp-content\\\/uploads\\\/2024\\\/11\\\/IMG_6458.jpeg\",\"keywords\":[\"Burkina Faso\",\"Groupement professionnel des industriels\",\"Industrie\",\"Organisation des Nations unies pour le D\u00e9veloppement Industriel\",\"SN-BRAFASO\"],\"articleSection\":[\"DEVELOPPEMENT\"],\"inLanguage\":\"fr-FR\",\"potentialAction\":[{\"@type\":\"CommentAction\",\"name\":\"Comment\",\"target\":[\"https:\\\/\\\/voxsahel.com\\\/?p=791#respond\"]}]},{\"@type\":\"WebPage\",\"@id\":\"https:\\\/\\\/voxsahel.com\\\/?p=791\",\"url\":\"https:\\\/\\\/voxsahel.com\\\/?p=791\",\"name\":\"Burkina\\\/ Industrie : Alain Sankara officiellement install\u00e9 \u00e0 la t\u00eate de la Soci\u00e9t\u00e9 Nouvelle-Brasserie du Faso - Vox Sahel\",\"isPartOf\":{\"@id\":\"https:\\\/\\\/voxsahel.com\\\/#website\"},\"primaryImageOfPage\":{\"@id\":\"https:\\\/\\\/voxsahel.com\\\/?p=791#primaryimage\"},\"image\":{\"@id\":\"https:\\\/\\\/voxsahel.com\\\/?p=791#primaryimage\"},\"thumbnailUrl\":\"https:\\\/\\\/voxsahel.com\\\/wp-content\\\/uploads\\\/2024\\\/11\\\/IMG_6458.jpeg\",\"datePublished\":\"2024-11-06T08:16:11+00:00\",\"breadcrumb\":{\"@id\":\"https:\\\/\\\/voxsahel.com\\\/?p=791#breadcrumb\"},\"inLanguage\":\"fr-FR\",\"potentialAction\":[{\"@type\":\"ReadAction\",\"target\":[\"https:\\\/\\\/voxsahel.com\\\/?p=791\"]}]},{\"@type\":\"ImageObject\",\"inLanguage\":\"fr-FR\",\"@id\":\"https:\\\/\\\/voxsahel.com\\\/?p=791#primaryimage\",\"url\":\"https:\\\/\\\/voxsahel.com\\\/wp-content\\\/uploads\\\/2024\\\/11\\\/IMG_6458.jpeg\",\"contentUrl\":\"https:\\\/\\\/voxsahel.com\\\/wp-content\\\/uploads\\\/2024\\\/11\\\/IMG_6458.jpeg\",\"width\":1080,\"height\":720},{\"@type\":\"BreadcrumbList\",\"@id\":\"https:\\\/\\\/voxsahel.com\\\/?p=791#breadcrumb\",\"itemListElement\":[{\"@type\":\"ListItem\",\"position\":1,\"name\":\"Home\",\"item\":\"https:\\\/\\\/voxsahel.com\\\/\"},{\"@type\":\"ListItem\",\"position\":2,\"name\":\"Burkina\\\/ Industrie : Alain Sankara officiellement install\u00e9 \u00e0 la t\u00eate de la Soci\u00e9t\u00e9 Nouvelle-Brasserie du Faso\"}]},{\"@type\":\"WebSite\",\"@id\":\"https:\\\/\\\/voxsahel.com\\\/#website\",\"url\":\"https:\\\/\\\/voxsahel.com\\\/\",\"name\":\"Vox Sahel\",\"description\":\"Informez-vous sur le Sahel en un clic\",\"publisher\":{\"@id\":\"https:\\\/\\\/voxsahel.com\\\/#organization\"},\"potentialAction\":[{\"@type\":\"SearchAction\",\"target\":{\"@type\":\"EntryPoint\",\"urlTemplate\":\"https:\\\/\\\/voxsahel.com\\\/?s={search_term_string}\"},\"query-input\":{\"@type\":\"PropertyValueSpecification\",\"valueRequired\":true,\"valueName\":\"search_term_string\"}}],\"inLanguage\":\"fr-FR\"},{\"@type\":\"Organization\",\"@id\":\"https:\\\/\\\/voxsahel.com\\\/#organization\",\"name\":\"Vox Sahel\",\"url\":\"https:\\\/\\\/voxsahel.com\\\/\",\"logo\":{\"@type\":\"ImageObject\",\"inLanguage\":\"fr-FR\",\"@id\":\"https:\\\/\\\/voxsahel.com\\\/#\\\/schema\\\/logo\\\/image\\\/\",\"url\":\"https:\\\/\\\/voxsahel.com\\\/wp-content\\\/uploads\\\/2024\\\/09\\\/Logo-Vox-Sahel.jpg\",\"contentUrl\":\"https:\\\/\\\/voxsahel.com\\\/wp-content\\\/uploads\\\/2024\\\/09\\\/Logo-Vox-Sahel.jpg\",\"width\":1181,\"height\":848,\"caption\":\"Vox Sahel\"},\"image\":{\"@id\":\"https:\\\/\\\/voxsahel.com\\\/#\\\/schema\\\/logo\\\/image\\\/\"},\"sameAs\":[\"https:\\\/\\\/www.facebook.com\\\/journal.voxsahel\"]},{\"@type\":\"Person\",\"@id\":\"https:\\\/\\\/voxsahel.com\\\/#\\\/schema\\\/person\\\/b4043608248f8fa227cd760e7ff1e19e\",\"name\":\"Vox Sahel\",\"image\":{\"@type\":\"ImageObject\",\"inLanguage\":\"fr-FR\",\"@id\":\"https:\\\/\\\/secure.gravatar.com\\\/avatar\\\/f70e7fa0cb9b29d4a7c5788d6eb2e9ab4d3135cbae1c9161810fdf77a8964699?s=96&d=mm&r=g\",\"url\":\"https:\\\/\\\/secure.gravatar.com\\\/avatar\\\/f70e7fa0cb9b29d4a7c5788d6eb2e9ab4d3135cbae1c9161810fdf77a8964699?s=96&d=mm&r=g\",\"contentUrl\":\"https:\\\/\\\/secure.gravatar.com\\\/avatar\\\/f70e7fa0cb9b29d4a7c5788d6eb2e9ab4d3135cbae1c9161810fdf77a8964699?s=96&d=mm&r=g\",\"caption\":\"Vox Sahel\"},\"sameAs\":[\"http:\\\/\\\/www.voxsahel.com\"],\"url\":\"https:\\\/\\\/voxsahel.com\\\/?author=2\"}]}<\/script>\n<!-- \/ Yoast SEO plugin. -->","yoast_head_json":{"title":"Burkina\/ Industrie : Alain Sankara officiellement install\u00e9 \u00e0 la t\u00eate de la Soci\u00e9t\u00e9 Nouvelle-Brasserie du Faso - Vox Sahel","robots":{"index":"index","follow":"follow","max-snippet":"max-snippet:-1","max-image-preview":"max-image-preview:large","max-video-preview":"max-video-preview:-1"},"canonical":"https:\/\/voxsahel.com\/?p=791","og_locale":"fr_FR","og_type":"article","og_title":"Burkina\/ Industrie : Alain Sankara officiellement install\u00e9 \u00e0 la t\u00eate de la Soci\u00e9t\u00e9 Nouvelle-Brasserie du Faso - Vox Sahel","og_description":"Nomm\u00e9 en Conseil des Ministres lors de la s\u00e9ance du 30 octobre 2024, M. Alain","og_url":"https:\/\/voxsahel.com\/?p=791","og_site_name":"Vox Sahel","article_publisher":"https:\/\/www.facebook.com\/journal.voxsahel","article_published_time":"2024-11-06T08:16:11+00:00","og_image":[{"width":1080,"height":720,"url":"https:\/\/voxsahel.com\/wp-content\/uploads\/2024\/11\/IMG_6458.jpeg","type":"image\/jpeg"}],"author":"Vox Sahel","twitter_card":"summary_large_image","twitter_misc":{"\u00c9crit par":"Vox Sahel","Dur\u00e9e de lecture estim\u00e9e":"3 minutes"},"schema":{"@context":"https:\/\/schema.org","@graph":[{"@type":"Article","@id":"https:\/\/voxsahel.com\/?p=791#article","isPartOf":{"@id":"https:\/\/voxsahel.com\/?p=791"},"author":{"name":"Vox Sahel","@id":"https:\/\/voxsahel.com\/#\/schema\/person\/b4043608248f8fa227cd760e7ff1e19e"},"headline":"Burkina\/ Industrie : Alain Sankara officiellement install\u00e9 \u00e0 la t\u00eate de la Soci\u00e9t\u00e9 Nouvelle-Brasserie du Faso","datePublished":"2024-11-06T08:16:11+00:00","mainEntityOfPage":{"@id":"https:\/\/voxsahel.com\/?p=791"},"wordCount":431,"commentCount":0,"publisher":{"@id":"https:\/\/voxsahel.com\/#organization"},"image":{"@id":"https:\/\/voxsahel.com\/?p=791#primaryimage"},"thumbnailUrl":"https:\/\/voxsahel.com\/wp-content\/uploads\/2024\/11\/IMG_6458.jpeg","keywords":["Burkina Faso","Groupement professionnel des industriels","Industrie","Organisation des Nations unies pour le D\u00e9veloppement Industriel","SN-BRAFASO"],"articleSection":["DEVELOPPEMENT"],"inLanguage":"fr-FR","potentialAction":[{"@type":"CommentAction","name":"Comment","target":["https:\/\/voxsahel.com\/?p=791#respond"]}]},{"@type":"WebPage","@id":"https:\/\/voxsahel.com\/?p=791","url":"https:\/\/voxsahel.com\/?p=791","name":"Burkina\/ Industrie : Alain Sankara officiellement install\u00e9 \u00e0 la t\u00eate de la Soci\u00e9t\u00e9 Nouvelle-Brasserie du Faso - Vox Sahel","isPartOf":{"@id":"https:\/\/voxsahel.com\/#website"},"primaryImageOfPage":{"@id":"https:\/\/voxsahel.com\/?p=791#primaryimage"},"image":{"@id":"https:\/\/voxsahel.com\/?p=791#primaryimage"},"thumbnailUrl":"https:\/\/voxsahel.com\/wp-content\/uploads\/2024\/11\/IMG_6458.jpeg","datePublished":"2024-11-06T08:16:11+00:00","breadcrumb":{"@id":"https:\/\/voxsahel.com\/?p=791#breadcrumb"},"inLanguage":"fr-FR","potentialAction":[{"@type":"ReadAction","target":["https:\/\/voxsahel.com\/?p=791"]}]},{"@type":"ImageObject","inLanguage":"fr-FR","@id":"https:\/\/voxsahel.com\/?p=791#primaryimage","url":"https:\/\/voxsahel.com\/wp-content\/uploads\/2024\/11\/IMG_6458.jpeg","contentUrl":"https:\/\/voxsahel.com\/wp-content\/uploads\/2024\/11\/IMG_6458.jpeg","width":1080,"height":720},{"@type":"BreadcrumbList","@id":"https:\/\/voxsahel.com\/?p=791#breadcrumb","itemListElement":[{"@type":"ListItem","position":1,"name":"Home","item":"https:\/\/voxsahel.com\/"},{"@type":"ListItem","position":2,"name":"Burkina\/ Industrie : Alain Sankara officiellement install\u00e9 \u00e0 la t\u00eate de la Soci\u00e9t\u00e9 Nouvelle-Brasserie du Faso"}]},{"@type":"WebSite","@id":"https:\/\/voxsahel.com\/#website","url":"https:\/\/voxsahel.com\/","name":"Vox Sahel","description":"Informez-vous sur le Sahel en un clic","publisher":{"@id":"https:\/\/voxsahel.com\/#organization"},"potentialAction":[{"@type":"SearchAction","target":{"@type":"EntryPoint","urlTemplate":"https:\/\/voxsahel.com\/?s={search_term_string}"},"query-input":{"@type":"PropertyValueSpecification","valueRequired":true,"valueName":"search_term_string"}}],"inLanguage":"fr-FR"},{"@type":"Organization","@id":"https:\/\/voxsahel.com\/#organization","name":"Vox Sahel","url":"https:\/\/voxsahel.com\/","logo":{"@type":"ImageObject","inLanguage":"fr-FR","@id":"https:\/\/voxsahel.com\/#\/schema\/logo\/image\/","url":"https:\/\/voxsahel.com\/wp-content\/uploads\/2024\/09\/Logo-Vox-Sahel.jpg","contentUrl":"https:\/\/voxsahel.com\/wp-content\/uploads\/2024\/09\/Logo-Vox-Sahel.jpg","width":1181,"height":848,"caption":"Vox Sahel"},"image":{"@id":"https:\/\/voxsahel.com\/#\/schema\/logo\/image\/"},"sameAs":["https:\/\/www.facebook.com\/journal.voxsahel"]},{"@type":"Person","@id":"https:\/\/voxsahel.com\/#\/schema\/person\/b4043608248f8fa227cd760e7ff1e19e","name":"Vox Sahel","image":{"@type":"ImageObject","inLanguage":"fr-FR","@id":"https:\/\/secure.gravatar.com\/avatar\/f70e7fa0cb9b29d4a7c5788d6eb2e9ab4d3135cbae1c9161810fdf77a8964699?s=96&d=mm&r=g","url":"https:\/\/secure.gravatar.com\/avatar\/f70e7fa0cb9b29d4a7c5788d6eb2e9ab4d3135cbae1c9161810fdf77a8964699?s=96&d=mm&r=g","contentUrl":"https:\/\/secure.gravatar.com\/avatar\/f70e7fa0cb9b29d4a7c5788d6eb2e9ab4d3135cbae1c9161810fdf77a8964699?s=96&d=mm&r=g","caption":"Vox Sahel"},"sameAs":["http:\/\/www.voxsahel.com"],"url":"https:\/\/voxsahel.com\/?author=2"}]}},"_links":{"self":[{"href":"https:\/\/voxsahel.com\/index.php?rest_route=\/wp\/v2\/posts\/791","targetHints":{"allow":["GET"]}}],"collection":[{"href":"https:\/\/voxsahel.com\/index.php?rest_route=\/wp\/v2\/posts"}],"about":[{"href":"https:\/\/voxsahel.com\/index.php?rest_route=\/wp\/v2\/types\/post"}],"author":[{"embeddable":true,"href":"https:\/\/voxsahel.com\/index.php?rest_route=\/wp\/v2\/users\/2"}],"replies":[{"embeddable":true,"href":"https:\/\/voxsahel.com\/index.php?rest_route=%2Fwp%2Fv2%2Fcomments&post=791"}],"version-history":[{"count":1,"href":"https:\/\/voxsahel.com\/index.php?rest_route=\/wp\/v2\/posts\/791\/revisions"}],"predecessor-version":[{"id":793,"href":"https:\/\/voxsahel.com\/index.php?rest_route=\/wp\/v2\/posts\/791\/revisions\/793"}],"wp:featuredmedia":[{"embeddable":true,"href":"https:\/\/voxsahel.com\/index.php?rest_route=\/wp\/v2\/media\/792"}],"wp:attachment":[{"href":"https:\/\/voxsahel.com\/index.php?rest_route=%2Fwp%2Fv2%2Fmedia&parent=791"}],"wp:term":[{"taxonomy":"category","embeddable":true,"href":"https:\/\/voxsahel.com\/index.php?rest_route=%2Fwp%2Fv2%2Fcategories&post=791"},{"taxonomy":"post_tag","embeddable":true,"href":"https:\/\/voxsahel.com\/index.php?rest_route=%2Fwp%2Fv2%2Ftags&post=791"}],"curies":[{"name":"wp","href":"https:\/\/api.w.org\/{rel}","templated":true}]}}