{"id":785,"date":"2024-11-04T20:51:43","date_gmt":"2024-11-04T20:51:43","guid":{"rendered":"https:\/\/voxsahel.com\/?p=785"},"modified":"2024-11-04T20:51:43","modified_gmt":"2024-11-04T20:51:43","slug":"souverainete-et-lutte-contre-la-corruption-le-discours-determine-du-capitaine-ibrahim-traore","status":"publish","type":"post","link":"https:\/\/voxsahel.com\/?p=785","title":{"rendered":"Souverainet\u00e9 et lutte contre la corruption : Le discours d\u00e9termin\u00e9 du  Capitaine Ibrahim Traor\u00e9"},"content":{"rendered":"<p class=\"p2\"><span class=\"s1\">Lors de la c\u00e9r\u00e9monie de mont\u00e9e des couleurs ce lundi <\/span><span class=\"s2\">4 novembre 2024<\/span><span class=\"s1\">, \u00e0 la Pr\u00e9sidence du Faso, le Pr\u00e9sident de la Transition, le Capitaine Ibrahim Traor\u00e9, a pris la parole pour souligner les nombreux d\u00e9fis auxquels le Burkina Faso est confront\u00e9, notamment dans le contexte d&rsquo;une lutte acharn\u00e9e contre le terrorisme et d&rsquo;efforts pour redresser l&rsquo;\u00e9conomie du pays.<\/span><\/p>\n<p class=\"p2\"><span class=\"s1\">Le Pr\u00e9sident Traor\u00e9 a commenc\u00e9 par rappeler la pression grandissante sur les forces arm\u00e9es en octobre, marqu\u00e9e par des succ\u00e8s contre les groupes arm\u00e9s. \u00ab Les actions ont \u00e9t\u00e9 couronn\u00e9es par plusieurs succ\u00e8s et nous allons continuer \u00e0 accentuer les op\u00e9rations jusqu&rsquo;\u00e0 an\u00e9antir ces barbares venus pour troubler notre qui\u00e9tude \u00bb, a affirm\u00e9 le Chef de l&rsquo;\u00c9tat. Il a remerci\u00e9 les Forces de d\u00e9fense et de s\u00e9curit\u00e9 ainsi que les Volontaires pour la D\u00e9fense de la Patrie (VDP) pour leur engagement \u00e0 garantir la s\u00e9curit\u00e9 du pays, marquant la r\u00e9silience du peuple burkinab\u00e8.<\/span><\/p>\n<p class=\"p2\"><strong><span class=\"s3\">La r\u00e9ussite du SIAO et du Tour du Faso : un symbole de r\u00e9silience<\/span><\/strong><\/p>\n<p class=\"p2\"><span class=\"s1\">Les deux \u00e9v\u00e9nements majeurs de la vie nationale, le Salon International de l&rsquo;Artisanat de Ouagadougou (SIAO) et le Tour du Faso, se d\u00e9roulent sans incidents majeurs. Malgr\u00e9 des chutes mineures et un incident isol\u00e9 caus\u00e9 par l&rsquo;explosion d&rsquo;une bouteille de gaz, les manifestations ont t\u00e9moign\u00e9 de la capacit\u00e9 du Burkina Faso \u00e0 organiser des \u00e9v\u00e9nements d&rsquo;envergure. Ibrahim Traor\u00e9 a profit\u00e9 de l&rsquo;occasion pour d\u00e9noncer la perception n\u00e9gative v\u00e9hicul\u00e9e par certains m\u00e9dias, qui pr\u00e9tendent que le pays est en crise permanente.<\/span><\/p>\n<p class=\"p2\"><strong><span class=\"s3\">Rationaliser les d\u00e9penses de l&rsquo;\u00c9tat<\/span><\/strong><\/p>\n<p class=\"p2\"><span class=\"s1\">Dans un contexte de ressources limit\u00e9es, le Pr\u00e9sident a annonc\u00e9 des r\u00e9formes visant \u00e0 r\u00e9duire les d\u00e9penses administratives, appelant \u00e0 une meilleure gestion budg\u00e9taire pour maximiser les investissements socio-\u00e9conomiques. Les efforts de rationalisation, at-il soulign\u00e9, permettront de concentrer les fonds publics sur des projets d&rsquo;infrastructures n\u00e9cessaires pour am\u00e9liorer la vie des populations.<\/span><\/p>\n<p class=\"p2\"><span class=\"s1\">\u00ab L&rsquo;eau potable n&rsquo;est pas une garantie pour tous ici au Burkina Faso. Nous luttons aussi pour la souverainet\u00e9 alimentaire. Il y a tellement de d\u00e9fis qu&rsquo;il faut \u00e9conomiser au maximum \u00bb, a-t-il ajout\u00e9, insistant sur la n\u00e9cessit\u00e9 de sacrifier le confort bureaucratique pour le bien du peuple.<\/span><\/p>\n<p class=\"p2\"><span class=\"s1\">Le Pr\u00e9sident Traor\u00e9 a fermement condamn\u00e9 pour corruption, notamment apr\u00e8s la d\u00e9couverte d&rsquo;un r\u00e9seau de d\u00e9tournement de fonds au minist\u00e8re de l&rsquo;Action humanitaire. Des milliards de francs CFA, cens\u00e9s \u00eatre destin\u00e9s aux personnes d\u00e9plac\u00e9es internes et aux plus d\u00e9munis, ont \u00e9t\u00e9 d\u00e9tourn\u00e9s. Il a salu\u00e9 le travail d&rsquo;enqu\u00eate de la police et assur\u00e9 que des mesures s\u00e9v\u00e8res seront prises contre les individus impliqu\u00e9s. \u00ab Nous ne tol\u00e9rons pas de tels actes dans un contexte de lutte contre le terrorisme \u00bb, at-il martel\u00e9.<\/span><\/p>\n<p class=\"p2\"><span class=\"s1\">Autre sujet de m\u00e9contentement pour le Pr\u00e9sident : le comportement de deux m\u00e9caniciens de la nouvelle flotte d&rsquo;aviation nationale, qui ont d\u00e9missionn\u00e9 en demandant une augmentation de salaire cons\u00e9quente, refusant ainsi de servir le pays. Traor\u00e9 a qualifi\u00e9 leur attitude de \u00ab sabotage \u00bb et de \u00ab manque de patriotisme \u00bb, soulignant que de tels comportements ne seront plus tol\u00e9r\u00e9s. \u00ab Faire une r\u00e9volution, ce sont des d\u00e9fis. Et tous les jours, il ya des d\u00e9fis \u00bb, at-il rappel\u00e9.<\/span><\/p>\n<p class=\"p2\"><span class=\"s1\">Dans son discours, Ibrahim Traor\u00e9 a d\u00e9clar\u00e9 que le temps de la sensibilisation \u00e9tait r\u00e9volu et qu&rsquo;il fallait d\u00e9sormais agir. Il a appel\u00e9 chaque citoyen et chaque administration \u00e0 se mobiliser et \u00e0 travailler au profit des masses populaires, estimant que le peuple burkinab\u00e8 a trop souffert.<\/span><\/p>\n<p class=\"p2\"><span class=\"s1\">Le Pr\u00e9sident a conclu en exhortant les fonctionnaires et la population \u00e0 un \u00ab mois de travail intense \u00bb, en cette p\u00e9riode de bilan de fin d&rsquo;ann\u00e9e. Ce discours, ferme et sans \u00e9quivoque, a pour mais d&rsquo;unir les forces et de pr\u00e9parer le Burkina Faso aux d\u00e9fis de 2025.\u00a0<\/span><\/p>\n<p style=\"text-align: right;\"><b>Par Vox Sahel<\/b><\/p>\n","protected":false},"excerpt":{"rendered":"<p>Lors de la c\u00e9r\u00e9monie de mont\u00e9e des couleurs ce lundi 4 novembre 2024, \u00e0 la<\/p>\n","protected":false},"author":2,"featured_media":786,"comment_status":"open","ping_status":"open","sticky":false,"template":"","format":"standard","meta":{"_et_pb_use_builder":"","_et_pb_old_content":"","_et_gb_content_width":"","footnotes":""},"categories":[6],"tags":[18,174,306,20],"class_list":["post-785","post","type-post","status-publish","format-standard","has-post-thumbnail","hentry","category-politique","tag-burkina-faso","tag-capitaine-ibrahim-traore","tag-corruption","tag-terrorisme"],"yoast_head":"<!-- This site is optimized with the Yoast SEO plugin v27.5 - https:\/\/yoast.com\/product\/yoast-seo-wordpress\/ -->\n<title>Souverainet\u00e9 et lutte contre la corruption : Le discours d\u00e9termin\u00e9 du Capitaine Ibrahim Traor\u00e9 - Vox Sahel<\/title>\n<meta name=\"robots\" content=\"index, follow, max-snippet:-1, max-image-preview:large, max-video-preview:-1\" \/>\n<link rel=\"canonical\" href=\"https:\/\/voxsahel.com\/?p=785\" \/>\n<meta property=\"og:locale\" content=\"fr_FR\" \/>\n<meta property=\"og:type\" content=\"article\" \/>\n<meta property=\"og:title\" content=\"Souverainet\u00e9 et lutte contre la corruption : Le discours d\u00e9termin\u00e9 du Capitaine Ibrahim Traor\u00e9 - Vox Sahel\" \/>\n<meta property=\"og:description\" content=\"Lors de la c\u00e9r\u00e9monie de mont\u00e9e des couleurs ce lundi 4 novembre 2024, \u00e0 la\" \/>\n<meta property=\"og:url\" content=\"https:\/\/voxsahel.com\/?p=785\" \/>\n<meta property=\"og:site_name\" content=\"Vox Sahel\" \/>\n<meta property=\"article:publisher\" content=\"https:\/\/www.facebook.com\/journal.voxsahel\" \/>\n<meta property=\"article:published_time\" content=\"2024-11-04T20:51:43+00:00\" \/>\n<meta property=\"og:image\" content=\"https:\/\/voxsahel.com\/wp-content\/uploads\/2024\/11\/7eb6c910-e7b9-4bb1-b038-aada21b710d5.jpeg\" \/>\n\t<meta property=\"og:image:width\" content=\"1102\" \/>\n\t<meta property=\"og:image:height\" content=\"1600\" \/>\n\t<meta property=\"og:image:type\" content=\"image\/jpeg\" \/>\n<meta name=\"author\" content=\"Vox Sahel\" \/>\n<meta name=\"twitter:card\" content=\"summary_large_image\" \/>\n<meta name=\"twitter:label1\" content=\"\u00c9crit par\" \/>\n\t<meta name=\"twitter:data1\" content=\"Vox Sahel\" \/>\n\t<meta name=\"twitter:label2\" content=\"Dur\u00e9e de lecture estim\u00e9e\" \/>\n\t<meta name=\"twitter:data2\" content=\"4 minutes\" \/>\n<script type=\"application\/ld+json\" class=\"yoast-schema-graph\">{\"@context\":\"https:\\\/\\\/schema.org\",\"@graph\":[{\"@type\":\"Article\",\"@id\":\"https:\\\/\\\/voxsahel.com\\\/?p=785#article\",\"isPartOf\":{\"@id\":\"https:\\\/\\\/voxsahel.com\\\/?p=785\"},\"author\":{\"name\":\"Vox Sahel\",\"@id\":\"https:\\\/\\\/voxsahel.com\\\/#\\\/schema\\\/person\\\/b4043608248f8fa227cd760e7ff1e19e\"},\"headline\":\"Souverainet\u00e9 et lutte contre la corruption : Le discours d\u00e9termin\u00e9 du Capitaine Ibrahim Traor\u00e9\",\"datePublished\":\"2024-11-04T20:51:43+00:00\",\"mainEntityOfPage\":{\"@id\":\"https:\\\/\\\/voxsahel.com\\\/?p=785\"},\"wordCount\":700,\"commentCount\":0,\"publisher\":{\"@id\":\"https:\\\/\\\/voxsahel.com\\\/#organization\"},\"image\":{\"@id\":\"https:\\\/\\\/voxsahel.com\\\/?p=785#primaryimage\"},\"thumbnailUrl\":\"https:\\\/\\\/voxsahel.com\\\/wp-content\\\/uploads\\\/2024\\\/11\\\/7eb6c910-e7b9-4bb1-b038-aada21b710d5.jpeg\",\"keywords\":[\"Burkina Faso\",\"Capitaine Ibrahim Traor\u00e9\",\"Corruption\",\"Terrorisme\"],\"articleSection\":[\"POLITIQUE\"],\"inLanguage\":\"fr-FR\",\"potentialAction\":[{\"@type\":\"CommentAction\",\"name\":\"Comment\",\"target\":[\"https:\\\/\\\/voxsahel.com\\\/?p=785#respond\"]}]},{\"@type\":\"WebPage\",\"@id\":\"https:\\\/\\\/voxsahel.com\\\/?p=785\",\"url\":\"https:\\\/\\\/voxsahel.com\\\/?p=785\",\"name\":\"Souverainet\u00e9 et lutte contre la corruption : Le discours d\u00e9termin\u00e9 du Capitaine Ibrahim Traor\u00e9 - Vox Sahel\",\"isPartOf\":{\"@id\":\"https:\\\/\\\/voxsahel.com\\\/#website\"},\"primaryImageOfPage\":{\"@id\":\"https:\\\/\\\/voxsahel.com\\\/?p=785#primaryimage\"},\"image\":{\"@id\":\"https:\\\/\\\/voxsahel.com\\\/?p=785#primaryimage\"},\"thumbnailUrl\":\"https:\\\/\\\/voxsahel.com\\\/wp-content\\\/uploads\\\/2024\\\/11\\\/7eb6c910-e7b9-4bb1-b038-aada21b710d5.jpeg\",\"datePublished\":\"2024-11-04T20:51:43+00:00\",\"breadcrumb\":{\"@id\":\"https:\\\/\\\/voxsahel.com\\\/?p=785#breadcrumb\"},\"inLanguage\":\"fr-FR\",\"potentialAction\":[{\"@type\":\"ReadAction\",\"target\":[\"https:\\\/\\\/voxsahel.com\\\/?p=785\"]}]},{\"@type\":\"ImageObject\",\"inLanguage\":\"fr-FR\",\"@id\":\"https:\\\/\\\/voxsahel.com\\\/?p=785#primaryimage\",\"url\":\"https:\\\/\\\/voxsahel.com\\\/wp-content\\\/uploads\\\/2024\\\/11\\\/7eb6c910-e7b9-4bb1-b038-aada21b710d5.jpeg\",\"contentUrl\":\"https:\\\/\\\/voxsahel.com\\\/wp-content\\\/uploads\\\/2024\\\/11\\\/7eb6c910-e7b9-4bb1-b038-aada21b710d5.jpeg\",\"width\":1102,\"height\":1600},{\"@type\":\"BreadcrumbList\",\"@id\":\"https:\\\/\\\/voxsahel.com\\\/?p=785#breadcrumb\",\"itemListElement\":[{\"@type\":\"ListItem\",\"position\":1,\"name\":\"Home\",\"item\":\"https:\\\/\\\/voxsahel.com\\\/\"},{\"@type\":\"ListItem\",\"position\":2,\"name\":\"Souverainet\u00e9 et lutte contre la corruption : Le discours d\u00e9termin\u00e9 du Capitaine Ibrahim Traor\u00e9\"}]},{\"@type\":\"WebSite\",\"@id\":\"https:\\\/\\\/voxsahel.com\\\/#website\",\"url\":\"https:\\\/\\\/voxsahel.com\\\/\",\"name\":\"Vox Sahel\",\"description\":\"Informez-vous sur le Sahel en un clic\",\"publisher\":{\"@id\":\"https:\\\/\\\/voxsahel.com\\\/#organization\"},\"potentialAction\":[{\"@type\":\"SearchAction\",\"target\":{\"@type\":\"EntryPoint\",\"urlTemplate\":\"https:\\\/\\\/voxsahel.com\\\/?s={search_term_string}\"},\"query-input\":{\"@type\":\"PropertyValueSpecification\",\"valueRequired\":true,\"valueName\":\"search_term_string\"}}],\"inLanguage\":\"fr-FR\"},{\"@type\":\"Organization\",\"@id\":\"https:\\\/\\\/voxsahel.com\\\/#organization\",\"name\":\"Vox Sahel\",\"url\":\"https:\\\/\\\/voxsahel.com\\\/\",\"logo\":{\"@type\":\"ImageObject\",\"inLanguage\":\"fr-FR\",\"@id\":\"https:\\\/\\\/voxsahel.com\\\/#\\\/schema\\\/logo\\\/image\\\/\",\"url\":\"https:\\\/\\\/voxsahel.com\\\/wp-content\\\/uploads\\\/2024\\\/09\\\/Logo-Vox-Sahel.jpg\",\"contentUrl\":\"https:\\\/\\\/voxsahel.com\\\/wp-content\\\/uploads\\\/2024\\\/09\\\/Logo-Vox-Sahel.jpg\",\"width\":1181,\"height\":848,\"caption\":\"Vox Sahel\"},\"image\":{\"@id\":\"https:\\\/\\\/voxsahel.com\\\/#\\\/schema\\\/logo\\\/image\\\/\"},\"sameAs\":[\"https:\\\/\\\/www.facebook.com\\\/journal.voxsahel\"]},{\"@type\":\"Person\",\"@id\":\"https:\\\/\\\/voxsahel.com\\\/#\\\/schema\\\/person\\\/b4043608248f8fa227cd760e7ff1e19e\",\"name\":\"Vox Sahel\",\"image\":{\"@type\":\"ImageObject\",\"inLanguage\":\"fr-FR\",\"@id\":\"https:\\\/\\\/secure.gravatar.com\\\/avatar\\\/f70e7fa0cb9b29d4a7c5788d6eb2e9ab4d3135cbae1c9161810fdf77a8964699?s=96&d=mm&r=g\",\"url\":\"https:\\\/\\\/secure.gravatar.com\\\/avatar\\\/f70e7fa0cb9b29d4a7c5788d6eb2e9ab4d3135cbae1c9161810fdf77a8964699?s=96&d=mm&r=g\",\"contentUrl\":\"https:\\\/\\\/secure.gravatar.com\\\/avatar\\\/f70e7fa0cb9b29d4a7c5788d6eb2e9ab4d3135cbae1c9161810fdf77a8964699?s=96&d=mm&r=g\",\"caption\":\"Vox Sahel\"},\"sameAs\":[\"http:\\\/\\\/www.voxsahel.com\"],\"url\":\"https:\\\/\\\/voxsahel.com\\\/?author=2\"}]}<\/script>\n<!-- \/ Yoast SEO plugin. -->","yoast_head_json":{"title":"Souverainet\u00e9 et lutte contre la corruption : Le discours d\u00e9termin\u00e9 du Capitaine Ibrahim Traor\u00e9 - Vox Sahel","robots":{"index":"index","follow":"follow","max-snippet":"max-snippet:-1","max-image-preview":"max-image-preview:large","max-video-preview":"max-video-preview:-1"},"canonical":"https:\/\/voxsahel.com\/?p=785","og_locale":"fr_FR","og_type":"article","og_title":"Souverainet\u00e9 et lutte contre la corruption : Le discours d\u00e9termin\u00e9 du Capitaine Ibrahim Traor\u00e9 - Vox Sahel","og_description":"Lors de la c\u00e9r\u00e9monie de mont\u00e9e des couleurs ce lundi 4 novembre 2024, \u00e0 la","og_url":"https:\/\/voxsahel.com\/?p=785","og_site_name":"Vox Sahel","article_publisher":"https:\/\/www.facebook.com\/journal.voxsahel","article_published_time":"2024-11-04T20:51:43+00:00","og_image":[{"width":1102,"height":1600,"url":"https:\/\/voxsahel.com\/wp-content\/uploads\/2024\/11\/7eb6c910-e7b9-4bb1-b038-aada21b710d5.jpeg","type":"image\/jpeg"}],"author":"Vox Sahel","twitter_card":"summary_large_image","twitter_misc":{"\u00c9crit par":"Vox Sahel","Dur\u00e9e de lecture estim\u00e9e":"4 minutes"},"schema":{"@context":"https:\/\/schema.org","@graph":[{"@type":"Article","@id":"https:\/\/voxsahel.com\/?p=785#article","isPartOf":{"@id":"https:\/\/voxsahel.com\/?p=785"},"author":{"name":"Vox Sahel","@id":"https:\/\/voxsahel.com\/#\/schema\/person\/b4043608248f8fa227cd760e7ff1e19e"},"headline":"Souverainet\u00e9 et lutte contre la corruption : Le discours d\u00e9termin\u00e9 du Capitaine Ibrahim Traor\u00e9","datePublished":"2024-11-04T20:51:43+00:00","mainEntityOfPage":{"@id":"https:\/\/voxsahel.com\/?p=785"},"wordCount":700,"commentCount":0,"publisher":{"@id":"https:\/\/voxsahel.com\/#organization"},"image":{"@id":"https:\/\/voxsahel.com\/?p=785#primaryimage"},"thumbnailUrl":"https:\/\/voxsahel.com\/wp-content\/uploads\/2024\/11\/7eb6c910-e7b9-4bb1-b038-aada21b710d5.jpeg","keywords":["Burkina Faso","Capitaine Ibrahim Traor\u00e9","Corruption","Terrorisme"],"articleSection":["POLITIQUE"],"inLanguage":"fr-FR","potentialAction":[{"@type":"CommentAction","name":"Comment","target":["https:\/\/voxsahel.com\/?p=785#respond"]}]},{"@type":"WebPage","@id":"https:\/\/voxsahel.com\/?p=785","url":"https:\/\/voxsahel.com\/?p=785","name":"Souverainet\u00e9 et lutte contre la corruption : Le discours d\u00e9termin\u00e9 du Capitaine Ibrahim Traor\u00e9 - Vox Sahel","isPartOf":{"@id":"https:\/\/voxsahel.com\/#website"},"primaryImageOfPage":{"@id":"https:\/\/voxsahel.com\/?p=785#primaryimage"},"image":{"@id":"https:\/\/voxsahel.com\/?p=785#primaryimage"},"thumbnailUrl":"https:\/\/voxsahel.com\/wp-content\/uploads\/2024\/11\/7eb6c910-e7b9-4bb1-b038-aada21b710d5.jpeg","datePublished":"2024-11-04T20:51:43+00:00","breadcrumb":{"@id":"https:\/\/voxsahel.com\/?p=785#breadcrumb"},"inLanguage":"fr-FR","potentialAction":[{"@type":"ReadAction","target":["https:\/\/voxsahel.com\/?p=785"]}]},{"@type":"ImageObject","inLanguage":"fr-FR","@id":"https:\/\/voxsahel.com\/?p=785#primaryimage","url":"https:\/\/voxsahel.com\/wp-content\/uploads\/2024\/11\/7eb6c910-e7b9-4bb1-b038-aada21b710d5.jpeg","contentUrl":"https:\/\/voxsahel.com\/wp-content\/uploads\/2024\/11\/7eb6c910-e7b9-4bb1-b038-aada21b710d5.jpeg","width":1102,"height":1600},{"@type":"BreadcrumbList","@id":"https:\/\/voxsahel.com\/?p=785#breadcrumb","itemListElement":[{"@type":"ListItem","position":1,"name":"Home","item":"https:\/\/voxsahel.com\/"},{"@type":"ListItem","position":2,"name":"Souverainet\u00e9 et lutte contre la corruption : Le discours d\u00e9termin\u00e9 du Capitaine Ibrahim Traor\u00e9"}]},{"@type":"WebSite","@id":"https:\/\/voxsahel.com\/#website","url":"https:\/\/voxsahel.com\/","name":"Vox Sahel","description":"Informez-vous sur le Sahel en un clic","publisher":{"@id":"https:\/\/voxsahel.com\/#organization"},"potentialAction":[{"@type":"SearchAction","target":{"@type":"EntryPoint","urlTemplate":"https:\/\/voxsahel.com\/?s={search_term_string}"},"query-input":{"@type":"PropertyValueSpecification","valueRequired":true,"valueName":"search_term_string"}}],"inLanguage":"fr-FR"},{"@type":"Organization","@id":"https:\/\/voxsahel.com\/#organization","name":"Vox Sahel","url":"https:\/\/voxsahel.com\/","logo":{"@type":"ImageObject","inLanguage":"fr-FR","@id":"https:\/\/voxsahel.com\/#\/schema\/logo\/image\/","url":"https:\/\/voxsahel.com\/wp-content\/uploads\/2024\/09\/Logo-Vox-Sahel.jpg","contentUrl":"https:\/\/voxsahel.com\/wp-content\/uploads\/2024\/09\/Logo-Vox-Sahel.jpg","width":1181,"height":848,"caption":"Vox Sahel"},"image":{"@id":"https:\/\/voxsahel.com\/#\/schema\/logo\/image\/"},"sameAs":["https:\/\/www.facebook.com\/journal.voxsahel"]},{"@type":"Person","@id":"https:\/\/voxsahel.com\/#\/schema\/person\/b4043608248f8fa227cd760e7ff1e19e","name":"Vox Sahel","image":{"@type":"ImageObject","inLanguage":"fr-FR","@id":"https:\/\/secure.gravatar.com\/avatar\/f70e7fa0cb9b29d4a7c5788d6eb2e9ab4d3135cbae1c9161810fdf77a8964699?s=96&d=mm&r=g","url":"https:\/\/secure.gravatar.com\/avatar\/f70e7fa0cb9b29d4a7c5788d6eb2e9ab4d3135cbae1c9161810fdf77a8964699?s=96&d=mm&r=g","contentUrl":"https:\/\/secure.gravatar.com\/avatar\/f70e7fa0cb9b29d4a7c5788d6eb2e9ab4d3135cbae1c9161810fdf77a8964699?s=96&d=mm&r=g","caption":"Vox Sahel"},"sameAs":["http:\/\/www.voxsahel.com"],"url":"https:\/\/voxsahel.com\/?author=2"}]}},"_links":{"self":[{"href":"https:\/\/voxsahel.com\/index.php?rest_route=\/wp\/v2\/posts\/785","targetHints":{"allow":["GET"]}}],"collection":[{"href":"https:\/\/voxsahel.com\/index.php?rest_route=\/wp\/v2\/posts"}],"about":[{"href":"https:\/\/voxsahel.com\/index.php?rest_route=\/wp\/v2\/types\/post"}],"author":[{"embeddable":true,"href":"https:\/\/voxsahel.com\/index.php?rest_route=\/wp\/v2\/users\/2"}],"replies":[{"embeddable":true,"href":"https:\/\/voxsahel.com\/index.php?rest_route=%2Fwp%2Fv2%2Fcomments&post=785"}],"version-history":[{"count":1,"href":"https:\/\/voxsahel.com\/index.php?rest_route=\/wp\/v2\/posts\/785\/revisions"}],"predecessor-version":[{"id":787,"href":"https:\/\/voxsahel.com\/index.php?rest_route=\/wp\/v2\/posts\/785\/revisions\/787"}],"wp:featuredmedia":[{"embeddable":true,"href":"https:\/\/voxsahel.com\/index.php?rest_route=\/wp\/v2\/media\/786"}],"wp:attachment":[{"href":"https:\/\/voxsahel.com\/index.php?rest_route=%2Fwp%2Fv2%2Fmedia&parent=785"}],"wp:term":[{"taxonomy":"category","embeddable":true,"href":"https:\/\/voxsahel.com\/index.php?rest_route=%2Fwp%2Fv2%2Fcategories&post=785"},{"taxonomy":"post_tag","embeddable":true,"href":"https:\/\/voxsahel.com\/index.php?rest_route=%2Fwp%2Fv2%2Ftags&post=785"}],"curies":[{"name":"wp","href":"https:\/\/api.w.org\/{rel}","templated":true}]}}