{"id":782,"date":"2024-11-04T16:24:51","date_gmt":"2024-11-04T16:24:51","guid":{"rendered":"https:\/\/voxsahel.com\/?p=782"},"modified":"2024-11-04T16:24:51","modified_gmt":"2024-11-04T16:24:51","slug":"eliminatoire-can-maroc-2025-brama-traore-devoile-sa-liste-pour-affronter-le-senegal-et-le-malawi","status":"publish","type":"post","link":"https:\/\/voxsahel.com\/?p=782","title":{"rendered":"\u00c9liminatoire CAN Maroc 2025: Brama Traor\u00e9 d\u00e9voile sa liste pour affronter le S\u00e9n\u00e9gal et le Malawi"},"content":{"rendered":"<p class=\"p1\"><strong><span class=\"s1\">Herv\u00e9 Koffi de retour, Aziz Ki absent<\/span><\/strong><\/p>\n<p class=\"p1\"><span class=\"s3\">\u00c0 quelques jours des prochaines \u00e9ch\u00e9ances de qualification pour la Coupe d&rsquo;Afrique des Nations (CAN) 2025, l&rsquo;entra\u00eeneur Brama Traor\u00e9 a d\u00e9voil\u00e9 sa liste des 23 joueurs ce lundi 4 novembre 2024, qui affronteront le S\u00e9n\u00e9gal et le Malawi les 14 et 17 novembre. Des r\u00e9trouvailles sont \u00e0 pr\u00e9voir, avec des retours marquants, mais \u00e9galement des absences notables qui pourraient peser dans la balance.<\/span><\/p>\n<p class=\"p1\"><span class=\"s3\">La principale nouvelle r\u00e9jouissante est le retour du gardien Herv\u00e9 Koffi,<span class=\"Apple-converted-space\">\u00a0 <\/span>l\u2019un des piliers de l&rsquo;\u00e9quipe et v\u00e9ritable muraille, qui apportera une solide exp\u00e9rience face aux attaques adverses. Aux c\u00f4t\u00e9s de Koffi, Valentin Nouma et Gustavo Sangar\u00e9 reviennent \u00e9galement dans le groupe, offrant plus de stabilit\u00e9 dans les lignes d\u00e9fensives et au milieu de terrain. Leur exp\u00e9rience sera cruciale pour \u00e9pauler des jeunes talents comme Sofiane Farid Ou\u00e9draogo et Sacha Bans\u00e9, figures montantes de la s\u00e9lection.<\/span><\/p>\n<p class=\"p1\"><span class=\"s3\">L&rsquo;absence de Aziz Ki au milieu de terrain sera ressentie, mais Brama Traor\u00e9 a assur\u00e9 un effet \u00e9quilibr\u00e9. En d\u00e9fense, on retrouve des noms bien \u00e9tablis comme Edmond Tapsoba et Steeve Yago, qui resteront vigilants face \u00e0 des attaquants s\u00e9n\u00e9galais redoutables, dont certains \u00e9voluent dans les plus grands championnats europ\u00e9ens. La blessure de Nagalo a \u00e9galement provoqu\u00e9 des ajustements dans le sch\u00e9ma d\u00e9fensif, mais avec Issouf Dayo, Kabor\u00e9 et Mohamed Ou\u00e9draogo, le s\u00e9lectionneur peut compter sur un effectif solide.<\/span><\/p>\n<p class=\"p1\"><span class=\"s3\">Gustavo Sangar\u00e9, connu pour son intelligence de jeu et sa capacit\u00e9 \u00e0 distribuer des ballons, apportera une pr\u00e9sence rassurante dans l&rsquo;entrejeu. Cependant, l&rsquo;absence d&rsquo;Aziz Ki pourrait se faire sentir, notamment dans l&rsquo;intensit\u00e9 et l&rsquo;agressivit\u00e9 sur les phases de r\u00e9cup\u00e9ration. Blati Tour\u00e9, Bado C\u00e9dric et Dramane Salou devront prendre le relais et maintenir une pression constante face au S\u00e9n\u00e9gal, dont le milieu est r\u00e9put\u00e9 pour \u00eatre l&rsquo;un des plus comp\u00e9titifs du continent.<\/span><\/p>\n<p class=\"p1\"><span class=\"s3\">En attaque, les \u00c9talons alignent des talents prometteurs avec Bertrand Traor\u00e9, capitaine et leader inspirant, et Dango Ouattara, \u00e9toile montante ayant marqu\u00e9 lors des r\u00e9centes qualifications. Les deux attaquants auront la lourde t\u00e2che de mener l&rsquo;\u00e9quipe vers la victoire face au S\u00e9n\u00e9gal, champion d&rsquo;Afrique en titre, et le Malawi. Chams\u00e9 Franck Lassina Traor\u00e9 et Hassane Band\u00e9 renforceront \u00e9galement la ligne offensive, offrant des alternatives pour surprendre les d\u00e9fenses adverses.<\/span><\/p>\n<p class=\"p1\"><span class=\"s3\">Le 14 novembre, les \u00c9talons affrontent le S\u00e9n\u00e9gal au Stade du 26-Mars \u00e0 Bamako, un terrain connu pour ses conditions exigeantes. Trois jours plus tard, le Burkina Faso se d\u00e9placera \u00e0 Lilongwe pour affronter le Malawi, avec l&rsquo;espoir de d\u00e9crocher des points essentiels pour la qualification.<\/span><\/p>\n<p class=\"p1\"><span class=\"s3\">Pour le Burkina Faso m\u00eame d\u00e9j\u00e0 qualifi\u00e9, l\u2019enjeu est de taille. Les \u00c9talons doivent non seulement rivaliser avec des adversaires de haut niveau, mais aussi faire preuve d&rsquo;une coh\u00e9sion d&rsquo;\u00e9quipe capable de compenser les absences. Face \u00e0 une \u00e9quipe s\u00e9n\u00e9galaise aur\u00e9ol\u00e9e de son statut de championne d&rsquo;Afrique, le d\u00e9fi s&rsquo;annonce de taille. Mais avec des retours strat\u00e9giques et une \u00e9quipe m\u00ealant jeunesse et exp\u00e9rience, Brama Traor\u00e9 peut esp\u00e9rer mettre en \u0153uvre une strat\u00e9gie ambitieuse.<\/span><\/p>\n<p class=\"p1\"><strong><span class=\"s1\">Liste des \u00c9talons<\/span><\/strong><\/p>\n<p class=\"p1\"><strong><span class=\"s1\">Gardiens<\/span><\/strong><\/p>\n<ol class=\"ol1\">\n<li class=\"li1\"><span class=\"s3\">Koffi Kouakou Herv\u00e9<\/span><\/li>\n<li class=\"li1\"><span class=\"s3\">Ou\u00e9draogo Sofiane Farid<\/span><\/li>\n<li class=\"li1\"><span class=\"s3\">Nikiema Kilian<\/span><\/li>\n<\/ol>\n<p class=\"p1\"><strong><span class=\"s1\">D\u00e9fenseurs<\/span><\/strong><\/p>\n<ul class=\"ul1\">\n<li class=\"li1\"><span class=\"s3\">Tapsoba Edmond<\/span><\/li>\n<li class=\"li1\"><span class=\"s3\">Djiga Yacouba Nasser<\/span><\/li>\n<li class=\"li1\"><span class=\"s3\">Yago Steeve Farid<\/span><\/li>\n<li class=\"li1\"><span class=\"s3\">Kabore Issa<\/span><\/li>\n<li class=\"li1\"><span class=\"s3\">Ou\u00e9draogo Mohamed<\/span><\/li>\n<li class=\"li1\"><span class=\"s3\">Boni Trova Dopanga<\/span><\/li>\n<li class=\"li1\"><span class=\"s3\">Valentin Nouma<\/span><\/li>\n<li class=\"li1\"><span class=\"s3\">Issouf Dayo<\/span><\/li>\n<\/ul>\n<p class=\"p1\"><strong><span class=\"s1\">Milieux<\/span><\/strong><\/p>\n<ul class=\"ul1\">\n<li class=\"li1\"><span class=\"s3\">Bans\u00e9 Sacha<\/span><\/li>\n<li class=\"li1\"><span class=\"s3\">Badolo C\u00e9dric<\/span><\/li>\n<li class=\"li1\"><span class=\"s3\">Simpor\u00e9 Saidou<\/span><\/li>\n<li class=\"li1\"><span class=\"s3\">Tour\u00e9 Blati Ibrahim<\/span><\/li>\n<li class=\"li1\"><span class=\"s3\">Gustavo Sangar\u00e9<\/span><\/li>\n<li class=\"li1\"><span class=\"s3\">Camara Ousmane<\/span><\/li>\n<li class=\"li1\"><span class=\"s3\">Salou Dramane<\/span><\/li>\n<\/ul>\n<p class=\"p1\"><strong><span class=\"s1\">Attaquants<\/span><\/strong><\/p>\n<ul class=\"ul1\">\n<li class=\"li1\"><span class=\"s3\">Ouattara Dango<\/span><\/li>\n<li class=\"li1\"><span class=\"s3\">Band\u00e9 Hassane Boureima<\/span><\/li>\n<li class=\"li1\"><span class=\"s3\">Ouattara Abdoul Kader<\/span><\/li>\n<li class=\"li1\"><span class=\"s3\">Bouda Ouss\u00e9ni<\/span><\/li>\n<li class=\"li1\"><span class=\"s3\">Traor\u00e9 Chams\u00e9 Franck Lassina<\/span><\/li>\n<li class=\"li1\"><span class=\"s3\">Konat\u00e9 Mohamed<\/span><\/li>\n<li class=\"li1\"><span class=\"s3\">Bertrand Traor\u00e9<\/span><\/li>\n<\/ul>\n<p class=\"p1\" style=\"text-align: right;\"><b>Par Vox Sahel<\/b><\/p>\n","protected":false},"excerpt":{"rendered":"<p>Herv\u00e9 Koffi de retour, Aziz Ki absent \u00c0 quelques jours des prochaines \u00e9ch\u00e9ances de qualification<\/p>\n","protected":false},"author":2,"featured_media":783,"comment_status":"open","ping_status":"open","sticky":false,"template":"","format":"standard","meta":{"_et_pb_use_builder":"","_et_pb_old_content":"","_et_gb_content_width":"","footnotes":""},"categories":[12],"tags":[18,38,37,348,274,40,35,36,74],"class_list":["post-782","post","type-post","status-publish","format-standard","has-post-thumbnail","hentry","category-sports","tag-burkina-faso","tag-can","tag-can-maroc-2025","tag-coupe-dafrique-des-nations","tag-etalons","tag-federation-burkinabe-de-football","tag-football","tag-malawi","tag-senegal"],"yoast_head":"<!-- This site is optimized with the Yoast SEO plugin v27.5 - https:\/\/yoast.com\/product\/yoast-seo-wordpress\/ -->\n<title>\u00c9liminatoire CAN Maroc 2025: Brama Traor\u00e9 d\u00e9voile sa liste pour affronter le S\u00e9n\u00e9gal et le Malawi - Vox Sahel<\/title>\n<meta name=\"robots\" content=\"index, follow, max-snippet:-1, max-image-preview:large, max-video-preview:-1\" \/>\n<link rel=\"canonical\" href=\"https:\/\/voxsahel.com\/?p=782\" \/>\n<meta property=\"og:locale\" content=\"fr_FR\" \/>\n<meta property=\"og:type\" content=\"article\" \/>\n<meta property=\"og:title\" content=\"\u00c9liminatoire CAN Maroc 2025: Brama Traor\u00e9 d\u00e9voile sa liste pour affronter le S\u00e9n\u00e9gal et le Malawi - Vox Sahel\" \/>\n<meta property=\"og:description\" content=\"Herv\u00e9 Koffi de retour, Aziz Ki absent \u00c0 quelques jours des prochaines \u00e9ch\u00e9ances de qualification\" \/>\n<meta property=\"og:url\" content=\"https:\/\/voxsahel.com\/?p=782\" \/>\n<meta property=\"og:site_name\" content=\"Vox Sahel\" \/>\n<meta property=\"article:publisher\" content=\"https:\/\/www.facebook.com\/journal.voxsahel\" \/>\n<meta property=\"article:published_time\" content=\"2024-11-04T16:24:51+00:00\" \/>\n<meta property=\"og:image\" content=\"https:\/\/voxsahel.com\/wp-content\/uploads\/2024\/11\/IMG_6044.jpeg\" \/>\n\t<meta property=\"og:image:width\" content=\"960\" \/>\n\t<meta property=\"og:image:height\" content=\"632\" \/>\n\t<meta property=\"og:image:type\" content=\"image\/jpeg\" \/>\n<meta name=\"author\" content=\"Vox Sahel\" \/>\n<meta name=\"twitter:card\" content=\"summary_large_image\" \/>\n<meta name=\"twitter:label1\" content=\"\u00c9crit par\" \/>\n\t<meta name=\"twitter:data1\" content=\"Vox Sahel\" \/>\n\t<meta name=\"twitter:label2\" content=\"Dur\u00e9e de lecture estim\u00e9e\" \/>\n\t<meta name=\"twitter:data2\" content=\"4 minutes\" \/>\n<script type=\"application\/ld+json\" class=\"yoast-schema-graph\">{\"@context\":\"https:\\\/\\\/schema.org\",\"@graph\":[{\"@type\":\"Article\",\"@id\":\"https:\\\/\\\/voxsahel.com\\\/?p=782#article\",\"isPartOf\":{\"@id\":\"https:\\\/\\\/voxsahel.com\\\/?p=782\"},\"author\":{\"name\":\"Vox Sahel\",\"@id\":\"https:\\\/\\\/voxsahel.com\\\/#\\\/schema\\\/person\\\/b4043608248f8fa227cd760e7ff1e19e\"},\"headline\":\"\u00c9liminatoire CAN Maroc 2025: Brama Traor\u00e9 d\u00e9voile sa liste pour affronter le S\u00e9n\u00e9gal et le Malawi\",\"datePublished\":\"2024-11-04T16:24:51+00:00\",\"mainEntityOfPage\":{\"@id\":\"https:\\\/\\\/voxsahel.com\\\/?p=782\"},\"wordCount\":637,\"commentCount\":0,\"publisher\":{\"@id\":\"https:\\\/\\\/voxsahel.com\\\/#organization\"},\"image\":{\"@id\":\"https:\\\/\\\/voxsahel.com\\\/?p=782#primaryimage\"},\"thumbnailUrl\":\"https:\\\/\\\/voxsahel.com\\\/wp-content\\\/uploads\\\/2024\\\/11\\\/IMG_6044.jpeg\",\"keywords\":[\"Burkina Faso\",\"CAN\",\"CAN Maroc 2025\",\"Coupe d\u2019Afrique des nations\",\"Etalons\",\"F\u00e9d\u00e9ration Burkinab\u00e8 de Football\",\"Football\",\"Malawi\",\"S\u00e9n\u00e9gal\"],\"articleSection\":[\"SPORTS\"],\"inLanguage\":\"fr-FR\",\"potentialAction\":[{\"@type\":\"CommentAction\",\"name\":\"Comment\",\"target\":[\"https:\\\/\\\/voxsahel.com\\\/?p=782#respond\"]}]},{\"@type\":\"WebPage\",\"@id\":\"https:\\\/\\\/voxsahel.com\\\/?p=782\",\"url\":\"https:\\\/\\\/voxsahel.com\\\/?p=782\",\"name\":\"\u00c9liminatoire CAN Maroc 2025: Brama Traor\u00e9 d\u00e9voile sa liste pour affronter le S\u00e9n\u00e9gal et le Malawi - Vox Sahel\",\"isPartOf\":{\"@id\":\"https:\\\/\\\/voxsahel.com\\\/#website\"},\"primaryImageOfPage\":{\"@id\":\"https:\\\/\\\/voxsahel.com\\\/?p=782#primaryimage\"},\"image\":{\"@id\":\"https:\\\/\\\/voxsahel.com\\\/?p=782#primaryimage\"},\"thumbnailUrl\":\"https:\\\/\\\/voxsahel.com\\\/wp-content\\\/uploads\\\/2024\\\/11\\\/IMG_6044.jpeg\",\"datePublished\":\"2024-11-04T16:24:51+00:00\",\"breadcrumb\":{\"@id\":\"https:\\\/\\\/voxsahel.com\\\/?p=782#breadcrumb\"},\"inLanguage\":\"fr-FR\",\"potentialAction\":[{\"@type\":\"ReadAction\",\"target\":[\"https:\\\/\\\/voxsahel.com\\\/?p=782\"]}]},{\"@type\":\"ImageObject\",\"inLanguage\":\"fr-FR\",\"@id\":\"https:\\\/\\\/voxsahel.com\\\/?p=782#primaryimage\",\"url\":\"https:\\\/\\\/voxsahel.com\\\/wp-content\\\/uploads\\\/2024\\\/11\\\/IMG_6044.jpeg\",\"contentUrl\":\"https:\\\/\\\/voxsahel.com\\\/wp-content\\\/uploads\\\/2024\\\/11\\\/IMG_6044.jpeg\",\"width\":960,\"height\":632},{\"@type\":\"BreadcrumbList\",\"@id\":\"https:\\\/\\\/voxsahel.com\\\/?p=782#breadcrumb\",\"itemListElement\":[{\"@type\":\"ListItem\",\"position\":1,\"name\":\"Home\",\"item\":\"https:\\\/\\\/voxsahel.com\\\/\"},{\"@type\":\"ListItem\",\"position\":2,\"name\":\"\u00c9liminatoire CAN Maroc 2025: Brama Traor\u00e9 d\u00e9voile sa liste pour affronter le S\u00e9n\u00e9gal et le Malawi\"}]},{\"@type\":\"WebSite\",\"@id\":\"https:\\\/\\\/voxsahel.com\\\/#website\",\"url\":\"https:\\\/\\\/voxsahel.com\\\/\",\"name\":\"Vox Sahel\",\"description\":\"Informez-vous sur le Sahel en un clic\",\"publisher\":{\"@id\":\"https:\\\/\\\/voxsahel.com\\\/#organization\"},\"potentialAction\":[{\"@type\":\"SearchAction\",\"target\":{\"@type\":\"EntryPoint\",\"urlTemplate\":\"https:\\\/\\\/voxsahel.com\\\/?s={search_term_string}\"},\"query-input\":{\"@type\":\"PropertyValueSpecification\",\"valueRequired\":true,\"valueName\":\"search_term_string\"}}],\"inLanguage\":\"fr-FR\"},{\"@type\":\"Organization\",\"@id\":\"https:\\\/\\\/voxsahel.com\\\/#organization\",\"name\":\"Vox Sahel\",\"url\":\"https:\\\/\\\/voxsahel.com\\\/\",\"logo\":{\"@type\":\"ImageObject\",\"inLanguage\":\"fr-FR\",\"@id\":\"https:\\\/\\\/voxsahel.com\\\/#\\\/schema\\\/logo\\\/image\\\/\",\"url\":\"https:\\\/\\\/voxsahel.com\\\/wp-content\\\/uploads\\\/2024\\\/09\\\/Logo-Vox-Sahel.jpg\",\"contentUrl\":\"https:\\\/\\\/voxsahel.com\\\/wp-content\\\/uploads\\\/2024\\\/09\\\/Logo-Vox-Sahel.jpg\",\"width\":1181,\"height\":848,\"caption\":\"Vox Sahel\"},\"image\":{\"@id\":\"https:\\\/\\\/voxsahel.com\\\/#\\\/schema\\\/logo\\\/image\\\/\"},\"sameAs\":[\"https:\\\/\\\/www.facebook.com\\\/journal.voxsahel\"]},{\"@type\":\"Person\",\"@id\":\"https:\\\/\\\/voxsahel.com\\\/#\\\/schema\\\/person\\\/b4043608248f8fa227cd760e7ff1e19e\",\"name\":\"Vox Sahel\",\"image\":{\"@type\":\"ImageObject\",\"inLanguage\":\"fr-FR\",\"@id\":\"https:\\\/\\\/secure.gravatar.com\\\/avatar\\\/f70e7fa0cb9b29d4a7c5788d6eb2e9ab4d3135cbae1c9161810fdf77a8964699?s=96&d=mm&r=g\",\"url\":\"https:\\\/\\\/secure.gravatar.com\\\/avatar\\\/f70e7fa0cb9b29d4a7c5788d6eb2e9ab4d3135cbae1c9161810fdf77a8964699?s=96&d=mm&r=g\",\"contentUrl\":\"https:\\\/\\\/secure.gravatar.com\\\/avatar\\\/f70e7fa0cb9b29d4a7c5788d6eb2e9ab4d3135cbae1c9161810fdf77a8964699?s=96&d=mm&r=g\",\"caption\":\"Vox Sahel\"},\"sameAs\":[\"http:\\\/\\\/www.voxsahel.com\"],\"url\":\"https:\\\/\\\/voxsahel.com\\\/?author=2\"}]}<\/script>\n<!-- \/ Yoast SEO plugin. -->","yoast_head_json":{"title":"\u00c9liminatoire CAN Maroc 2025: Brama Traor\u00e9 d\u00e9voile sa liste pour affronter le S\u00e9n\u00e9gal et le Malawi - Vox Sahel","robots":{"index":"index","follow":"follow","max-snippet":"max-snippet:-1","max-image-preview":"max-image-preview:large","max-video-preview":"max-video-preview:-1"},"canonical":"https:\/\/voxsahel.com\/?p=782","og_locale":"fr_FR","og_type":"article","og_title":"\u00c9liminatoire CAN Maroc 2025: Brama Traor\u00e9 d\u00e9voile sa liste pour affronter le S\u00e9n\u00e9gal et le Malawi - Vox Sahel","og_description":"Herv\u00e9 Koffi de retour, Aziz Ki absent \u00c0 quelques jours des prochaines \u00e9ch\u00e9ances de qualification","og_url":"https:\/\/voxsahel.com\/?p=782","og_site_name":"Vox Sahel","article_publisher":"https:\/\/www.facebook.com\/journal.voxsahel","article_published_time":"2024-11-04T16:24:51+00:00","og_image":[{"width":960,"height":632,"url":"https:\/\/voxsahel.com\/wp-content\/uploads\/2024\/11\/IMG_6044.jpeg","type":"image\/jpeg"}],"author":"Vox Sahel","twitter_card":"summary_large_image","twitter_misc":{"\u00c9crit par":"Vox Sahel","Dur\u00e9e de lecture estim\u00e9e":"4 minutes"},"schema":{"@context":"https:\/\/schema.org","@graph":[{"@type":"Article","@id":"https:\/\/voxsahel.com\/?p=782#article","isPartOf":{"@id":"https:\/\/voxsahel.com\/?p=782"},"author":{"name":"Vox Sahel","@id":"https:\/\/voxsahel.com\/#\/schema\/person\/b4043608248f8fa227cd760e7ff1e19e"},"headline":"\u00c9liminatoire CAN Maroc 2025: Brama Traor\u00e9 d\u00e9voile sa liste pour affronter le S\u00e9n\u00e9gal et le Malawi","datePublished":"2024-11-04T16:24:51+00:00","mainEntityOfPage":{"@id":"https:\/\/voxsahel.com\/?p=782"},"wordCount":637,"commentCount":0,"publisher":{"@id":"https:\/\/voxsahel.com\/#organization"},"image":{"@id":"https:\/\/voxsahel.com\/?p=782#primaryimage"},"thumbnailUrl":"https:\/\/voxsahel.com\/wp-content\/uploads\/2024\/11\/IMG_6044.jpeg","keywords":["Burkina Faso","CAN","CAN Maroc 2025","Coupe d\u2019Afrique des nations","Etalons","F\u00e9d\u00e9ration Burkinab\u00e8 de Football","Football","Malawi","S\u00e9n\u00e9gal"],"articleSection":["SPORTS"],"inLanguage":"fr-FR","potentialAction":[{"@type":"CommentAction","name":"Comment","target":["https:\/\/voxsahel.com\/?p=782#respond"]}]},{"@type":"WebPage","@id":"https:\/\/voxsahel.com\/?p=782","url":"https:\/\/voxsahel.com\/?p=782","name":"\u00c9liminatoire CAN Maroc 2025: Brama Traor\u00e9 d\u00e9voile sa liste pour affronter le S\u00e9n\u00e9gal et le Malawi - Vox Sahel","isPartOf":{"@id":"https:\/\/voxsahel.com\/#website"},"primaryImageOfPage":{"@id":"https:\/\/voxsahel.com\/?p=782#primaryimage"},"image":{"@id":"https:\/\/voxsahel.com\/?p=782#primaryimage"},"thumbnailUrl":"https:\/\/voxsahel.com\/wp-content\/uploads\/2024\/11\/IMG_6044.jpeg","datePublished":"2024-11-04T16:24:51+00:00","breadcrumb":{"@id":"https:\/\/voxsahel.com\/?p=782#breadcrumb"},"inLanguage":"fr-FR","potentialAction":[{"@type":"ReadAction","target":["https:\/\/voxsahel.com\/?p=782"]}]},{"@type":"ImageObject","inLanguage":"fr-FR","@id":"https:\/\/voxsahel.com\/?p=782#primaryimage","url":"https:\/\/voxsahel.com\/wp-content\/uploads\/2024\/11\/IMG_6044.jpeg","contentUrl":"https:\/\/voxsahel.com\/wp-content\/uploads\/2024\/11\/IMG_6044.jpeg","width":960,"height":632},{"@type":"BreadcrumbList","@id":"https:\/\/voxsahel.com\/?p=782#breadcrumb","itemListElement":[{"@type":"ListItem","position":1,"name":"Home","item":"https:\/\/voxsahel.com\/"},{"@type":"ListItem","position":2,"name":"\u00c9liminatoire CAN Maroc 2025: Brama Traor\u00e9 d\u00e9voile sa liste pour affronter le S\u00e9n\u00e9gal et le Malawi"}]},{"@type":"WebSite","@id":"https:\/\/voxsahel.com\/#website","url":"https:\/\/voxsahel.com\/","name":"Vox Sahel","description":"Informez-vous sur le Sahel en un clic","publisher":{"@id":"https:\/\/voxsahel.com\/#organization"},"potentialAction":[{"@type":"SearchAction","target":{"@type":"EntryPoint","urlTemplate":"https:\/\/voxsahel.com\/?s={search_term_string}"},"query-input":{"@type":"PropertyValueSpecification","valueRequired":true,"valueName":"search_term_string"}}],"inLanguage":"fr-FR"},{"@type":"Organization","@id":"https:\/\/voxsahel.com\/#organization","name":"Vox Sahel","url":"https:\/\/voxsahel.com\/","logo":{"@type":"ImageObject","inLanguage":"fr-FR","@id":"https:\/\/voxsahel.com\/#\/schema\/logo\/image\/","url":"https:\/\/voxsahel.com\/wp-content\/uploads\/2024\/09\/Logo-Vox-Sahel.jpg","contentUrl":"https:\/\/voxsahel.com\/wp-content\/uploads\/2024\/09\/Logo-Vox-Sahel.jpg","width":1181,"height":848,"caption":"Vox Sahel"},"image":{"@id":"https:\/\/voxsahel.com\/#\/schema\/logo\/image\/"},"sameAs":["https:\/\/www.facebook.com\/journal.voxsahel"]},{"@type":"Person","@id":"https:\/\/voxsahel.com\/#\/schema\/person\/b4043608248f8fa227cd760e7ff1e19e","name":"Vox Sahel","image":{"@type":"ImageObject","inLanguage":"fr-FR","@id":"https:\/\/secure.gravatar.com\/avatar\/f70e7fa0cb9b29d4a7c5788d6eb2e9ab4d3135cbae1c9161810fdf77a8964699?s=96&d=mm&r=g","url":"https:\/\/secure.gravatar.com\/avatar\/f70e7fa0cb9b29d4a7c5788d6eb2e9ab4d3135cbae1c9161810fdf77a8964699?s=96&d=mm&r=g","contentUrl":"https:\/\/secure.gravatar.com\/avatar\/f70e7fa0cb9b29d4a7c5788d6eb2e9ab4d3135cbae1c9161810fdf77a8964699?s=96&d=mm&r=g","caption":"Vox Sahel"},"sameAs":["http:\/\/www.voxsahel.com"],"url":"https:\/\/voxsahel.com\/?author=2"}]}},"_links":{"self":[{"href":"https:\/\/voxsahel.com\/index.php?rest_route=\/wp\/v2\/posts\/782","targetHints":{"allow":["GET"]}}],"collection":[{"href":"https:\/\/voxsahel.com\/index.php?rest_route=\/wp\/v2\/posts"}],"about":[{"href":"https:\/\/voxsahel.com\/index.php?rest_route=\/wp\/v2\/types\/post"}],"author":[{"embeddable":true,"href":"https:\/\/voxsahel.com\/index.php?rest_route=\/wp\/v2\/users\/2"}],"replies":[{"embeddable":true,"href":"https:\/\/voxsahel.com\/index.php?rest_route=%2Fwp%2Fv2%2Fcomments&post=782"}],"version-history":[{"count":1,"href":"https:\/\/voxsahel.com\/index.php?rest_route=\/wp\/v2\/posts\/782\/revisions"}],"predecessor-version":[{"id":784,"href":"https:\/\/voxsahel.com\/index.php?rest_route=\/wp\/v2\/posts\/782\/revisions\/784"}],"wp:featuredmedia":[{"embeddable":true,"href":"https:\/\/voxsahel.com\/index.php?rest_route=\/wp\/v2\/media\/783"}],"wp:attachment":[{"href":"https:\/\/voxsahel.com\/index.php?rest_route=%2Fwp%2Fv2%2Fmedia&parent=782"}],"wp:term":[{"taxonomy":"category","embeddable":true,"href":"https:\/\/voxsahel.com\/index.php?rest_route=%2Fwp%2Fv2%2Fcategories&post=782"},{"taxonomy":"post_tag","embeddable":true,"href":"https:\/\/voxsahel.com\/index.php?rest_route=%2Fwp%2Fv2%2Ftags&post=782"}],"curies":[{"name":"wp","href":"https:\/\/api.w.org\/{rel}","templated":true}]}}