{"id":776,"date":"2024-11-03T19:57:07","date_gmt":"2024-11-03T19:57:07","guid":{"rendered":"https:\/\/voxsahel.com\/?p=776"},"modified":"2024-11-03T19:57:07","modified_gmt":"2024-11-03T19:57:07","slug":"usa-le-professeur-burkinabe-boukary-sawadogo-prend-la-chaire-katz-en-sciences-humaines-et-arts-au-city-college-de-new-york","status":"publish","type":"post","link":"https:\/\/voxsahel.com\/?p=776","title":{"rendered":"USA : Le professeur burkinab\u00e8 Boukary Sawadogo prend la Chaire Katz en Sciences humaines et Arts au City College de New York"},"content":{"rendered":"<p class=\"p1\"><span class=\"s1\">Pour l&rsquo;ann\u00e9e universitaire 2024-2025, le professeur Boukary Sawadogo, sp\u00e9cialiste burkinab\u00e8 en cin\u00e9ma et \u00e9tudes africaines, occupe d\u00e9sormais la prestigieuse chaire Katz en Sciences humaines et Arts \u00e0 City College of New York (CCNY) &#8211; Universit\u00e9 de la ville de New York (CUNY). Cette nomination vient couronner un parcours exemplaire, marqu\u00e9 par une contribution significative au programme des \u00e9tudes africaines et afro-am\u00e9ricaines de l&rsquo;universit\u00e9, o\u00f9 il avait \u00e9t\u00e9 prim\u00e9 comme \u00ab meilleur enseignant \u00bb en 2022.<\/span><\/p>\n<p class=\"p1\"><span class=\"s1\">La c\u00e9r\u00e9monie d&rsquo;installation officielle de Boukary Sawadogo s&rsquo;est tenue le 29 octobre dernier en pr\u00e9sence d&rsquo;\u00e9minentes universitaires, ainsi que de ses compatriotes, parmi lesquels la Consule g\u00e9n\u00e9rale du Burkina Faso \u00e0 New York, Mme Estelle Segda\/Gango, et le Vice-consul g\u00e9n\u00e9ral, M. Toussaint Taro. Cette distinction reconna\u00eet non seulement son expertise acad\u00e9mique mais aussi ses recherches novatrices dans le domaine du cin\u00e9ma africain, un secteur encore peu explor\u00e9 et en pleine expansion.<\/span><\/p>\n<p class=\"p1\"><span class=\"s1\">Le professeur Sawadogo est connu pour ses travaux approfondis sur le cin\u00e9ma africain, et sa nomination \u00e0 la chaire Katz est un t\u00e9moignage de son engagement envers la promotion des cultures africaines au-del\u00e0 du continent. Durant son mandat, il d\u00e9veloppe un projet de recherche d\u00e9di\u00e9 au cin\u00e9ma d&rsquo;animation africain, un domaine dynamique qui conna\u00eet une croissance rapide sur la sc\u00e8ne mondiale. De plus, il pr\u00e9voit d&rsquo;organiser un \u00e9v\u00e9nement public \u00e0 New York pour sensibiliser et promouvoir l&rsquo;industrie culturelle et cr\u00e9ative africaine.<\/span><\/p>\n<p class=\"p1\"><span class=\"s1\">\u00c0 travers ses initiatives et recherches, le professeur Sawadogo vise \u00e0 renforcer les liens entre les cultures africaines et am\u00e9ricaines, contribuant \u00e0 une meilleure compr\u00e9hension des dynamiques culturelles et sociales des communaut\u00e9s africaines \u00e0 l&rsquo;\u00e9chelle mondiale. Cette nomination incarne un jalon pour la diaspora burkinab\u00e8 aux \u00c9tats-Unis, qui voit en lui un mod\u00e8le de r\u00e9ussite et d&rsquo;influence positive.<\/span><\/p>\n<p class=\"p1\"><span class=\"s1\">Originaire du Burkina Faso, le professeur Sawadogo s&rsquo;est sp\u00e9cialis\u00e9 dans le domaine du cin\u00e9ma africain, notamment \u00e0 travers une approche qui valorise les histoires, les r\u00e9cits et les perspectives uniques des cin\u00e9astes africains. En tant qu&rsquo;enseignant, il a jou\u00e9 un r\u00f4le essentiel dans l&rsquo;\u00e9volution des Black Studies au CCNY, transform\u00e9es r\u00e9cemment en un d\u00e9partement complet. Par cette nomination, il ouvre la voie \u00e0 une nouvelle g\u00e9n\u00e9ration d&rsquo;universitaires africains engag\u00e9s \u00e0 explorer et faire rayonner les cultures africaines \u00e0 travers le monde.<\/span><\/p>\n<p class=\"p1\"><span class=\"s1\">Cette reconnaissance du City College of New York atteste du r\u00f4le de plus en plus crucial que jouent les acad\u00e9miciens africains dans la red\u00e9finition des \u00e9tudes culturelles et dans la promotion d&rsquo;une vision plus inclusive du monde.<\/span><\/p>\n<p style=\"text-align: right;\"><b>Par Vox Sahel<\/b><\/p>\n","protected":false},"excerpt":{"rendered":"<p>Pour l&rsquo;ann\u00e9e universitaire 2024-2025, le professeur Boukary Sawadogo, sp\u00e9cialiste burkinab\u00e8 en cin\u00e9ma et \u00e9tudes africaines,<\/p>\n","protected":false},"author":2,"featured_media":777,"comment_status":"open","ping_status":"open","sticky":false,"template":"","format":"standard","meta":{"_et_pb_use_builder":"","_et_pb_old_content":"","_et_gb_content_width":"","footnotes":""},"categories":[15],"tags":[18,410,362,98,409,315,97],"class_list":["post-776","post","type-post","status-publish","format-standard","has-post-thumbnail","hentry","category-international","tag-burkina-faso","tag-city-college-of-new-york","tag-diaspora","tag-etats-unis","tag-new-york","tag-universite","tag-usa"],"yoast_head":"<!-- This site is optimized with the Yoast SEO plugin v27.5 - https:\/\/yoast.com\/product\/yoast-seo-wordpress\/ -->\n<title>USA : Le professeur burkinab\u00e8 Boukary Sawadogo prend la Chaire Katz en Sciences humaines et Arts au City College de New York - Vox Sahel<\/title>\n<meta name=\"robots\" content=\"index, follow, max-snippet:-1, max-image-preview:large, max-video-preview:-1\" \/>\n<link rel=\"canonical\" href=\"https:\/\/voxsahel.com\/?p=776\" \/>\n<meta property=\"og:locale\" content=\"fr_FR\" \/>\n<meta property=\"og:type\" content=\"article\" \/>\n<meta property=\"og:title\" content=\"USA : Le professeur burkinab\u00e8 Boukary Sawadogo prend la Chaire Katz en Sciences humaines et Arts au City College de New York - Vox Sahel\" \/>\n<meta property=\"og:description\" content=\"Pour l&rsquo;ann\u00e9e universitaire 2024-2025, le professeur Boukary Sawadogo, sp\u00e9cialiste burkinab\u00e8 en cin\u00e9ma et \u00e9tudes africaines,\" \/>\n<meta property=\"og:url\" content=\"https:\/\/voxsahel.com\/?p=776\" \/>\n<meta property=\"og:site_name\" content=\"Vox Sahel\" \/>\n<meta property=\"article:publisher\" content=\"https:\/\/www.facebook.com\/journal.voxsahel\" \/>\n<meta property=\"article:published_time\" content=\"2024-11-03T19:57:07+00:00\" \/>\n<meta property=\"og:image\" content=\"https:\/\/voxsahel.com\/wp-content\/uploads\/2024\/11\/IMG_5749.jpeg\" \/>\n\t<meta property=\"og:image:width\" content=\"1200\" \/>\n\t<meta property=\"og:image:height\" content=\"800\" \/>\n\t<meta property=\"og:image:type\" content=\"image\/jpeg\" \/>\n<meta name=\"author\" content=\"Vox Sahel\" \/>\n<meta name=\"twitter:card\" content=\"summary_large_image\" \/>\n<meta name=\"twitter:label1\" content=\"\u00c9crit par\" \/>\n\t<meta name=\"twitter:data1\" content=\"Vox Sahel\" \/>\n\t<meta name=\"twitter:label2\" content=\"Dur\u00e9e de lecture estim\u00e9e\" \/>\n\t<meta name=\"twitter:data2\" content=\"3 minutes\" \/>\n<script type=\"application\/ld+json\" class=\"yoast-schema-graph\">{\"@context\":\"https:\\\/\\\/schema.org\",\"@graph\":[{\"@type\":\"Article\",\"@id\":\"https:\\\/\\\/voxsahel.com\\\/?p=776#article\",\"isPartOf\":{\"@id\":\"https:\\\/\\\/voxsahel.com\\\/?p=776\"},\"author\":{\"name\":\"Vox Sahel\",\"@id\":\"https:\\\/\\\/voxsahel.com\\\/#\\\/schema\\\/person\\\/b4043608248f8fa227cd760e7ff1e19e\"},\"headline\":\"USA : Le professeur burkinab\u00e8 Boukary Sawadogo prend la Chaire Katz en Sciences humaines et Arts au City College de New York\",\"datePublished\":\"2024-11-03T19:57:07+00:00\",\"mainEntityOfPage\":{\"@id\":\"https:\\\/\\\/voxsahel.com\\\/?p=776\"},\"wordCount\":471,\"commentCount\":0,\"publisher\":{\"@id\":\"https:\\\/\\\/voxsahel.com\\\/#organization\"},\"image\":{\"@id\":\"https:\\\/\\\/voxsahel.com\\\/?p=776#primaryimage\"},\"thumbnailUrl\":\"https:\\\/\\\/voxsahel.com\\\/wp-content\\\/uploads\\\/2024\\\/11\\\/IMG_5749.jpeg\",\"keywords\":[\"Burkina Faso\",\"City College of New York\",\"Diaspora\",\"Etats-Unis\",\"New York\",\"Universit\u00e9\",\"USA\"],\"articleSection\":[\"INTERNATIONAL\"],\"inLanguage\":\"fr-FR\",\"potentialAction\":[{\"@type\":\"CommentAction\",\"name\":\"Comment\",\"target\":[\"https:\\\/\\\/voxsahel.com\\\/?p=776#respond\"]}]},{\"@type\":\"WebPage\",\"@id\":\"https:\\\/\\\/voxsahel.com\\\/?p=776\",\"url\":\"https:\\\/\\\/voxsahel.com\\\/?p=776\",\"name\":\"USA : Le professeur burkinab\u00e8 Boukary Sawadogo prend la Chaire Katz en Sciences humaines et Arts au City College de New York - Vox Sahel\",\"isPartOf\":{\"@id\":\"https:\\\/\\\/voxsahel.com\\\/#website\"},\"primaryImageOfPage\":{\"@id\":\"https:\\\/\\\/voxsahel.com\\\/?p=776#primaryimage\"},\"image\":{\"@id\":\"https:\\\/\\\/voxsahel.com\\\/?p=776#primaryimage\"},\"thumbnailUrl\":\"https:\\\/\\\/voxsahel.com\\\/wp-content\\\/uploads\\\/2024\\\/11\\\/IMG_5749.jpeg\",\"datePublished\":\"2024-11-03T19:57:07+00:00\",\"breadcrumb\":{\"@id\":\"https:\\\/\\\/voxsahel.com\\\/?p=776#breadcrumb\"},\"inLanguage\":\"fr-FR\",\"potentialAction\":[{\"@type\":\"ReadAction\",\"target\":[\"https:\\\/\\\/voxsahel.com\\\/?p=776\"]}]},{\"@type\":\"ImageObject\",\"inLanguage\":\"fr-FR\",\"@id\":\"https:\\\/\\\/voxsahel.com\\\/?p=776#primaryimage\",\"url\":\"https:\\\/\\\/voxsahel.com\\\/wp-content\\\/uploads\\\/2024\\\/11\\\/IMG_5749.jpeg\",\"contentUrl\":\"https:\\\/\\\/voxsahel.com\\\/wp-content\\\/uploads\\\/2024\\\/11\\\/IMG_5749.jpeg\",\"width\":1200,\"height\":800},{\"@type\":\"BreadcrumbList\",\"@id\":\"https:\\\/\\\/voxsahel.com\\\/?p=776#breadcrumb\",\"itemListElement\":[{\"@type\":\"ListItem\",\"position\":1,\"name\":\"Home\",\"item\":\"https:\\\/\\\/voxsahel.com\\\/\"},{\"@type\":\"ListItem\",\"position\":2,\"name\":\"USA : Le professeur burkinab\u00e8 Boukary Sawadogo prend la Chaire Katz en Sciences humaines et Arts au City College de New York\"}]},{\"@type\":\"WebSite\",\"@id\":\"https:\\\/\\\/voxsahel.com\\\/#website\",\"url\":\"https:\\\/\\\/voxsahel.com\\\/\",\"name\":\"Vox Sahel\",\"description\":\"Informez-vous sur le Sahel en un clic\",\"publisher\":{\"@id\":\"https:\\\/\\\/voxsahel.com\\\/#organization\"},\"potentialAction\":[{\"@type\":\"SearchAction\",\"target\":{\"@type\":\"EntryPoint\",\"urlTemplate\":\"https:\\\/\\\/voxsahel.com\\\/?s={search_term_string}\"},\"query-input\":{\"@type\":\"PropertyValueSpecification\",\"valueRequired\":true,\"valueName\":\"search_term_string\"}}],\"inLanguage\":\"fr-FR\"},{\"@type\":\"Organization\",\"@id\":\"https:\\\/\\\/voxsahel.com\\\/#organization\",\"name\":\"Vox Sahel\",\"url\":\"https:\\\/\\\/voxsahel.com\\\/\",\"logo\":{\"@type\":\"ImageObject\",\"inLanguage\":\"fr-FR\",\"@id\":\"https:\\\/\\\/voxsahel.com\\\/#\\\/schema\\\/logo\\\/image\\\/\",\"url\":\"https:\\\/\\\/voxsahel.com\\\/wp-content\\\/uploads\\\/2024\\\/09\\\/Logo-Vox-Sahel.jpg\",\"contentUrl\":\"https:\\\/\\\/voxsahel.com\\\/wp-content\\\/uploads\\\/2024\\\/09\\\/Logo-Vox-Sahel.jpg\",\"width\":1181,\"height\":848,\"caption\":\"Vox Sahel\"},\"image\":{\"@id\":\"https:\\\/\\\/voxsahel.com\\\/#\\\/schema\\\/logo\\\/image\\\/\"},\"sameAs\":[\"https:\\\/\\\/www.facebook.com\\\/journal.voxsahel\"]},{\"@type\":\"Person\",\"@id\":\"https:\\\/\\\/voxsahel.com\\\/#\\\/schema\\\/person\\\/b4043608248f8fa227cd760e7ff1e19e\",\"name\":\"Vox Sahel\",\"image\":{\"@type\":\"ImageObject\",\"inLanguage\":\"fr-FR\",\"@id\":\"https:\\\/\\\/secure.gravatar.com\\\/avatar\\\/f70e7fa0cb9b29d4a7c5788d6eb2e9ab4d3135cbae1c9161810fdf77a8964699?s=96&d=mm&r=g\",\"url\":\"https:\\\/\\\/secure.gravatar.com\\\/avatar\\\/f70e7fa0cb9b29d4a7c5788d6eb2e9ab4d3135cbae1c9161810fdf77a8964699?s=96&d=mm&r=g\",\"contentUrl\":\"https:\\\/\\\/secure.gravatar.com\\\/avatar\\\/f70e7fa0cb9b29d4a7c5788d6eb2e9ab4d3135cbae1c9161810fdf77a8964699?s=96&d=mm&r=g\",\"caption\":\"Vox Sahel\"},\"sameAs\":[\"http:\\\/\\\/www.voxsahel.com\"],\"url\":\"https:\\\/\\\/voxsahel.com\\\/?author=2\"}]}<\/script>\n<!-- \/ Yoast SEO plugin. -->","yoast_head_json":{"title":"USA : Le professeur burkinab\u00e8 Boukary Sawadogo prend la Chaire Katz en Sciences humaines et Arts au City College de New York - Vox Sahel","robots":{"index":"index","follow":"follow","max-snippet":"max-snippet:-1","max-image-preview":"max-image-preview:large","max-video-preview":"max-video-preview:-1"},"canonical":"https:\/\/voxsahel.com\/?p=776","og_locale":"fr_FR","og_type":"article","og_title":"USA : Le professeur burkinab\u00e8 Boukary Sawadogo prend la Chaire Katz en Sciences humaines et Arts au City College de New York - Vox Sahel","og_description":"Pour l&rsquo;ann\u00e9e universitaire 2024-2025, le professeur Boukary Sawadogo, sp\u00e9cialiste burkinab\u00e8 en cin\u00e9ma et \u00e9tudes africaines,","og_url":"https:\/\/voxsahel.com\/?p=776","og_site_name":"Vox Sahel","article_publisher":"https:\/\/www.facebook.com\/journal.voxsahel","article_published_time":"2024-11-03T19:57:07+00:00","og_image":[{"width":1200,"height":800,"url":"https:\/\/voxsahel.com\/wp-content\/uploads\/2024\/11\/IMG_5749.jpeg","type":"image\/jpeg"}],"author":"Vox Sahel","twitter_card":"summary_large_image","twitter_misc":{"\u00c9crit par":"Vox Sahel","Dur\u00e9e de lecture estim\u00e9e":"3 minutes"},"schema":{"@context":"https:\/\/schema.org","@graph":[{"@type":"Article","@id":"https:\/\/voxsahel.com\/?p=776#article","isPartOf":{"@id":"https:\/\/voxsahel.com\/?p=776"},"author":{"name":"Vox Sahel","@id":"https:\/\/voxsahel.com\/#\/schema\/person\/b4043608248f8fa227cd760e7ff1e19e"},"headline":"USA : Le professeur burkinab\u00e8 Boukary Sawadogo prend la Chaire Katz en Sciences humaines et Arts au City College de New York","datePublished":"2024-11-03T19:57:07+00:00","mainEntityOfPage":{"@id":"https:\/\/voxsahel.com\/?p=776"},"wordCount":471,"commentCount":0,"publisher":{"@id":"https:\/\/voxsahel.com\/#organization"},"image":{"@id":"https:\/\/voxsahel.com\/?p=776#primaryimage"},"thumbnailUrl":"https:\/\/voxsahel.com\/wp-content\/uploads\/2024\/11\/IMG_5749.jpeg","keywords":["Burkina Faso","City College of New York","Diaspora","Etats-Unis","New York","Universit\u00e9","USA"],"articleSection":["INTERNATIONAL"],"inLanguage":"fr-FR","potentialAction":[{"@type":"CommentAction","name":"Comment","target":["https:\/\/voxsahel.com\/?p=776#respond"]}]},{"@type":"WebPage","@id":"https:\/\/voxsahel.com\/?p=776","url":"https:\/\/voxsahel.com\/?p=776","name":"USA : Le professeur burkinab\u00e8 Boukary Sawadogo prend la Chaire Katz en Sciences humaines et Arts au City College de New York - Vox Sahel","isPartOf":{"@id":"https:\/\/voxsahel.com\/#website"},"primaryImageOfPage":{"@id":"https:\/\/voxsahel.com\/?p=776#primaryimage"},"image":{"@id":"https:\/\/voxsahel.com\/?p=776#primaryimage"},"thumbnailUrl":"https:\/\/voxsahel.com\/wp-content\/uploads\/2024\/11\/IMG_5749.jpeg","datePublished":"2024-11-03T19:57:07+00:00","breadcrumb":{"@id":"https:\/\/voxsahel.com\/?p=776#breadcrumb"},"inLanguage":"fr-FR","potentialAction":[{"@type":"ReadAction","target":["https:\/\/voxsahel.com\/?p=776"]}]},{"@type":"ImageObject","inLanguage":"fr-FR","@id":"https:\/\/voxsahel.com\/?p=776#primaryimage","url":"https:\/\/voxsahel.com\/wp-content\/uploads\/2024\/11\/IMG_5749.jpeg","contentUrl":"https:\/\/voxsahel.com\/wp-content\/uploads\/2024\/11\/IMG_5749.jpeg","width":1200,"height":800},{"@type":"BreadcrumbList","@id":"https:\/\/voxsahel.com\/?p=776#breadcrumb","itemListElement":[{"@type":"ListItem","position":1,"name":"Home","item":"https:\/\/voxsahel.com\/"},{"@type":"ListItem","position":2,"name":"USA : Le professeur burkinab\u00e8 Boukary Sawadogo prend la Chaire Katz en Sciences humaines et Arts au City College de New York"}]},{"@type":"WebSite","@id":"https:\/\/voxsahel.com\/#website","url":"https:\/\/voxsahel.com\/","name":"Vox Sahel","description":"Informez-vous sur le Sahel en un clic","publisher":{"@id":"https:\/\/voxsahel.com\/#organization"},"potentialAction":[{"@type":"SearchAction","target":{"@type":"EntryPoint","urlTemplate":"https:\/\/voxsahel.com\/?s={search_term_string}"},"query-input":{"@type":"PropertyValueSpecification","valueRequired":true,"valueName":"search_term_string"}}],"inLanguage":"fr-FR"},{"@type":"Organization","@id":"https:\/\/voxsahel.com\/#organization","name":"Vox Sahel","url":"https:\/\/voxsahel.com\/","logo":{"@type":"ImageObject","inLanguage":"fr-FR","@id":"https:\/\/voxsahel.com\/#\/schema\/logo\/image\/","url":"https:\/\/voxsahel.com\/wp-content\/uploads\/2024\/09\/Logo-Vox-Sahel.jpg","contentUrl":"https:\/\/voxsahel.com\/wp-content\/uploads\/2024\/09\/Logo-Vox-Sahel.jpg","width":1181,"height":848,"caption":"Vox Sahel"},"image":{"@id":"https:\/\/voxsahel.com\/#\/schema\/logo\/image\/"},"sameAs":["https:\/\/www.facebook.com\/journal.voxsahel"]},{"@type":"Person","@id":"https:\/\/voxsahel.com\/#\/schema\/person\/b4043608248f8fa227cd760e7ff1e19e","name":"Vox Sahel","image":{"@type":"ImageObject","inLanguage":"fr-FR","@id":"https:\/\/secure.gravatar.com\/avatar\/f70e7fa0cb9b29d4a7c5788d6eb2e9ab4d3135cbae1c9161810fdf77a8964699?s=96&d=mm&r=g","url":"https:\/\/secure.gravatar.com\/avatar\/f70e7fa0cb9b29d4a7c5788d6eb2e9ab4d3135cbae1c9161810fdf77a8964699?s=96&d=mm&r=g","contentUrl":"https:\/\/secure.gravatar.com\/avatar\/f70e7fa0cb9b29d4a7c5788d6eb2e9ab4d3135cbae1c9161810fdf77a8964699?s=96&d=mm&r=g","caption":"Vox Sahel"},"sameAs":["http:\/\/www.voxsahel.com"],"url":"https:\/\/voxsahel.com\/?author=2"}]}},"_links":{"self":[{"href":"https:\/\/voxsahel.com\/index.php?rest_route=\/wp\/v2\/posts\/776","targetHints":{"allow":["GET"]}}],"collection":[{"href":"https:\/\/voxsahel.com\/index.php?rest_route=\/wp\/v2\/posts"}],"about":[{"href":"https:\/\/voxsahel.com\/index.php?rest_route=\/wp\/v2\/types\/post"}],"author":[{"embeddable":true,"href":"https:\/\/voxsahel.com\/index.php?rest_route=\/wp\/v2\/users\/2"}],"replies":[{"embeddable":true,"href":"https:\/\/voxsahel.com\/index.php?rest_route=%2Fwp%2Fv2%2Fcomments&post=776"}],"version-history":[{"count":1,"href":"https:\/\/voxsahel.com\/index.php?rest_route=\/wp\/v2\/posts\/776\/revisions"}],"predecessor-version":[{"id":778,"href":"https:\/\/voxsahel.com\/index.php?rest_route=\/wp\/v2\/posts\/776\/revisions\/778"}],"wp:featuredmedia":[{"embeddable":true,"href":"https:\/\/voxsahel.com\/index.php?rest_route=\/wp\/v2\/media\/777"}],"wp:attachment":[{"href":"https:\/\/voxsahel.com\/index.php?rest_route=%2Fwp%2Fv2%2Fmedia&parent=776"}],"wp:term":[{"taxonomy":"category","embeddable":true,"href":"https:\/\/voxsahel.com\/index.php?rest_route=%2Fwp%2Fv2%2Fcategories&post=776"},{"taxonomy":"post_tag","embeddable":true,"href":"https:\/\/voxsahel.com\/index.php?rest_route=%2Fwp%2Fv2%2Ftags&post=776"}],"curies":[{"name":"wp","href":"https:\/\/api.w.org\/{rel}","templated":true}]}}