{"id":762,"date":"2024-11-02T11:52:43","date_gmt":"2024-11-02T11:52:43","guid":{"rendered":"https:\/\/voxsahel.com\/?p=762"},"modified":"2024-11-02T11:52:43","modified_gmt":"2024-11-02T11:52:43","slug":"64e-anniversaire-de-larmee-burkinabe-decore-a-12-ans-pour-avoir-sauve-une-fillette-tombee-dans-un-puits","status":"publish","type":"post","link":"https:\/\/voxsahel.com\/?p=762","title":{"rendered":"64e anniversaire de l\u2019arm\u00e9e Burkinab\u00e8 : D\u00e9cor\u00e9 \u00e0 12 ans pour avoir sauv\u00e9 une fillette tomb\u00e9e dans un puits"},"content":{"rendered":"<p class=\"p1\"><span class=\"s2\">Dans un moment d&rsquo;\u00e9motion intense, le Burkina Faso a c\u00e9l\u00e9br\u00e9 l&rsquo;h\u00e9ro\u00efsme d&rsquo;un jeune gar\u00e7on de 12 ans, Tass\u00e9r\u00e9 Ou\u00e9draogo, dont l&rsquo;acte de courage a \u00e9mu tout le pays. Lors d&rsquo;une c\u00e9r\u00e9monie solennelle organis\u00e9e sur la Place de la Nation, le jeune h\u00e9ros a \u00e9t\u00e9 d\u00e9cor\u00e9 de la m\u00e9daille d&rsquo;honneur des sapeurs-pompiers avec une \u00e9toile en or. Une distinction qui incarne la gratitude et l&rsquo;admiration de tout un peuple pour son courage remarquable.<\/span><\/p>\n<p class=\"p1\"><span class=\"s2\">Le 20 octobre dernier, dans le village de Pissila, situ\u00e9 dans la r\u00e9gion du Centre-Nord, un drame s&rsquo;est jou\u00e9. Une fillette de six ans est tomb\u00e9e accidentellement dans un puits de fourrage, profond de 30 m\u00e8tres et de seulement 60 centim\u00e8tres de diam\u00e8tre. Face \u00e0 l&rsquo;urgence de la situation et aux contraintes d&rsquo;espace, les pompiers de la 7e compagnie d&rsquo;incendie et de secours, bas\u00e9s \u00e0 Kaya, ont d\u00fb faire appel \u00e0 une aide pr\u00e9cieuse et inattendue.<\/span><\/p>\n<p class=\"p1\"><span class=\"s2\">Ne pouvant eux-m\u00eames p\u00e9n\u00e9trer dans le puits en raison de l&rsquo;\u00e9troitesse de l&rsquo;ouverture, les sapeurs-pompiers ont sollicit\u00e9 l&rsquo;aide d&rsquo;un adolescent apte \u00e0 se glisser dans le conduit. C&rsquo;est alors que Tass\u00e9r\u00e9 Ou\u00e9draogo s&rsquo;est propos\u00e9 avec courage. Apr\u00e8s avoir obtenu le consentement de ses parents, le jeune gar\u00e7on s&rsquo;est gliss\u00e9 dans le puits sous la surveillance des sapeurs-pompiers.<\/span><\/p>\n<p class=\"p1\"><span class=\"s2\">Malgr\u00e9 les risques inh\u00e9rents \u00e0 une op\u00e9ration aussi complexe, Tasser\u00e9 est parvenu \u00e0 atteindre la fillette et, guid\u00e9 par les consignes des pompiers, \u00e0 la remonter en toute s\u00e9curit\u00e9. Gr\u00e2ce \u00e0 son intervention audacieuse, la fillette a retrouv\u00e9 sa famille saine et sauve. Tass\u00e9r\u00e9 est \u00e9galement ressorti indemne du puits, sous les applaudissements et les remerciements de ses proches et des autorit\u00e9s.<\/span><\/p>\n<p class=\"p1\"><span class=\"s2\">Cette mission de sauvetage h\u00e9ro\u00efque a imm\u00e9diatement suscit\u00e9 l&rsquo;admiration de tout le Burkina Faso. Le 1er novembre, les Forces arm\u00e9es nationales, par le biais de la brigade nationale des sapeurs-pompiers, ont tenu \u00e0 honorer Tass\u00e9r\u00e9 pour son acte de bravoure, lors d&rsquo;une c\u00e9r\u00e9monie publique \u00e9mouvante. La m\u00e9daille qui lui a \u00e9t\u00e9 attribu\u00e9e, orn\u00e9e d&rsquo;une \u00e9toile en or, symbolise son sacrifice, son engagement et son audace.<\/span><\/p>\n<p class=\"p1\"><span class=\"s2\">L&rsquo;acte de Tass\u00e9r\u00e9 Ou\u00e9draogo est devenu un symbole d&rsquo;altruisme et de solidarit\u00e9. Par ce geste h\u00e9ro\u00efque, il rappelle \u00e0 la nation enti\u00e8re l&rsquo;importance de la g\u00e9n\u00e9rosit\u00e9 et de l&rsquo;engagement envers les autres. Il incarne les valeurs de courage et de sacrifice, inspirant l&rsquo;ensemble des Burkinab\u00e8, jeunes et moins jeunes.<\/span><\/p>\n<p class=\"p1\"><span class=\"s2\">Les autorit\u00e9s ont exprim\u00e9 leur reconnaissance et r\u00e9it\u00e9r\u00e9 leur soutien aux sapeurs-pompiers, qui accomplissent chaque jour leur mission de sauvegarde des vies humaines, m\u00eame dans les situations les plus complexes. Par cette distinction, les Forces arm\u00e9es nationales envoient \u00e9galement un message d&rsquo;encouragement \u00e0 tous ceux qui, \u00e0 l&rsquo;image de Tass\u00e9r\u00e9, se sont engag\u00e9s \u00e0 agir pour sauver des vies, quel que soit le danger.<\/span><\/p>\n<p class=\"p1\"><span class=\"s2\">L&rsquo;histoire de Tass\u00e9r\u00e9 Ou\u00e9draogo restera grav\u00e9e dans les m\u00e9moires, et son \u00e9toile en or sera le reflet de son engagement inestimable. Ce jeune h\u00e9ros de Pissila a su, malgr\u00e9 son jeune \u00e2ge, faire preuve d&rsquo;un courage hors du commun, offrant un exemple inspirant pour tout le pays.<\/span><\/p>\n<p class=\"p1\" style=\"text-align: right;\"><span class=\"s2\"><b>Par Vox Sahel<\/b><\/span><\/p>\n","protected":false},"excerpt":{"rendered":"<p>Dans un moment d&rsquo;\u00e9motion intense, le Burkina Faso a c\u00e9l\u00e9br\u00e9 l&rsquo;h\u00e9ro\u00efsme d&rsquo;un jeune gar\u00e7on de<\/p>\n","protected":false},"author":2,"featured_media":763,"comment_status":"open","ping_status":"open","sticky":false,"template":"","format":"standard","meta":{"_et_pb_use_builder":"","_et_pb_old_content":"","_et_gb_content_width":"","footnotes":""},"categories":[5],"tags":[402,18,180,305,182,403],"class_list":["post-762","post","type-post","status-publish","format-standard","has-post-thumbnail","hentry","category-societe","tag-armee","tag-burkina-faso","tag-fds","tag-forces-armees-nationales-du-burkina-faso","tag-forces-de-defense-et-de-securite","tag-vdp"],"yoast_head":"<!-- This site is optimized with the Yoast SEO plugin v27.5 - https:\/\/yoast.com\/product\/yoast-seo-wordpress\/ -->\n<title>64e anniversaire de l\u2019arm\u00e9e Burkinab\u00e8 : D\u00e9cor\u00e9 \u00e0 12 ans pour avoir sauv\u00e9 une fillette tomb\u00e9e dans un puits - Vox Sahel<\/title>\n<meta name=\"robots\" content=\"index, follow, max-snippet:-1, max-image-preview:large, max-video-preview:-1\" \/>\n<link rel=\"canonical\" href=\"https:\/\/voxsahel.com\/?p=762\" \/>\n<meta property=\"og:locale\" content=\"fr_FR\" \/>\n<meta property=\"og:type\" content=\"article\" \/>\n<meta property=\"og:title\" content=\"64e anniversaire de l\u2019arm\u00e9e Burkinab\u00e8 : D\u00e9cor\u00e9 \u00e0 12 ans pour avoir sauv\u00e9 une fillette tomb\u00e9e dans un puits - Vox Sahel\" \/>\n<meta property=\"og:description\" content=\"Dans un moment d&rsquo;\u00e9motion intense, le Burkina Faso a c\u00e9l\u00e9br\u00e9 l&rsquo;h\u00e9ro\u00efsme d&rsquo;un jeune gar\u00e7on de\" \/>\n<meta property=\"og:url\" content=\"https:\/\/voxsahel.com\/?p=762\" \/>\n<meta property=\"og:site_name\" content=\"Vox Sahel\" \/>\n<meta property=\"article:publisher\" content=\"https:\/\/www.facebook.com\/journal.voxsahel\" \/>\n<meta property=\"article:published_time\" content=\"2024-11-02T11:52:43+00:00\" \/>\n<meta property=\"og:image\" content=\"https:\/\/voxsahel.com\/wp-content\/uploads\/2024\/11\/IMG_5337.jpeg\" \/>\n\t<meta property=\"og:image:width\" content=\"1080\" \/>\n\t<meta property=\"og:image:height\" content=\"719\" \/>\n\t<meta property=\"og:image:type\" content=\"image\/jpeg\" \/>\n<meta name=\"author\" content=\"Vox Sahel\" \/>\n<meta name=\"twitter:card\" content=\"summary_large_image\" \/>\n<meta name=\"twitter:label1\" content=\"\u00c9crit par\" \/>\n\t<meta name=\"twitter:data1\" content=\"Vox Sahel\" \/>\n\t<meta name=\"twitter:label2\" content=\"Dur\u00e9e de lecture estim\u00e9e\" \/>\n\t<meta name=\"twitter:data2\" content=\"3 minutes\" \/>\n<script type=\"application\/ld+json\" class=\"yoast-schema-graph\">{\"@context\":\"https:\\\/\\\/schema.org\",\"@graph\":[{\"@type\":\"Article\",\"@id\":\"https:\\\/\\\/voxsahel.com\\\/?p=762#article\",\"isPartOf\":{\"@id\":\"https:\\\/\\\/voxsahel.com\\\/?p=762\"},\"author\":{\"name\":\"Vox Sahel\",\"@id\":\"https:\\\/\\\/voxsahel.com\\\/#\\\/schema\\\/person\\\/b4043608248f8fa227cd760e7ff1e19e\"},\"headline\":\"64e anniversaire de l\u2019arm\u00e9e Burkinab\u00e8 : D\u00e9cor\u00e9 \u00e0 12 ans pour avoir sauv\u00e9 une fillette tomb\u00e9e dans un puits\",\"datePublished\":\"2024-11-02T11:52:43+00:00\",\"mainEntityOfPage\":{\"@id\":\"https:\\\/\\\/voxsahel.com\\\/?p=762\"},\"wordCount\":590,\"commentCount\":0,\"publisher\":{\"@id\":\"https:\\\/\\\/voxsahel.com\\\/#organization\"},\"image\":{\"@id\":\"https:\\\/\\\/voxsahel.com\\\/?p=762#primaryimage\"},\"thumbnailUrl\":\"https:\\\/\\\/voxsahel.com\\\/wp-content\\\/uploads\\\/2024\\\/11\\\/IMG_5337.jpeg\",\"keywords\":[\"Arm\u00e9e\",\"Burkina Faso\",\"FDS\",\"Forces arm\u00e9es nationales du Burkina Faso\",\"Forces de d\u00e9fense et de s\u00e9curit\u00e9\",\"VDP\"],\"articleSection\":[\"SOCIETE\"],\"inLanguage\":\"fr-FR\",\"potentialAction\":[{\"@type\":\"CommentAction\",\"name\":\"Comment\",\"target\":[\"https:\\\/\\\/voxsahel.com\\\/?p=762#respond\"]}]},{\"@type\":\"WebPage\",\"@id\":\"https:\\\/\\\/voxsahel.com\\\/?p=762\",\"url\":\"https:\\\/\\\/voxsahel.com\\\/?p=762\",\"name\":\"64e anniversaire de l\u2019arm\u00e9e Burkinab\u00e8 : D\u00e9cor\u00e9 \u00e0 12 ans pour avoir sauv\u00e9 une fillette tomb\u00e9e dans un puits - Vox Sahel\",\"isPartOf\":{\"@id\":\"https:\\\/\\\/voxsahel.com\\\/#website\"},\"primaryImageOfPage\":{\"@id\":\"https:\\\/\\\/voxsahel.com\\\/?p=762#primaryimage\"},\"image\":{\"@id\":\"https:\\\/\\\/voxsahel.com\\\/?p=762#primaryimage\"},\"thumbnailUrl\":\"https:\\\/\\\/voxsahel.com\\\/wp-content\\\/uploads\\\/2024\\\/11\\\/IMG_5337.jpeg\",\"datePublished\":\"2024-11-02T11:52:43+00:00\",\"breadcrumb\":{\"@id\":\"https:\\\/\\\/voxsahel.com\\\/?p=762#breadcrumb\"},\"inLanguage\":\"fr-FR\",\"potentialAction\":[{\"@type\":\"ReadAction\",\"target\":[\"https:\\\/\\\/voxsahel.com\\\/?p=762\"]}]},{\"@type\":\"ImageObject\",\"inLanguage\":\"fr-FR\",\"@id\":\"https:\\\/\\\/voxsahel.com\\\/?p=762#primaryimage\",\"url\":\"https:\\\/\\\/voxsahel.com\\\/wp-content\\\/uploads\\\/2024\\\/11\\\/IMG_5337.jpeg\",\"contentUrl\":\"https:\\\/\\\/voxsahel.com\\\/wp-content\\\/uploads\\\/2024\\\/11\\\/IMG_5337.jpeg\",\"width\":1080,\"height\":719},{\"@type\":\"BreadcrumbList\",\"@id\":\"https:\\\/\\\/voxsahel.com\\\/?p=762#breadcrumb\",\"itemListElement\":[{\"@type\":\"ListItem\",\"position\":1,\"name\":\"Home\",\"item\":\"https:\\\/\\\/voxsahel.com\\\/\"},{\"@type\":\"ListItem\",\"position\":2,\"name\":\"64e anniversaire de l\u2019arm\u00e9e Burkinab\u00e8 : D\u00e9cor\u00e9 \u00e0 12 ans pour avoir sauv\u00e9 une fillette tomb\u00e9e dans un puits\"}]},{\"@type\":\"WebSite\",\"@id\":\"https:\\\/\\\/voxsahel.com\\\/#website\",\"url\":\"https:\\\/\\\/voxsahel.com\\\/\",\"name\":\"Vox Sahel\",\"description\":\"Informez-vous sur le Sahel en un clic\",\"publisher\":{\"@id\":\"https:\\\/\\\/voxsahel.com\\\/#organization\"},\"potentialAction\":[{\"@type\":\"SearchAction\",\"target\":{\"@type\":\"EntryPoint\",\"urlTemplate\":\"https:\\\/\\\/voxsahel.com\\\/?s={search_term_string}\"},\"query-input\":{\"@type\":\"PropertyValueSpecification\",\"valueRequired\":true,\"valueName\":\"search_term_string\"}}],\"inLanguage\":\"fr-FR\"},{\"@type\":\"Organization\",\"@id\":\"https:\\\/\\\/voxsahel.com\\\/#organization\",\"name\":\"Vox Sahel\",\"url\":\"https:\\\/\\\/voxsahel.com\\\/\",\"logo\":{\"@type\":\"ImageObject\",\"inLanguage\":\"fr-FR\",\"@id\":\"https:\\\/\\\/voxsahel.com\\\/#\\\/schema\\\/logo\\\/image\\\/\",\"url\":\"https:\\\/\\\/voxsahel.com\\\/wp-content\\\/uploads\\\/2024\\\/09\\\/Logo-Vox-Sahel.jpg\",\"contentUrl\":\"https:\\\/\\\/voxsahel.com\\\/wp-content\\\/uploads\\\/2024\\\/09\\\/Logo-Vox-Sahel.jpg\",\"width\":1181,\"height\":848,\"caption\":\"Vox Sahel\"},\"image\":{\"@id\":\"https:\\\/\\\/voxsahel.com\\\/#\\\/schema\\\/logo\\\/image\\\/\"},\"sameAs\":[\"https:\\\/\\\/www.facebook.com\\\/journal.voxsahel\"]},{\"@type\":\"Person\",\"@id\":\"https:\\\/\\\/voxsahel.com\\\/#\\\/schema\\\/person\\\/b4043608248f8fa227cd760e7ff1e19e\",\"name\":\"Vox Sahel\",\"image\":{\"@type\":\"ImageObject\",\"inLanguage\":\"fr-FR\",\"@id\":\"https:\\\/\\\/secure.gravatar.com\\\/avatar\\\/f70e7fa0cb9b29d4a7c5788d6eb2e9ab4d3135cbae1c9161810fdf77a8964699?s=96&d=mm&r=g\",\"url\":\"https:\\\/\\\/secure.gravatar.com\\\/avatar\\\/f70e7fa0cb9b29d4a7c5788d6eb2e9ab4d3135cbae1c9161810fdf77a8964699?s=96&d=mm&r=g\",\"contentUrl\":\"https:\\\/\\\/secure.gravatar.com\\\/avatar\\\/f70e7fa0cb9b29d4a7c5788d6eb2e9ab4d3135cbae1c9161810fdf77a8964699?s=96&d=mm&r=g\",\"caption\":\"Vox Sahel\"},\"sameAs\":[\"http:\\\/\\\/www.voxsahel.com\"],\"url\":\"https:\\\/\\\/voxsahel.com\\\/?author=2\"}]}<\/script>\n<!-- \/ Yoast SEO plugin. -->","yoast_head_json":{"title":"64e anniversaire de l\u2019arm\u00e9e Burkinab\u00e8 : D\u00e9cor\u00e9 \u00e0 12 ans pour avoir sauv\u00e9 une fillette tomb\u00e9e dans un puits - Vox Sahel","robots":{"index":"index","follow":"follow","max-snippet":"max-snippet:-1","max-image-preview":"max-image-preview:large","max-video-preview":"max-video-preview:-1"},"canonical":"https:\/\/voxsahel.com\/?p=762","og_locale":"fr_FR","og_type":"article","og_title":"64e anniversaire de l\u2019arm\u00e9e Burkinab\u00e8 : D\u00e9cor\u00e9 \u00e0 12 ans pour avoir sauv\u00e9 une fillette tomb\u00e9e dans un puits - Vox Sahel","og_description":"Dans un moment d&rsquo;\u00e9motion intense, le Burkina Faso a c\u00e9l\u00e9br\u00e9 l&rsquo;h\u00e9ro\u00efsme d&rsquo;un jeune gar\u00e7on de","og_url":"https:\/\/voxsahel.com\/?p=762","og_site_name":"Vox Sahel","article_publisher":"https:\/\/www.facebook.com\/journal.voxsahel","article_published_time":"2024-11-02T11:52:43+00:00","og_image":[{"width":1080,"height":719,"url":"https:\/\/voxsahel.com\/wp-content\/uploads\/2024\/11\/IMG_5337.jpeg","type":"image\/jpeg"}],"author":"Vox Sahel","twitter_card":"summary_large_image","twitter_misc":{"\u00c9crit par":"Vox Sahel","Dur\u00e9e de lecture estim\u00e9e":"3 minutes"},"schema":{"@context":"https:\/\/schema.org","@graph":[{"@type":"Article","@id":"https:\/\/voxsahel.com\/?p=762#article","isPartOf":{"@id":"https:\/\/voxsahel.com\/?p=762"},"author":{"name":"Vox Sahel","@id":"https:\/\/voxsahel.com\/#\/schema\/person\/b4043608248f8fa227cd760e7ff1e19e"},"headline":"64e anniversaire de l\u2019arm\u00e9e Burkinab\u00e8 : D\u00e9cor\u00e9 \u00e0 12 ans pour avoir sauv\u00e9 une fillette tomb\u00e9e dans un puits","datePublished":"2024-11-02T11:52:43+00:00","mainEntityOfPage":{"@id":"https:\/\/voxsahel.com\/?p=762"},"wordCount":590,"commentCount":0,"publisher":{"@id":"https:\/\/voxsahel.com\/#organization"},"image":{"@id":"https:\/\/voxsahel.com\/?p=762#primaryimage"},"thumbnailUrl":"https:\/\/voxsahel.com\/wp-content\/uploads\/2024\/11\/IMG_5337.jpeg","keywords":["Arm\u00e9e","Burkina Faso","FDS","Forces arm\u00e9es nationales du Burkina Faso","Forces de d\u00e9fense et de s\u00e9curit\u00e9","VDP"],"articleSection":["SOCIETE"],"inLanguage":"fr-FR","potentialAction":[{"@type":"CommentAction","name":"Comment","target":["https:\/\/voxsahel.com\/?p=762#respond"]}]},{"@type":"WebPage","@id":"https:\/\/voxsahel.com\/?p=762","url":"https:\/\/voxsahel.com\/?p=762","name":"64e anniversaire de l\u2019arm\u00e9e Burkinab\u00e8 : D\u00e9cor\u00e9 \u00e0 12 ans pour avoir sauv\u00e9 une fillette tomb\u00e9e dans un puits - Vox Sahel","isPartOf":{"@id":"https:\/\/voxsahel.com\/#website"},"primaryImageOfPage":{"@id":"https:\/\/voxsahel.com\/?p=762#primaryimage"},"image":{"@id":"https:\/\/voxsahel.com\/?p=762#primaryimage"},"thumbnailUrl":"https:\/\/voxsahel.com\/wp-content\/uploads\/2024\/11\/IMG_5337.jpeg","datePublished":"2024-11-02T11:52:43+00:00","breadcrumb":{"@id":"https:\/\/voxsahel.com\/?p=762#breadcrumb"},"inLanguage":"fr-FR","potentialAction":[{"@type":"ReadAction","target":["https:\/\/voxsahel.com\/?p=762"]}]},{"@type":"ImageObject","inLanguage":"fr-FR","@id":"https:\/\/voxsahel.com\/?p=762#primaryimage","url":"https:\/\/voxsahel.com\/wp-content\/uploads\/2024\/11\/IMG_5337.jpeg","contentUrl":"https:\/\/voxsahel.com\/wp-content\/uploads\/2024\/11\/IMG_5337.jpeg","width":1080,"height":719},{"@type":"BreadcrumbList","@id":"https:\/\/voxsahel.com\/?p=762#breadcrumb","itemListElement":[{"@type":"ListItem","position":1,"name":"Home","item":"https:\/\/voxsahel.com\/"},{"@type":"ListItem","position":2,"name":"64e anniversaire de l\u2019arm\u00e9e Burkinab\u00e8 : D\u00e9cor\u00e9 \u00e0 12 ans pour avoir sauv\u00e9 une fillette tomb\u00e9e dans un puits"}]},{"@type":"WebSite","@id":"https:\/\/voxsahel.com\/#website","url":"https:\/\/voxsahel.com\/","name":"Vox Sahel","description":"Informez-vous sur le Sahel en un clic","publisher":{"@id":"https:\/\/voxsahel.com\/#organization"},"potentialAction":[{"@type":"SearchAction","target":{"@type":"EntryPoint","urlTemplate":"https:\/\/voxsahel.com\/?s={search_term_string}"},"query-input":{"@type":"PropertyValueSpecification","valueRequired":true,"valueName":"search_term_string"}}],"inLanguage":"fr-FR"},{"@type":"Organization","@id":"https:\/\/voxsahel.com\/#organization","name":"Vox Sahel","url":"https:\/\/voxsahel.com\/","logo":{"@type":"ImageObject","inLanguage":"fr-FR","@id":"https:\/\/voxsahel.com\/#\/schema\/logo\/image\/","url":"https:\/\/voxsahel.com\/wp-content\/uploads\/2024\/09\/Logo-Vox-Sahel.jpg","contentUrl":"https:\/\/voxsahel.com\/wp-content\/uploads\/2024\/09\/Logo-Vox-Sahel.jpg","width":1181,"height":848,"caption":"Vox Sahel"},"image":{"@id":"https:\/\/voxsahel.com\/#\/schema\/logo\/image\/"},"sameAs":["https:\/\/www.facebook.com\/journal.voxsahel"]},{"@type":"Person","@id":"https:\/\/voxsahel.com\/#\/schema\/person\/b4043608248f8fa227cd760e7ff1e19e","name":"Vox Sahel","image":{"@type":"ImageObject","inLanguage":"fr-FR","@id":"https:\/\/secure.gravatar.com\/avatar\/f70e7fa0cb9b29d4a7c5788d6eb2e9ab4d3135cbae1c9161810fdf77a8964699?s=96&d=mm&r=g","url":"https:\/\/secure.gravatar.com\/avatar\/f70e7fa0cb9b29d4a7c5788d6eb2e9ab4d3135cbae1c9161810fdf77a8964699?s=96&d=mm&r=g","contentUrl":"https:\/\/secure.gravatar.com\/avatar\/f70e7fa0cb9b29d4a7c5788d6eb2e9ab4d3135cbae1c9161810fdf77a8964699?s=96&d=mm&r=g","caption":"Vox Sahel"},"sameAs":["http:\/\/www.voxsahel.com"],"url":"https:\/\/voxsahel.com\/?author=2"}]}},"_links":{"self":[{"href":"https:\/\/voxsahel.com\/index.php?rest_route=\/wp\/v2\/posts\/762","targetHints":{"allow":["GET"]}}],"collection":[{"href":"https:\/\/voxsahel.com\/index.php?rest_route=\/wp\/v2\/posts"}],"about":[{"href":"https:\/\/voxsahel.com\/index.php?rest_route=\/wp\/v2\/types\/post"}],"author":[{"embeddable":true,"href":"https:\/\/voxsahel.com\/index.php?rest_route=\/wp\/v2\/users\/2"}],"replies":[{"embeddable":true,"href":"https:\/\/voxsahel.com\/index.php?rest_route=%2Fwp%2Fv2%2Fcomments&post=762"}],"version-history":[{"count":1,"href":"https:\/\/voxsahel.com\/index.php?rest_route=\/wp\/v2\/posts\/762\/revisions"}],"predecessor-version":[{"id":764,"href":"https:\/\/voxsahel.com\/index.php?rest_route=\/wp\/v2\/posts\/762\/revisions\/764"}],"wp:featuredmedia":[{"embeddable":true,"href":"https:\/\/voxsahel.com\/index.php?rest_route=\/wp\/v2\/media\/763"}],"wp:attachment":[{"href":"https:\/\/voxsahel.com\/index.php?rest_route=%2Fwp%2Fv2%2Fmedia&parent=762"}],"wp:term":[{"taxonomy":"category","embeddable":true,"href":"https:\/\/voxsahel.com\/index.php?rest_route=%2Fwp%2Fv2%2Fcategories&post=762"},{"taxonomy":"post_tag","embeddable":true,"href":"https:\/\/voxsahel.com\/index.php?rest_route=%2Fwp%2Fv2%2Ftags&post=762"}],"curies":[{"name":"wp","href":"https:\/\/api.w.org\/{rel}","templated":true}]}}