{"id":743,"date":"2024-10-30T17:18:35","date_gmt":"2024-10-30T17:18:35","guid":{"rendered":"https:\/\/voxsahel.com\/?p=743"},"modified":"2024-10-30T17:18:35","modified_gmt":"2024-10-30T17:18:35","slug":"ghana-la-mine-dor-de-namdini-un-nouveau-geant-aurifere-pret-a-briller-sur-le-continent-africain","status":"publish","type":"post","link":"https:\/\/voxsahel.com\/?p=743","title":{"rendered":"Ghana : La mine d&rsquo;or de Namdini, un nouveau g\u00e9ant aurif\u00e8re pr\u00eat \u00e0 briller sur le continent africain"},"content":{"rendered":"<p class=\"p1\">La mine d&rsquo;or de Namdini, situ\u00e9e dans le nord du Ghana, sera probablement mise en service la premi\u00e8re semaine de novembre 2024, marquant une nouvelle \u00e8re pour l&rsquo;industrie mini\u00e8re du pays. Fruit d&rsquo;un investissement de 600 millions de dollars (soit environ 365 milliards FCFA), cette infrastructure aurif\u00e8re impressionnante est le premier projet d&rsquo;une mine d&rsquo;or \u00e0 grande \u00e9chelle dans cette r\u00e9gion, positionnant le Ghana comme l&rsquo;un des dirigeants incontest\u00e9s. de l&rsquo;extraction d&rsquo;or sur le continent africain.<\/p>\n<p class=\"p1\"><span class=\"s1\">La r\u00e9alisation de ce projet est assur\u00e9e par le groupe chinois Shandong Gold, \u00e0 travers sa filiale locale Cardinal Namdini Mining Limited. Lors de sa visite sur le site le 24 octobre, le ministre ghan\u00e9en des Terres et des Ressources naturelles, Samuel A. Jinapor, a soulign\u00e9 l&rsquo;importance historique de cette inauguration pour le pays : \u00ab Il s&rsquo;agit de la premi\u00e8re mine d&rsquo; ou \u00e0 grande \u00e9chelle dans le Nord, ce qui est vraiment historique. Au cours de la premi\u00e8re semaine de novembre, le pr\u00e9sident Nana Addo Dankwa Akufo-Addo mettra en service cette mine et coulera le premier ministre ou dans le projet Cardinal Namdini. Ce sera la troisi\u00e8me plus grande mine de notre pays et l&rsquo;une des plus grandes mines d&rsquo;Afrique. \u00bb<\/span><\/p>\n<p class=\"p1\"><span class=\"s1\">La mine de Namdini, dot\u00e9e de richesses gisements aurif\u00e8res, est pr\u00e9vue pour une exploitation de 15 ans. Elle devrait g\u00e9n\u00e9rer 5 millions d&rsquo;onces d&rsquo;or (soit environ 141,74 tonnes) sur toute la dur\u00e9e de vie du projet, dont 350 000 onces annuelles (soit 9,92 tonnes). Cette nouvelle capacit\u00e9 de production vient non seulement renforcer l&rsquo;\u00e9conomie locale, mais aussi consolider la position du Ghana sur le march\u00e9 mondial de l&rsquo;or, o\u00f9 il figure d\u00e9j\u00e0 parmi les principaux producteurs.<\/span><\/p>\n<p class=\"p1\"><span class=\"s1\">Outre son impact \u00e9conomique, le projet Namdini apporte un espoir de d\u00e9veloppement pour le nord du Ghana, une r\u00e9gion jusqu&rsquo;alors peu explor\u00e9e par les grandes exploitations mini\u00e8res. La mine offrira des milliers d&#8217;emplois directs et indirects, stimulera les infrastructures locales et devrait \u00e9galement attirer des investissements suppl\u00e9mentaires dans divers secteurs.<\/span><\/p>\n<p class=\"p1\"><span class=\"s1\">La mise en \u0153uvre de ce projet d&rsquo;envergure illustre \u00e9galement le renforcement des liens entre le Ghana et la Chine dans le domaine des ressources naturelles. Avec Shandong Gold \u00e0 la barre, le Ghana b\u00e9n\u00e9ficie de l&rsquo;expertise technique et des ressources financi\u00e8res de l&rsquo;un des plus grands acteurs mondiaux de l&rsquo;industrie mini\u00e8re.<\/span><\/p>\n<p class=\"p1\"><span class=\"s1\">La mine de Namdini rejoint les grandes mines d&rsquo;Afrique, promettant de devenir l&rsquo;une des plus importantes du continent. Avec sa capacit\u00e9 de production, elle se hisse aux c\u00f4t\u00e9s des plus grands sites aurif\u00e8res de la r\u00e9gion, r\u00e9affirmant le statut du Ghana comme une puissance mini\u00e8re en Afrique de l&rsquo;Ouest.<\/span><\/p>\n<p class=\"p1\"><span class=\"s1\">Le Ghana se pr\u00e9pare ainsi \u00e0 accueillir, en novembre prochain, une inauguration qui marque un nouveau chapitre pour son industrie mini\u00e8re et l&rsquo;\u00e9conomie nationale. En attendant le jour fatidique, les regards sont tourn\u00e9s vers Namdini, o\u00f9 l&rsquo;exploitation de l&rsquo;or est sur le point de d\u00e9buter, promettant d&rsquo;\u00e9crire une nouvelle page dans l&rsquo;histoire de l&rsquo;or ghan\u00e9en.\u00a0<\/span><\/p>\n<p style=\"text-align: right;\"><b>Par Vox Sahel\u00a0<\/b><\/p>\n","protected":false},"excerpt":{"rendered":"<p>La mine d&rsquo;or de Namdini, situ\u00e9e dans le nord du Ghana, sera probablement mise en<\/p>\n","protected":false},"author":2,"featured_media":744,"comment_status":"open","ping_status":"open","sticky":false,"template":"","format":"standard","meta":{"_et_pb_use_builder":"","_et_pb_old_content":"","_et_gb_content_width":"","footnotes":""},"categories":[15],"tags":[151,215,150,395],"class_list":["post-743","post","type-post","status-publish","format-standard","has-post-thumbnail","hentry","category-international","tag-carrieres","tag-ghana","tag-mines","tag-or"],"yoast_head":"<!-- This site is optimized with the Yoast SEO plugin v27.5 - https:\/\/yoast.com\/product\/yoast-seo-wordpress\/ -->\n<title>Ghana : La mine d&#039;or de Namdini, un nouveau g\u00e9ant aurif\u00e8re pr\u00eat \u00e0 briller sur le continent africain - Vox Sahel<\/title>\n<meta name=\"robots\" content=\"index, follow, max-snippet:-1, max-image-preview:large, max-video-preview:-1\" \/>\n<link rel=\"canonical\" href=\"https:\/\/voxsahel.com\/?p=743\" \/>\n<meta property=\"og:locale\" content=\"fr_FR\" \/>\n<meta property=\"og:type\" content=\"article\" \/>\n<meta property=\"og:title\" content=\"Ghana : La mine d&#039;or de Namdini, un nouveau g\u00e9ant aurif\u00e8re pr\u00eat \u00e0 briller sur le continent africain - Vox Sahel\" \/>\n<meta property=\"og:description\" content=\"La mine d&rsquo;or de Namdini, situ\u00e9e dans le nord du Ghana, sera probablement mise en\" \/>\n<meta property=\"og:url\" content=\"https:\/\/voxsahel.com\/?p=743\" \/>\n<meta property=\"og:site_name\" content=\"Vox Sahel\" \/>\n<meta property=\"article:publisher\" content=\"https:\/\/www.facebook.com\/journal.voxsahel\" \/>\n<meta property=\"article:published_time\" content=\"2024-10-30T17:18:35+00:00\" \/>\n<meta property=\"og:image\" content=\"https:\/\/voxsahel.com\/wp-content\/uploads\/2024\/10\/IMG_4648.jpeg\" \/>\n\t<meta property=\"og:image:width\" content=\"1074\" \/>\n\t<meta property=\"og:image:height\" content=\"654\" \/>\n\t<meta property=\"og:image:type\" content=\"image\/jpeg\" \/>\n<meta name=\"author\" content=\"Vox Sahel\" \/>\n<meta name=\"twitter:card\" content=\"summary_large_image\" \/>\n<meta name=\"twitter:label1\" content=\"\u00c9crit par\" \/>\n\t<meta name=\"twitter:data1\" content=\"Vox Sahel\" \/>\n\t<meta name=\"twitter:label2\" content=\"Dur\u00e9e de lecture estim\u00e9e\" \/>\n\t<meta name=\"twitter:data2\" content=\"3 minutes\" \/>\n<script type=\"application\/ld+json\" class=\"yoast-schema-graph\">{\"@context\":\"https:\\\/\\\/schema.org\",\"@graph\":[{\"@type\":\"Article\",\"@id\":\"https:\\\/\\\/voxsahel.com\\\/?p=743#article\",\"isPartOf\":{\"@id\":\"https:\\\/\\\/voxsahel.com\\\/?p=743\"},\"author\":{\"name\":\"Vox Sahel\",\"@id\":\"https:\\\/\\\/voxsahel.com\\\/#\\\/schema\\\/person\\\/b4043608248f8fa227cd760e7ff1e19e\"},\"headline\":\"Ghana : La mine d&rsquo;or de Namdini, un nouveau g\u00e9ant aurif\u00e8re pr\u00eat \u00e0 briller sur le continent africain\",\"datePublished\":\"2024-10-30T17:18:35+00:00\",\"mainEntityOfPage\":{\"@id\":\"https:\\\/\\\/voxsahel.com\\\/?p=743\"},\"wordCount\":557,\"commentCount\":0,\"publisher\":{\"@id\":\"https:\\\/\\\/voxsahel.com\\\/#organization\"},\"image\":{\"@id\":\"https:\\\/\\\/voxsahel.com\\\/?p=743#primaryimage\"},\"thumbnailUrl\":\"https:\\\/\\\/voxsahel.com\\\/wp-content\\\/uploads\\\/2024\\\/10\\\/IMG_4648.jpeg\",\"keywords\":[\"Carri\u00e8res\",\"Ghana\",\"Mines\",\"Or\"],\"articleSection\":[\"INTERNATIONAL\"],\"inLanguage\":\"fr-FR\",\"potentialAction\":[{\"@type\":\"CommentAction\",\"name\":\"Comment\",\"target\":[\"https:\\\/\\\/voxsahel.com\\\/?p=743#respond\"]}]},{\"@type\":\"WebPage\",\"@id\":\"https:\\\/\\\/voxsahel.com\\\/?p=743\",\"url\":\"https:\\\/\\\/voxsahel.com\\\/?p=743\",\"name\":\"Ghana : La mine d'or de Namdini, un nouveau g\u00e9ant aurif\u00e8re pr\u00eat \u00e0 briller sur le continent africain - Vox Sahel\",\"isPartOf\":{\"@id\":\"https:\\\/\\\/voxsahel.com\\\/#website\"},\"primaryImageOfPage\":{\"@id\":\"https:\\\/\\\/voxsahel.com\\\/?p=743#primaryimage\"},\"image\":{\"@id\":\"https:\\\/\\\/voxsahel.com\\\/?p=743#primaryimage\"},\"thumbnailUrl\":\"https:\\\/\\\/voxsahel.com\\\/wp-content\\\/uploads\\\/2024\\\/10\\\/IMG_4648.jpeg\",\"datePublished\":\"2024-10-30T17:18:35+00:00\",\"breadcrumb\":{\"@id\":\"https:\\\/\\\/voxsahel.com\\\/?p=743#breadcrumb\"},\"inLanguage\":\"fr-FR\",\"potentialAction\":[{\"@type\":\"ReadAction\",\"target\":[\"https:\\\/\\\/voxsahel.com\\\/?p=743\"]}]},{\"@type\":\"ImageObject\",\"inLanguage\":\"fr-FR\",\"@id\":\"https:\\\/\\\/voxsahel.com\\\/?p=743#primaryimage\",\"url\":\"https:\\\/\\\/voxsahel.com\\\/wp-content\\\/uploads\\\/2024\\\/10\\\/IMG_4648.jpeg\",\"contentUrl\":\"https:\\\/\\\/voxsahel.com\\\/wp-content\\\/uploads\\\/2024\\\/10\\\/IMG_4648.jpeg\",\"width\":1074,\"height\":654},{\"@type\":\"BreadcrumbList\",\"@id\":\"https:\\\/\\\/voxsahel.com\\\/?p=743#breadcrumb\",\"itemListElement\":[{\"@type\":\"ListItem\",\"position\":1,\"name\":\"Home\",\"item\":\"https:\\\/\\\/voxsahel.com\\\/\"},{\"@type\":\"ListItem\",\"position\":2,\"name\":\"Ghana : La mine d&rsquo;or de Namdini, un nouveau g\u00e9ant aurif\u00e8re pr\u00eat \u00e0 briller sur le continent africain\"}]},{\"@type\":\"WebSite\",\"@id\":\"https:\\\/\\\/voxsahel.com\\\/#website\",\"url\":\"https:\\\/\\\/voxsahel.com\\\/\",\"name\":\"Vox Sahel\",\"description\":\"Informez-vous sur le Sahel en un clic\",\"publisher\":{\"@id\":\"https:\\\/\\\/voxsahel.com\\\/#organization\"},\"potentialAction\":[{\"@type\":\"SearchAction\",\"target\":{\"@type\":\"EntryPoint\",\"urlTemplate\":\"https:\\\/\\\/voxsahel.com\\\/?s={search_term_string}\"},\"query-input\":{\"@type\":\"PropertyValueSpecification\",\"valueRequired\":true,\"valueName\":\"search_term_string\"}}],\"inLanguage\":\"fr-FR\"},{\"@type\":\"Organization\",\"@id\":\"https:\\\/\\\/voxsahel.com\\\/#organization\",\"name\":\"Vox Sahel\",\"url\":\"https:\\\/\\\/voxsahel.com\\\/\",\"logo\":{\"@type\":\"ImageObject\",\"inLanguage\":\"fr-FR\",\"@id\":\"https:\\\/\\\/voxsahel.com\\\/#\\\/schema\\\/logo\\\/image\\\/\",\"url\":\"https:\\\/\\\/voxsahel.com\\\/wp-content\\\/uploads\\\/2024\\\/09\\\/Logo-Vox-Sahel.jpg\",\"contentUrl\":\"https:\\\/\\\/voxsahel.com\\\/wp-content\\\/uploads\\\/2024\\\/09\\\/Logo-Vox-Sahel.jpg\",\"width\":1181,\"height\":848,\"caption\":\"Vox Sahel\"},\"image\":{\"@id\":\"https:\\\/\\\/voxsahel.com\\\/#\\\/schema\\\/logo\\\/image\\\/\"},\"sameAs\":[\"https:\\\/\\\/www.facebook.com\\\/journal.voxsahel\"]},{\"@type\":\"Person\",\"@id\":\"https:\\\/\\\/voxsahel.com\\\/#\\\/schema\\\/person\\\/b4043608248f8fa227cd760e7ff1e19e\",\"name\":\"Vox Sahel\",\"image\":{\"@type\":\"ImageObject\",\"inLanguage\":\"fr-FR\",\"@id\":\"https:\\\/\\\/secure.gravatar.com\\\/avatar\\\/f70e7fa0cb9b29d4a7c5788d6eb2e9ab4d3135cbae1c9161810fdf77a8964699?s=96&d=mm&r=g\",\"url\":\"https:\\\/\\\/secure.gravatar.com\\\/avatar\\\/f70e7fa0cb9b29d4a7c5788d6eb2e9ab4d3135cbae1c9161810fdf77a8964699?s=96&d=mm&r=g\",\"contentUrl\":\"https:\\\/\\\/secure.gravatar.com\\\/avatar\\\/f70e7fa0cb9b29d4a7c5788d6eb2e9ab4d3135cbae1c9161810fdf77a8964699?s=96&d=mm&r=g\",\"caption\":\"Vox Sahel\"},\"sameAs\":[\"http:\\\/\\\/www.voxsahel.com\"],\"url\":\"https:\\\/\\\/voxsahel.com\\\/?author=2\"}]}<\/script>\n<!-- \/ Yoast SEO plugin. -->","yoast_head_json":{"title":"Ghana : La mine d'or de Namdini, un nouveau g\u00e9ant aurif\u00e8re pr\u00eat \u00e0 briller sur le continent africain - Vox Sahel","robots":{"index":"index","follow":"follow","max-snippet":"max-snippet:-1","max-image-preview":"max-image-preview:large","max-video-preview":"max-video-preview:-1"},"canonical":"https:\/\/voxsahel.com\/?p=743","og_locale":"fr_FR","og_type":"article","og_title":"Ghana : La mine d'or de Namdini, un nouveau g\u00e9ant aurif\u00e8re pr\u00eat \u00e0 briller sur le continent africain - Vox Sahel","og_description":"La mine d&rsquo;or de Namdini, situ\u00e9e dans le nord du Ghana, sera probablement mise en","og_url":"https:\/\/voxsahel.com\/?p=743","og_site_name":"Vox Sahel","article_publisher":"https:\/\/www.facebook.com\/journal.voxsahel","article_published_time":"2024-10-30T17:18:35+00:00","og_image":[{"width":1074,"height":654,"url":"https:\/\/voxsahel.com\/wp-content\/uploads\/2024\/10\/IMG_4648.jpeg","type":"image\/jpeg"}],"author":"Vox Sahel","twitter_card":"summary_large_image","twitter_misc":{"\u00c9crit par":"Vox Sahel","Dur\u00e9e de lecture estim\u00e9e":"3 minutes"},"schema":{"@context":"https:\/\/schema.org","@graph":[{"@type":"Article","@id":"https:\/\/voxsahel.com\/?p=743#article","isPartOf":{"@id":"https:\/\/voxsahel.com\/?p=743"},"author":{"name":"Vox Sahel","@id":"https:\/\/voxsahel.com\/#\/schema\/person\/b4043608248f8fa227cd760e7ff1e19e"},"headline":"Ghana : La mine d&rsquo;or de Namdini, un nouveau g\u00e9ant aurif\u00e8re pr\u00eat \u00e0 briller sur le continent africain","datePublished":"2024-10-30T17:18:35+00:00","mainEntityOfPage":{"@id":"https:\/\/voxsahel.com\/?p=743"},"wordCount":557,"commentCount":0,"publisher":{"@id":"https:\/\/voxsahel.com\/#organization"},"image":{"@id":"https:\/\/voxsahel.com\/?p=743#primaryimage"},"thumbnailUrl":"https:\/\/voxsahel.com\/wp-content\/uploads\/2024\/10\/IMG_4648.jpeg","keywords":["Carri\u00e8res","Ghana","Mines","Or"],"articleSection":["INTERNATIONAL"],"inLanguage":"fr-FR","potentialAction":[{"@type":"CommentAction","name":"Comment","target":["https:\/\/voxsahel.com\/?p=743#respond"]}]},{"@type":"WebPage","@id":"https:\/\/voxsahel.com\/?p=743","url":"https:\/\/voxsahel.com\/?p=743","name":"Ghana : La mine d'or de Namdini, un nouveau g\u00e9ant aurif\u00e8re pr\u00eat \u00e0 briller sur le continent africain - Vox Sahel","isPartOf":{"@id":"https:\/\/voxsahel.com\/#website"},"primaryImageOfPage":{"@id":"https:\/\/voxsahel.com\/?p=743#primaryimage"},"image":{"@id":"https:\/\/voxsahel.com\/?p=743#primaryimage"},"thumbnailUrl":"https:\/\/voxsahel.com\/wp-content\/uploads\/2024\/10\/IMG_4648.jpeg","datePublished":"2024-10-30T17:18:35+00:00","breadcrumb":{"@id":"https:\/\/voxsahel.com\/?p=743#breadcrumb"},"inLanguage":"fr-FR","potentialAction":[{"@type":"ReadAction","target":["https:\/\/voxsahel.com\/?p=743"]}]},{"@type":"ImageObject","inLanguage":"fr-FR","@id":"https:\/\/voxsahel.com\/?p=743#primaryimage","url":"https:\/\/voxsahel.com\/wp-content\/uploads\/2024\/10\/IMG_4648.jpeg","contentUrl":"https:\/\/voxsahel.com\/wp-content\/uploads\/2024\/10\/IMG_4648.jpeg","width":1074,"height":654},{"@type":"BreadcrumbList","@id":"https:\/\/voxsahel.com\/?p=743#breadcrumb","itemListElement":[{"@type":"ListItem","position":1,"name":"Home","item":"https:\/\/voxsahel.com\/"},{"@type":"ListItem","position":2,"name":"Ghana : La mine d&rsquo;or de Namdini, un nouveau g\u00e9ant aurif\u00e8re pr\u00eat \u00e0 briller sur le continent africain"}]},{"@type":"WebSite","@id":"https:\/\/voxsahel.com\/#website","url":"https:\/\/voxsahel.com\/","name":"Vox Sahel","description":"Informez-vous sur le Sahel en un clic","publisher":{"@id":"https:\/\/voxsahel.com\/#organization"},"potentialAction":[{"@type":"SearchAction","target":{"@type":"EntryPoint","urlTemplate":"https:\/\/voxsahel.com\/?s={search_term_string}"},"query-input":{"@type":"PropertyValueSpecification","valueRequired":true,"valueName":"search_term_string"}}],"inLanguage":"fr-FR"},{"@type":"Organization","@id":"https:\/\/voxsahel.com\/#organization","name":"Vox Sahel","url":"https:\/\/voxsahel.com\/","logo":{"@type":"ImageObject","inLanguage":"fr-FR","@id":"https:\/\/voxsahel.com\/#\/schema\/logo\/image\/","url":"https:\/\/voxsahel.com\/wp-content\/uploads\/2024\/09\/Logo-Vox-Sahel.jpg","contentUrl":"https:\/\/voxsahel.com\/wp-content\/uploads\/2024\/09\/Logo-Vox-Sahel.jpg","width":1181,"height":848,"caption":"Vox Sahel"},"image":{"@id":"https:\/\/voxsahel.com\/#\/schema\/logo\/image\/"},"sameAs":["https:\/\/www.facebook.com\/journal.voxsahel"]},{"@type":"Person","@id":"https:\/\/voxsahel.com\/#\/schema\/person\/b4043608248f8fa227cd760e7ff1e19e","name":"Vox Sahel","image":{"@type":"ImageObject","inLanguage":"fr-FR","@id":"https:\/\/secure.gravatar.com\/avatar\/f70e7fa0cb9b29d4a7c5788d6eb2e9ab4d3135cbae1c9161810fdf77a8964699?s=96&d=mm&r=g","url":"https:\/\/secure.gravatar.com\/avatar\/f70e7fa0cb9b29d4a7c5788d6eb2e9ab4d3135cbae1c9161810fdf77a8964699?s=96&d=mm&r=g","contentUrl":"https:\/\/secure.gravatar.com\/avatar\/f70e7fa0cb9b29d4a7c5788d6eb2e9ab4d3135cbae1c9161810fdf77a8964699?s=96&d=mm&r=g","caption":"Vox Sahel"},"sameAs":["http:\/\/www.voxsahel.com"],"url":"https:\/\/voxsahel.com\/?author=2"}]}},"_links":{"self":[{"href":"https:\/\/voxsahel.com\/index.php?rest_route=\/wp\/v2\/posts\/743","targetHints":{"allow":["GET"]}}],"collection":[{"href":"https:\/\/voxsahel.com\/index.php?rest_route=\/wp\/v2\/posts"}],"about":[{"href":"https:\/\/voxsahel.com\/index.php?rest_route=\/wp\/v2\/types\/post"}],"author":[{"embeddable":true,"href":"https:\/\/voxsahel.com\/index.php?rest_route=\/wp\/v2\/users\/2"}],"replies":[{"embeddable":true,"href":"https:\/\/voxsahel.com\/index.php?rest_route=%2Fwp%2Fv2%2Fcomments&post=743"}],"version-history":[{"count":1,"href":"https:\/\/voxsahel.com\/index.php?rest_route=\/wp\/v2\/posts\/743\/revisions"}],"predecessor-version":[{"id":745,"href":"https:\/\/voxsahel.com\/index.php?rest_route=\/wp\/v2\/posts\/743\/revisions\/745"}],"wp:featuredmedia":[{"embeddable":true,"href":"https:\/\/voxsahel.com\/index.php?rest_route=\/wp\/v2\/media\/744"}],"wp:attachment":[{"href":"https:\/\/voxsahel.com\/index.php?rest_route=%2Fwp%2Fv2%2Fmedia&parent=743"}],"wp:term":[{"taxonomy":"category","embeddable":true,"href":"https:\/\/voxsahel.com\/index.php?rest_route=%2Fwp%2Fv2%2Fcategories&post=743"},{"taxonomy":"post_tag","embeddable":true,"href":"https:\/\/voxsahel.com\/index.php?rest_route=%2Fwp%2Fv2%2Ftags&post=743"}],"curies":[{"name":"wp","href":"https:\/\/api.w.org\/{rel}","templated":true}]}}