{"id":739,"date":"2024-10-30T11:04:03","date_gmt":"2024-10-30T11:04:03","guid":{"rendered":"https:\/\/voxsahel.com\/?p=739"},"modified":"2024-10-30T11:04:03","modified_gmt":"2024-10-30T11:04:03","slug":"burkina-faso-avertissement-aux-agences-non-agreees-pour-lorganisation-du-hadj-2025-et-de-la-oumrah","status":"publish","type":"post","link":"https:\/\/voxsahel.com\/?p=739","title":{"rendered":"Burkina Faso : Avertissement aux agences non agr\u00e9\u00e9es pour l\u2019Organisation du Hadj 2025 et de la Oumrah"},"content":{"rendered":"<p class=\"p1\">Le Ministre Burkinab\u00e8 de l&rsquo;Administration territoriale et de la Mobilit\u00e9, a, dans un communiqu\u00e9 rendu public le 24 octobre 2024, mis en garde les agences de voyages et de tourisme qui, sans autorisation du minist\u00e8re en charge des cultes, diffusent des annonces invitant les candidats au Hadj 2025 et \u00e0 la Oumrah \u00e0 s&rsquo;inscrire pour ces p\u00e8lerinages.<\/p>\n<p class=\"p1\"><span class=\"s1\">Selon le ministre, l&rsquo;organisation de ces p\u00e8lerinages rel\u00e8ve exclusivement de la comp\u00e9tence des agences agr\u00e9\u00e9es. Cette r\u00e9glementation est encadr\u00e9e par le d\u00e9cret n\u00b02018-036 et l&rsquo;arr\u00eat\u00e9 n\u00b02015-236, qui pr\u00e9cisent les exigences et les crit\u00e8res auxquels les agences doivent r\u00e9pondre pour \u00eatre autoris\u00e9es \u00e0 organiser ces \u00e9v\u00e9nements religieux. Ces textes, adopt\u00e9s respectivement en 2018 et 2015, visent \u00e0 garantir la s\u00e9curit\u00e9 et le bien-\u00eatre des p\u00e8lerins burkinab\u00e8.<\/span><\/p>\n<p class=\"p1\"><span class=\"s1\">En raison de plusieurs signaux r\u00e9cents, le ministre appelle les agences concern\u00e9es \u00e0 cesser ces pratiques. Toute agence contrevenante risque des sanctions s\u00e9v\u00e8res, conform\u00e9ment aux lois en vigueur, pour non-respect des normes et obligations r\u00e9primant l&rsquo;organisation des p\u00e8lerinages religieux.<\/span><\/p>\n<p class=\"p1\"><span class=\"s1\">Le minist\u00e8re rappelle aux candidats au Hadj et \u00e0 la Oumrah de rester vigilants face aux offres non autoris\u00e9es et de s&rsquo;inscrire uniquement aupr\u00e8s des agences agr\u00e9\u00e9es. Une liste des agences habilit\u00e9es est jointe au communiqu\u00e9, permettant aux futurs p\u00e8lerins de s&rsquo;assurer que leur inscription est prise en charge par une structure l\u00e9gale et fiable.<\/span><\/p>\n<p class=\"p1\"><span class=\"s1\">Ce communiqu\u00e9 r\u00e9affirme la d\u00e9termination du gouvernement burkinab\u00e8 \u00e0 assurer une organisation r\u00e9ussie du Hadj 2025, dans un climat de transparence et de s\u00e9curit\u00e9. Les acteurs du secteur sont encourag\u00e9s \u00e0 se conformer aux exigences l\u00e9gales afin de pr\u00e9server le bon d\u00e9roulement des p\u00e8lerinages.<br \/>\nT\u00e9l\u00e9charger la liste des agences agr\u00e9\u00e9es ici \ud83d\udc49\ud83c\udfff<a href=\"https:\/\/voxsahel.com\/wp-content\/uploads\/2024\/10\/liste-des-agences-de-voyages.pdf\">Liste des agences de voyages<\/a><\/span><\/p>\n","protected":false},"excerpt":{"rendered":"<p>Le Ministre Burkinab\u00e8 de l&rsquo;Administration territoriale et de la Mobilit\u00e9, a, dans un communiqu\u00e9 rendu<\/p>\n","protected":false},"author":2,"featured_media":740,"comment_status":"open","ping_status":"open","sticky":false,"template":"","format":"standard","meta":{"_et_pb_use_builder":"","_et_pb_old_content":"","_et_gb_content_width":"","footnotes":""},"categories":[5],"tags":[18,393,388,394,387,303],"class_list":["post-739","post","type-post","status-publish","format-standard","has-post-thumbnail","hentry","category-societe","tag-burkina-faso","tag-culte","tag-hadj","tag-oumrah","tag-religion","tag-voyage"],"yoast_head":"<!-- This site is optimized with the Yoast SEO plugin v27.5 - https:\/\/yoast.com\/product\/yoast-seo-wordpress\/ -->\n<title>Burkina Faso : Avertissement aux agences non agr\u00e9\u00e9es pour l\u2019Organisation du Hadj 2025 et de la Oumrah - Vox Sahel<\/title>\n<meta name=\"robots\" content=\"index, follow, max-snippet:-1, max-image-preview:large, max-video-preview:-1\" \/>\n<link rel=\"canonical\" href=\"https:\/\/voxsahel.com\/?p=739\" \/>\n<meta property=\"og:locale\" content=\"fr_FR\" \/>\n<meta property=\"og:type\" content=\"article\" \/>\n<meta property=\"og:title\" content=\"Burkina Faso : Avertissement aux agences non agr\u00e9\u00e9es pour l\u2019Organisation du Hadj 2025 et de la Oumrah - Vox Sahel\" \/>\n<meta property=\"og:description\" content=\"Le Ministre Burkinab\u00e8 de l&rsquo;Administration territoriale et de la Mobilit\u00e9, a, dans un communiqu\u00e9 rendu\" \/>\n<meta property=\"og:url\" content=\"https:\/\/voxsahel.com\/?p=739\" \/>\n<meta property=\"og:site_name\" content=\"Vox Sahel\" \/>\n<meta property=\"article:publisher\" content=\"https:\/\/www.facebook.com\/journal.voxsahel\" \/>\n<meta property=\"article:published_time\" content=\"2024-10-30T11:04:03+00:00\" \/>\n<meta property=\"og:image\" content=\"https:\/\/voxsahel.com\/wp-content\/uploads\/2024\/10\/IMG_4551.jpeg\" \/>\n\t<meta property=\"og:image:width\" content=\"2048\" \/>\n\t<meta property=\"og:image:height\" content=\"1536\" \/>\n\t<meta property=\"og:image:type\" content=\"image\/jpeg\" \/>\n<meta name=\"author\" content=\"Vox Sahel\" \/>\n<meta name=\"twitter:card\" content=\"summary_large_image\" \/>\n<meta name=\"twitter:label1\" content=\"\u00c9crit par\" \/>\n\t<meta name=\"twitter:data1\" content=\"Vox Sahel\" \/>\n\t<meta name=\"twitter:label2\" content=\"Dur\u00e9e de lecture estim\u00e9e\" \/>\n\t<meta name=\"twitter:data2\" content=\"2 minutes\" \/>\n<script type=\"application\/ld+json\" class=\"yoast-schema-graph\">{\"@context\":\"https:\\\/\\\/schema.org\",\"@graph\":[{\"@type\":\"Article\",\"@id\":\"https:\\\/\\\/voxsahel.com\\\/?p=739#article\",\"isPartOf\":{\"@id\":\"https:\\\/\\\/voxsahel.com\\\/?p=739\"},\"author\":{\"name\":\"Vox Sahel\",\"@id\":\"https:\\\/\\\/voxsahel.com\\\/#\\\/schema\\\/person\\\/b4043608248f8fa227cd760e7ff1e19e\"},\"headline\":\"Burkina Faso : Avertissement aux agences non agr\u00e9\u00e9es pour l\u2019Organisation du Hadj 2025 et de la Oumrah\",\"datePublished\":\"2024-10-30T11:04:03+00:00\",\"mainEntityOfPage\":{\"@id\":\"https:\\\/\\\/voxsahel.com\\\/?p=739\"},\"wordCount\":329,\"commentCount\":0,\"publisher\":{\"@id\":\"https:\\\/\\\/voxsahel.com\\\/#organization\"},\"image\":{\"@id\":\"https:\\\/\\\/voxsahel.com\\\/?p=739#primaryimage\"},\"thumbnailUrl\":\"https:\\\/\\\/voxsahel.com\\\/wp-content\\\/uploads\\\/2024\\\/10\\\/IMG_4551.jpeg\",\"keywords\":[\"Burkina Faso\",\"Culte\",\"Hadj\",\"Oumrah\",\"Religion\",\"Voyage\"],\"articleSection\":[\"SOCIETE\"],\"inLanguage\":\"fr-FR\",\"potentialAction\":[{\"@type\":\"CommentAction\",\"name\":\"Comment\",\"target\":[\"https:\\\/\\\/voxsahel.com\\\/?p=739#respond\"]}]},{\"@type\":\"WebPage\",\"@id\":\"https:\\\/\\\/voxsahel.com\\\/?p=739\",\"url\":\"https:\\\/\\\/voxsahel.com\\\/?p=739\",\"name\":\"Burkina Faso : Avertissement aux agences non agr\u00e9\u00e9es pour l\u2019Organisation du Hadj 2025 et de la Oumrah - Vox Sahel\",\"isPartOf\":{\"@id\":\"https:\\\/\\\/voxsahel.com\\\/#website\"},\"primaryImageOfPage\":{\"@id\":\"https:\\\/\\\/voxsahel.com\\\/?p=739#primaryimage\"},\"image\":{\"@id\":\"https:\\\/\\\/voxsahel.com\\\/?p=739#primaryimage\"},\"thumbnailUrl\":\"https:\\\/\\\/voxsahel.com\\\/wp-content\\\/uploads\\\/2024\\\/10\\\/IMG_4551.jpeg\",\"datePublished\":\"2024-10-30T11:04:03+00:00\",\"breadcrumb\":{\"@id\":\"https:\\\/\\\/voxsahel.com\\\/?p=739#breadcrumb\"},\"inLanguage\":\"fr-FR\",\"potentialAction\":[{\"@type\":\"ReadAction\",\"target\":[\"https:\\\/\\\/voxsahel.com\\\/?p=739\"]}]},{\"@type\":\"ImageObject\",\"inLanguage\":\"fr-FR\",\"@id\":\"https:\\\/\\\/voxsahel.com\\\/?p=739#primaryimage\",\"url\":\"https:\\\/\\\/voxsahel.com\\\/wp-content\\\/uploads\\\/2024\\\/10\\\/IMG_4551.jpeg\",\"contentUrl\":\"https:\\\/\\\/voxsahel.com\\\/wp-content\\\/uploads\\\/2024\\\/10\\\/IMG_4551.jpeg\",\"width\":2048,\"height\":1536},{\"@type\":\"BreadcrumbList\",\"@id\":\"https:\\\/\\\/voxsahel.com\\\/?p=739#breadcrumb\",\"itemListElement\":[{\"@type\":\"ListItem\",\"position\":1,\"name\":\"Home\",\"item\":\"https:\\\/\\\/voxsahel.com\\\/\"},{\"@type\":\"ListItem\",\"position\":2,\"name\":\"Burkina Faso : Avertissement aux agences non agr\u00e9\u00e9es pour l\u2019Organisation du Hadj 2025 et de la Oumrah\"}]},{\"@type\":\"WebSite\",\"@id\":\"https:\\\/\\\/voxsahel.com\\\/#website\",\"url\":\"https:\\\/\\\/voxsahel.com\\\/\",\"name\":\"Vox Sahel\",\"description\":\"Informez-vous sur le Sahel en un clic\",\"publisher\":{\"@id\":\"https:\\\/\\\/voxsahel.com\\\/#organization\"},\"potentialAction\":[{\"@type\":\"SearchAction\",\"target\":{\"@type\":\"EntryPoint\",\"urlTemplate\":\"https:\\\/\\\/voxsahel.com\\\/?s={search_term_string}\"},\"query-input\":{\"@type\":\"PropertyValueSpecification\",\"valueRequired\":true,\"valueName\":\"search_term_string\"}}],\"inLanguage\":\"fr-FR\"},{\"@type\":\"Organization\",\"@id\":\"https:\\\/\\\/voxsahel.com\\\/#organization\",\"name\":\"Vox Sahel\",\"url\":\"https:\\\/\\\/voxsahel.com\\\/\",\"logo\":{\"@type\":\"ImageObject\",\"inLanguage\":\"fr-FR\",\"@id\":\"https:\\\/\\\/voxsahel.com\\\/#\\\/schema\\\/logo\\\/image\\\/\",\"url\":\"https:\\\/\\\/voxsahel.com\\\/wp-content\\\/uploads\\\/2024\\\/09\\\/Logo-Vox-Sahel.jpg\",\"contentUrl\":\"https:\\\/\\\/voxsahel.com\\\/wp-content\\\/uploads\\\/2024\\\/09\\\/Logo-Vox-Sahel.jpg\",\"width\":1181,\"height\":848,\"caption\":\"Vox Sahel\"},\"image\":{\"@id\":\"https:\\\/\\\/voxsahel.com\\\/#\\\/schema\\\/logo\\\/image\\\/\"},\"sameAs\":[\"https:\\\/\\\/www.facebook.com\\\/journal.voxsahel\"]},{\"@type\":\"Person\",\"@id\":\"https:\\\/\\\/voxsahel.com\\\/#\\\/schema\\\/person\\\/b4043608248f8fa227cd760e7ff1e19e\",\"name\":\"Vox Sahel\",\"image\":{\"@type\":\"ImageObject\",\"inLanguage\":\"fr-FR\",\"@id\":\"https:\\\/\\\/secure.gravatar.com\\\/avatar\\\/f70e7fa0cb9b29d4a7c5788d6eb2e9ab4d3135cbae1c9161810fdf77a8964699?s=96&d=mm&r=g\",\"url\":\"https:\\\/\\\/secure.gravatar.com\\\/avatar\\\/f70e7fa0cb9b29d4a7c5788d6eb2e9ab4d3135cbae1c9161810fdf77a8964699?s=96&d=mm&r=g\",\"contentUrl\":\"https:\\\/\\\/secure.gravatar.com\\\/avatar\\\/f70e7fa0cb9b29d4a7c5788d6eb2e9ab4d3135cbae1c9161810fdf77a8964699?s=96&d=mm&r=g\",\"caption\":\"Vox Sahel\"},\"sameAs\":[\"http:\\\/\\\/www.voxsahel.com\"],\"url\":\"https:\\\/\\\/voxsahel.com\\\/?author=2\"}]}<\/script>\n<!-- \/ Yoast SEO plugin. -->","yoast_head_json":{"title":"Burkina Faso : Avertissement aux agences non agr\u00e9\u00e9es pour l\u2019Organisation du Hadj 2025 et de la Oumrah - Vox Sahel","robots":{"index":"index","follow":"follow","max-snippet":"max-snippet:-1","max-image-preview":"max-image-preview:large","max-video-preview":"max-video-preview:-1"},"canonical":"https:\/\/voxsahel.com\/?p=739","og_locale":"fr_FR","og_type":"article","og_title":"Burkina Faso : Avertissement aux agences non agr\u00e9\u00e9es pour l\u2019Organisation du Hadj 2025 et de la Oumrah - Vox Sahel","og_description":"Le Ministre Burkinab\u00e8 de l&rsquo;Administration territoriale et de la Mobilit\u00e9, a, dans un communiqu\u00e9 rendu","og_url":"https:\/\/voxsahel.com\/?p=739","og_site_name":"Vox Sahel","article_publisher":"https:\/\/www.facebook.com\/journal.voxsahel","article_published_time":"2024-10-30T11:04:03+00:00","og_image":[{"width":2048,"height":1536,"url":"https:\/\/voxsahel.com\/wp-content\/uploads\/2024\/10\/IMG_4551.jpeg","type":"image\/jpeg"}],"author":"Vox Sahel","twitter_card":"summary_large_image","twitter_misc":{"\u00c9crit par":"Vox Sahel","Dur\u00e9e de lecture estim\u00e9e":"2 minutes"},"schema":{"@context":"https:\/\/schema.org","@graph":[{"@type":"Article","@id":"https:\/\/voxsahel.com\/?p=739#article","isPartOf":{"@id":"https:\/\/voxsahel.com\/?p=739"},"author":{"name":"Vox Sahel","@id":"https:\/\/voxsahel.com\/#\/schema\/person\/b4043608248f8fa227cd760e7ff1e19e"},"headline":"Burkina Faso : Avertissement aux agences non agr\u00e9\u00e9es pour l\u2019Organisation du Hadj 2025 et de la Oumrah","datePublished":"2024-10-30T11:04:03+00:00","mainEntityOfPage":{"@id":"https:\/\/voxsahel.com\/?p=739"},"wordCount":329,"commentCount":0,"publisher":{"@id":"https:\/\/voxsahel.com\/#organization"},"image":{"@id":"https:\/\/voxsahel.com\/?p=739#primaryimage"},"thumbnailUrl":"https:\/\/voxsahel.com\/wp-content\/uploads\/2024\/10\/IMG_4551.jpeg","keywords":["Burkina Faso","Culte","Hadj","Oumrah","Religion","Voyage"],"articleSection":["SOCIETE"],"inLanguage":"fr-FR","potentialAction":[{"@type":"CommentAction","name":"Comment","target":["https:\/\/voxsahel.com\/?p=739#respond"]}]},{"@type":"WebPage","@id":"https:\/\/voxsahel.com\/?p=739","url":"https:\/\/voxsahel.com\/?p=739","name":"Burkina Faso : Avertissement aux agences non agr\u00e9\u00e9es pour l\u2019Organisation du Hadj 2025 et de la Oumrah - Vox Sahel","isPartOf":{"@id":"https:\/\/voxsahel.com\/#website"},"primaryImageOfPage":{"@id":"https:\/\/voxsahel.com\/?p=739#primaryimage"},"image":{"@id":"https:\/\/voxsahel.com\/?p=739#primaryimage"},"thumbnailUrl":"https:\/\/voxsahel.com\/wp-content\/uploads\/2024\/10\/IMG_4551.jpeg","datePublished":"2024-10-30T11:04:03+00:00","breadcrumb":{"@id":"https:\/\/voxsahel.com\/?p=739#breadcrumb"},"inLanguage":"fr-FR","potentialAction":[{"@type":"ReadAction","target":["https:\/\/voxsahel.com\/?p=739"]}]},{"@type":"ImageObject","inLanguage":"fr-FR","@id":"https:\/\/voxsahel.com\/?p=739#primaryimage","url":"https:\/\/voxsahel.com\/wp-content\/uploads\/2024\/10\/IMG_4551.jpeg","contentUrl":"https:\/\/voxsahel.com\/wp-content\/uploads\/2024\/10\/IMG_4551.jpeg","width":2048,"height":1536},{"@type":"BreadcrumbList","@id":"https:\/\/voxsahel.com\/?p=739#breadcrumb","itemListElement":[{"@type":"ListItem","position":1,"name":"Home","item":"https:\/\/voxsahel.com\/"},{"@type":"ListItem","position":2,"name":"Burkina Faso : Avertissement aux agences non agr\u00e9\u00e9es pour l\u2019Organisation du Hadj 2025 et de la Oumrah"}]},{"@type":"WebSite","@id":"https:\/\/voxsahel.com\/#website","url":"https:\/\/voxsahel.com\/","name":"Vox Sahel","description":"Informez-vous sur le Sahel en un clic","publisher":{"@id":"https:\/\/voxsahel.com\/#organization"},"potentialAction":[{"@type":"SearchAction","target":{"@type":"EntryPoint","urlTemplate":"https:\/\/voxsahel.com\/?s={search_term_string}"},"query-input":{"@type":"PropertyValueSpecification","valueRequired":true,"valueName":"search_term_string"}}],"inLanguage":"fr-FR"},{"@type":"Organization","@id":"https:\/\/voxsahel.com\/#organization","name":"Vox Sahel","url":"https:\/\/voxsahel.com\/","logo":{"@type":"ImageObject","inLanguage":"fr-FR","@id":"https:\/\/voxsahel.com\/#\/schema\/logo\/image\/","url":"https:\/\/voxsahel.com\/wp-content\/uploads\/2024\/09\/Logo-Vox-Sahel.jpg","contentUrl":"https:\/\/voxsahel.com\/wp-content\/uploads\/2024\/09\/Logo-Vox-Sahel.jpg","width":1181,"height":848,"caption":"Vox Sahel"},"image":{"@id":"https:\/\/voxsahel.com\/#\/schema\/logo\/image\/"},"sameAs":["https:\/\/www.facebook.com\/journal.voxsahel"]},{"@type":"Person","@id":"https:\/\/voxsahel.com\/#\/schema\/person\/b4043608248f8fa227cd760e7ff1e19e","name":"Vox Sahel","image":{"@type":"ImageObject","inLanguage":"fr-FR","@id":"https:\/\/secure.gravatar.com\/avatar\/f70e7fa0cb9b29d4a7c5788d6eb2e9ab4d3135cbae1c9161810fdf77a8964699?s=96&d=mm&r=g","url":"https:\/\/secure.gravatar.com\/avatar\/f70e7fa0cb9b29d4a7c5788d6eb2e9ab4d3135cbae1c9161810fdf77a8964699?s=96&d=mm&r=g","contentUrl":"https:\/\/secure.gravatar.com\/avatar\/f70e7fa0cb9b29d4a7c5788d6eb2e9ab4d3135cbae1c9161810fdf77a8964699?s=96&d=mm&r=g","caption":"Vox Sahel"},"sameAs":["http:\/\/www.voxsahel.com"],"url":"https:\/\/voxsahel.com\/?author=2"}]}},"_links":{"self":[{"href":"https:\/\/voxsahel.com\/index.php?rest_route=\/wp\/v2\/posts\/739","targetHints":{"allow":["GET"]}}],"collection":[{"href":"https:\/\/voxsahel.com\/index.php?rest_route=\/wp\/v2\/posts"}],"about":[{"href":"https:\/\/voxsahel.com\/index.php?rest_route=\/wp\/v2\/types\/post"}],"author":[{"embeddable":true,"href":"https:\/\/voxsahel.com\/index.php?rest_route=\/wp\/v2\/users\/2"}],"replies":[{"embeddable":true,"href":"https:\/\/voxsahel.com\/index.php?rest_route=%2Fwp%2Fv2%2Fcomments&post=739"}],"version-history":[{"count":1,"href":"https:\/\/voxsahel.com\/index.php?rest_route=\/wp\/v2\/posts\/739\/revisions"}],"predecessor-version":[{"id":742,"href":"https:\/\/voxsahel.com\/index.php?rest_route=\/wp\/v2\/posts\/739\/revisions\/742"}],"wp:featuredmedia":[{"embeddable":true,"href":"https:\/\/voxsahel.com\/index.php?rest_route=\/wp\/v2\/media\/740"}],"wp:attachment":[{"href":"https:\/\/voxsahel.com\/index.php?rest_route=%2Fwp%2Fv2%2Fmedia&parent=739"}],"wp:term":[{"taxonomy":"category","embeddable":true,"href":"https:\/\/voxsahel.com\/index.php?rest_route=%2Fwp%2Fv2%2Fcategories&post=739"},{"taxonomy":"post_tag","embeddable":true,"href":"https:\/\/voxsahel.com\/index.php?rest_route=%2Fwp%2Fv2%2Ftags&post=739"}],"curies":[{"name":"wp","href":"https:\/\/api.w.org\/{rel}","templated":true}]}}