{"id":736,"date":"2024-10-29T11:16:21","date_gmt":"2024-10-29T11:16:21","guid":{"rendered":"https:\/\/voxsahel.com\/?p=736"},"modified":"2024-10-29T12:20:06","modified_gmt":"2024-10-29T12:20:06","slug":"la-cp-aes-un-outil-de-mobilisation-populaire-pour-lunite-et-la-souverainete-des-peuples-saheliens","status":"publish","type":"post","link":"https:\/\/voxsahel.com\/?p=736","title":{"rendered":"La CP-AES : un outil de mobilisation populaire pour l&rsquo;unit\u00e9 et la souverainet\u00e9 des peuples sah\u00e9liens"},"content":{"rendered":"<p class=\"p1\"><strong><span class=\"s2\">Dans une interview percutante, Nestor Poodasss\u00e9, responsable de la communication au Burkina Faso, revient sur les enjeux et les ambitions de la Conf\u00e9d\u00e9ration des Peuples de l&rsquo;Alliance des \u00c9tats du Sahel (CP-AES). Fond\u00e9e en septembre 2024 par le Burkina Faso, le Mali et le Niger, la CP-AES vise \u00e0 transcender les fronti\u00e8res, f\u00e9d\u00e9rer les citoyens, et renforcer l&rsquo;autonomie des \u00c9tats sah\u00e9liens face aux pressions ext\u00e9rieures. Poodasss\u00e9 souligne l&rsquo;importance de la mobilisation citoyenne, rappelant que le CP-AES n&rsquo;est pas une simple structure administrative mais une union de peuples d\u00e9termin\u00e9s \u00e0 faire entendre leur voix. Il appelle les populations \u00e0 s&rsquo;organiser pour soutenir les gouvernements, rappelant la vision panafricaine de figures comme Thomas Sankara. Cette initiative, selon lui, pourrait \u00eatre un v\u00e9ritable tournant pour la r\u00e9gion, en promouvant une coop\u00e9ration militaire, diplomatique et populaire au service des peuples sah\u00e9liens.<\/span><\/strong><\/p>\n<p class=\"p1\"><strong><span class=\"s2\">Nestor Poodasss\u00e9, vous revenez tout juste d&rsquo;un s\u00e9jour en Russie. Avant votre voyage en Russie, vous \u00e9tiez \u00e0 Bamako, o\u00f9 vous avez c\u00e9l\u00e9br\u00e9 le premier anniversaire de l&rsquo;alliance. Que retenez-vous de ce voyage du c\u00f4t\u00e9 de la \u00ab ville aux Trois ca\u00efmans \u00bb ?<\/span><\/strong><\/p>\n<p class=\"p1\"><span class=\"s2\">Le 16 septembre 2024, une c\u00e9r\u00e9monie a marqu\u00e9 l&rsquo;officialisation de la CP-AES, ou Conf\u00e9d\u00e9ration des Peuples de l&rsquo;Alliance des \u00c9tats du Sahel. En tant que responsable de la communication au Burkina Faso, je tiens \u00e0 souligner l&rsquo;importance de cette initiative. L&rsquo;AES, si elle n&rsquo;avait pas \u00e9t\u00e9 cr\u00e9\u00e9e, aurait d\u00fb l&rsquo;\u00eatre, car l&rsquo;\u00e9chec de la CEDEAO est une r\u00e9alit\u00e9 \u00e0 laquelle nous devons faire face. Pourquoi cet \u00e9chec ? Parce qu&rsquo;il n&rsquo;existe pas de CEDEAO des Peuples. Nous avons une CEDEAO des chefs d&rsquo;\u00c9tat, mais la voix du peuple y est souvent absente.<\/span><\/p>\n<p class=\"p1\"><span class=\"s2\">L&rsquo;AES a \u00e9t\u00e9 fond\u00e9e par des chefs d&rsquo;\u00c9tat, mais pour que la Conf\u00e9d\u00e9ration des Peuples ait un impact significatif, il est imp\u00e9ratif que les citoyens se regroupent et transcendent les fronti\u00e8res. Si nous restons divis\u00e9s, nous finirons par avoir une AES qui ne repr\u00e9sente que des bureaux et des dirigeants. Les chefs d&rsquo;\u00c9tat affirment vouloir que le peuple soit leur boussole, comme l&rsquo;a si bien exprim\u00e9 son excellent capitaine, Ibrahim Traor\u00e9. Cependant, si le peuple ne s&rsquo;organise pas, s&rsquo;il ne s&rsquo;unit pas pour devenir cette boussole, la qualit\u00e9 de notre gouvernance en souffrira in\u00e9vitablement. En effet, on dit que chaque peuple refl\u00e8te l&rsquo;image de ses dirigeants.<\/span><\/p>\n<p class=\"p1\"><span class=\"s2\">C&rsquo;est pourquoi, en tant que citoyens, nous devons prendre notre place dans cette dynamique. Les mouvements panafricains et les associations patriotes du Niger, du Burkina et du Mali sont unis pour l&rsquo;ancien PC, afin de soutenir nos trois dirigeants dans la r\u00e9alisation de la vision populaire. En tant que citoyen de l&rsquo;AES, je souhaite faire entendre ma voix. Si j&rsquo;ai un message \u00e0 transmettre \u00e0 nos dirigeants, je peux m&rsquo;adresser \u00e0 la CP, qui servira de canal pour acheminer mes propositions et pr\u00e9occupations \u00e0 ceux qui en ont le pouvoir. <\/span>Il est crucial de cr\u00e9er un espace o\u00f9 nous pouvons \u00eatre une force de protection pour nos dirigeants, leur apporter des id\u00e9es \u00e9clair\u00e9es et m\u00eame servir de rempart dans les choix qu&rsquo;ils font. La direction qu&rsquo;ils prennent doit \u00eatre orient\u00e9e vers l&rsquo;int\u00e9r\u00eat du peuple, car si les peuples burkinab\u00e8, malien et nig\u00e9rien parlaient d&rsquo;une seule voix, l&rsquo;imp\u00e9rialisme ne pourrait plus exercer son emprise sur nous. C&rsquo;est pourquoi l&rsquo;organisation du peuple est essentielle. Comme l&rsquo;a dit Thomas Sankara : \u00ab Quand le peuple se met d\u00e9bout, l&rsquo;imp\u00e9rialisme tremble. \u00bb Une jeunesse mobilis\u00e9e et un peuple uni sont plus puissants qu&rsquo;une bombe atomique. Voil\u00e0 ce que je voulais partager sur la CP-AES.<\/p>\n<p class=\"p1\"><strong><span class=\"s2\">Quel bilan tirez-vous de la mise en place de l&rsquo;alliance entre ces trois pays ? Etes-vous aujourd&rsquo;hui satisfait de la coop\u00e9ration militaire qui s&rsquo;est \u00e9tablie entre ces nations ? <\/span><\/strong><\/p>\n<p class=\"p1\"><span class=\"s2\">Lorsque cette unit\u00e9 sera op\u00e9rationnelle, elle marquera un tournant d\u00e9cisif. <\/span>La collaboration entre nos arm\u00e9es progresse. Sur le plan diplomatique et au sein des autorit\u00e9s, nous observons \u00e9galement de notables avanc\u00e9s. Comme l&rsquo;a dit Thomas Sankara, \u00ab la vraie r\u00e9volution, c&rsquo;est qu&rsquo;on ne peut pas avancer d&rsquo;un pas sans le peuple \u00bb. Il est donc essentiel que nous agissions ensemble, en unissant les efforts du peuple et des dirigeants. C&rsquo;est l&rsquo;objectif de la cr\u00e9ation du CP-AES. Cette initiative n&rsquo;est pas exclusive ; elle est ouverte \u00e0 tous. Tous les Burkinab\u00e8, Nig\u00e9riens et Maliens sont invit\u00e9s \u00e0 adh\u00e9rer, sans exception.<\/p>\n<p class=\"p1\"><strong><span class=\"s2\">Que doit-on attendre, justement, de la CP-AES? <\/span><\/strong><\/p>\n<p class=\"p1\"><span class=\"s2\">Les gens doivent savoir que le CP-AES, ce n&rsquo;est pas simplement une distribution de bonbons. Comme le dit un adage : \u00ab Ne demandez pas ce que votre pays peut faire pour vous, mais ce que vous pouvez faire pour votre pays \u00bb. Le CP-AES repr\u00e9sente l&rsquo;Union des Conf\u00e9d\u00e9rations des Peuples. Que vous soyez Malien, Burkinab\u00e8 ou Nig\u00e9rien, vous en faites partie. Ensemble, la question \u00e0 se poser est : que pouvons-nous faire pour lib\u00e9rer notre territoire, qui est d\u00e9j\u00e0 sur la bonne voie gr\u00e2ce \u00e0 la vision de nos trois pr\u00e9sidents ? Chaque Burkinab\u00e8, Nig\u00e9rien, Malien, et tout \u00ab AESien \u00bb doit se demander : comment pouvons-nous soutenir cette initiative, accompagner nos dirigeants et contribuer \u00e0 la lib\u00e9ration de nos pays ? C&rsquo;est notre priorit\u00e9. <\/span>Ensuite, r\u00e9fl\u00e9chissons \u00e0 ce que nous pouvons accomplir collectivement pour d\u00e9velopper notre sous-r\u00e9gion, notre espace AES. Il est crucial de travailler \u00e0 l&rsquo;int\u00e9gration de nos peuples et de briser les barri\u00e8res ethnicistes, r\u00e9gionalistes et tribalistes, ainsi que les fronti\u00e8res artificielles impos\u00e9es par des puissances ext\u00e9rieures. L&rsquo;objectif de l&rsquo;AES est d&rsquo;atteindre l&rsquo;unit\u00e9 africaine, une vision que j&rsquo;ai toujours d\u00e9fendue. C&rsquo;est cette dynamique que nous poursuivons. L&rsquo;ambition est de passer de la Conf\u00e9d\u00e9ration \u00e0 la F\u00e9d\u00e9ration.<\/p>\n<p class=\"p1\"><strong><span class=\"s2\">Est-ce que ce n\u2019est pas une organisation de trop, la CP-AES ? <\/span><\/strong><\/p>\n<p class=\"p1\"><span class=\"s2\">La CP-AES n&rsquo;est pas une organisation de trop. Comme j&rsquo;aime souvent \u00e0 le dire : d\u00e9sunis, nous sommes faibles ; unis, nous sommes forts. La CP-AES, c&rsquo;est le peuple. Que vous fassiez partie d&rsquo;une association ou d&rsquo;un groupe, tout le monde est inclus. Ce n&rsquo;est donc pas une organisation superflue. Par exemple, lorsqu&rsquo;on consid\u00e8re des mouvements comme la Plan\u00e8te des Jeunes Panafricanistes (PJP), celui-ci est sp\u00e9cifiquement d\u00e9di\u00e9 \u00e0 la jeunesse. De m\u00eame, il existe des mouvements pour les femmes, pour les personnes handicap\u00e9es ou malvoyantes, chacune ayant un objectif particulier. Cependant, le CP-AES r\u00e9unit tout ce monde. Que vous soyez militaire, civil, jeune, femme, handicap\u00e9 ou vuln\u00e9rable, la CP-AES vous int\u00e8gre. Elle a pour vocation de rassembler toutes les cat\u00e9gories de personnes, afin de renforcer l&rsquo;unit\u00e9 v\u00e9ritable.<\/span><\/p>\n<p class=\"p1\"><span class=\"s2\">Il n&rsquo;y a pas de CP-AES pour les femmes, pour les jeunes, ou pour un autre groupe sp\u00e9cifique. La CP-AES concerne le peuple, au sens large. Quand on parle du peuple, on englobe tout le monde : les personnes \u00e2g\u00e9es, les jeunes, les femmes, les enfants, sans exception. C&rsquo;est donc loin d&rsquo;\u00eatre une solution de trop. A mon sens, si la CP-AES n&rsquo;avait pas \u00e9t\u00e9 cr\u00e9\u00e9e, il aurait fallu la concevoir. Elle est n\u00e9e pour rassembler et nous rendre plus forts en tant qu&rsquo;unit\u00e9. Car, plus nous sommes dispers\u00e9s \u00e0 travers divers mouvements et sous-groupes, plus nous sommes affaiblis. Mais plus nous formons un bloc uni, plus nous sommes puissants.<\/span><\/p>\n<p class=\"p1\"><span class=\"s2\"><strong>Qu&rsquo;en est-il alors de la collaboration avec ces sous-groupes ? Est-ce que l&rsquo;id\u00e9al de la CP-AES est bien accept\u00e9 ?<\/strong><br \/>\n<\/span><\/p>\n<p class=\"p1\"><span class=\"s2\">Oui, cet id\u00e9al est largement partag\u00e9. Au Burkina Faso, nous avons rassembl\u00e9 une foule importante. Le Niger est \u00e9galement mobilis\u00e9 en grand nombre. Et vous avez vu l&rsquo;affluence massive \u00e0 Bamako lors du lancement officiel du CP-AES. Ce n&rsquo;\u00e9tait pas un simple \u00e9v\u00e9nement, c&rsquo;\u00e9tait un mouvement puissant. Une fois de retour, nous avons pos\u00e9 des actions concr\u00e8tes. Par exemple, la CP-AES a d\u00e9p\u00each\u00e9 des avocats \u00e0 Lom\u00e9 pour exiger l&rsquo;extradition de l&rsquo;ex-pr\u00e9sident Damiba. Nous \u0153uvrons donc r\u00e9ellement pour d\u00e9fendre les int\u00e9r\u00eats du peuple. L\u00e0 o\u00f9 l&rsquo;int\u00e9r\u00eat du peuple n&rsquo;est pas prot\u00e9g\u00e9, nous n&rsquo;intervenons pas. Notre mission est de d\u00e9fendre le peuple, de prot\u00e9ger nos chefs d&rsquo;Etat et les populations. Dans le cas de Damiba, nous savons que les actions qu&rsquo;il a entreprises, s&rsquo;il a caus\u00e9 des d\u00e9lits, risquent de d\u00e9stabiliser l&rsquo;AES. Et qui en paie les cons\u00e9quences ? C&rsquo;est le peuple. C&rsquo;est pourquoi le peuple doit se mobiliser pour exiger son extradition, et c&rsquo;est ce que nous avons fait. Nous sommes les porte-paroles du peuple et les d\u00e9fenseurs de ses int\u00e9r\u00eats. La CP-AES est l\u00e0 pour prot\u00e9ger le peuple de l&rsquo;AES.<\/span><\/p>\n<p class=\"p1\"><span class=\"s2\"><b>Comment se passent vos collaborations avec les autorit\u00e9s ? <\/b><\/span><\/p>\n<p class=\"p1\"><span class=\"s2\">Nos collaborations avec les autorit\u00e9s se d\u00e9roulent sans aucun probl\u00e8me. Il en est de m\u00eame avec les autres structures. Ce que nous faisons, nous nous contr\u00f4lons de ne rien entreprendre qui puisse nuire \u00e0 nos autorit\u00e9s actuelles, car elles sont engag\u00e9es dans une bonne dynamique. Notre r\u00f4le est de les soutenir et de prot\u00e9ger le peuple. Ceux qui tentent de d\u00e9stabiliser ces autorit\u00e9s visent en r\u00e9alit\u00e9 \u00e0 porter atteinte \u00e0 l&rsquo;int\u00e9r\u00eat du peuple, et nous nous dresserons fermement contre eux. C&rsquo;est clair. Comme l&rsquo;a dit le Capitaine Ibrahim Traor\u00e9, \u00ab\u00a0Je ferai du peuple ma boussole\u00a0\u00bb. Nous avons des propositions \u00e0 faire, mais il ne s&rsquo;agit pas de critiquer exclusivement sur les r\u00e9seaux sociaux. Il existe des canaux appropri\u00e9s pour transmettre nos id\u00e9es. Le Pr\u00e9sident a affirm\u00e9 que le cabinet de la pr\u00e9sidence est ouvert \u00e0 toute proposition. Si vous avez des id\u00e9es ou des suggestions, il suffit de les soumettre par \u00e9crit. Le CP-AES, par exemple, permet au peuple de l&rsquo;AES de r\u00e9diger des propositions et de nous les envoyer. En tant que charg\u00e9 de communication, je m&rsquo;occupe de les transmettre \u00e0 la coordination, qui \u00e0 son tour les fera suivre au cabinet du Pr\u00e9sident. Ainsi, nous veillons \u00e0 ce que les volont\u00e9s du peuple soient prises en compte. Il n&rsquo;est plus n\u00e9cessaire de se quereller ou de se battre sur les r\u00e9seaux sociaux. Nous sommes ici pour travailler et contribuer au bien-\u00eatre commun.\u00a0<\/span><\/p>\n<p class=\"p1\" style=\"text-align: right;\"><span class=\"s2\"><b>Par Vox Sahel <\/b><\/span><\/p>\n","protected":false},"excerpt":{"rendered":"<p>Dans une interview percutante, Nestor Poodasss\u00e9, responsable de la communication au Burkina Faso, revient sur<\/p>\n","protected":false},"author":2,"featured_media":737,"comment_status":"open","ping_status":"open","sticky":false,"template":"","format":"standard","meta":{"_et_pb_use_builder":"","_et_pb_old_content":"","_et_gb_content_width":"","footnotes":""},"categories":[11],"tags":[61,62,18,123,353,262,31,60,64,44],"class_list":["post-736","post","type-post","status-publish","format-standard","has-post-thumbnail","hentry","category-interview","tag-aes","tag-alliance-des-etats-du-sahel","tag-burkina-faso","tag-confederation-de-lalliances-des-etats-du-sahel","tag-confederation-des-peuples-de-lalliance-des-etats-du-sahel","tag-cp-aes","tag-mali","tag-niger","tag-organisation-de-la-societe-civile","tag-osc"],"yoast_head":"<!-- This site is optimized with the Yoast SEO plugin v27.5 - https:\/\/yoast.com\/product\/yoast-seo-wordpress\/ -->\n<title>La CP-AES : un outil de mobilisation populaire pour l&#039;unit\u00e9 et la souverainet\u00e9 des peuples sah\u00e9liens - Vox Sahel<\/title>\n<meta name=\"robots\" content=\"index, follow, max-snippet:-1, max-image-preview:large, max-video-preview:-1\" \/>\n<link rel=\"canonical\" href=\"https:\/\/voxsahel.com\/?p=736\" \/>\n<meta property=\"og:locale\" content=\"fr_FR\" \/>\n<meta property=\"og:type\" content=\"article\" \/>\n<meta property=\"og:title\" content=\"La CP-AES : un outil de mobilisation populaire pour l&#039;unit\u00e9 et la souverainet\u00e9 des peuples sah\u00e9liens - Vox Sahel\" \/>\n<meta property=\"og:description\" content=\"Dans une interview percutante, Nestor Poodasss\u00e9, responsable de la communication au Burkina Faso, revient sur\" \/>\n<meta property=\"og:url\" content=\"https:\/\/voxsahel.com\/?p=736\" \/>\n<meta property=\"og:site_name\" content=\"Vox Sahel\" \/>\n<meta property=\"article:publisher\" content=\"https:\/\/www.facebook.com\/journal.voxsahel\" \/>\n<meta property=\"article:published_time\" content=\"2024-10-29T11:16:21+00:00\" \/>\n<meta property=\"article:modified_time\" content=\"2024-10-29T12:20:06+00:00\" \/>\n<meta property=\"og:image\" content=\"https:\/\/voxsahel.com\/wp-content\/uploads\/2024\/10\/IMG_3976.jpeg\" \/>\n\t<meta property=\"og:image:width\" content=\"803\" \/>\n\t<meta property=\"og:image:height\" content=\"620\" \/>\n\t<meta property=\"og:image:type\" content=\"image\/jpeg\" \/>\n<meta name=\"author\" content=\"Vox Sahel\" \/>\n<meta name=\"twitter:card\" content=\"summary_large_image\" \/>\n<meta name=\"twitter:label1\" content=\"\u00c9crit par\" \/>\n\t<meta name=\"twitter:data1\" content=\"Vox Sahel\" \/>\n\t<meta name=\"twitter:label2\" content=\"Dur\u00e9e de lecture estim\u00e9e\" \/>\n\t<meta name=\"twitter:data2\" content=\"9 minutes\" \/>\n<script type=\"application\/ld+json\" class=\"yoast-schema-graph\">{\"@context\":\"https:\\\/\\\/schema.org\",\"@graph\":[{\"@type\":\"Article\",\"@id\":\"https:\\\/\\\/voxsahel.com\\\/?p=736#article\",\"isPartOf\":{\"@id\":\"https:\\\/\\\/voxsahel.com\\\/?p=736\"},\"author\":{\"name\":\"Vox Sahel\",\"@id\":\"https:\\\/\\\/voxsahel.com\\\/#\\\/schema\\\/person\\\/b4043608248f8fa227cd760e7ff1e19e\"},\"headline\":\"La CP-AES : un outil de mobilisation populaire pour l&rsquo;unit\u00e9 et la souverainet\u00e9 des peuples sah\u00e9liens\",\"datePublished\":\"2024-10-29T11:16:21+00:00\",\"dateModified\":\"2024-10-29T12:20:06+00:00\",\"mainEntityOfPage\":{\"@id\":\"https:\\\/\\\/voxsahel.com\\\/?p=736\"},\"wordCount\":1815,\"commentCount\":0,\"publisher\":{\"@id\":\"https:\\\/\\\/voxsahel.com\\\/#organization\"},\"image\":{\"@id\":\"https:\\\/\\\/voxsahel.com\\\/?p=736#primaryimage\"},\"thumbnailUrl\":\"https:\\\/\\\/voxsahel.com\\\/wp-content\\\/uploads\\\/2024\\\/10\\\/IMG_3976.jpeg\",\"keywords\":[\"AES\",\"Alliance des \u00c9tats du Sahel\",\"Burkina Faso\",\"Conf\u00e9d\u00e9ration de l\u2019Alliances des \u00c9tats du Sahel\",\"Conf\u00e9d\u00e9ration des Peuples de l'Alliance des \u00c9tats du Sahel\",\"CP-AES\",\"Mali\",\"Niger\",\"Organisation de la Soci\u00e9t\u00e9 Civile\",\"OSC\"],\"articleSection\":[\"INTERVIEW\"],\"inLanguage\":\"fr-FR\",\"potentialAction\":[{\"@type\":\"CommentAction\",\"name\":\"Comment\",\"target\":[\"https:\\\/\\\/voxsahel.com\\\/?p=736#respond\"]}]},{\"@type\":\"WebPage\",\"@id\":\"https:\\\/\\\/voxsahel.com\\\/?p=736\",\"url\":\"https:\\\/\\\/voxsahel.com\\\/?p=736\",\"name\":\"La CP-AES : un outil de mobilisation populaire pour l'unit\u00e9 et la souverainet\u00e9 des peuples sah\u00e9liens - Vox Sahel\",\"isPartOf\":{\"@id\":\"https:\\\/\\\/voxsahel.com\\\/#website\"},\"primaryImageOfPage\":{\"@id\":\"https:\\\/\\\/voxsahel.com\\\/?p=736#primaryimage\"},\"image\":{\"@id\":\"https:\\\/\\\/voxsahel.com\\\/?p=736#primaryimage\"},\"thumbnailUrl\":\"https:\\\/\\\/voxsahel.com\\\/wp-content\\\/uploads\\\/2024\\\/10\\\/IMG_3976.jpeg\",\"datePublished\":\"2024-10-29T11:16:21+00:00\",\"dateModified\":\"2024-10-29T12:20:06+00:00\",\"breadcrumb\":{\"@id\":\"https:\\\/\\\/voxsahel.com\\\/?p=736#breadcrumb\"},\"inLanguage\":\"fr-FR\",\"potentialAction\":[{\"@type\":\"ReadAction\",\"target\":[\"https:\\\/\\\/voxsahel.com\\\/?p=736\"]}]},{\"@type\":\"ImageObject\",\"inLanguage\":\"fr-FR\",\"@id\":\"https:\\\/\\\/voxsahel.com\\\/?p=736#primaryimage\",\"url\":\"https:\\\/\\\/voxsahel.com\\\/wp-content\\\/uploads\\\/2024\\\/10\\\/IMG_3976.jpeg\",\"contentUrl\":\"https:\\\/\\\/voxsahel.com\\\/wp-content\\\/uploads\\\/2024\\\/10\\\/IMG_3976.jpeg\",\"width\":803,\"height\":620},{\"@type\":\"BreadcrumbList\",\"@id\":\"https:\\\/\\\/voxsahel.com\\\/?p=736#breadcrumb\",\"itemListElement\":[{\"@type\":\"ListItem\",\"position\":1,\"name\":\"Home\",\"item\":\"https:\\\/\\\/voxsahel.com\\\/\"},{\"@type\":\"ListItem\",\"position\":2,\"name\":\"La CP-AES : un outil de mobilisation populaire pour l&rsquo;unit\u00e9 et la souverainet\u00e9 des peuples sah\u00e9liens\"}]},{\"@type\":\"WebSite\",\"@id\":\"https:\\\/\\\/voxsahel.com\\\/#website\",\"url\":\"https:\\\/\\\/voxsahel.com\\\/\",\"name\":\"Vox Sahel\",\"description\":\"Informez-vous sur le Sahel en un clic\",\"publisher\":{\"@id\":\"https:\\\/\\\/voxsahel.com\\\/#organization\"},\"potentialAction\":[{\"@type\":\"SearchAction\",\"target\":{\"@type\":\"EntryPoint\",\"urlTemplate\":\"https:\\\/\\\/voxsahel.com\\\/?s={search_term_string}\"},\"query-input\":{\"@type\":\"PropertyValueSpecification\",\"valueRequired\":true,\"valueName\":\"search_term_string\"}}],\"inLanguage\":\"fr-FR\"},{\"@type\":\"Organization\",\"@id\":\"https:\\\/\\\/voxsahel.com\\\/#organization\",\"name\":\"Vox Sahel\",\"url\":\"https:\\\/\\\/voxsahel.com\\\/\",\"logo\":{\"@type\":\"ImageObject\",\"inLanguage\":\"fr-FR\",\"@id\":\"https:\\\/\\\/voxsahel.com\\\/#\\\/schema\\\/logo\\\/image\\\/\",\"url\":\"https:\\\/\\\/voxsahel.com\\\/wp-content\\\/uploads\\\/2024\\\/09\\\/Logo-Vox-Sahel.jpg\",\"contentUrl\":\"https:\\\/\\\/voxsahel.com\\\/wp-content\\\/uploads\\\/2024\\\/09\\\/Logo-Vox-Sahel.jpg\",\"width\":1181,\"height\":848,\"caption\":\"Vox Sahel\"},\"image\":{\"@id\":\"https:\\\/\\\/voxsahel.com\\\/#\\\/schema\\\/logo\\\/image\\\/\"},\"sameAs\":[\"https:\\\/\\\/www.facebook.com\\\/journal.voxsahel\"]},{\"@type\":\"Person\",\"@id\":\"https:\\\/\\\/voxsahel.com\\\/#\\\/schema\\\/person\\\/b4043608248f8fa227cd760e7ff1e19e\",\"name\":\"Vox Sahel\",\"image\":{\"@type\":\"ImageObject\",\"inLanguage\":\"fr-FR\",\"@id\":\"https:\\\/\\\/secure.gravatar.com\\\/avatar\\\/f70e7fa0cb9b29d4a7c5788d6eb2e9ab4d3135cbae1c9161810fdf77a8964699?s=96&d=mm&r=g\",\"url\":\"https:\\\/\\\/secure.gravatar.com\\\/avatar\\\/f70e7fa0cb9b29d4a7c5788d6eb2e9ab4d3135cbae1c9161810fdf77a8964699?s=96&d=mm&r=g\",\"contentUrl\":\"https:\\\/\\\/secure.gravatar.com\\\/avatar\\\/f70e7fa0cb9b29d4a7c5788d6eb2e9ab4d3135cbae1c9161810fdf77a8964699?s=96&d=mm&r=g\",\"caption\":\"Vox Sahel\"},\"sameAs\":[\"http:\\\/\\\/www.voxsahel.com\"],\"url\":\"https:\\\/\\\/voxsahel.com\\\/?author=2\"}]}<\/script>\n<!-- \/ Yoast SEO plugin. -->","yoast_head_json":{"title":"La CP-AES : un outil de mobilisation populaire pour l'unit\u00e9 et la souverainet\u00e9 des peuples sah\u00e9liens - Vox Sahel","robots":{"index":"index","follow":"follow","max-snippet":"max-snippet:-1","max-image-preview":"max-image-preview:large","max-video-preview":"max-video-preview:-1"},"canonical":"https:\/\/voxsahel.com\/?p=736","og_locale":"fr_FR","og_type":"article","og_title":"La CP-AES : un outil de mobilisation populaire pour l'unit\u00e9 et la souverainet\u00e9 des peuples sah\u00e9liens - Vox Sahel","og_description":"Dans une interview percutante, Nestor Poodasss\u00e9, responsable de la communication au Burkina Faso, revient sur","og_url":"https:\/\/voxsahel.com\/?p=736","og_site_name":"Vox Sahel","article_publisher":"https:\/\/www.facebook.com\/journal.voxsahel","article_published_time":"2024-10-29T11:16:21+00:00","article_modified_time":"2024-10-29T12:20:06+00:00","og_image":[{"width":803,"height":620,"url":"https:\/\/voxsahel.com\/wp-content\/uploads\/2024\/10\/IMG_3976.jpeg","type":"image\/jpeg"}],"author":"Vox Sahel","twitter_card":"summary_large_image","twitter_misc":{"\u00c9crit par":"Vox Sahel","Dur\u00e9e de lecture estim\u00e9e":"9 minutes"},"schema":{"@context":"https:\/\/schema.org","@graph":[{"@type":"Article","@id":"https:\/\/voxsahel.com\/?p=736#article","isPartOf":{"@id":"https:\/\/voxsahel.com\/?p=736"},"author":{"name":"Vox Sahel","@id":"https:\/\/voxsahel.com\/#\/schema\/person\/b4043608248f8fa227cd760e7ff1e19e"},"headline":"La CP-AES : un outil de mobilisation populaire pour l&rsquo;unit\u00e9 et la souverainet\u00e9 des peuples sah\u00e9liens","datePublished":"2024-10-29T11:16:21+00:00","dateModified":"2024-10-29T12:20:06+00:00","mainEntityOfPage":{"@id":"https:\/\/voxsahel.com\/?p=736"},"wordCount":1815,"commentCount":0,"publisher":{"@id":"https:\/\/voxsahel.com\/#organization"},"image":{"@id":"https:\/\/voxsahel.com\/?p=736#primaryimage"},"thumbnailUrl":"https:\/\/voxsahel.com\/wp-content\/uploads\/2024\/10\/IMG_3976.jpeg","keywords":["AES","Alliance des \u00c9tats du Sahel","Burkina Faso","Conf\u00e9d\u00e9ration de l\u2019Alliances des \u00c9tats du Sahel","Conf\u00e9d\u00e9ration des Peuples de l'Alliance des \u00c9tats du Sahel","CP-AES","Mali","Niger","Organisation de la Soci\u00e9t\u00e9 Civile","OSC"],"articleSection":["INTERVIEW"],"inLanguage":"fr-FR","potentialAction":[{"@type":"CommentAction","name":"Comment","target":["https:\/\/voxsahel.com\/?p=736#respond"]}]},{"@type":"WebPage","@id":"https:\/\/voxsahel.com\/?p=736","url":"https:\/\/voxsahel.com\/?p=736","name":"La CP-AES : un outil de mobilisation populaire pour l'unit\u00e9 et la souverainet\u00e9 des peuples sah\u00e9liens - Vox Sahel","isPartOf":{"@id":"https:\/\/voxsahel.com\/#website"},"primaryImageOfPage":{"@id":"https:\/\/voxsahel.com\/?p=736#primaryimage"},"image":{"@id":"https:\/\/voxsahel.com\/?p=736#primaryimage"},"thumbnailUrl":"https:\/\/voxsahel.com\/wp-content\/uploads\/2024\/10\/IMG_3976.jpeg","datePublished":"2024-10-29T11:16:21+00:00","dateModified":"2024-10-29T12:20:06+00:00","breadcrumb":{"@id":"https:\/\/voxsahel.com\/?p=736#breadcrumb"},"inLanguage":"fr-FR","potentialAction":[{"@type":"ReadAction","target":["https:\/\/voxsahel.com\/?p=736"]}]},{"@type":"ImageObject","inLanguage":"fr-FR","@id":"https:\/\/voxsahel.com\/?p=736#primaryimage","url":"https:\/\/voxsahel.com\/wp-content\/uploads\/2024\/10\/IMG_3976.jpeg","contentUrl":"https:\/\/voxsahel.com\/wp-content\/uploads\/2024\/10\/IMG_3976.jpeg","width":803,"height":620},{"@type":"BreadcrumbList","@id":"https:\/\/voxsahel.com\/?p=736#breadcrumb","itemListElement":[{"@type":"ListItem","position":1,"name":"Home","item":"https:\/\/voxsahel.com\/"},{"@type":"ListItem","position":2,"name":"La CP-AES : un outil de mobilisation populaire pour l&rsquo;unit\u00e9 et la souverainet\u00e9 des peuples sah\u00e9liens"}]},{"@type":"WebSite","@id":"https:\/\/voxsahel.com\/#website","url":"https:\/\/voxsahel.com\/","name":"Vox Sahel","description":"Informez-vous sur le Sahel en un clic","publisher":{"@id":"https:\/\/voxsahel.com\/#organization"},"potentialAction":[{"@type":"SearchAction","target":{"@type":"EntryPoint","urlTemplate":"https:\/\/voxsahel.com\/?s={search_term_string}"},"query-input":{"@type":"PropertyValueSpecification","valueRequired":true,"valueName":"search_term_string"}}],"inLanguage":"fr-FR"},{"@type":"Organization","@id":"https:\/\/voxsahel.com\/#organization","name":"Vox Sahel","url":"https:\/\/voxsahel.com\/","logo":{"@type":"ImageObject","inLanguage":"fr-FR","@id":"https:\/\/voxsahel.com\/#\/schema\/logo\/image\/","url":"https:\/\/voxsahel.com\/wp-content\/uploads\/2024\/09\/Logo-Vox-Sahel.jpg","contentUrl":"https:\/\/voxsahel.com\/wp-content\/uploads\/2024\/09\/Logo-Vox-Sahel.jpg","width":1181,"height":848,"caption":"Vox Sahel"},"image":{"@id":"https:\/\/voxsahel.com\/#\/schema\/logo\/image\/"},"sameAs":["https:\/\/www.facebook.com\/journal.voxsahel"]},{"@type":"Person","@id":"https:\/\/voxsahel.com\/#\/schema\/person\/b4043608248f8fa227cd760e7ff1e19e","name":"Vox Sahel","image":{"@type":"ImageObject","inLanguage":"fr-FR","@id":"https:\/\/secure.gravatar.com\/avatar\/f70e7fa0cb9b29d4a7c5788d6eb2e9ab4d3135cbae1c9161810fdf77a8964699?s=96&d=mm&r=g","url":"https:\/\/secure.gravatar.com\/avatar\/f70e7fa0cb9b29d4a7c5788d6eb2e9ab4d3135cbae1c9161810fdf77a8964699?s=96&d=mm&r=g","contentUrl":"https:\/\/secure.gravatar.com\/avatar\/f70e7fa0cb9b29d4a7c5788d6eb2e9ab4d3135cbae1c9161810fdf77a8964699?s=96&d=mm&r=g","caption":"Vox Sahel"},"sameAs":["http:\/\/www.voxsahel.com"],"url":"https:\/\/voxsahel.com\/?author=2"}]}},"_links":{"self":[{"href":"https:\/\/voxsahel.com\/index.php?rest_route=\/wp\/v2\/posts\/736","targetHints":{"allow":["GET"]}}],"collection":[{"href":"https:\/\/voxsahel.com\/index.php?rest_route=\/wp\/v2\/posts"}],"about":[{"href":"https:\/\/voxsahel.com\/index.php?rest_route=\/wp\/v2\/types\/post"}],"author":[{"embeddable":true,"href":"https:\/\/voxsahel.com\/index.php?rest_route=\/wp\/v2\/users\/2"}],"replies":[{"embeddable":true,"href":"https:\/\/voxsahel.com\/index.php?rest_route=%2Fwp%2Fv2%2Fcomments&post=736"}],"version-history":[{"count":1,"href":"https:\/\/voxsahel.com\/index.php?rest_route=\/wp\/v2\/posts\/736\/revisions"}],"predecessor-version":[{"id":738,"href":"https:\/\/voxsahel.com\/index.php?rest_route=\/wp\/v2\/posts\/736\/revisions\/738"}],"wp:featuredmedia":[{"embeddable":true,"href":"https:\/\/voxsahel.com\/index.php?rest_route=\/wp\/v2\/media\/737"}],"wp:attachment":[{"href":"https:\/\/voxsahel.com\/index.php?rest_route=%2Fwp%2Fv2%2Fmedia&parent=736"}],"wp:term":[{"taxonomy":"category","embeddable":true,"href":"https:\/\/voxsahel.com\/index.php?rest_route=%2Fwp%2Fv2%2Fcategories&post=736"},{"taxonomy":"post_tag","embeddable":true,"href":"https:\/\/voxsahel.com\/index.php?rest_route=%2Fwp%2Fv2%2Ftags&post=736"}],"curies":[{"name":"wp","href":"https:\/\/api.w.org\/{rel}","templated":true}]}}