{"id":733,"date":"2024-10-29T10:33:05","date_gmt":"2024-10-29T10:33:05","guid":{"rendered":"https:\/\/voxsahel.com\/?p=733"},"modified":"2024-10-29T10:33:05","modified_gmt":"2024-10-29T10:33:05","slug":"valorisation-du-patrimoine-africain-le-ministre-malien-en-visite-au-musee-de-la-femme-de-kolgendisse","status":"publish","type":"post","link":"https:\/\/voxsahel.com\/?p=733","title":{"rendered":"Valorisation du patrimoine africain : Le Ministre Malien en Visite au Mus\u00e9e de la Femme de Kolgendiss\u00e9"},"content":{"rendered":"<p class=\"p1\"><span class=\"s1\">En marge de la 17e \u00e9dition du Salon International de l&rsquo;Artisanat de Ouagadougou (SIAO), le Ministre malien de l&rsquo;Artisanat, de la Culture, de l&rsquo;Industrie H\u00f4teli\u00e8re et du Tourisme, Andogoly Guindo, a effectu\u00e9 une visite remarqu\u00e9e au Mus\u00e9e de la Femme de Kolgendiss\u00e9, dans la r\u00e9gion du Plateau Central au Burkina Faso. Accompagn\u00e9 de son homologue burkinab\u00e8, le Ministre d&rsquo;\u00c9tat en charge de la Culture Jean Emmanuel Ou\u00e9draogo, M.Guindo a r\u00e9pondu \u00e0 l&rsquo;invitation de la promotrice de ce lieu de m\u00e9moire, la Princesse Julie Kongo.<\/span><\/p>\n<p class=\"p1\"><span class=\"s1\">Cette visite a permis au Ministre malien de d\u00e9couvrir l&rsquo;essence m\u00eame de la femme Moagha, et plus largement de la femme africaine, \u00e0 travers les riches collections d&rsquo;objets symboliques du mus\u00e9e. M.Guindo s&rsquo;est dit profond\u00e9ment impressionn\u00e9 par la profondeur de l&rsquo;inspiration ayant men\u00e9 \u00e0 la cr\u00e9ation de cet espace, lequel retrace, \u00e0 travers ses expositions, l&rsquo;histoire du royaume d&rsquo;Oubritenga et, au-del\u00e0, celle du Burkina Faso.<\/span><\/p>\n<p class=\"p1\"><span class=\"s1\">Le Mus\u00e9e de la Femme de Kolgendiss\u00e9, hommage au r\u00f4le essentiel de la femme v\u00e9ritable dans la soci\u00e9t\u00e9, est une initiative salu\u00e9e par le MinistreGuindo. Apr\u00e8s la visite guid\u00e9e, il a exprim\u00e9 son admiration pour ce projet et son soutien \u00e0 la Princesse KONGO, soulignant l&rsquo;importance de valoriser et de prot\u00e9ger le patrimoine culturel africain. \u00ab\u00a0Le r\u00f4le de la femme dans notre soci\u00e9t\u00e9 est celui d&rsquo;une poutre essentielle, un pilier sur lequel repose toute notre structure sociale\u00a0\u00bb, a-t-il d\u00e9clar\u00e9.<\/span><\/p>\n<p class=\"p1\"><span class=\"s1\">Dans une prise de parole marqu\u00e9e d&rsquo;\u00e9motion et de fiert\u00e9, le Ministre Guindo a rappel\u00e9 \u00e0 la jeunesse africaine l&rsquo;importance de l&rsquo;attachement aux valeurs ancestrales pour puiser l&rsquo;\u00e9nergie n\u00e9cessaire aux d\u00e9fis actuels. \u00ab\u00a0C&rsquo;est cet enracinement dans notre histoire qui donne \u00e0 chacun la force pour affronter les d\u00e9fis contemporains\u00a0\u00bb, a-t-il affirm\u00e9.<\/span><\/p>\n<p class=\"p1\"><span class=\"s1\">Le Ministre malien a \u00e9galement soulign\u00e9 que l&rsquo;Afrique a contribu\u00e9 de mani\u00e8re significative \u00e0 l&rsquo;histoire et \u00e0 la civilisation mondiales, une r\u00e9alit\u00e9 souvent ignor\u00e9e ou minimis\u00e9e. \u00ab\u00a0Penser que l&rsquo;Afrique n&rsquo;a pas particip\u00e9 \u00e0 la civilisation du monde, c&rsquo;est donner la preuve de son ignorance\u00a0\u00bb, at-il martel\u00e9.<\/span><\/p>\n<p class=\"p1\"><span class=\"s1\">La Princesse Julie KONGO, pour sa part, s&rsquo;est dite honor\u00e9e par cette visite et a partag\u00e9 avec ses h\u00f4tes l&rsquo;histoire de la fondation de son mus\u00e9e, ainsi que son ambition de transmettre aux g\u00e9n\u00e9rations futures les valeurs et le patrimoine de la femme africaine. Elle a exprim\u00e9 sa gratitude pour les encouragements du Ministre Guindo et a remerci\u00e9 le Ministre Ou\u00e9draogo pour avoir conduit cette rencontre.<\/span><\/p>\n<p class=\"p1\"><span class=\"s1\">Cette visite marque un moment fort dans les relations culturelles entre le Burkina Faso et le Mali, deux nations unies par des liens historiques et des valeurs partag\u00e9es. En renfor\u00e7ant leur coop\u00e9ration culturelle, les deux pays r\u00e9affirment leur volont\u00e9 de pr\u00e9server et de promouvoir le patrimoine africain face aux d\u00e9fis contemporains.\u00a0<\/span><\/p>\n","protected":false},"excerpt":{"rendered":"<p>En marge de la 17e \u00e9dition du Salon International de l&rsquo;Artisanat de Ouagadougou (SIAO), le<\/p>\n","protected":false},"author":2,"featured_media":734,"comment_status":"open","ping_status":"open","sticky":false,"template":"","format":"standard","meta":{"_et_pb_use_builder":"","_et_pb_old_content":"","_et_gb_content_width":"","footnotes":""},"categories":[13],"tags":[61,62,18,65,31,66,67],"class_list":["post-733","post","type-post","status-publish","format-standard","has-post-thumbnail","hentry","category-culture","tag-aes","tag-alliance-des-etats-du-sahel","tag-burkina-faso","tag-culture","tag-mali","tag-salon-international-de-lartisanat-de-ouagadougou","tag-siao"],"yoast_head":"<!-- This site is optimized with the Yoast SEO plugin v27.5 - https:\/\/yoast.com\/product\/yoast-seo-wordpress\/ -->\n<title>Valorisation du patrimoine africain : Le Ministre Malien en Visite au Mus\u00e9e de la Femme de Kolgendiss\u00e9 - Vox Sahel<\/title>\n<meta name=\"robots\" content=\"index, follow, max-snippet:-1, max-image-preview:large, max-video-preview:-1\" \/>\n<link rel=\"canonical\" href=\"https:\/\/voxsahel.com\/?p=733\" \/>\n<meta property=\"og:locale\" content=\"fr_FR\" \/>\n<meta property=\"og:type\" content=\"article\" \/>\n<meta property=\"og:title\" content=\"Valorisation du patrimoine africain : Le Ministre Malien en Visite au Mus\u00e9e de la Femme de Kolgendiss\u00e9 - Vox Sahel\" \/>\n<meta property=\"og:description\" content=\"En marge de la 17e \u00e9dition du Salon International de l&rsquo;Artisanat de Ouagadougou (SIAO), le\" \/>\n<meta property=\"og:url\" content=\"https:\/\/voxsahel.com\/?p=733\" \/>\n<meta property=\"og:site_name\" content=\"Vox Sahel\" \/>\n<meta property=\"article:publisher\" content=\"https:\/\/www.facebook.com\/journal.voxsahel\" \/>\n<meta property=\"article:published_time\" content=\"2024-10-29T10:33:05+00:00\" \/>\n<meta property=\"og:image\" content=\"https:\/\/voxsahel.com\/wp-content\/uploads\/2024\/10\/IMG_4135.jpeg\" \/>\n\t<meta property=\"og:image:width\" content=\"1974\" \/>\n\t<meta property=\"og:image:height\" content=\"1258\" \/>\n\t<meta property=\"og:image:type\" content=\"image\/jpeg\" \/>\n<meta name=\"author\" content=\"Vox Sahel\" \/>\n<meta name=\"twitter:card\" content=\"summary_large_image\" \/>\n<meta name=\"twitter:label1\" content=\"\u00c9crit par\" \/>\n\t<meta name=\"twitter:data1\" content=\"Vox Sahel\" \/>\n\t<meta name=\"twitter:label2\" content=\"Dur\u00e9e de lecture estim\u00e9e\" \/>\n\t<meta name=\"twitter:data2\" content=\"3 minutes\" \/>\n<script type=\"application\/ld+json\" class=\"yoast-schema-graph\">{\"@context\":\"https:\\\/\\\/schema.org\",\"@graph\":[{\"@type\":\"Article\",\"@id\":\"https:\\\/\\\/voxsahel.com\\\/?p=733#article\",\"isPartOf\":{\"@id\":\"https:\\\/\\\/voxsahel.com\\\/?p=733\"},\"author\":{\"name\":\"Vox Sahel\",\"@id\":\"https:\\\/\\\/voxsahel.com\\\/#\\\/schema\\\/person\\\/b4043608248f8fa227cd760e7ff1e19e\"},\"headline\":\"Valorisation du patrimoine africain : Le Ministre Malien en Visite au Mus\u00e9e de la Femme de Kolgendiss\u00e9\",\"datePublished\":\"2024-10-29T10:33:05+00:00\",\"mainEntityOfPage\":{\"@id\":\"https:\\\/\\\/voxsahel.com\\\/?p=733\"},\"wordCount\":520,\"commentCount\":0,\"publisher\":{\"@id\":\"https:\\\/\\\/voxsahel.com\\\/#organization\"},\"image\":{\"@id\":\"https:\\\/\\\/voxsahel.com\\\/?p=733#primaryimage\"},\"thumbnailUrl\":\"https:\\\/\\\/voxsahel.com\\\/wp-content\\\/uploads\\\/2024\\\/10\\\/IMG_4135.jpeg\",\"keywords\":[\"AES\",\"Alliance des \u00c9tats du Sahel\",\"Burkina Faso\",\"Culture\",\"Mali\",\"Salon International de l'Artisanat de Ouagadougou\",\"SIAO\"],\"articleSection\":[\"CULTURE\"],\"inLanguage\":\"fr-FR\",\"potentialAction\":[{\"@type\":\"CommentAction\",\"name\":\"Comment\",\"target\":[\"https:\\\/\\\/voxsahel.com\\\/?p=733#respond\"]}]},{\"@type\":\"WebPage\",\"@id\":\"https:\\\/\\\/voxsahel.com\\\/?p=733\",\"url\":\"https:\\\/\\\/voxsahel.com\\\/?p=733\",\"name\":\"Valorisation du patrimoine africain : Le Ministre Malien en Visite au Mus\u00e9e de la Femme de Kolgendiss\u00e9 - Vox Sahel\",\"isPartOf\":{\"@id\":\"https:\\\/\\\/voxsahel.com\\\/#website\"},\"primaryImageOfPage\":{\"@id\":\"https:\\\/\\\/voxsahel.com\\\/?p=733#primaryimage\"},\"image\":{\"@id\":\"https:\\\/\\\/voxsahel.com\\\/?p=733#primaryimage\"},\"thumbnailUrl\":\"https:\\\/\\\/voxsahel.com\\\/wp-content\\\/uploads\\\/2024\\\/10\\\/IMG_4135.jpeg\",\"datePublished\":\"2024-10-29T10:33:05+00:00\",\"breadcrumb\":{\"@id\":\"https:\\\/\\\/voxsahel.com\\\/?p=733#breadcrumb\"},\"inLanguage\":\"fr-FR\",\"potentialAction\":[{\"@type\":\"ReadAction\",\"target\":[\"https:\\\/\\\/voxsahel.com\\\/?p=733\"]}]},{\"@type\":\"ImageObject\",\"inLanguage\":\"fr-FR\",\"@id\":\"https:\\\/\\\/voxsahel.com\\\/?p=733#primaryimage\",\"url\":\"https:\\\/\\\/voxsahel.com\\\/wp-content\\\/uploads\\\/2024\\\/10\\\/IMG_4135.jpeg\",\"contentUrl\":\"https:\\\/\\\/voxsahel.com\\\/wp-content\\\/uploads\\\/2024\\\/10\\\/IMG_4135.jpeg\",\"width\":1974,\"height\":1258},{\"@type\":\"BreadcrumbList\",\"@id\":\"https:\\\/\\\/voxsahel.com\\\/?p=733#breadcrumb\",\"itemListElement\":[{\"@type\":\"ListItem\",\"position\":1,\"name\":\"Home\",\"item\":\"https:\\\/\\\/voxsahel.com\\\/\"},{\"@type\":\"ListItem\",\"position\":2,\"name\":\"Valorisation du patrimoine africain : Le Ministre Malien en Visite au Mus\u00e9e de la Femme de Kolgendiss\u00e9\"}]},{\"@type\":\"WebSite\",\"@id\":\"https:\\\/\\\/voxsahel.com\\\/#website\",\"url\":\"https:\\\/\\\/voxsahel.com\\\/\",\"name\":\"Vox Sahel\",\"description\":\"Informez-vous sur le Sahel en un clic\",\"publisher\":{\"@id\":\"https:\\\/\\\/voxsahel.com\\\/#organization\"},\"potentialAction\":[{\"@type\":\"SearchAction\",\"target\":{\"@type\":\"EntryPoint\",\"urlTemplate\":\"https:\\\/\\\/voxsahel.com\\\/?s={search_term_string}\"},\"query-input\":{\"@type\":\"PropertyValueSpecification\",\"valueRequired\":true,\"valueName\":\"search_term_string\"}}],\"inLanguage\":\"fr-FR\"},{\"@type\":\"Organization\",\"@id\":\"https:\\\/\\\/voxsahel.com\\\/#organization\",\"name\":\"Vox Sahel\",\"url\":\"https:\\\/\\\/voxsahel.com\\\/\",\"logo\":{\"@type\":\"ImageObject\",\"inLanguage\":\"fr-FR\",\"@id\":\"https:\\\/\\\/voxsahel.com\\\/#\\\/schema\\\/logo\\\/image\\\/\",\"url\":\"https:\\\/\\\/voxsahel.com\\\/wp-content\\\/uploads\\\/2024\\\/09\\\/Logo-Vox-Sahel.jpg\",\"contentUrl\":\"https:\\\/\\\/voxsahel.com\\\/wp-content\\\/uploads\\\/2024\\\/09\\\/Logo-Vox-Sahel.jpg\",\"width\":1181,\"height\":848,\"caption\":\"Vox Sahel\"},\"image\":{\"@id\":\"https:\\\/\\\/voxsahel.com\\\/#\\\/schema\\\/logo\\\/image\\\/\"},\"sameAs\":[\"https:\\\/\\\/www.facebook.com\\\/journal.voxsahel\"]},{\"@type\":\"Person\",\"@id\":\"https:\\\/\\\/voxsahel.com\\\/#\\\/schema\\\/person\\\/b4043608248f8fa227cd760e7ff1e19e\",\"name\":\"Vox Sahel\",\"image\":{\"@type\":\"ImageObject\",\"inLanguage\":\"fr-FR\",\"@id\":\"https:\\\/\\\/secure.gravatar.com\\\/avatar\\\/f70e7fa0cb9b29d4a7c5788d6eb2e9ab4d3135cbae1c9161810fdf77a8964699?s=96&d=mm&r=g\",\"url\":\"https:\\\/\\\/secure.gravatar.com\\\/avatar\\\/f70e7fa0cb9b29d4a7c5788d6eb2e9ab4d3135cbae1c9161810fdf77a8964699?s=96&d=mm&r=g\",\"contentUrl\":\"https:\\\/\\\/secure.gravatar.com\\\/avatar\\\/f70e7fa0cb9b29d4a7c5788d6eb2e9ab4d3135cbae1c9161810fdf77a8964699?s=96&d=mm&r=g\",\"caption\":\"Vox Sahel\"},\"sameAs\":[\"http:\\\/\\\/www.voxsahel.com\"],\"url\":\"https:\\\/\\\/voxsahel.com\\\/?author=2\"}]}<\/script>\n<!-- \/ Yoast SEO plugin. -->","yoast_head_json":{"title":"Valorisation du patrimoine africain : Le Ministre Malien en Visite au Mus\u00e9e de la Femme de Kolgendiss\u00e9 - Vox Sahel","robots":{"index":"index","follow":"follow","max-snippet":"max-snippet:-1","max-image-preview":"max-image-preview:large","max-video-preview":"max-video-preview:-1"},"canonical":"https:\/\/voxsahel.com\/?p=733","og_locale":"fr_FR","og_type":"article","og_title":"Valorisation du patrimoine africain : Le Ministre Malien en Visite au Mus\u00e9e de la Femme de Kolgendiss\u00e9 - Vox Sahel","og_description":"En marge de la 17e \u00e9dition du Salon International de l&rsquo;Artisanat de Ouagadougou (SIAO), le","og_url":"https:\/\/voxsahel.com\/?p=733","og_site_name":"Vox Sahel","article_publisher":"https:\/\/www.facebook.com\/journal.voxsahel","article_published_time":"2024-10-29T10:33:05+00:00","og_image":[{"width":1974,"height":1258,"url":"https:\/\/voxsahel.com\/wp-content\/uploads\/2024\/10\/IMG_4135.jpeg","type":"image\/jpeg"}],"author":"Vox Sahel","twitter_card":"summary_large_image","twitter_misc":{"\u00c9crit par":"Vox Sahel","Dur\u00e9e de lecture estim\u00e9e":"3 minutes"},"schema":{"@context":"https:\/\/schema.org","@graph":[{"@type":"Article","@id":"https:\/\/voxsahel.com\/?p=733#article","isPartOf":{"@id":"https:\/\/voxsahel.com\/?p=733"},"author":{"name":"Vox Sahel","@id":"https:\/\/voxsahel.com\/#\/schema\/person\/b4043608248f8fa227cd760e7ff1e19e"},"headline":"Valorisation du patrimoine africain : Le Ministre Malien en Visite au Mus\u00e9e de la Femme de Kolgendiss\u00e9","datePublished":"2024-10-29T10:33:05+00:00","mainEntityOfPage":{"@id":"https:\/\/voxsahel.com\/?p=733"},"wordCount":520,"commentCount":0,"publisher":{"@id":"https:\/\/voxsahel.com\/#organization"},"image":{"@id":"https:\/\/voxsahel.com\/?p=733#primaryimage"},"thumbnailUrl":"https:\/\/voxsahel.com\/wp-content\/uploads\/2024\/10\/IMG_4135.jpeg","keywords":["AES","Alliance des \u00c9tats du Sahel","Burkina Faso","Culture","Mali","Salon International de l'Artisanat de Ouagadougou","SIAO"],"articleSection":["CULTURE"],"inLanguage":"fr-FR","potentialAction":[{"@type":"CommentAction","name":"Comment","target":["https:\/\/voxsahel.com\/?p=733#respond"]}]},{"@type":"WebPage","@id":"https:\/\/voxsahel.com\/?p=733","url":"https:\/\/voxsahel.com\/?p=733","name":"Valorisation du patrimoine africain : Le Ministre Malien en Visite au Mus\u00e9e de la Femme de Kolgendiss\u00e9 - Vox Sahel","isPartOf":{"@id":"https:\/\/voxsahel.com\/#website"},"primaryImageOfPage":{"@id":"https:\/\/voxsahel.com\/?p=733#primaryimage"},"image":{"@id":"https:\/\/voxsahel.com\/?p=733#primaryimage"},"thumbnailUrl":"https:\/\/voxsahel.com\/wp-content\/uploads\/2024\/10\/IMG_4135.jpeg","datePublished":"2024-10-29T10:33:05+00:00","breadcrumb":{"@id":"https:\/\/voxsahel.com\/?p=733#breadcrumb"},"inLanguage":"fr-FR","potentialAction":[{"@type":"ReadAction","target":["https:\/\/voxsahel.com\/?p=733"]}]},{"@type":"ImageObject","inLanguage":"fr-FR","@id":"https:\/\/voxsahel.com\/?p=733#primaryimage","url":"https:\/\/voxsahel.com\/wp-content\/uploads\/2024\/10\/IMG_4135.jpeg","contentUrl":"https:\/\/voxsahel.com\/wp-content\/uploads\/2024\/10\/IMG_4135.jpeg","width":1974,"height":1258},{"@type":"BreadcrumbList","@id":"https:\/\/voxsahel.com\/?p=733#breadcrumb","itemListElement":[{"@type":"ListItem","position":1,"name":"Home","item":"https:\/\/voxsahel.com\/"},{"@type":"ListItem","position":2,"name":"Valorisation du patrimoine africain : Le Ministre Malien en Visite au Mus\u00e9e de la Femme de Kolgendiss\u00e9"}]},{"@type":"WebSite","@id":"https:\/\/voxsahel.com\/#website","url":"https:\/\/voxsahel.com\/","name":"Vox Sahel","description":"Informez-vous sur le Sahel en un clic","publisher":{"@id":"https:\/\/voxsahel.com\/#organization"},"potentialAction":[{"@type":"SearchAction","target":{"@type":"EntryPoint","urlTemplate":"https:\/\/voxsahel.com\/?s={search_term_string}"},"query-input":{"@type":"PropertyValueSpecification","valueRequired":true,"valueName":"search_term_string"}}],"inLanguage":"fr-FR"},{"@type":"Organization","@id":"https:\/\/voxsahel.com\/#organization","name":"Vox Sahel","url":"https:\/\/voxsahel.com\/","logo":{"@type":"ImageObject","inLanguage":"fr-FR","@id":"https:\/\/voxsahel.com\/#\/schema\/logo\/image\/","url":"https:\/\/voxsahel.com\/wp-content\/uploads\/2024\/09\/Logo-Vox-Sahel.jpg","contentUrl":"https:\/\/voxsahel.com\/wp-content\/uploads\/2024\/09\/Logo-Vox-Sahel.jpg","width":1181,"height":848,"caption":"Vox Sahel"},"image":{"@id":"https:\/\/voxsahel.com\/#\/schema\/logo\/image\/"},"sameAs":["https:\/\/www.facebook.com\/journal.voxsahel"]},{"@type":"Person","@id":"https:\/\/voxsahel.com\/#\/schema\/person\/b4043608248f8fa227cd760e7ff1e19e","name":"Vox Sahel","image":{"@type":"ImageObject","inLanguage":"fr-FR","@id":"https:\/\/secure.gravatar.com\/avatar\/f70e7fa0cb9b29d4a7c5788d6eb2e9ab4d3135cbae1c9161810fdf77a8964699?s=96&d=mm&r=g","url":"https:\/\/secure.gravatar.com\/avatar\/f70e7fa0cb9b29d4a7c5788d6eb2e9ab4d3135cbae1c9161810fdf77a8964699?s=96&d=mm&r=g","contentUrl":"https:\/\/secure.gravatar.com\/avatar\/f70e7fa0cb9b29d4a7c5788d6eb2e9ab4d3135cbae1c9161810fdf77a8964699?s=96&d=mm&r=g","caption":"Vox Sahel"},"sameAs":["http:\/\/www.voxsahel.com"],"url":"https:\/\/voxsahel.com\/?author=2"}]}},"_links":{"self":[{"href":"https:\/\/voxsahel.com\/index.php?rest_route=\/wp\/v2\/posts\/733","targetHints":{"allow":["GET"]}}],"collection":[{"href":"https:\/\/voxsahel.com\/index.php?rest_route=\/wp\/v2\/posts"}],"about":[{"href":"https:\/\/voxsahel.com\/index.php?rest_route=\/wp\/v2\/types\/post"}],"author":[{"embeddable":true,"href":"https:\/\/voxsahel.com\/index.php?rest_route=\/wp\/v2\/users\/2"}],"replies":[{"embeddable":true,"href":"https:\/\/voxsahel.com\/index.php?rest_route=%2Fwp%2Fv2%2Fcomments&post=733"}],"version-history":[{"count":1,"href":"https:\/\/voxsahel.com\/index.php?rest_route=\/wp\/v2\/posts\/733\/revisions"}],"predecessor-version":[{"id":735,"href":"https:\/\/voxsahel.com\/index.php?rest_route=\/wp\/v2\/posts\/733\/revisions\/735"}],"wp:featuredmedia":[{"embeddable":true,"href":"https:\/\/voxsahel.com\/index.php?rest_route=\/wp\/v2\/media\/734"}],"wp:attachment":[{"href":"https:\/\/voxsahel.com\/index.php?rest_route=%2Fwp%2Fv2%2Fmedia&parent=733"}],"wp:term":[{"taxonomy":"category","embeddable":true,"href":"https:\/\/voxsahel.com\/index.php?rest_route=%2Fwp%2Fv2%2Fcategories&post=733"},{"taxonomy":"post_tag","embeddable":true,"href":"https:\/\/voxsahel.com\/index.php?rest_route=%2Fwp%2Fv2%2Ftags&post=733"}],"curies":[{"name":"wp","href":"https:\/\/api.w.org\/{rel}","templated":true}]}}