{"id":729,"date":"2024-10-28T17:35:34","date_gmt":"2024-10-28T17:35:34","guid":{"rendered":"https:\/\/voxsahel.com\/?p=729"},"modified":"2024-10-28T17:40:25","modified_gmt":"2024-10-28T17:40:25","slug":"nestor-poodasse-charge-de-la-communication-et-des-relations-avec-les-medias-de-cp-aes-jinvite-les-chefs-de-terre-du-burkina-faso-a-prendre-des-engagements-fermes-selon-nos-coutumes","status":"publish","type":"post","link":"https:\/\/voxsahel.com\/?p=729","title":{"rendered":"NESTOR POODASSE charg\u00e9 de la communication et des Relations avec les M\u00e9dias de la CP-AES : \u00ab\u00a0J&rsquo;invite les chefs de terre du Burkina Faso \u00e0 prendre des engagements fermes selon nos coutumes\u00a0\u00bb"},"content":{"rendered":"<p><em><strong>\u00ab\u00a0Ceux qui ont contribu\u00e9 \u00e0 l&rsquo;\u00e9mergence du terrorisme en Afrique sont les m\u00eames qui combattent aujourd&rsquo;hui la Russie\u00a0\u00bb<\/strong><\/em><\/p>\n<p><strong>\u00a0<\/strong><strong>Les Journ\u00e9es \u00e9conomiques du Burkina Faso \u00e0 Moscou se d\u00e9roulent du 08 au 11 octobre 2024 dans la capitale russe. Ouvertes par le chef du gouvernement de la Transition, elles se tiennent sous le signe du renforcement de la coop\u00e9ration entre le Burkina Faso et la Russie. De retour de Russie apr\u00e8s avoir particip\u00e9 \u00e0 la Journ\u00e9e \u00e9conomique russo-burkinab\u00e8, Nestor Poodass\u00e9, participant aux journ\u00e9es au titre du Club des hommes d&rsquo;affaires russo-burkinab\u00e8, partage ses impressions sur cette collaboration historique. Il revient sur les avanc\u00e9es commerciales, les perspectives et l&rsquo;importance d&rsquo;un partenariat strat\u00e9gique avec la Russie, tant sur le plan \u00e9conomique que diplomatique, pour renforcer l&rsquo;ind\u00e9pendance et la souverainet\u00e9 du Burkina Faso. <\/strong><\/p>\n<p><strong>\u00a0<\/strong><\/p>\n<p><strong>\u00a0<\/strong><strong>Nestor Poodasss\u00e9, vous revenez tout juste d&rsquo;un s\u00e9jour en Russie. Pourriez-vous nous en dire davantage ?<\/strong><\/p>\n<p>Nous avons particip\u00e9 aux Journ\u00e9es \u00e9conomiques du Burkina Faso en Russie \u00e0 Moscou, sous la direction de Son Excellence le Premier Ministre Apollinaire Kyelem de Tamb\u00e8la. La d\u00e9l\u00e9gation comprenait le minist\u00e8re du Commerce, le minist\u00e8re des Affaires \u00e9trang\u00e8res, la Chambre de commerce du Burkina Faso, ainsi que le Club des hommes d&rsquo;affaires russo-burkinab\u00e8, qui ont jou\u00e9 un r\u00f4le d\u00e9terminant dans l&rsquo;organisation de cet \u00e9v\u00e9nement. Nous avons pris part \u00e0 cette initiative sous l&rsquo;\u00e9gide des hommes d&rsquo;affaires, et tout s&rsquo;est d\u00e9roul\u00e9 avec succ\u00e8s. De nombreuses avanc\u00e9es positives ont \u00e9t\u00e9 r\u00e9alis\u00e9es lors de cette rencontre, et nous avons \u00e9t\u00e9 particuli\u00e8rement satisfaits. \u00c9tant une premi\u00e8re exp\u00e9rience, nous esp\u00e9rons que ce type d&rsquo;\u00e9v\u00e9nement pourra \u00eatre renouvel\u00e9 dans un futur proche.<\/p>\n<p><strong>\u00a0<\/strong><strong>Quel bilan tirez-vous de cette activit\u00e9 ?<\/strong><\/p>\n<p>Le bilan est tr\u00e8s positif. Autrefois, on nous laissait croire que les Russes \u00e9taient \u00e0 \u00e9viter, et que les Africains, en particulier les Noirs, n&rsquo;\u00e9taient pas bien accueillis en Russie. Certaines personnes cherchaient m\u00eame \u00e0 nous d\u00e9courager de partir, en demandant aux \u00e9tudiants africains d\u00e9j\u00e0 sur place de confirmer ce pr\u00e9suppos\u00e9. Cependant, la r\u00e9alit\u00e9 que j&rsquo;ai v\u00e9cue est tout autre. D\u00e8s mon arriv\u00e9e \u00e0 l&rsquo;a\u00e9roport, une d\u00e9l\u00e9gation de l&rsquo;ambassade du Burkina Faso \u00e9tait pr\u00e9sente pour m&rsquo;accueillir. De plus, un ami russe qui avait \u00e9t\u00e9 inform\u00e9 de mon voyage, s&rsquo;est \u00e9galement d\u00e9plac\u00e9 pour venir me chercher. Cet ami, qui travaille au sein de l&rsquo;Africa Initiative que vous connaissez sans doute, a pris l&rsquo;initiative de mettre \u00e0 ma disposition une voiture, pour faciliter mes d\u00e9placements. Cette attention et cette bienveillance que l&rsquo;on associe souvent \u00e0 l&rsquo;Afrique, je l&rsquo;ai retrouv\u00e9e chez mes amis russes. Lors du forum, pendant les rencontres B2B, nous avons \u00e9galement eu des \u00e9changes fructueux. Des soci\u00e9t\u00e9s russes ont sign\u00e9 des conventions avec des entreprises et des coop\u00e9ratives burkinab\u00e8, notamment dans le domaine des engrais et d&rsquo;autres secteurs strat\u00e9giques. Ces accords marquent une \u00e9tape importante pour le Burkina Faso. C&rsquo;est la premi\u00e8re fois que la Chambre de Commerce du Burkina Faso a pu conclure directement des transactions commerciales avec la Russie, sans passer par la Chambre de Commerce de France. Auparavant, c&rsquo;\u00e9tait comme si nous \u00e9tions sous la tutelle commerciale fran\u00e7aise. Aujourd&rsquo;hui, gr\u00e2ce \u00e0 cet accord, nous gagnons en ind\u00e9pendance et en souverainet\u00e9 \u00e9conomique. Nous pouvons d\u00e9sormais commercer directement avec la Russie, sans interm\u00e9diaire. C&rsquo;est une v\u00e9ritable victoire pour notre pays. Voil\u00e0 pourquoi je dis que cette exp\u00e9rience a \u00e9t\u00e9 riche en r\u00e9alisations. Bien que je ne puisse pas tout d\u00e9tailler, ces exemples illustrent les avanc\u00e9es majeures que nous avons r\u00e9alis\u00e9es.<\/p>\n<blockquote>\n<p style=\"text-align: center;\"><span style=\"color: #ff6600;\"><strong>La Russie est un partenaire strat\u00e9gique cl\u00e9 dans le domaine militaire pour la lib\u00e9ration du Sahel. Il est donc essentiel que cette dynamique s&rsquo;\u00e9tende \u00e9galement au niveau populaire.<\/strong><\/span><\/p>\n<\/blockquote>\n<p><strong>Cela sous-entend-il que les hommes d&rsquo;affaires ayant particip\u00e9 \u00e0 cette visite en Russie sont revenus avec des projets d&rsquo;envergure ?<\/strong><\/p>\n<p>Bien s\u00fbr! D\u2019importants projets sont en cours, et certains ont m\u00eame d\u00e9j\u00e0 obtenu des promesses pour envoyer les premiers stocks dans les secteurs concern\u00e9s, afin de proc\u00e9der \u00e0 des essais avant que d&rsquo;autres \u00e9tapes ne suivent. Il y a donc de belles perspectives \u00e0 l&rsquo;horizon. Actuellement, notre objectif est d&rsquo;encourager une collaboration \u00e9troite entre le peuple burkinab\u00e8 et le peuple russe. Au niveau \u00e9tatique, la coop\u00e9ration se d\u00e9roule bien, notamment en mati\u00e8re de d\u00e9fense. <strong>La Russie est un partenaire strat\u00e9gique cl\u00e9 dans le domaine militaire pour la lib\u00e9ration du Sahel. Il est donc essentiel que cette dynamique s&rsquo;\u00e9tende \u00e9galement au niveau populaire. <\/strong>Gr\u00e2ce \u00e0 l\u2019agence de voyage Phonix Business Travels et Tours, une nouvelle mission en Russie est d\u00e9j\u00e0 pr\u00e9vue pour avril ou mai 2025. Cette mission comprendra des journ\u00e9es de rencontres, des voyages touristiques, des visites d&rsquo;entreprises et de sites touristiques. , ainsi que la participation \u00e0 des conf\u00e9rences. Ceux qui n&rsquo;ont pas pu participer cette ann\u00e9e sont d\u00e9j\u00e0 en train de se pr\u00e9parer pour cette nouvelle opportunit\u00e9. La Russie \u00e9tant un pays technologiquement avanc\u00e9, offre de nombreuses opportunit\u00e9s. De notre c\u00f4t\u00e9, nous disposons de mati\u00e8res premi\u00e8res et de ressources importantes. Il s&rsquo;agit donc d&rsquo;une relation de type gagnant-gagnant. Pour ceux qui souhaitent participer \u00e0 ce voyage en 2025, il est important de commencer \u00e0 se pr\u00e9parer d\u00e8s maintenant. Le co\u00fbt d&rsquo;un tel s\u00e9jour est estim\u00e9 entre 2 et 3 millions de francs CFA pour une dur\u00e9e d&rsquo;environ 10 jours, incluant les billets d&rsquo;avion, l&rsquo;h\u00e9bergement, la nourriture et les d\u00e9placements. Un investissement de 3 millions de francs est tout \u00e0 fait raisonnable, si l&rsquo;on consid\u00e8re les opportunit\u00e9s d&rsquo;affaires que cela peut engendrer, avec des partenariats potentiels pouvant rapporter des milliards. En s&rsquo;organisant bien, avril et mai arriveront rapidement. Cette mission en Russie \u00e9tait principalement ax\u00e9e sur le renforcement des relations \u00e9conomiques entre nos deux pays, et l&rsquo;avenir s&rsquo;annonce prometteur pour ceux qui sauront saisir ces opportunit\u00e9s.<\/p>\n<p><strong>Quels sont les principaux enseignements \u00e0 retenir notamment en ce qui concerne le terrorisme ? Lors de ce voyage, y a-t-il eu des engagements ou des promesses formul\u00e9es \u00e0 cet \u00e9gard?<\/strong><\/p>\n<p>Je ne suis pas mandat\u00e9 pour aborder les questions de s\u00e9curit\u00e9. Le Premier ministre, en tant que chef de la mission officielle, accompagn\u00e9 des membres du gouvernement, \u00e9tait charg\u00e9 de cela. Il y a eu de nombreuses discussions \u00e0 ce sujet, mais je n&rsquo;ai pas toutes les informations. Je vous recommande de vous rapprocher de la Primature ou des minist\u00e8res de la D\u00e9fense et des Affaires \u00e9trang\u00e8res pour obtenir des d\u00e9tails plus pr\u00e9cis. Ce que je peux affirmer, c&rsquo;est que la Russie est un partenaire strat\u00e9gique, notamment sur le plan militaire. Les officiels russes avec qui j&rsquo;ai eu des \u00e9changes ont confirm\u00e9 que cette coop\u00e9ration militaire se d\u00e9roule tr\u00e8s bien. Il n&rsquo;y a aucun doute sur ce niveau, et cela est visible sur le terrain. Lors de ma visite, l&rsquo;un des responsables m&rsquo;a conduit au parc Patriote o\u00f9 la Russie exposait des armes de pointe. Ce qui m&rsquo;a particuli\u00e8rement marqu\u00e9, c&rsquo;\u00e9tait la saisie des armes fournie par l&rsquo;OTAN \u00e0 l&rsquo;Ukraine, pr\u00e9sent\u00e9es lors de cette exposition. J&rsquo;en profite pour appeler le peuple burkinab\u00e8 et, plus largement, les Africains \u00e0 renforcer leur collaboration avec la Russie pour mettre fin \u00e0 l&rsquo;imp\u00e9rialisme. Pourquoi dis-je cela ? <strong>Ceux qui ont contribu\u00e9 \u00e0 l&rsquo;\u00e9mergence du terrorisme en Afrique sont les m\u00eames qui combattent aujourd&rsquo;hui la Russie<\/strong>. Ils disent vouloir la Russie sans les Russes, comme ils l&rsquo;ont fait en exterminant les Am\u00e9rindiens pour s&rsquo;approprier leurs terres, qui sont devenues les \u00c9tats-Unis. Ces m\u00eames forces souhaitent d\u00e9sormais \u00e9liminer les Russes pour s&#8217;emparer de leurs ressources, car la Russie est un pays extr\u00eamement riche, avec du gaz, du p\u00e9trole, de l&rsquo;uranium et bien d&rsquo;autres richesses, notamment en Sib\u00e9rie. Pendant longtemps, la Russie est conserv\u00e9e, ferm\u00e9e sur elle-m\u00eame, et les Africains ne connaissent pas bien son histoire, tout comme les Russes ignorent souvent l&rsquo;histoire des Africains. Cela est d\u00fb \u00e0 des interm\u00e9diaires mal intentionn\u00e9s qui ont d\u00e9form\u00e9 la r\u00e9alit\u00e9. Ils ont propag\u00e9 des contre-v\u00e9rit\u00e9s des deux c\u00f4t\u00e9s, cr\u00e9ant une incompr\u00e9hension mutuelle. Je pense qu&rsquo;il est temps de lever ce voile d&rsquo;ignorance et de reconna\u00eetre que la Russie et l&rsquo;Afrique partagent un ennemi commun. Si nous avons un ennemi commun, il est imp\u00e9ratif de nous unir pour le combattre.<\/p>\n<blockquote>\n<p style=\"text-align: center;\"><span style=\"color: #ff6600;\"><strong>Ceux qui ont contribu\u00e9 \u00e0 l&rsquo;\u00e9mergence du terrorisme en Afrique <\/strong><\/span><\/p>\n<p style=\"text-align: center;\"><span style=\"color: #ff6600;\"><strong>sont les m\u00eames qui combattent aujourd&rsquo;hui la Russie<\/strong>.<\/span><\/p>\n<\/blockquote>\n<p><strong>Justement, Monsieur Poodass\u00e9, certains citoyens du Burkina Faso estiment que passer d&rsquo;un partenaire occidental \u00e0 un autre revient \u00e0 faire un saut d&rsquo;un lit \u00e0 un autre, comme on dit dans le jargon africain : \u00ab\u00a0c&rsquo;est comme dormir \u00e0 m\u00eame le sol\u00a0\u00bb.<\/strong><\/p>\n<p>Non, il ne s&rsquo;agit pas de quitter un partenaire, car la France n&rsquo;\u00e9tait pas un partenaire. Non, non, non ! La France \u00e9tait un bourreau. C&rsquo;est comme \u00e9chapper au joug d&rsquo;un bourreau pour se rapprocher d&rsquo;un ami. Les Russes, eux, sont nos amis, nos fr\u00e8res, alors que la France \u00e9tait notre bourreau. Ce n&rsquo;est donc pas la m\u00eame chose. Il est essentiel que chacun comprenne cette distinction : la France \u00e9tait notre oppresseur, et nous avons bris\u00e9 ce joug pour nous unir \u00e0 un v\u00e9ritable alli\u00e9. La mani\u00e8re dont un ami te traite est bien diff\u00e9rente de celle d&rsquo;un bourreau. Il faut que les gens comprennent cette nuance. Pour ma part, j&rsquo;ai pass\u00e9 dix jours en Russie sans jamais \u00eatre inqui\u00e9t\u00e9. Je n&rsquo;ai subi aucune insulte, bien au contraire. Lorsque nous entrions quelque part, les Russes \u00e9taient fiers de nous voir. La Russie est un pays immense, avec des villages qui ressemblent \u00e0 des villes. Il y a m\u00eame des endroits o\u00f9 certaines personnes n&rsquo;ont jamais vu un Noir. Quand ils nous aper\u00e7oivent, ils nous suivent, comme on le ferait dans un village africain en voyant un Blanc pour la premi\u00e8re fois. L\u00e0-bas, c&rsquo;est la m\u00eame chose : on devient une curiosit\u00e9 admir\u00e9e. Personnellement, j&rsquo;ai ressenti une chaleur humaine comparable \u00e0 celle que l&rsquo;on trouve en Afrique. Je n&rsquo;ai pas v\u00e9cu les exp\u00e9riences n\u00e9gatives dont certaines parlent. Pas une seule fois je n&rsquo;ai \u00e9t\u00e9 menac\u00e9 ou malmen\u00e9 par la police. Non, non, non ! Au contraire, j&rsquo;ai m\u00eame circul\u00e9 parfois sans passeport, malgr\u00e9 les avertissements. Je n&rsquo;ai jamais eu de probl\u00e8mes. Vous avez peut-\u00eatre vu la vid\u00e9o que j&rsquo;ai faite sur la Place Rouge, devant le Kremlin. Lors de mon deuxi\u00e8me passage, j&rsquo;ai pris une photo pr\u00e8s de la statue de Vladimir, le premier empereur \u00e0 avoir introduit la religion chr\u00e9tienne en Russie. Je n&rsquo;ai pas \u00e9t\u00e9 d\u00e9rang\u00e9, m\u00eame si des gardes pr\u00e9sidentiels \u00e9taient partout. Au contraire, certains d&rsquo;entre eux, en voyant que je portais le drapeau burkinab\u00e8, ont pris des photos avec moi et ont immortalis\u00e9 ce moment. Comment comprendre cela ? Les Russes sont ici pour coop\u00e9rer, et c&rsquo;est essentiel pour notre \u00e9mancipation. Ceux qui s&rsquo;opposent \u00e0 cette alliance sont les m\u00eames qui ont toujours r\u00eav\u00e9 d&rsquo;une Afrique sans les Africains, un paradis terrestre pour l&rsquo;homme blanc. Mon exp\u00e9rience sur le terrain m&rsquo;a permis de comprendre cela, et j&rsquo;esp\u00e8re que mes fr\u00e8res africains en prendront \u00e9galement conscience. Il est temps pour nous de travailler ensemble avec la Russie. J&rsquo;invite le Burkina Faso \u00e0 se mobiliser massivement pour que, d\u00e8s avril et mai 2025, nous puissions \u00e9tablir un partenariat solide. En retour, nous accueillerons aussi nos amis russes ici. Tant que nous ne nous ouvrons pas \u00e0 eux, ils ne viendront pas vers nous. Aujourd&rsquo;hui, nous avons plus que jamais besoin de ce partenariat. Certes, la Russie a besoin de nous, mais nous avons encore plus besoin d&rsquo;elle. La Russie est un pays riche : p\u00e9trole, uranium, gaz, bl\u00e9, engrais&#8230; Elle approvisionne presque toute l&rsquo;Europe. En revanche, nous avons aussi des ressources \u00e0 offrir et \u00e0 exporter. De plus, nous pouvons b\u00e9n\u00e9ficier du transfert de technologies. La Russie est en avance dans de nombreux domaines technologiques. Nous devons apprendre d&rsquo;elle et int\u00e9grer ces technologies chez nous. Nous sommes sur la voie de l&rsquo;\u00e9volution, mais il faut savoir \u00e0 qui s&rsquo;associer. Des puissances comme l&rsquo;Iran, la Cor\u00e9e du Nord ou la Chine sont devenues fortes gr\u00e2ce \u00e0 la Russie. Pourquoi ne pas nous en inspirer et collaborer avec elle pour nous renforcer \u00e0 notre tourn\u00e9e ? La Russie ne cherche qu&rsquo;\u00e0 nous aider \u00e0 devenir plus puissant. Sans elle, des nations comme la Cor\u00e9e du Nord ou l&rsquo;Iran ne seraient pas ce qu&rsquo;elles sont aujourd&rsquo;hui. Alors, il est temps de comprendre que la Russie n&rsquo;est pas un ennemi. Celui qui pr\u00e9tend le contraire est un ennemi de l&rsquo;Afrique, du Burkina Faso et de notre avenir.<\/p>\n<p><strong>Avant votre voyage en Russie, vous \u00e9tiez \u00e0 Bamako, o\u00f9 vous avez c\u00e9l\u00e9br\u00e9 le premier anniversaire de l&rsquo;alliance. Que retenez-vous de ce voyage du c\u00f4t\u00e9 de la \u00ab\u00a0ville aux Trois ca\u00efmans\u00a0\u00bb ?<\/strong><\/p>\n<p>Le 16 septembre 2024, une c\u00e9r\u00e9monie a marqu\u00e9 l&rsquo;officialisation de la CP-AES, ou Conf\u00e9d\u00e9ration des Peuples de l&rsquo;Alliance des \u00c9tats du Sahel. En tant que responsable de la communication au Burkina Faso, je tiens \u00e0 souligner l&rsquo;importance de cette initiative. L&rsquo;AES, si elle n&rsquo;avait pas \u00e9t\u00e9 cr\u00e9\u00e9e, aurait d\u00fb l&rsquo;\u00eatre, car l&rsquo;\u00e9chec de la CEDEAO est une r\u00e9alit\u00e9 \u00e0 laquelle nous devons faire face. Pourquoi cet \u00e9chec ? Parce qu&rsquo;il n&rsquo;existe pas de CEDEAO des Peuples. Nous avons une CEDEAO des chefs d&rsquo;\u00c9tat, mais la voix du peuple y est souvent absente. L&rsquo;AES a \u00e9t\u00e9 fond\u00e9e par des chefs d&rsquo;\u00c9tat, mais pour que la Conf\u00e9d\u00e9ration des Peuples ait un impact significatif, il est imp\u00e9ratif que les citoyens se regroupent et transcendent les fronti\u00e8res. Si nous restons divis\u00e9s, nous finirons par avoir une AES qui ne repr\u00e9sente que des bureaux et des dirigeants. Les chefs d&rsquo;\u00c9tat affirment vouloir que le peuple soit leur boussole, comme l&rsquo;a si bien exprim\u00e9 son excellent capitaine, Ibrahim Traor\u00e9. Cependant, si le peuple ne s&rsquo;organise pas, s&rsquo;il ne s&rsquo;unit pas pour devenir cette boussole, la qualit\u00e9 de notre gouvernance en souffrira in\u00e9vitablement. En effet, on dit que chaque peuple refl\u00e8te l&rsquo;image de ses dirigeants. C&rsquo;est pourquoi, en tant que citoyens, nous devons prendre notre place dans cette dynamique. Les mouvements panafricains et les associations patriotes du Niger, du Burkina et du Mali sont unis pour l&rsquo;ancien PC, afin de soutenir nos trois dirigeants dans la r\u00e9alisation de la vision populaire. En tant que citoyen de l&rsquo;AES, je souhaite faire entendre ma voix. Si j&rsquo;ai un message \u00e0 transmettre \u00e0 nos dirigeants, je peux m&rsquo;adresser \u00e0 la CP, qui servira de canal pour acheminer mes propositions et pr\u00e9occupations \u00e0 ceux qui en ont le pouvoir. Il est crucial de cr\u00e9er un espace o\u00f9 nous pouvons \u00eatre une force de protection pour nos dirigeants, leur apporter des id\u00e9es \u00e9clair\u00e9es et m\u00eame servir de rempart dans les choix qu&rsquo;ils font. La direction qu&rsquo;ils prennent doit \u00eatre orient\u00e9e vers l&rsquo;int\u00e9r\u00eat du peuple, car si les peuples burkinab\u00e8, malien et nig\u00e9rien parlaient d&rsquo;une seule voix, l&rsquo;imp\u00e9rialisme ne pourrait plus exercer son emprise sur nous. C&rsquo;est pourquoi l&rsquo;organisation du peuple est essentielle. Comme l&rsquo;a dit Thomas Sankara : \u00ab Quand le peuple se met d\u00e9bout, l&rsquo;imp\u00e9rialisme tremble. \u00bb Une jeunesse mobilis\u00e9e et un peuple uni sont plus puissants qu&rsquo;une bombe atomique. Voil\u00e0 ce que je voulais partager sur la CP-AES.<\/p>\n<p><strong>Quel bilan tirez-vous de la mise en place de l&rsquo;alliance entre ces trois pays ? Etes-vous aujourd&rsquo;hui satisfait de la coop\u00e9ration militaire qui s&rsquo;est \u00e9tablie entre ces nations ?<\/strong><\/p>\n<p>Sans la coop\u00e9ration des trois pays, je ne pense pas que Kidal aurait \u00e9t\u00e9 lib\u00e9r\u00e9. De m\u00eame, sans cette collaboration, Djibo aurait \u00e9galement pu \u00eatre en danger. Je pourrais citer de nombreux exemples, mais je vais me concentrer sur ces deux-l\u00e0. En effet, lorsque Djibo \u00e9tait sous une pluie de feu, nos drones sont intervenus. Cependant, les terroristes \u00e9taient bien pr\u00e9par\u00e9s, \u00e9quip\u00e9s d&rsquo;armes lourdes et en grand nombre. Nous avons b\u00e9n\u00e9fici\u00e9 du soutien du Mali. Lorsque le Mali devait reprendre Kidal, il a re\u00e7u l&rsquo;appui du Niger et du Burkina Faso. De plus, lors de l&rsquo;attaque de Tenzawaten en juillet 2024, nous avons constat\u00e9 l&rsquo;intervention du Burkina pour aider les Maliens \u00e0 reprendre cette localit\u00e9. Cela d\u00e9montre que, sur le plan militaire, les \u00e9tats-majors sont presque pr\u00eats, avec des avanc\u00e9es significatives, notamment en ce qui concerne la cr\u00e9ation d&rsquo;un commandement unique. Cette \u00e9volution est cruciale, car elle renforcera notre efficacit\u00e9 sur le terrain. Il est imp\u00e9ratif que le peuple s&rsquo;implique rapidement. Certains discours visant \u00e0 d\u00e9stabiliser notre pays ont fuit\u00e9, et on peut y entendre des voix appelant \u00e0 tout faire pour emp\u00eacher la mise en place des forces sp\u00e9ciales de l&rsquo;AES. Lorsque cette unit\u00e9 sera op\u00e9rationnelle, elle marquera un tournant d\u00e9cisif. La collaboration entre nos arm\u00e9es progresse. Sur le plan diplomatique et au sein des autorit\u00e9s, nous observons \u00e9galement de notables avanc\u00e9s. Comme l&rsquo;a dit Thomas Sankara, \u00ab la vraie r\u00e9volution, c&rsquo;est qu&rsquo;on ne peut pas avancer d&rsquo;un pas sans le peuple \u00bb. Il est donc essentiel que nous agissions ensemble, en unissant les efforts du peuple et des dirigeants. C&rsquo;est l&rsquo;objectif de la cr\u00e9ation du CP-AES. Cette initiative n&rsquo;est pas exclusive ; elle est ouverte \u00e0 tous. Tous les Burkinab\u00e8, Nig\u00e9riens et Maliens sont invit\u00e9s \u00e0 adh\u00e9rer, sans exception.<\/p>\n<p><strong>Monsieur Poodass\u00e9, malgr\u00e9 la mise en place de cette alliance ax\u00e9e principalement sur le terrain militaire, nous constatons encore des attaques terroristes dans ces pays. Ne pensez-vous pas qu&rsquo;il y a un probl\u00e8me dans l&rsquo;organisation ou que les mesures prises ne sont pas adapt\u00e9es ?<\/strong><\/p>\n<p>Non, ce n&rsquo;est pas cela. Ce que je tiens \u00e0 dire, c&rsquo;est que lorsqu&rsquo;on est atteint d&rsquo;une maladie canc\u00e9reuse, qui est v\u00e9ritablement une maladie d\u00e9vastatrice, la gu\u00e9rison ne se produit pas du jour au lendemain. Vous pouvez avoir entre vos mains le traitement appropri\u00e9, mais la gu\u00e9rison s&rsquo;op\u00e8re progressivement. \u00c9tant donn\u00e9 qu&rsquo;il s&rsquo;agit d&rsquo;une maladie grave, il est illusoire de penser qu&rsquo;elle peut \u00eatre r\u00e9solue instantan\u00e9ment, simplement parce qu&rsquo;on a le bon m\u00e9dicament. M\u00eame si l&rsquo;on d\u00e9couvre le rem\u00e8de id\u00e9al, il faut du temps pour que la maladie se r\u00e9sorbe, lentement mais s\u00fbrement, jusqu&rsquo;\u00e0 ce qu&rsquo;elle disparaisse compl\u00e8tement. Cela n\u00e9cessite un peu de patience, et bient\u00f4t, nous serons totalement lib\u00e9r\u00e9s. Par ailleurs, vous avez \u00e9voqu\u00e9 le CP-AES, qui a \u00e9t\u00e9 lanc\u00e9 le 16 septembre \u00e0 Bamako, un mouvement important qui unit les peuples de ces trois pays.<\/p>\n<p><strong>Que doit-on attendre, justement, de la CP-AES? <\/strong><\/p>\n<p>Les gens doivent savoir que le CP-AES, ce n&rsquo;est pas simplement une distribution de bonbons. Comme le dit un adage : \u00ab Ne demandez pas ce que votre pays peut faire pour vous, mais ce que vous pouvez faire pour votre pays \u00bb. Le CP-AES repr\u00e9sente l&rsquo;Union des Conf\u00e9d\u00e9rations des Peuples. Que vous soyez Malien, Burkinab\u00e8 ou Nig\u00e9rien, vous en faites partie. Ensemble, la question \u00e0 se poser est : que pouvons-nous faire pour lib\u00e9rer notre territoire, qui est d\u00e9j\u00e0 sur la bonne voie gr\u00e2ce \u00e0 la vision de nos trois pr\u00e9sidents ? Chaque Burkinab\u00e8, Nig\u00e9rien, Malien, et tout \u00ab AESien \u00bb doit se demander : comment pouvons-nous soutenir cette initiative, accompagner nos dirigeants et contribuer \u00e0 la lib\u00e9ration de nos pays ? C&rsquo;est notre priorit\u00e9. Ensuite, r\u00e9fl\u00e9chissons \u00e0 ce que nous pouvons accomplir collectivement pour d\u00e9velopper notre sous-r\u00e9gion, notre espace AES. Il est crucial de travailler \u00e0 l&rsquo;int\u00e9gration de nos peuples et de briser les barri\u00e8res ethnicistes, r\u00e9gionalistes et tribalistes, ainsi que les fronti\u00e8res artificielles impos\u00e9es par des puissances ext\u00e9rieures. L&rsquo;objectif de l&rsquo;AES est d&rsquo;atteindre l&rsquo;unit\u00e9 africaine, une vision que j&rsquo;ai toujours d\u00e9fendue. C&rsquo;est cette dynamique que nous poursuivons. L&rsquo;ambition est de passer de la Conf\u00e9d\u00e9ration \u00e0 la F\u00e9d\u00e9ration.<\/p>\n<p><strong>Est-ce que ce n\u2019est pas une organisation de trop, la CP-AES ? <\/strong><\/p>\n<p>La CP-AES n&rsquo;est pas une organisation de trop. Comme j&rsquo;aime souvent \u00e0 le dire : d\u00e9sunis, nous sommes faibles ; unis, nous sommes forts. La CP-AES, c&rsquo;est le peuple. Que vous fassiez partie d&rsquo;une association ou d&rsquo;un groupe, tout le monde est inclus. Ce n&rsquo;est donc pas une organisation superflue. Par exemple, lorsqu&rsquo;on consid\u00e8re des mouvements comme la Plan\u00e8te des Jeunes Panafricanistes (PJP), celui-ci est sp\u00e9cifiquement d\u00e9di\u00e9 \u00e0 la jeunesse. De m\u00eame, il existe des mouvements pour les femmes, pour les personnes handicap\u00e9es ou malvoyantes, chacune ayant un objectif particulier. Cependant, le CP-AES r\u00e9unit tout ce monde. Que vous soyez militaire, civil, jeune, femme, handicap\u00e9 ou vuln\u00e9rable, la CP-AES vous int\u00e8gre. Elle a pour vocation de rassembler toutes les cat\u00e9gories de personnes, afin de renforcer l&rsquo;unit\u00e9 v\u00e9ritable. Il n&rsquo;y a pas de CP-AES pour les femmes, pour les jeunes, ou pour un autre groupe sp\u00e9cifique. La CP-AES concerne le peuple, au sens large. Quand on parle du peuple, on englobe tout le monde : les personnes \u00e2g\u00e9es, les jeunes, les femmes, les enfants, sans exception. C&rsquo;est donc loin d&rsquo;\u00eatre une solution de trop. A mon sens, si la CP-AES n&rsquo;avait pas \u00e9t\u00e9 cr\u00e9\u00e9e, il aurait fallu la concevoir. Elle est n\u00e9e pour rassembler et nous rendre plus forts en tant qu&rsquo;unit\u00e9. Car, plus nous sommes dispers\u00e9s \u00e0 travers divers mouvements et sous-groupes, plus nous sommes affaiblis. Mais plus nous formons un bloc uni, plus nous sommes puissants.<\/p>\n<p><strong>Qu&rsquo;en est-il alors de la collaboration avec ces sous-groupes ? Est-ce que l&rsquo;id\u00e9al de la CP-AES est bien accept\u00e9 ?<\/strong><\/p>\n<p>Oui, cet id\u00e9al est largement partag\u00e9. Au Burkina Faso, nous avons rassembl\u00e9 une foule importante. Le Niger est \u00e9galement mobilis\u00e9 en grand nombre. Et vous avez vu l&rsquo;affluence massive \u00e0 Bamako lors du lancement officiel du CP-AES. Ce n&rsquo;\u00e9tait pas un simple \u00e9v\u00e9nement, c&rsquo;\u00e9tait un mouvement puissant. Une fois de retour, nous avons pos\u00e9 des actions concr\u00e8tes. Par exemple, la CP-AES a d\u00e9p\u00each\u00e9 des avocats \u00e0 Lom\u00e9 pour exiger l&rsquo;extradition de l&rsquo;ex-pr\u00e9sident Damiba. Nous \u0153uvrons donc r\u00e9ellement pour d\u00e9fendre les int\u00e9r\u00eats du peuple. L\u00e0 o\u00f9 l&rsquo;int\u00e9r\u00eat du peuple n&rsquo;est pas prot\u00e9g\u00e9, nous n&rsquo;intervenons pas. Notre mission est de d\u00e9fendre le peuple, de prot\u00e9ger nos chefs d&rsquo;Etat et les populations. Dans le cas de Damiba, nous savons que les actions qu&rsquo;il a entreprises, s&rsquo;il a caus\u00e9 des d\u00e9lits, risquent de d\u00e9stabiliser l&rsquo;AES. Et qui en paie les cons\u00e9quences ? C&rsquo;est le peuple. C&rsquo;est pourquoi le peuple doit se mobiliser pour exiger son extradition, et c&rsquo;est ce que nous avons fait. Nous sommes les porte-paroles du peuple et les d\u00e9fenseurs de ses int\u00e9r\u00eats. La CP-AES est l\u00e0 pour prot\u00e9ger le peuple de l&rsquo;AES.<\/p>\n<p><strong>Comment se passent vos collaborations avec les autorit\u00e9s ? <\/strong><\/p>\n<p>Nos collaborations avec les autorit\u00e9s se d\u00e9roulent sans aucun probl\u00e8me. Il en est de m\u00eame avec les autres structures. Ce que nous faisons, nous nous contr\u00f4lons de ne rien entreprendre qui puisse nuire \u00e0 nos autorit\u00e9s actuelles, car elles sont engag\u00e9es dans une bonne dynamique. Notre r\u00f4le est de les soutenir et de prot\u00e9ger le peuple. Ceux qui tentent de d\u00e9stabiliser ces autorit\u00e9s visent en r\u00e9alit\u00e9 \u00e0 porter atteinte \u00e0 l&rsquo;int\u00e9r\u00eat du peuple, et nous nous dresserons fermement contre eux. C&rsquo;est clair. Comme l&rsquo;a dit le Capitaine Ibrahim Traor\u00e9, \u00ab\u00a0Je ferai du peuple ma boussole\u00a0\u00bb. Nous avons des propositions \u00e0 faire, mais il ne s&rsquo;agit pas de critiquer exclusivement sur les r\u00e9seaux sociaux. Il existe des canaux appropri\u00e9s pour transmettre nos id\u00e9es. Le Pr\u00e9sident a affirm\u00e9 que le cabinet de la pr\u00e9sidence est ouvert \u00e0 toute proposition. Si vous avez des id\u00e9es ou des suggestions, il suffit de les soumettre par \u00e9crit. Le CP-AES, par exemple, permet au peuple de l&rsquo;AES de r\u00e9diger des propositions et de nous les envoyer. En tant que charg\u00e9 de communication, je m&rsquo;occupe de les transmettre \u00e0 la coordination, qui \u00e0 son tour les fera suivre au cabinet du Pr\u00e9sident. Ainsi, nous veillons \u00e0 ce que les volont\u00e9s du peuple soient prises en compte. Il n&rsquo;est plus n\u00e9cessaire de se quereller ou de se battre sur les r\u00e9seaux sociaux. Nous sommes ici pour travailler et contribuer au bien-\u00eatre commun.<\/p>\n<p><strong>Nestor Poodass\u00e9, un commentaire sur l&rsquo;\u00e9l\u00e9vation en grade des officiers maliens avec, comme chef de file, le pr\u00e9sident Assami Goita.<\/strong> <strong>Comment est-ce que vous analysez cette situation ? Comment est-ce que vous l&rsquo;appr\u00e9ciez ?<\/strong><\/p>\n<p>Je pense que c&rsquo;est une excellente d\u00e9cision. En Afrique, le syst\u00e8me fran\u00e7ais a, h\u00e9las, laiss\u00e9 certains avec des complexes. Cela se manifeste souvent dans les discussions, car certains, en raison de leurs grades, estiment qu&rsquo;un officier subalterne ne peut pas leur donner des ordres. Pourtant, ce m\u00eame officier subalterne peut avoir les comp\u00e9tences et le m\u00e9rite pour diriger. Prenons l&rsquo;exemple de Ladji Y\u00f4r\u00f4. Certes, il n&rsquo;a pas suivi les \u00e9tudes classiques. Mais quand on voit le travail qu&rsquo;il a accompli, il m\u00e9ritait le grade d&rsquo;officier, voire d&rsquo;officier sup\u00e9rieur. Cependant, parce qu&rsquo;il n&rsquo;a pas fr\u00e9quent\u00e9 l&rsquo;\u00e9cole \u00ab du blanc \u00bb, comme on dit, et n&rsquo;a pas fait l&rsquo;\u00e9cole des officiers ou le PMK, il est rest\u00e9 simple VDP. Il s&rsquo;est battu avec courage, jusqu&rsquo;\u00e0 donner sa vie en h\u00e9ros. C&rsquo;est pourquoi je soutiens pleinement la promotion des onze colonels au grade de g\u00e9n\u00e9ral, qu&rsquo;il s&rsquo;agisse de g\u00e9n\u00e9ral d&rsquo;arm\u00e9e ou de g\u00e9n\u00e9ral de division. Par la m\u00eame occasion, au nom du CP-AES, j&rsquo;exige que le capitaine Ibrahim Traor\u00e9 soit \u00e9galement promu g\u00e9n\u00e9ral de corps d&rsquo;arm\u00e9e, \u00e0 titre exceptionnel. Il est important de pr\u00e9ciser que cette demande est exceptionnelle. Nous avons des g\u00e9n\u00e9raux cinq \u00e9toiles, trois \u00e9toiles, confortablement install\u00e9s dans leurs bureaux climatis\u00e9s, tandis que le peuple mourait. Ils n&rsquo;ont pas pris les risques n\u00e9cessaires pour le sauver. Il a fallu qu&rsquo;un capitaine, venant de Kaya, prenne ses responsabilit\u00e9s pour nous mener l\u00e0 o\u00f9 nous sommes aujourd&rsquo;hui : au sommet du monde, respect\u00e9s et en train de retrouver notre dignit\u00e9. Alors, il est inutile de se r\u00e9fugier derri\u00e8re des discours en fran\u00e7ais sophistiqu\u00e9, affirmant qu&rsquo;on ne peut pas sauter du grade de capitaine \u00e0 celui de g\u00e9n\u00e9ral. Si les g\u00e9n\u00e9raux en place n&rsquo;ont pas agi, alors qu&rsquo;un capitaine l&rsquo;a fait, cela prouve qu&rsquo;il est plus m\u00e9ritant qu&rsquo;eux, m\u00eame s&rsquo;ils portent les galons de g\u00e9n\u00e9ral. En toute logique, on pourrait m\u00eame le nommer mar\u00e9chal. Ainsi, je pense qu&rsquo;il est temps de promouvoir le g\u00e9n\u00e9ral Abdrahmane Tiani au rang de mar\u00e9chal ou de g\u00e9n\u00e9ral de corps d&rsquo;arm\u00e9e. De la m\u00eame mani\u00e8re, le capitaine Ibrahim Traor\u00e9 doit \u00e9galement \u00eatre promu g\u00e9n\u00e9ral de corps d&rsquo;arm\u00e9e, toujours \u00e0 titre exceptionnel.<\/p>\n<p><strong>Est-ce que vous avez quelque chose \u00e0 ajouter pour clore cette entr\u00e9e ? <\/strong><\/p>\n<p>Ce que je peux dire, c&rsquo;est d&rsquo;interpeller une fois de plus le peuple burkinab\u00e8 \u00e0 se mobiliser, \u00e0 soutenir nos autorit\u00e9s et \u00e0 continuer \u00e0 sensibiliser ceux qui ne comprennent pas encore. <strong>J&rsquo;invite les chefs de terre, les Naba, dans tout le Burkina Faso, \u00e0 l&rsquo;exemple du chef de canton de Goaua \u00e0 prendre des engagements fermes selon nos coutumes<\/strong>. Le chef de canton a affirm\u00e9 qu&rsquo;en tant que fils de la communaut\u00e9 Lobbi, aucun d&rsquo;eux ne collabore avec les terroristes aujourd&rsquo;hui au Burkina Faso. Si tu collabores tout en profitant des ressources de ce pays, tu mourrais. Il a exploit\u00e9 le nom d&rsquo;un f\u00e9tiche, Kosiami, qui est li\u00e9 \u00e0 l&rsquo;eau, signifiant que si tu bois l&rsquo;eau du Burkina Faso et collabore avec les terroristes, tu es condamn\u00e9 \u00e0 mourir. C&rsquo;est in\u00e9luctable. Apr\u00e8s cette d\u00e9claration, le lendemain, un enseignant Lobi de la r\u00e9gion du Centre-Nord, qui \u00e9tait informateur des terroristes, a perdu la raison. Il a commenc\u00e9 \u00e0 tenir de propositions incoh\u00e9rentes et a \u00e9t\u00e9 renvoy\u00e9 dans son village. S&rsquo;il ne respecte pas les interdits, il mourra, sans \u00e9chappatoire. Je pense que tous les chefs coutumiers du Burkina Faso peuvent suivre cette voie. Dans chaque r\u00e9gion, dans chaque village, je les encourage \u00e0 agir de la sorte. Ceci est un appel sinc\u00e8re. Je ne leur impose rien, mais je leur demande de le faire. Et si cela est accompli, je crois que nous verrons la lib\u00e9ration de notre pays tr\u00e8s rapidement. Personne ne pourra d\u00e9fier ce que le chef a d\u00e9cr\u00e9t\u00e9 sans en subir les cons\u00e9quences. Nous sommes en Afrique, et il ne faut pas prendre cela \u00e0 la l\u00e9g\u00e8re. Ce sont des choses s\u00e9rieuses, qui ne tol\u00e8rent aucune plaisanterie.<\/p>\n","protected":false},"excerpt":{"rendered":"<p>\u00ab\u00a0Ceux qui ont contribu\u00e9 \u00e0 l&rsquo;\u00e9mergence du terrorisme en Afrique sont les m\u00eames qui combattent<\/p>\n","protected":false},"author":2,"featured_media":730,"comment_status":"open","ping_status":"open","sticky":false,"template":"","format":"standard","meta":{"_et_pb_use_builder":"","_et_pb_old_content":"","_et_gb_content_width":"","footnotes":""},"categories":[11],"tags":[61,62,18,174,123,353,31,60,392,20],"class_list":["post-729","post","type-post","status-publish","format-standard","has-post-thumbnail","hentry","category-interview","tag-aes","tag-alliance-des-etats-du-sahel","tag-burkina-faso","tag-capitaine-ibrahim-traore","tag-confederation-de-lalliances-des-etats-du-sahel","tag-confederation-des-peuples-de-lalliance-des-etats-du-sahel","tag-mali","tag-niger","tag-russie","tag-terrorisme"],"yoast_head":"<!-- This site is optimized with the Yoast SEO plugin v27.5 - https:\/\/yoast.com\/product\/yoast-seo-wordpress\/ -->\n<title>NESTOR POODASSE charg\u00e9 de la communication et des Relations avec les M\u00e9dias de la CP-AES : \u00ab\u00a0J&#039;invite les chefs de terre du Burkina Faso \u00e0 prendre des engagements fermes selon nos coutumes\u00a0\u00bb - Vox Sahel<\/title>\n<meta name=\"robots\" content=\"index, follow, max-snippet:-1, max-image-preview:large, max-video-preview:-1\" \/>\n<link rel=\"canonical\" href=\"https:\/\/voxsahel.com\/?p=729\" \/>\n<meta property=\"og:locale\" content=\"fr_FR\" \/>\n<meta property=\"og:type\" content=\"article\" \/>\n<meta property=\"og:title\" content=\"NESTOR POODASSE charg\u00e9 de la communication et des Relations avec les M\u00e9dias de la CP-AES : \u00ab\u00a0J&#039;invite les chefs de terre du Burkina Faso \u00e0 prendre des engagements fermes selon nos coutumes\u00a0\u00bb - Vox Sahel\" \/>\n<meta property=\"og:description\" content=\"\u00ab\u00a0Ceux qui ont contribu\u00e9 \u00e0 l&rsquo;\u00e9mergence du terrorisme en Afrique sont les m\u00eames qui combattent\" \/>\n<meta property=\"og:url\" content=\"https:\/\/voxsahel.com\/?p=729\" \/>\n<meta property=\"og:site_name\" content=\"Vox Sahel\" \/>\n<meta property=\"article:publisher\" content=\"https:\/\/www.facebook.com\/journal.voxsahel\" \/>\n<meta property=\"article:published_time\" content=\"2024-10-28T17:35:34+00:00\" \/>\n<meta property=\"article:modified_time\" content=\"2024-10-28T17:40:25+00:00\" \/>\n<meta property=\"og:image\" content=\"https:\/\/voxsahel.com\/wp-content\/uploads\/2024\/10\/POODASSE.jpg\" \/>\n\t<meta property=\"og:image:width\" content=\"720\" \/>\n\t<meta property=\"og:image:height\" content=\"542\" \/>\n\t<meta property=\"og:image:type\" content=\"image\/jpeg\" \/>\n<meta name=\"author\" content=\"Vox Sahel\" \/>\n<meta name=\"twitter:card\" content=\"summary_large_image\" \/>\n<meta name=\"twitter:label1\" content=\"\u00c9crit par\" \/>\n\t<meta name=\"twitter:data1\" content=\"Vox Sahel\" \/>\n\t<meta name=\"twitter:label2\" content=\"Dur\u00e9e de lecture estim\u00e9e\" \/>\n\t<meta name=\"twitter:data2\" content=\"23 minutes\" \/>\n<script type=\"application\/ld+json\" class=\"yoast-schema-graph\">{\"@context\":\"https:\\\/\\\/schema.org\",\"@graph\":[{\"@type\":\"Article\",\"@id\":\"https:\\\/\\\/voxsahel.com\\\/?p=729#article\",\"isPartOf\":{\"@id\":\"https:\\\/\\\/voxsahel.com\\\/?p=729\"},\"author\":{\"name\":\"Vox Sahel\",\"@id\":\"https:\\\/\\\/voxsahel.com\\\/#\\\/schema\\\/person\\\/b4043608248f8fa227cd760e7ff1e19e\"},\"headline\":\"NESTOR POODASSE charg\u00e9 de la communication et des Relations avec les M\u00e9dias de la CP-AES : \u00ab\u00a0J&rsquo;invite les chefs de terre du Burkina Faso \u00e0 prendre des engagements fermes selon nos coutumes\u00a0\u00bb\",\"datePublished\":\"2024-10-28T17:35:34+00:00\",\"dateModified\":\"2024-10-28T17:40:25+00:00\",\"mainEntityOfPage\":{\"@id\":\"https:\\\/\\\/voxsahel.com\\\/?p=729\"},\"wordCount\":5123,\"commentCount\":0,\"publisher\":{\"@id\":\"https:\\\/\\\/voxsahel.com\\\/#organization\"},\"image\":{\"@id\":\"https:\\\/\\\/voxsahel.com\\\/?p=729#primaryimage\"},\"thumbnailUrl\":\"https:\\\/\\\/voxsahel.com\\\/wp-content\\\/uploads\\\/2024\\\/10\\\/POODASSE.jpg\",\"keywords\":[\"AES\",\"Alliance des \u00c9tats du Sahel\",\"Burkina Faso\",\"Capitaine Ibrahim Traor\u00e9\",\"Conf\u00e9d\u00e9ration de l\u2019Alliances des \u00c9tats du Sahel\",\"Conf\u00e9d\u00e9ration des Peuples de l'Alliance des \u00c9tats du Sahel\",\"Mali\",\"Niger\",\"Russie\",\"Terrorisme\"],\"articleSection\":[\"INTERVIEW\"],\"inLanguage\":\"fr-FR\",\"potentialAction\":[{\"@type\":\"CommentAction\",\"name\":\"Comment\",\"target\":[\"https:\\\/\\\/voxsahel.com\\\/?p=729#respond\"]}]},{\"@type\":\"WebPage\",\"@id\":\"https:\\\/\\\/voxsahel.com\\\/?p=729\",\"url\":\"https:\\\/\\\/voxsahel.com\\\/?p=729\",\"name\":\"NESTOR POODASSE charg\u00e9 de la communication et des Relations avec les M\u00e9dias de la CP-AES : \u00ab\u00a0J'invite les chefs de terre du Burkina Faso \u00e0 prendre des engagements fermes selon nos coutumes\u00a0\u00bb - Vox Sahel\",\"isPartOf\":{\"@id\":\"https:\\\/\\\/voxsahel.com\\\/#website\"},\"primaryImageOfPage\":{\"@id\":\"https:\\\/\\\/voxsahel.com\\\/?p=729#primaryimage\"},\"image\":{\"@id\":\"https:\\\/\\\/voxsahel.com\\\/?p=729#primaryimage\"},\"thumbnailUrl\":\"https:\\\/\\\/voxsahel.com\\\/wp-content\\\/uploads\\\/2024\\\/10\\\/POODASSE.jpg\",\"datePublished\":\"2024-10-28T17:35:34+00:00\",\"dateModified\":\"2024-10-28T17:40:25+00:00\",\"breadcrumb\":{\"@id\":\"https:\\\/\\\/voxsahel.com\\\/?p=729#breadcrumb\"},\"inLanguage\":\"fr-FR\",\"potentialAction\":[{\"@type\":\"ReadAction\",\"target\":[\"https:\\\/\\\/voxsahel.com\\\/?p=729\"]}]},{\"@type\":\"ImageObject\",\"inLanguage\":\"fr-FR\",\"@id\":\"https:\\\/\\\/voxsahel.com\\\/?p=729#primaryimage\",\"url\":\"https:\\\/\\\/voxsahel.com\\\/wp-content\\\/uploads\\\/2024\\\/10\\\/POODASSE.jpg\",\"contentUrl\":\"https:\\\/\\\/voxsahel.com\\\/wp-content\\\/uploads\\\/2024\\\/10\\\/POODASSE.jpg\",\"width\":720,\"height\":542,\"caption\":\"NESTOR POODASSE charg\u00e9 de la communication et des Relations avec les M\u00e9dias de CP-AES\"},{\"@type\":\"BreadcrumbList\",\"@id\":\"https:\\\/\\\/voxsahel.com\\\/?p=729#breadcrumb\",\"itemListElement\":[{\"@type\":\"ListItem\",\"position\":1,\"name\":\"Home\",\"item\":\"https:\\\/\\\/voxsahel.com\\\/\"},{\"@type\":\"ListItem\",\"position\":2,\"name\":\"NESTOR POODASSE charg\u00e9 de la communication et des Relations avec les M\u00e9dias de la CP-AES : \u00ab\u00a0J&rsquo;invite les chefs de terre du Burkina Faso \u00e0 prendre des engagements fermes selon nos coutumes\u00a0\u00bb\"}]},{\"@type\":\"WebSite\",\"@id\":\"https:\\\/\\\/voxsahel.com\\\/#website\",\"url\":\"https:\\\/\\\/voxsahel.com\\\/\",\"name\":\"Vox Sahel\",\"description\":\"Informez-vous sur le Sahel en un clic\",\"publisher\":{\"@id\":\"https:\\\/\\\/voxsahel.com\\\/#organization\"},\"potentialAction\":[{\"@type\":\"SearchAction\",\"target\":{\"@type\":\"EntryPoint\",\"urlTemplate\":\"https:\\\/\\\/voxsahel.com\\\/?s={search_term_string}\"},\"query-input\":{\"@type\":\"PropertyValueSpecification\",\"valueRequired\":true,\"valueName\":\"search_term_string\"}}],\"inLanguage\":\"fr-FR\"},{\"@type\":\"Organization\",\"@id\":\"https:\\\/\\\/voxsahel.com\\\/#organization\",\"name\":\"Vox Sahel\",\"url\":\"https:\\\/\\\/voxsahel.com\\\/\",\"logo\":{\"@type\":\"ImageObject\",\"inLanguage\":\"fr-FR\",\"@id\":\"https:\\\/\\\/voxsahel.com\\\/#\\\/schema\\\/logo\\\/image\\\/\",\"url\":\"https:\\\/\\\/voxsahel.com\\\/wp-content\\\/uploads\\\/2024\\\/09\\\/Logo-Vox-Sahel.jpg\",\"contentUrl\":\"https:\\\/\\\/voxsahel.com\\\/wp-content\\\/uploads\\\/2024\\\/09\\\/Logo-Vox-Sahel.jpg\",\"width\":1181,\"height\":848,\"caption\":\"Vox Sahel\"},\"image\":{\"@id\":\"https:\\\/\\\/voxsahel.com\\\/#\\\/schema\\\/logo\\\/image\\\/\"},\"sameAs\":[\"https:\\\/\\\/www.facebook.com\\\/journal.voxsahel\"]},{\"@type\":\"Person\",\"@id\":\"https:\\\/\\\/voxsahel.com\\\/#\\\/schema\\\/person\\\/b4043608248f8fa227cd760e7ff1e19e\",\"name\":\"Vox Sahel\",\"image\":{\"@type\":\"ImageObject\",\"inLanguage\":\"fr-FR\",\"@id\":\"https:\\\/\\\/secure.gravatar.com\\\/avatar\\\/f70e7fa0cb9b29d4a7c5788d6eb2e9ab4d3135cbae1c9161810fdf77a8964699?s=96&d=mm&r=g\",\"url\":\"https:\\\/\\\/secure.gravatar.com\\\/avatar\\\/f70e7fa0cb9b29d4a7c5788d6eb2e9ab4d3135cbae1c9161810fdf77a8964699?s=96&d=mm&r=g\",\"contentUrl\":\"https:\\\/\\\/secure.gravatar.com\\\/avatar\\\/f70e7fa0cb9b29d4a7c5788d6eb2e9ab4d3135cbae1c9161810fdf77a8964699?s=96&d=mm&r=g\",\"caption\":\"Vox Sahel\"},\"sameAs\":[\"http:\\\/\\\/www.voxsahel.com\"],\"url\":\"https:\\\/\\\/voxsahel.com\\\/?author=2\"}]}<\/script>\n<!-- \/ Yoast SEO plugin. -->","yoast_head_json":{"title":"NESTOR POODASSE charg\u00e9 de la communication et des Relations avec les M\u00e9dias de la CP-AES : \u00ab\u00a0J'invite les chefs de terre du Burkina Faso \u00e0 prendre des engagements fermes selon nos coutumes\u00a0\u00bb - Vox Sahel","robots":{"index":"index","follow":"follow","max-snippet":"max-snippet:-1","max-image-preview":"max-image-preview:large","max-video-preview":"max-video-preview:-1"},"canonical":"https:\/\/voxsahel.com\/?p=729","og_locale":"fr_FR","og_type":"article","og_title":"NESTOR POODASSE charg\u00e9 de la communication et des Relations avec les M\u00e9dias de la CP-AES : \u00ab\u00a0J'invite les chefs de terre du Burkina Faso \u00e0 prendre des engagements fermes selon nos coutumes\u00a0\u00bb - Vox Sahel","og_description":"\u00ab\u00a0Ceux qui ont contribu\u00e9 \u00e0 l&rsquo;\u00e9mergence du terrorisme en Afrique sont les m\u00eames qui combattent","og_url":"https:\/\/voxsahel.com\/?p=729","og_site_name":"Vox Sahel","article_publisher":"https:\/\/www.facebook.com\/journal.voxsahel","article_published_time":"2024-10-28T17:35:34+00:00","article_modified_time":"2024-10-28T17:40:25+00:00","og_image":[{"width":720,"height":542,"url":"https:\/\/voxsahel.com\/wp-content\/uploads\/2024\/10\/POODASSE.jpg","type":"image\/jpeg"}],"author":"Vox Sahel","twitter_card":"summary_large_image","twitter_misc":{"\u00c9crit par":"Vox Sahel","Dur\u00e9e de lecture estim\u00e9e":"23 minutes"},"schema":{"@context":"https:\/\/schema.org","@graph":[{"@type":"Article","@id":"https:\/\/voxsahel.com\/?p=729#article","isPartOf":{"@id":"https:\/\/voxsahel.com\/?p=729"},"author":{"name":"Vox Sahel","@id":"https:\/\/voxsahel.com\/#\/schema\/person\/b4043608248f8fa227cd760e7ff1e19e"},"headline":"NESTOR POODASSE charg\u00e9 de la communication et des Relations avec les M\u00e9dias de la CP-AES : \u00ab\u00a0J&rsquo;invite les chefs de terre du Burkina Faso \u00e0 prendre des engagements fermes selon nos coutumes\u00a0\u00bb","datePublished":"2024-10-28T17:35:34+00:00","dateModified":"2024-10-28T17:40:25+00:00","mainEntityOfPage":{"@id":"https:\/\/voxsahel.com\/?p=729"},"wordCount":5123,"commentCount":0,"publisher":{"@id":"https:\/\/voxsahel.com\/#organization"},"image":{"@id":"https:\/\/voxsahel.com\/?p=729#primaryimage"},"thumbnailUrl":"https:\/\/voxsahel.com\/wp-content\/uploads\/2024\/10\/POODASSE.jpg","keywords":["AES","Alliance des \u00c9tats du Sahel","Burkina Faso","Capitaine Ibrahim Traor\u00e9","Conf\u00e9d\u00e9ration de l\u2019Alliances des \u00c9tats du Sahel","Conf\u00e9d\u00e9ration des Peuples de l'Alliance des \u00c9tats du Sahel","Mali","Niger","Russie","Terrorisme"],"articleSection":["INTERVIEW"],"inLanguage":"fr-FR","potentialAction":[{"@type":"CommentAction","name":"Comment","target":["https:\/\/voxsahel.com\/?p=729#respond"]}]},{"@type":"WebPage","@id":"https:\/\/voxsahel.com\/?p=729","url":"https:\/\/voxsahel.com\/?p=729","name":"NESTOR POODASSE charg\u00e9 de la communication et des Relations avec les M\u00e9dias de la CP-AES : \u00ab\u00a0J'invite les chefs de terre du Burkina Faso \u00e0 prendre des engagements fermes selon nos coutumes\u00a0\u00bb - Vox Sahel","isPartOf":{"@id":"https:\/\/voxsahel.com\/#website"},"primaryImageOfPage":{"@id":"https:\/\/voxsahel.com\/?p=729#primaryimage"},"image":{"@id":"https:\/\/voxsahel.com\/?p=729#primaryimage"},"thumbnailUrl":"https:\/\/voxsahel.com\/wp-content\/uploads\/2024\/10\/POODASSE.jpg","datePublished":"2024-10-28T17:35:34+00:00","dateModified":"2024-10-28T17:40:25+00:00","breadcrumb":{"@id":"https:\/\/voxsahel.com\/?p=729#breadcrumb"},"inLanguage":"fr-FR","potentialAction":[{"@type":"ReadAction","target":["https:\/\/voxsahel.com\/?p=729"]}]},{"@type":"ImageObject","inLanguage":"fr-FR","@id":"https:\/\/voxsahel.com\/?p=729#primaryimage","url":"https:\/\/voxsahel.com\/wp-content\/uploads\/2024\/10\/POODASSE.jpg","contentUrl":"https:\/\/voxsahel.com\/wp-content\/uploads\/2024\/10\/POODASSE.jpg","width":720,"height":542,"caption":"NESTOR POODASSE charg\u00e9 de la communication et des Relations avec les M\u00e9dias de CP-AES"},{"@type":"BreadcrumbList","@id":"https:\/\/voxsahel.com\/?p=729#breadcrumb","itemListElement":[{"@type":"ListItem","position":1,"name":"Home","item":"https:\/\/voxsahel.com\/"},{"@type":"ListItem","position":2,"name":"NESTOR POODASSE charg\u00e9 de la communication et des Relations avec les M\u00e9dias de la CP-AES : \u00ab\u00a0J&rsquo;invite les chefs de terre du Burkina Faso \u00e0 prendre des engagements fermes selon nos coutumes\u00a0\u00bb"}]},{"@type":"WebSite","@id":"https:\/\/voxsahel.com\/#website","url":"https:\/\/voxsahel.com\/","name":"Vox Sahel","description":"Informez-vous sur le Sahel en un clic","publisher":{"@id":"https:\/\/voxsahel.com\/#organization"},"potentialAction":[{"@type":"SearchAction","target":{"@type":"EntryPoint","urlTemplate":"https:\/\/voxsahel.com\/?s={search_term_string}"},"query-input":{"@type":"PropertyValueSpecification","valueRequired":true,"valueName":"search_term_string"}}],"inLanguage":"fr-FR"},{"@type":"Organization","@id":"https:\/\/voxsahel.com\/#organization","name":"Vox Sahel","url":"https:\/\/voxsahel.com\/","logo":{"@type":"ImageObject","inLanguage":"fr-FR","@id":"https:\/\/voxsahel.com\/#\/schema\/logo\/image\/","url":"https:\/\/voxsahel.com\/wp-content\/uploads\/2024\/09\/Logo-Vox-Sahel.jpg","contentUrl":"https:\/\/voxsahel.com\/wp-content\/uploads\/2024\/09\/Logo-Vox-Sahel.jpg","width":1181,"height":848,"caption":"Vox Sahel"},"image":{"@id":"https:\/\/voxsahel.com\/#\/schema\/logo\/image\/"},"sameAs":["https:\/\/www.facebook.com\/journal.voxsahel"]},{"@type":"Person","@id":"https:\/\/voxsahel.com\/#\/schema\/person\/b4043608248f8fa227cd760e7ff1e19e","name":"Vox Sahel","image":{"@type":"ImageObject","inLanguage":"fr-FR","@id":"https:\/\/secure.gravatar.com\/avatar\/f70e7fa0cb9b29d4a7c5788d6eb2e9ab4d3135cbae1c9161810fdf77a8964699?s=96&d=mm&r=g","url":"https:\/\/secure.gravatar.com\/avatar\/f70e7fa0cb9b29d4a7c5788d6eb2e9ab4d3135cbae1c9161810fdf77a8964699?s=96&d=mm&r=g","contentUrl":"https:\/\/secure.gravatar.com\/avatar\/f70e7fa0cb9b29d4a7c5788d6eb2e9ab4d3135cbae1c9161810fdf77a8964699?s=96&d=mm&r=g","caption":"Vox Sahel"},"sameAs":["http:\/\/www.voxsahel.com"],"url":"https:\/\/voxsahel.com\/?author=2"}]}},"_links":{"self":[{"href":"https:\/\/voxsahel.com\/index.php?rest_route=\/wp\/v2\/posts\/729","targetHints":{"allow":["GET"]}}],"collection":[{"href":"https:\/\/voxsahel.com\/index.php?rest_route=\/wp\/v2\/posts"}],"about":[{"href":"https:\/\/voxsahel.com\/index.php?rest_route=\/wp\/v2\/types\/post"}],"author":[{"embeddable":true,"href":"https:\/\/voxsahel.com\/index.php?rest_route=\/wp\/v2\/users\/2"}],"replies":[{"embeddable":true,"href":"https:\/\/voxsahel.com\/index.php?rest_route=%2Fwp%2Fv2%2Fcomments&post=729"}],"version-history":[{"count":2,"href":"https:\/\/voxsahel.com\/index.php?rest_route=\/wp\/v2\/posts\/729\/revisions"}],"predecessor-version":[{"id":732,"href":"https:\/\/voxsahel.com\/index.php?rest_route=\/wp\/v2\/posts\/729\/revisions\/732"}],"wp:featuredmedia":[{"embeddable":true,"href":"https:\/\/voxsahel.com\/index.php?rest_route=\/wp\/v2\/media\/730"}],"wp:attachment":[{"href":"https:\/\/voxsahel.com\/index.php?rest_route=%2Fwp%2Fv2%2Fmedia&parent=729"}],"wp:term":[{"taxonomy":"category","embeddable":true,"href":"https:\/\/voxsahel.com\/index.php?rest_route=%2Fwp%2Fv2%2Fcategories&post=729"},{"taxonomy":"post_tag","embeddable":true,"href":"https:\/\/voxsahel.com\/index.php?rest_route=%2Fwp%2Fv2%2Ftags&post=729"}],"curies":[{"name":"wp","href":"https:\/\/api.w.org\/{rel}","templated":true}]}}