{"id":72,"date":"2024-09-10T12:26:45","date_gmt":"2024-09-10T12:26:45","guid":{"rendered":"https:\/\/voxsahel.com\/?p=72"},"modified":"2024-09-10T12:26:47","modified_gmt":"2024-09-10T12:26:47","slug":"burkina-gabon-des-etudiants-du-gabon-bientot-a-lecole-nationale-des-regies-financieres","status":"publish","type":"post","link":"https:\/\/voxsahel.com\/?p=72","title":{"rendered":"Burkina-Gabon\u00a0: Des \u00e9tudiants du Gabon bient\u00f4t \u00e0 l\u2019Ecole nationale des r\u00e9gies financi\u00e8res"},"content":{"rendered":"\n<h3 class=\"wp-block-heading\"><strong>Ce jeudi 5 septembre 2024, l\u2019Ecole nationale des r\u00e9gies financi\u00e8res a re\u00e7u dans ses locaux, une d\u00e9l\u00e9gation de la direction g\u00e9n\u00e9rale des imp\u00f4ts de la R\u00e9publique du Gabon, avec \u00e0 sa t\u00eate, son directeur g\u00e9n\u00e9ral. Objectif, renouveler un partenariat jadis existant, pour permettre aux \u00e9tudiants gabonais de b\u00e9n\u00e9ficier de la formation de qualit\u00e9 qu\u2019offre l\u2019ENAREF.<\/strong><\/h3>\n\n\n\n<p>Aubaine pour les futurs \u00e9tudiants, joie pour le directeur g\u00e9n\u00e9ral des imp\u00f4ts du Gabon, \u00c9ric Boumah, de retrouver l\u2019Ecole par laquelle il est lui-m\u00eame pass\u00e9 pour ses \u00e9tudes. \u00ab&nbsp;C\u2019est un plaisir de nous retrouver ici car la plupart des cadres de l\u2019administration fiscale du Gabon viennent de l\u2019ENAREF&nbsp;\u00bb, dira-t-il, se r\u00e9jouissant de retrouver son pays d\u2019accueil.<\/p>\n\n\n\n<p>Sa pr\u00e9sence en ce jour, jeudi 5 septembre 2024 \u00e0 l\u2019ENAREF, se justifie par la signature d\u2019un partenariat, pour permettre aux \u00e9tudiants gabonais de pouvoir s\u2019y former. \u00ab&nbsp;Depuis 2017-2018, au Gabon, on ne recrutait plus. Ce qui fait qu\u2019on ne formait plus. Il y a donc eu cette pause parce qu\u2019entre 2004 et 2014, nous avons envoy\u00e9 beaucoup de personnes ici. Les recrutements ont repris en fin 2022, d\u00e9but 2023. Il \u00e9tait donc judicieux pour nous de reprendre attaches avec l\u2019ENAREF pour pouvoir envoyer de nouveaux auditeurs ici&nbsp;\u00bb, a-t-il justifi\u00e9<br>.<\/p>\n\n\n\n<figure class=\"wp-block-image\"><a href=\"https:\/\/lefaso.net\/IMG\/jpg\/2-8374.jpg\"><img decoding=\"async\" src=\"https:\/\/lefaso.net\/local\/cache-vignettes\/L600xH517\/2-8374-706d5.jpg?1725628104\" alt=\"\"\/><\/a><figcaption class=\"wp-element-caption\"><em>Les directeurs g\u00e9n\u00e9raux de l\u2019ENAREF et des imp\u00f4ts du Gabon \u00e9changeant les parapheurs, gage de leur partenariat<\/em><\/figcaption><\/figure>\n\n\n\n<p><strong>Des attentes vis-\u00e0-vis de L\u2019ENAREF<\/strong><\/p>\n\n\n\n<p>Le directeur g\u00e9n\u00e9ral des imp\u00f4ts du Gabon \u00e9tait sur les bancs de l\u2019ENAREF en 2006. Et lors d\u2019une visite de la d\u00e9l\u00e9gation du Burkina \u00e0 la direction g\u00e9n\u00e9rale des imp\u00f4ts du Gabon, il dit avoir constat\u00e9 lors des \u00e9changes, beaucoup d\u2019innovations. \u00ab&nbsp;Le monde de la fiscalit\u00e9 bouge. Aujourd\u2019hui, on parle beaucoup de digitalisation, de facture \u00e9lectronique, etc. Nous esp\u00e9rons que dans vos programmes, il y a m\u00eame une partie r\u00e9serv\u00e9e \u00e0 ces programmes. Nous sommes \u00e0 la mobilisation des recettes. Et il faut mettre les bouch\u00e9es doubles pour mobiliser au maximum car nos Etats en ont besoin&nbsp;\u00bb, s\u2019est-il exprim\u00e9.<\/p>\n\n\n\n<figure class=\"wp-block-image\"><a href=\"https:\/\/lefaso.net\/IMG\/jpg\/3-7281.jpg\"><img decoding=\"async\" src=\"https:\/\/lefaso.net\/local\/cache-vignettes\/L600xH481\/3-7281-8b152.jpg?1725628104\" alt=\"\"\/><\/a><figcaption class=\"wp-element-caption\"><em>\u00ab&nbsp;Les cadres form\u00e9s ici \u00e0 l\u2019ENAREF ont beaucoup donn\u00e9 pour les r\u00e9formes de notre administration&nbsp;\u00bb, \u00c9ric Boumah<\/em><\/figcaption><\/figure>\n\n\n\n<p><strong>\u00ab\u00a0L\u2019ENAREF peut et doit s\u2019adapter\u00a0\u00bb<\/strong><\/p>\n\n\n\n<p>En recevant ses h\u00f4tes, le directeur g\u00e9n\u00e9ral de l\u2019ENAREF a promis faire feu de tout bois, pour permettre aux Gabonais d\u2019\u00eatre bien re\u00e7us et d\u2019y recevoir une formation conforme aux exigences actuelles du m\u00e9tier. \u00ab&nbsp;L\u2019ENAREF peut et doit s\u2019adapter. Nous revisitons r\u00e9guli\u00e8rement nos curricula et modules de formation. La mani\u00e8re de dispenser les cours \u00e9voluent \u00e9galement pour tenir compte des \u00e9volutions normales. Par-dessus tout, nous nous adaptons en fonction de la cible. \u00c9tant une structure \u00e0 vocation g\u00e9n\u00e9rale, il faut que l\u2019on ressente cela dans la formation&nbsp;\u00bb, s\u2019est exprim\u00e9 Adama Badolo.<\/p>\n\n\n\n<figure class=\"wp-block-image\"><a href=\"https:\/\/lefaso.net\/IMG\/jpg\/4-4985.jpg\"><img decoding=\"async\" src=\"https:\/\/lefaso.net\/local\/cache-vignettes\/L600xH493\/4-4985-f24b8.jpg?1725628104\" alt=\"\"\/><\/a><figcaption class=\"wp-element-caption\"><em>\u00ab&nbsp;Nous nous r\u00e9jouissons que notre collaboration soit redynamis\u00e9e&nbsp;\u00bb<\/em><\/figcaption><\/figure>\n\n\n\n<p><strong>\u00ab\u00a0Bient\u00f4t un r\u00e9seau des anciens \u00e9l\u00e8ves de l\u2019ENAREF\u00a0\u00bb<\/strong><\/p>\n\n\n\n<p>L\u2019ENAREF a \u00e9t\u00e9 cr\u00e9\u00e9e il y a 36 ans, soit en 1988. Depuis tout ce temps, plusieurs cadres sont pass\u00e9s par l\u00e0. Selon son directeur g\u00e9n\u00e9ral, un r\u00e9seau des anciens \u00e9l\u00e8ves de l\u2019ENAREF sera bient\u00f4t mis en place pour f\u00e9d\u00e9rer les \u00e9nergies, et permettre \u00e0 cette \u00e9cole de r\u00e9f\u00e9rence de toujours c\u00f4toyer le succ\u00e8s. \u00ab&nbsp;Des cadres de 13 pays ont \u00e9t\u00e9 form\u00e9s ici. Nous avons des anciens ambassadeurs, des ministres, des secr\u00e9taires g\u00e9n\u00e9raux, etc. Il est bon que cette communaut\u00e9 puisse collaborer parce qu\u2019on peut tirer profit de cette richesse&nbsp;\u00bb, a-t-il soulign\u00e9 pour conclure.<\/p>\n\n\n\n<figure class=\"wp-block-image\"><a href=\"https:\/\/lefaso.net\/IMG\/jpg\/5-2824.jpg\"><img decoding=\"async\" src=\"https:\/\/lefaso.net\/local\/cache-vignettes\/L600xH429\/5-2824-20702.jpg?1725628104\" alt=\"\"\/><\/a><figcaption class=\"wp-element-caption\"><em>Une photo de famille r\u00e9unissant certains cadres de L\u2019ENAREF et la d\u00e9l\u00e9gation gabonaise<\/em><\/figcaption><\/figure>\n\n\n\n<p><strong>Erwan Compaor\u00e9<br>Lefaso.net<\/strong><\/p>\n","protected":false},"excerpt":{"rendered":"<p>Ce jeudi 5 septembre 2024, l\u2019Ecole nationale des r\u00e9gies financi\u00e8res a re\u00e7u dans ses locaux,<\/p>\n","protected":false},"author":1,"featured_media":73,"comment_status":"open","ping_status":"open","sticky":false,"template":"","format":"standard","meta":{"_et_pb_use_builder":"off","_et_pb_old_content":"","_et_gb_content_width":"","footnotes":""},"categories":[9,6],"tags":[],"class_list":["post-72","post","type-post","status-publish","format-standard","has-post-thumbnail","hentry","category-education","category-politique"],"yoast_head":"<!-- This site is optimized with the Yoast SEO plugin v27.5 - https:\/\/yoast.com\/product\/yoast-seo-wordpress\/ -->\n<title>Burkina-Gabon\u00a0: Des \u00e9tudiants du Gabon bient\u00f4t \u00e0 l\u2019Ecole nationale des r\u00e9gies financi\u00e8res - Vox Sahel<\/title>\n<meta name=\"robots\" content=\"index, follow, max-snippet:-1, max-image-preview:large, max-video-preview:-1\" \/>\n<link rel=\"canonical\" href=\"https:\/\/voxsahel.com\/?p=72\" \/>\n<meta property=\"og:locale\" content=\"fr_FR\" \/>\n<meta property=\"og:type\" content=\"article\" \/>\n<meta property=\"og:title\" content=\"Burkina-Gabon\u00a0: Des \u00e9tudiants du Gabon bient\u00f4t \u00e0 l\u2019Ecole nationale des r\u00e9gies financi\u00e8res - Vox Sahel\" \/>\n<meta property=\"og:description\" content=\"Ce jeudi 5 septembre 2024, l\u2019Ecole nationale des r\u00e9gies financi\u00e8res a re\u00e7u dans ses locaux,\" \/>\n<meta property=\"og:url\" content=\"https:\/\/voxsahel.com\/?p=72\" \/>\n<meta property=\"og:site_name\" content=\"Vox Sahel\" \/>\n<meta property=\"article:publisher\" content=\"https:\/\/www.facebook.com\/journal.voxsahel\" \/>\n<meta property=\"article:published_time\" content=\"2024-09-10T12:26:45+00:00\" \/>\n<meta property=\"article:modified_time\" content=\"2024-09-10T12:26:47+00:00\" \/>\n<meta property=\"og:image\" content=\"https:\/\/voxsahel.com\/wp-content\/uploads\/2024\/09\/enaref.jpg\" \/>\n\t<meta property=\"og:image:width\" content=\"643\" \/>\n\t<meta property=\"og:image:height\" content=\"520\" \/>\n\t<meta property=\"og:image:type\" content=\"image\/jpeg\" \/>\n<meta name=\"author\" content=\"admin\" \/>\n<meta name=\"twitter:card\" content=\"summary_large_image\" \/>\n<meta name=\"twitter:label1\" content=\"\u00c9crit par\" \/>\n\t<meta name=\"twitter:data1\" content=\"admin\" \/>\n\t<meta name=\"twitter:label2\" content=\"Dur\u00e9e de lecture estim\u00e9e\" \/>\n\t<meta name=\"twitter:data2\" content=\"4 minutes\" \/>\n<script type=\"application\/ld+json\" class=\"yoast-schema-graph\">{\"@context\":\"https:\\\/\\\/schema.org\",\"@graph\":[{\"@type\":\"Article\",\"@id\":\"https:\\\/\\\/voxsahel.com\\\/?p=72#article\",\"isPartOf\":{\"@id\":\"https:\\\/\\\/voxsahel.com\\\/?p=72\"},\"author\":{\"name\":\"admin\",\"@id\":\"https:\\\/\\\/voxsahel.com\\\/#\\\/schema\\\/person\\\/172b328be54b39f049a1e0360f28d3c3\"},\"headline\":\"Burkina-Gabon\u00a0: Des \u00e9tudiants du Gabon bient\u00f4t \u00e0 l\u2019Ecole nationale des r\u00e9gies financi\u00e8res\",\"datePublished\":\"2024-09-10T12:26:45+00:00\",\"dateModified\":\"2024-09-10T12:26:47+00:00\",\"mainEntityOfPage\":{\"@id\":\"https:\\\/\\\/voxsahel.com\\\/?p=72\"},\"wordCount\":682,\"commentCount\":0,\"publisher\":{\"@id\":\"https:\\\/\\\/voxsahel.com\\\/#organization\"},\"image\":{\"@id\":\"https:\\\/\\\/voxsahel.com\\\/?p=72#primaryimage\"},\"thumbnailUrl\":\"https:\\\/\\\/voxsahel.com\\\/wp-content\\\/uploads\\\/2024\\\/09\\\/enaref.jpg\",\"articleSection\":[\"EDUCATION\",\"POLITIQUE\"],\"inLanguage\":\"fr-FR\",\"potentialAction\":[{\"@type\":\"CommentAction\",\"name\":\"Comment\",\"target\":[\"https:\\\/\\\/voxsahel.com\\\/?p=72#respond\"]}]},{\"@type\":\"WebPage\",\"@id\":\"https:\\\/\\\/voxsahel.com\\\/?p=72\",\"url\":\"https:\\\/\\\/voxsahel.com\\\/?p=72\",\"name\":\"Burkina-Gabon\u00a0: Des \u00e9tudiants du Gabon bient\u00f4t \u00e0 l\u2019Ecole nationale des r\u00e9gies financi\u00e8res - Vox Sahel\",\"isPartOf\":{\"@id\":\"https:\\\/\\\/voxsahel.com\\\/#website\"},\"primaryImageOfPage\":{\"@id\":\"https:\\\/\\\/voxsahel.com\\\/?p=72#primaryimage\"},\"image\":{\"@id\":\"https:\\\/\\\/voxsahel.com\\\/?p=72#primaryimage\"},\"thumbnailUrl\":\"https:\\\/\\\/voxsahel.com\\\/wp-content\\\/uploads\\\/2024\\\/09\\\/enaref.jpg\",\"datePublished\":\"2024-09-10T12:26:45+00:00\",\"dateModified\":\"2024-09-10T12:26:47+00:00\",\"breadcrumb\":{\"@id\":\"https:\\\/\\\/voxsahel.com\\\/?p=72#breadcrumb\"},\"inLanguage\":\"fr-FR\",\"potentialAction\":[{\"@type\":\"ReadAction\",\"target\":[\"https:\\\/\\\/voxsahel.com\\\/?p=72\"]}]},{\"@type\":\"ImageObject\",\"inLanguage\":\"fr-FR\",\"@id\":\"https:\\\/\\\/voxsahel.com\\\/?p=72#primaryimage\",\"url\":\"https:\\\/\\\/voxsahel.com\\\/wp-content\\\/uploads\\\/2024\\\/09\\\/enaref.jpg\",\"contentUrl\":\"https:\\\/\\\/voxsahel.com\\\/wp-content\\\/uploads\\\/2024\\\/09\\\/enaref.jpg\",\"width\":643,\"height\":520},{\"@type\":\"BreadcrumbList\",\"@id\":\"https:\\\/\\\/voxsahel.com\\\/?p=72#breadcrumb\",\"itemListElement\":[{\"@type\":\"ListItem\",\"position\":1,\"name\":\"Home\",\"item\":\"https:\\\/\\\/voxsahel.com\\\/\"},{\"@type\":\"ListItem\",\"position\":2,\"name\":\"Burkina-Gabon\u00a0: Des \u00e9tudiants du Gabon bient\u00f4t \u00e0 l\u2019Ecole nationale des r\u00e9gies financi\u00e8res\"}]},{\"@type\":\"WebSite\",\"@id\":\"https:\\\/\\\/voxsahel.com\\\/#website\",\"url\":\"https:\\\/\\\/voxsahel.com\\\/\",\"name\":\"Vox Sahel\",\"description\":\"Informez-vous sur le Sahel en un clic\",\"publisher\":{\"@id\":\"https:\\\/\\\/voxsahel.com\\\/#organization\"},\"potentialAction\":[{\"@type\":\"SearchAction\",\"target\":{\"@type\":\"EntryPoint\",\"urlTemplate\":\"https:\\\/\\\/voxsahel.com\\\/?s={search_term_string}\"},\"query-input\":{\"@type\":\"PropertyValueSpecification\",\"valueRequired\":true,\"valueName\":\"search_term_string\"}}],\"inLanguage\":\"fr-FR\"},{\"@type\":\"Organization\",\"@id\":\"https:\\\/\\\/voxsahel.com\\\/#organization\",\"name\":\"Vox Sahel\",\"url\":\"https:\\\/\\\/voxsahel.com\\\/\",\"logo\":{\"@type\":\"ImageObject\",\"inLanguage\":\"fr-FR\",\"@id\":\"https:\\\/\\\/voxsahel.com\\\/#\\\/schema\\\/logo\\\/image\\\/\",\"url\":\"https:\\\/\\\/voxsahel.com\\\/wp-content\\\/uploads\\\/2024\\\/09\\\/Logo-Vox-Sahel.jpg\",\"contentUrl\":\"https:\\\/\\\/voxsahel.com\\\/wp-content\\\/uploads\\\/2024\\\/09\\\/Logo-Vox-Sahel.jpg\",\"width\":1181,\"height\":848,\"caption\":\"Vox Sahel\"},\"image\":{\"@id\":\"https:\\\/\\\/voxsahel.com\\\/#\\\/schema\\\/logo\\\/image\\\/\"},\"sameAs\":[\"https:\\\/\\\/www.facebook.com\\\/journal.voxsahel\"]},{\"@type\":\"Person\",\"@id\":\"https:\\\/\\\/voxsahel.com\\\/#\\\/schema\\\/person\\\/172b328be54b39f049a1e0360f28d3c3\",\"name\":\"admin\",\"image\":{\"@type\":\"ImageObject\",\"inLanguage\":\"fr-FR\",\"@id\":\"https:\\\/\\\/secure.gravatar.com\\\/avatar\\\/80ee9e38cf080d6de2bc5ade7eae71c709dee38b736f27d7d1cb524de2146505?s=96&d=mm&r=g\",\"url\":\"https:\\\/\\\/secure.gravatar.com\\\/avatar\\\/80ee9e38cf080d6de2bc5ade7eae71c709dee38b736f27d7d1cb524de2146505?s=96&d=mm&r=g\",\"contentUrl\":\"https:\\\/\\\/secure.gravatar.com\\\/avatar\\\/80ee9e38cf080d6de2bc5ade7eae71c709dee38b736f27d7d1cb524de2146505?s=96&d=mm&r=g\",\"caption\":\"admin\"},\"sameAs\":[\"https:\\\/\\\/voxsahel.com\"],\"url\":\"https:\\\/\\\/voxsahel.com\\\/?author=1\"}]}<\/script>\n<!-- \/ Yoast SEO plugin. -->","yoast_head_json":{"title":"Burkina-Gabon\u00a0: Des \u00e9tudiants du Gabon bient\u00f4t \u00e0 l\u2019Ecole nationale des r\u00e9gies financi\u00e8res - Vox Sahel","robots":{"index":"index","follow":"follow","max-snippet":"max-snippet:-1","max-image-preview":"max-image-preview:large","max-video-preview":"max-video-preview:-1"},"canonical":"https:\/\/voxsahel.com\/?p=72","og_locale":"fr_FR","og_type":"article","og_title":"Burkina-Gabon\u00a0: Des \u00e9tudiants du Gabon bient\u00f4t \u00e0 l\u2019Ecole nationale des r\u00e9gies financi\u00e8res - Vox Sahel","og_description":"Ce jeudi 5 septembre 2024, l\u2019Ecole nationale des r\u00e9gies financi\u00e8res a re\u00e7u dans ses locaux,","og_url":"https:\/\/voxsahel.com\/?p=72","og_site_name":"Vox Sahel","article_publisher":"https:\/\/www.facebook.com\/journal.voxsahel","article_published_time":"2024-09-10T12:26:45+00:00","article_modified_time":"2024-09-10T12:26:47+00:00","og_image":[{"width":643,"height":520,"url":"https:\/\/voxsahel.com\/wp-content\/uploads\/2024\/09\/enaref.jpg","type":"image\/jpeg"}],"author":"admin","twitter_card":"summary_large_image","twitter_misc":{"\u00c9crit par":"admin","Dur\u00e9e de lecture estim\u00e9e":"4 minutes"},"schema":{"@context":"https:\/\/schema.org","@graph":[{"@type":"Article","@id":"https:\/\/voxsahel.com\/?p=72#article","isPartOf":{"@id":"https:\/\/voxsahel.com\/?p=72"},"author":{"name":"admin","@id":"https:\/\/voxsahel.com\/#\/schema\/person\/172b328be54b39f049a1e0360f28d3c3"},"headline":"Burkina-Gabon\u00a0: Des \u00e9tudiants du Gabon bient\u00f4t \u00e0 l\u2019Ecole nationale des r\u00e9gies financi\u00e8res","datePublished":"2024-09-10T12:26:45+00:00","dateModified":"2024-09-10T12:26:47+00:00","mainEntityOfPage":{"@id":"https:\/\/voxsahel.com\/?p=72"},"wordCount":682,"commentCount":0,"publisher":{"@id":"https:\/\/voxsahel.com\/#organization"},"image":{"@id":"https:\/\/voxsahel.com\/?p=72#primaryimage"},"thumbnailUrl":"https:\/\/voxsahel.com\/wp-content\/uploads\/2024\/09\/enaref.jpg","articleSection":["EDUCATION","POLITIQUE"],"inLanguage":"fr-FR","potentialAction":[{"@type":"CommentAction","name":"Comment","target":["https:\/\/voxsahel.com\/?p=72#respond"]}]},{"@type":"WebPage","@id":"https:\/\/voxsahel.com\/?p=72","url":"https:\/\/voxsahel.com\/?p=72","name":"Burkina-Gabon\u00a0: Des \u00e9tudiants du Gabon bient\u00f4t \u00e0 l\u2019Ecole nationale des r\u00e9gies financi\u00e8res - Vox Sahel","isPartOf":{"@id":"https:\/\/voxsahel.com\/#website"},"primaryImageOfPage":{"@id":"https:\/\/voxsahel.com\/?p=72#primaryimage"},"image":{"@id":"https:\/\/voxsahel.com\/?p=72#primaryimage"},"thumbnailUrl":"https:\/\/voxsahel.com\/wp-content\/uploads\/2024\/09\/enaref.jpg","datePublished":"2024-09-10T12:26:45+00:00","dateModified":"2024-09-10T12:26:47+00:00","breadcrumb":{"@id":"https:\/\/voxsahel.com\/?p=72#breadcrumb"},"inLanguage":"fr-FR","potentialAction":[{"@type":"ReadAction","target":["https:\/\/voxsahel.com\/?p=72"]}]},{"@type":"ImageObject","inLanguage":"fr-FR","@id":"https:\/\/voxsahel.com\/?p=72#primaryimage","url":"https:\/\/voxsahel.com\/wp-content\/uploads\/2024\/09\/enaref.jpg","contentUrl":"https:\/\/voxsahel.com\/wp-content\/uploads\/2024\/09\/enaref.jpg","width":643,"height":520},{"@type":"BreadcrumbList","@id":"https:\/\/voxsahel.com\/?p=72#breadcrumb","itemListElement":[{"@type":"ListItem","position":1,"name":"Home","item":"https:\/\/voxsahel.com\/"},{"@type":"ListItem","position":2,"name":"Burkina-Gabon\u00a0: Des \u00e9tudiants du Gabon bient\u00f4t \u00e0 l\u2019Ecole nationale des r\u00e9gies financi\u00e8res"}]},{"@type":"WebSite","@id":"https:\/\/voxsahel.com\/#website","url":"https:\/\/voxsahel.com\/","name":"Vox Sahel","description":"Informez-vous sur le Sahel en un clic","publisher":{"@id":"https:\/\/voxsahel.com\/#organization"},"potentialAction":[{"@type":"SearchAction","target":{"@type":"EntryPoint","urlTemplate":"https:\/\/voxsahel.com\/?s={search_term_string}"},"query-input":{"@type":"PropertyValueSpecification","valueRequired":true,"valueName":"search_term_string"}}],"inLanguage":"fr-FR"},{"@type":"Organization","@id":"https:\/\/voxsahel.com\/#organization","name":"Vox Sahel","url":"https:\/\/voxsahel.com\/","logo":{"@type":"ImageObject","inLanguage":"fr-FR","@id":"https:\/\/voxsahel.com\/#\/schema\/logo\/image\/","url":"https:\/\/voxsahel.com\/wp-content\/uploads\/2024\/09\/Logo-Vox-Sahel.jpg","contentUrl":"https:\/\/voxsahel.com\/wp-content\/uploads\/2024\/09\/Logo-Vox-Sahel.jpg","width":1181,"height":848,"caption":"Vox Sahel"},"image":{"@id":"https:\/\/voxsahel.com\/#\/schema\/logo\/image\/"},"sameAs":["https:\/\/www.facebook.com\/journal.voxsahel"]},{"@type":"Person","@id":"https:\/\/voxsahel.com\/#\/schema\/person\/172b328be54b39f049a1e0360f28d3c3","name":"admin","image":{"@type":"ImageObject","inLanguage":"fr-FR","@id":"https:\/\/secure.gravatar.com\/avatar\/80ee9e38cf080d6de2bc5ade7eae71c709dee38b736f27d7d1cb524de2146505?s=96&d=mm&r=g","url":"https:\/\/secure.gravatar.com\/avatar\/80ee9e38cf080d6de2bc5ade7eae71c709dee38b736f27d7d1cb524de2146505?s=96&d=mm&r=g","contentUrl":"https:\/\/secure.gravatar.com\/avatar\/80ee9e38cf080d6de2bc5ade7eae71c709dee38b736f27d7d1cb524de2146505?s=96&d=mm&r=g","caption":"admin"},"sameAs":["https:\/\/voxsahel.com"],"url":"https:\/\/voxsahel.com\/?author=1"}]}},"_links":{"self":[{"href":"https:\/\/voxsahel.com\/index.php?rest_route=\/wp\/v2\/posts\/72","targetHints":{"allow":["GET"]}}],"collection":[{"href":"https:\/\/voxsahel.com\/index.php?rest_route=\/wp\/v2\/posts"}],"about":[{"href":"https:\/\/voxsahel.com\/index.php?rest_route=\/wp\/v2\/types\/post"}],"author":[{"embeddable":true,"href":"https:\/\/voxsahel.com\/index.php?rest_route=\/wp\/v2\/users\/1"}],"replies":[{"embeddable":true,"href":"https:\/\/voxsahel.com\/index.php?rest_route=%2Fwp%2Fv2%2Fcomments&post=72"}],"version-history":[{"count":1,"href":"https:\/\/voxsahel.com\/index.php?rest_route=\/wp\/v2\/posts\/72\/revisions"}],"predecessor-version":[{"id":74,"href":"https:\/\/voxsahel.com\/index.php?rest_route=\/wp\/v2\/posts\/72\/revisions\/74"}],"wp:featuredmedia":[{"embeddable":true,"href":"https:\/\/voxsahel.com\/index.php?rest_route=\/wp\/v2\/media\/73"}],"wp:attachment":[{"href":"https:\/\/voxsahel.com\/index.php?rest_route=%2Fwp%2Fv2%2Fmedia&parent=72"}],"wp:term":[{"taxonomy":"category","embeddable":true,"href":"https:\/\/voxsahel.com\/index.php?rest_route=%2Fwp%2Fv2%2Fcategories&post=72"},{"taxonomy":"post_tag","embeddable":true,"href":"https:\/\/voxsahel.com\/index.php?rest_route=%2Fwp%2Fv2%2Ftags&post=72"}],"curies":[{"name":"wp","href":"https:\/\/api.w.org\/{rel}","templated":true}]}}