{"id":716,"date":"2024-10-26T14:45:44","date_gmt":"2024-10-26T14:45:44","guid":{"rendered":"https:\/\/voxsahel.com\/?p=716"},"modified":"2024-10-26T14:45:44","modified_gmt":"2024-10-26T14:45:44","slug":"soutien-a-la-transition-des-femmes-veulent-dejouer-toute-destabilisation-du-pays-a-travers-l-inauguration-un-rond-point-a-pabre","status":"publish","type":"post","link":"https:\/\/voxsahel.com\/?p=716","title":{"rendered":"Soutien \u00e0 la Transition : Des femmes veulent d\u00e9jouer toute d\u00e9stabilisation du pays \u00e0 travers l\u2019 inauguration un rond-point \u00e0 Pabr\u00e9"},"content":{"rendered":"<p class=\"p1\">L&rsquo;Alliance des femmes engag\u00e9es pour la patrie a inaugur\u00e9 \u00a0unrond-point \u00e0 Pabr\u00e9 dans la r\u00e9gion du Centre ce 26 octobre 2024. Une inauguration qui a eu lieu en pr\u00e9sence de sa coordonnatrice et \u00a0marraine de la c\u00e9r\u00e9monie.<\/p>\n<p class=\"p2\">Depuis la prise du pouvoir par le capitaine Ibrahim Traor\u00e9, des Burkinab\u00e8 ont pris d\u2019assaut plusieurs ronds-points dans le pays pour constituer une veille citoyenne. Appel\u00e9s commun\u00e9ment wayiyans ces derniers dorment dans les ronds-points pour contrecarrer \u00a0tout projet de d\u00e9stabilisation de la transition.<\/p>\n<p class=\"p1\"><span class=\"s1\">L&rsquo;Alliance des femmes engag\u00e9es pour la patrie est une veille citoyenne qui depuis l\u2019arriv\u00e9e du capitaine lui apporte son soutien \u00e0 travers diverses activit\u00e9s . Ainsi, l\u2019Alliance de la section Pabr\u00e9 a d\u00e9cid\u00e9 \u00e0 son tour d\u2019installer un rond-point dans la commune pour participer \u00e0 \u00a0la veille citoyenne et d\u00e9jouer toute tentative de d\u00e9stabilisation. A\u00efssata Ilboudo\/Ciss\u00e9 coordonnatrice \u00a0de l\u2019Alliance s\u2019est r\u00e9jouie de\u00a0l\u2019installation et \u00e0 l\u2019inauguration du rond-point \u00e0 Pabr\u00e9. <\/span><\/p>\n<p class=\"p1\"><span class=\"s1\">Elle a confi\u00e9 que l\u2019av\u00e8nement du capitaine Ibrahim Traor\u00e9 a \u00e9t\u00e9 la r\u00e9sultante d&rsquo;une mobilisation populaire de rejet de l&rsquo;inaction et du m\u00e9pris des aspirations l\u00e9gitimes des populations qui \u00a0subissaient les affres de l&rsquo;extr\u00e9misme violent. Pour elle, \u00a0lepouvoir d\u00e9tenu par le capitaine Ibrahim Traor\u00e9 est le pouvoir du peuple. Un peuple qui a dit non aux projets de l&rsquo;imp\u00e9rialisme d\u00e9chu et de ses valets locaux. <\/span><\/p>\n<p class=\"p1\"><span class=\"s2\">\u00ab\u00a0Ces diff\u00e9rents ronds\u00a0-points, ont \u00e9t\u00e9, sont et continus d&rsquo;\u00eatre le lieu de mat\u00e9rialisation de la responsabilit\u00e9 civile de chacun d&rsquo;entre nous en tant acteur de la veille citoyenne, condition sine qua non de la r\u00e9ussite de la vision salvatrice du MPSR II\u00a0<\/span><span class=\"s1\">\u00bb,a-t-elle affirm\u00e9. <\/span><\/p>\n<p class=\"p1\"><span class=\"s1\">C\u2019est pourquoi elle a \u00a0 souhait\u00e9 que le rond-point install\u00e9 \u00e0 Pabr\u00e9, soit aussi vital que le sont les autres ronds-points install\u00e9s \u00e0 travers le pays. \u00ab\u00a0<\/span><span class=\"s2\">Un coeur battant de la lutte anti-imp\u00e9rialiste et un bouclier citoyen dans cette noble mission de sauvegarde, des actions du capitaine Ibrahim Traor\u00e9 et de ses engagements pris pour le bonheur de tous<\/span><span class=\"s1\">\u00a0\u00bb. <\/span><\/p>\n<p class=\"p1\"><span class=\"s1\">Citant Thomas Sankara, elle a fait savoir que les femmes ont un r\u00f4le crucial \u00e0 jouer \u00a0dans cette noble marche pour que \u00ab\u00a0<\/span><span class=\"s2\">cette r\u00e9volution patriotique qui se veut aussi panafricaine, rel\u00e8ve le Burkina Faso et l&rsquo;Afrique et les rende prosp\u00e8res pour ses enfants<\/span><span class=\"s1\">\u00a0\u00bb.<\/span><\/p>\n<p class=\"p1\" style=\"text-align: right;\"><span class=\"s1\"><b>Par Amir BAKO<\/b><\/span><\/p>\n","protected":false},"excerpt":{"rendered":"<p>L&rsquo;Alliance des femmes engag\u00e9es pour la patrie a inaugur\u00e9 \u00a0unrond-point \u00e0 Pabr\u00e9 dans la r\u00e9gion<\/p>\n","protected":false},"author":2,"featured_media":717,"comment_status":"open","ping_status":"open","sticky":false,"template":"","format":"standard","meta":{"_et_pb_use_builder":"","_et_pb_old_content":"","_et_gb_content_width":"","footnotes":""},"categories":[5],"tags":[],"class_list":["post-716","post","type-post","status-publish","format-standard","has-post-thumbnail","hentry","category-societe"],"yoast_head":"<!-- This site is optimized with the Yoast SEO plugin v27.5 - https:\/\/yoast.com\/product\/yoast-seo-wordpress\/ -->\n<title>Soutien \u00e0 la Transition : Des femmes veulent d\u00e9jouer toute d\u00e9stabilisation du pays \u00e0 travers l\u2019 inauguration un rond-point \u00e0 Pabr\u00e9 - Vox Sahel<\/title>\n<meta name=\"robots\" content=\"index, follow, max-snippet:-1, max-image-preview:large, max-video-preview:-1\" \/>\n<link rel=\"canonical\" href=\"https:\/\/voxsahel.com\/?p=716\" \/>\n<meta property=\"og:locale\" content=\"fr_FR\" \/>\n<meta property=\"og:type\" content=\"article\" \/>\n<meta property=\"og:title\" content=\"Soutien \u00e0 la Transition : Des femmes veulent d\u00e9jouer toute d\u00e9stabilisation du pays \u00e0 travers l\u2019 inauguration un rond-point \u00e0 Pabr\u00e9 - Vox Sahel\" \/>\n<meta property=\"og:description\" content=\"L&rsquo;Alliance des femmes engag\u00e9es pour la patrie a inaugur\u00e9 \u00a0unrond-point \u00e0 Pabr\u00e9 dans la r\u00e9gion\" \/>\n<meta property=\"og:url\" content=\"https:\/\/voxsahel.com\/?p=716\" \/>\n<meta property=\"og:site_name\" content=\"Vox Sahel\" \/>\n<meta property=\"article:publisher\" content=\"https:\/\/www.facebook.com\/journal.voxsahel\" \/>\n<meta property=\"article:published_time\" content=\"2024-10-26T14:45:44+00:00\" \/>\n<meta property=\"og:image\" content=\"https:\/\/voxsahel.com\/wp-content\/uploads\/2024\/10\/6ab3979a-0216-4c62-8165-c3f43d8ac6cb.jpeg\" \/>\n\t<meta property=\"og:image:width\" content=\"1020\" \/>\n\t<meta property=\"og:image:height\" content=\"574\" \/>\n\t<meta property=\"og:image:type\" content=\"image\/jpeg\" \/>\n<meta name=\"author\" content=\"Vox Sahel\" \/>\n<meta name=\"twitter:card\" content=\"summary_large_image\" \/>\n<meta name=\"twitter:label1\" content=\"\u00c9crit par\" \/>\n\t<meta name=\"twitter:data1\" content=\"Vox Sahel\" \/>\n\t<meta name=\"twitter:label2\" content=\"Dur\u00e9e de lecture estim\u00e9e\" \/>\n\t<meta name=\"twitter:data2\" content=\"3 minutes\" \/>\n<script type=\"application\/ld+json\" class=\"yoast-schema-graph\">{\"@context\":\"https:\\\/\\\/schema.org\",\"@graph\":[{\"@type\":\"Article\",\"@id\":\"https:\\\/\\\/voxsahel.com\\\/?p=716#article\",\"isPartOf\":{\"@id\":\"https:\\\/\\\/voxsahel.com\\\/?p=716\"},\"author\":{\"name\":\"Vox Sahel\",\"@id\":\"https:\\\/\\\/voxsahel.com\\\/#\\\/schema\\\/person\\\/b4043608248f8fa227cd760e7ff1e19e\"},\"headline\":\"Soutien \u00e0 la Transition : Des femmes veulent d\u00e9jouer toute d\u00e9stabilisation du pays \u00e0 travers l\u2019 inauguration un rond-point \u00e0 Pabr\u00e9\",\"datePublished\":\"2024-10-26T14:45:44+00:00\",\"mainEntityOfPage\":{\"@id\":\"https:\\\/\\\/voxsahel.com\\\/?p=716\"},\"wordCount\":424,\"commentCount\":0,\"publisher\":{\"@id\":\"https:\\\/\\\/voxsahel.com\\\/#organization\"},\"image\":{\"@id\":\"https:\\\/\\\/voxsahel.com\\\/?p=716#primaryimage\"},\"thumbnailUrl\":\"https:\\\/\\\/voxsahel.com\\\/wp-content\\\/uploads\\\/2024\\\/10\\\/6ab3979a-0216-4c62-8165-c3f43d8ac6cb.jpeg\",\"articleSection\":[\"SOCIETE\"],\"inLanguage\":\"fr-FR\",\"potentialAction\":[{\"@type\":\"CommentAction\",\"name\":\"Comment\",\"target\":[\"https:\\\/\\\/voxsahel.com\\\/?p=716#respond\"]}]},{\"@type\":\"WebPage\",\"@id\":\"https:\\\/\\\/voxsahel.com\\\/?p=716\",\"url\":\"https:\\\/\\\/voxsahel.com\\\/?p=716\",\"name\":\"Soutien \u00e0 la Transition : Des femmes veulent d\u00e9jouer toute d\u00e9stabilisation du pays \u00e0 travers l\u2019 inauguration un rond-point \u00e0 Pabr\u00e9 - Vox Sahel\",\"isPartOf\":{\"@id\":\"https:\\\/\\\/voxsahel.com\\\/#website\"},\"primaryImageOfPage\":{\"@id\":\"https:\\\/\\\/voxsahel.com\\\/?p=716#primaryimage\"},\"image\":{\"@id\":\"https:\\\/\\\/voxsahel.com\\\/?p=716#primaryimage\"},\"thumbnailUrl\":\"https:\\\/\\\/voxsahel.com\\\/wp-content\\\/uploads\\\/2024\\\/10\\\/6ab3979a-0216-4c62-8165-c3f43d8ac6cb.jpeg\",\"datePublished\":\"2024-10-26T14:45:44+00:00\",\"breadcrumb\":{\"@id\":\"https:\\\/\\\/voxsahel.com\\\/?p=716#breadcrumb\"},\"inLanguage\":\"fr-FR\",\"potentialAction\":[{\"@type\":\"ReadAction\",\"target\":[\"https:\\\/\\\/voxsahel.com\\\/?p=716\"]}]},{\"@type\":\"ImageObject\",\"inLanguage\":\"fr-FR\",\"@id\":\"https:\\\/\\\/voxsahel.com\\\/?p=716#primaryimage\",\"url\":\"https:\\\/\\\/voxsahel.com\\\/wp-content\\\/uploads\\\/2024\\\/10\\\/6ab3979a-0216-4c62-8165-c3f43d8ac6cb.jpeg\",\"contentUrl\":\"https:\\\/\\\/voxsahel.com\\\/wp-content\\\/uploads\\\/2024\\\/10\\\/6ab3979a-0216-4c62-8165-c3f43d8ac6cb.jpeg\",\"width\":1020,\"height\":574},{\"@type\":\"BreadcrumbList\",\"@id\":\"https:\\\/\\\/voxsahel.com\\\/?p=716#breadcrumb\",\"itemListElement\":[{\"@type\":\"ListItem\",\"position\":1,\"name\":\"Home\",\"item\":\"https:\\\/\\\/voxsahel.com\\\/\"},{\"@type\":\"ListItem\",\"position\":2,\"name\":\"Soutien \u00e0 la Transition : Des femmes veulent d\u00e9jouer toute d\u00e9stabilisation du pays \u00e0 travers l\u2019 inauguration un rond-point \u00e0 Pabr\u00e9\"}]},{\"@type\":\"WebSite\",\"@id\":\"https:\\\/\\\/voxsahel.com\\\/#website\",\"url\":\"https:\\\/\\\/voxsahel.com\\\/\",\"name\":\"Vox Sahel\",\"description\":\"Informez-vous sur le Sahel en un clic\",\"publisher\":{\"@id\":\"https:\\\/\\\/voxsahel.com\\\/#organization\"},\"potentialAction\":[{\"@type\":\"SearchAction\",\"target\":{\"@type\":\"EntryPoint\",\"urlTemplate\":\"https:\\\/\\\/voxsahel.com\\\/?s={search_term_string}\"},\"query-input\":{\"@type\":\"PropertyValueSpecification\",\"valueRequired\":true,\"valueName\":\"search_term_string\"}}],\"inLanguage\":\"fr-FR\"},{\"@type\":\"Organization\",\"@id\":\"https:\\\/\\\/voxsahel.com\\\/#organization\",\"name\":\"Vox Sahel\",\"url\":\"https:\\\/\\\/voxsahel.com\\\/\",\"logo\":{\"@type\":\"ImageObject\",\"inLanguage\":\"fr-FR\",\"@id\":\"https:\\\/\\\/voxsahel.com\\\/#\\\/schema\\\/logo\\\/image\\\/\",\"url\":\"https:\\\/\\\/voxsahel.com\\\/wp-content\\\/uploads\\\/2024\\\/09\\\/Logo-Vox-Sahel.jpg\",\"contentUrl\":\"https:\\\/\\\/voxsahel.com\\\/wp-content\\\/uploads\\\/2024\\\/09\\\/Logo-Vox-Sahel.jpg\",\"width\":1181,\"height\":848,\"caption\":\"Vox Sahel\"},\"image\":{\"@id\":\"https:\\\/\\\/voxsahel.com\\\/#\\\/schema\\\/logo\\\/image\\\/\"},\"sameAs\":[\"https:\\\/\\\/www.facebook.com\\\/journal.voxsahel\"]},{\"@type\":\"Person\",\"@id\":\"https:\\\/\\\/voxsahel.com\\\/#\\\/schema\\\/person\\\/b4043608248f8fa227cd760e7ff1e19e\",\"name\":\"Vox Sahel\",\"image\":{\"@type\":\"ImageObject\",\"inLanguage\":\"fr-FR\",\"@id\":\"https:\\\/\\\/secure.gravatar.com\\\/avatar\\\/f70e7fa0cb9b29d4a7c5788d6eb2e9ab4d3135cbae1c9161810fdf77a8964699?s=96&d=mm&r=g\",\"url\":\"https:\\\/\\\/secure.gravatar.com\\\/avatar\\\/f70e7fa0cb9b29d4a7c5788d6eb2e9ab4d3135cbae1c9161810fdf77a8964699?s=96&d=mm&r=g\",\"contentUrl\":\"https:\\\/\\\/secure.gravatar.com\\\/avatar\\\/f70e7fa0cb9b29d4a7c5788d6eb2e9ab4d3135cbae1c9161810fdf77a8964699?s=96&d=mm&r=g\",\"caption\":\"Vox Sahel\"},\"sameAs\":[\"http:\\\/\\\/www.voxsahel.com\"],\"url\":\"https:\\\/\\\/voxsahel.com\\\/?author=2\"}]}<\/script>\n<!-- \/ Yoast SEO plugin. -->","yoast_head_json":{"title":"Soutien \u00e0 la Transition : Des femmes veulent d\u00e9jouer toute d\u00e9stabilisation du pays \u00e0 travers l\u2019 inauguration un rond-point \u00e0 Pabr\u00e9 - Vox Sahel","robots":{"index":"index","follow":"follow","max-snippet":"max-snippet:-1","max-image-preview":"max-image-preview:large","max-video-preview":"max-video-preview:-1"},"canonical":"https:\/\/voxsahel.com\/?p=716","og_locale":"fr_FR","og_type":"article","og_title":"Soutien \u00e0 la Transition : Des femmes veulent d\u00e9jouer toute d\u00e9stabilisation du pays \u00e0 travers l\u2019 inauguration un rond-point \u00e0 Pabr\u00e9 - Vox Sahel","og_description":"L&rsquo;Alliance des femmes engag\u00e9es pour la patrie a inaugur\u00e9 \u00a0unrond-point \u00e0 Pabr\u00e9 dans la r\u00e9gion","og_url":"https:\/\/voxsahel.com\/?p=716","og_site_name":"Vox Sahel","article_publisher":"https:\/\/www.facebook.com\/journal.voxsahel","article_published_time":"2024-10-26T14:45:44+00:00","og_image":[{"width":1020,"height":574,"url":"https:\/\/voxsahel.com\/wp-content\/uploads\/2024\/10\/6ab3979a-0216-4c62-8165-c3f43d8ac6cb.jpeg","type":"image\/jpeg"}],"author":"Vox Sahel","twitter_card":"summary_large_image","twitter_misc":{"\u00c9crit par":"Vox Sahel","Dur\u00e9e de lecture estim\u00e9e":"3 minutes"},"schema":{"@context":"https:\/\/schema.org","@graph":[{"@type":"Article","@id":"https:\/\/voxsahel.com\/?p=716#article","isPartOf":{"@id":"https:\/\/voxsahel.com\/?p=716"},"author":{"name":"Vox Sahel","@id":"https:\/\/voxsahel.com\/#\/schema\/person\/b4043608248f8fa227cd760e7ff1e19e"},"headline":"Soutien \u00e0 la Transition : Des femmes veulent d\u00e9jouer toute d\u00e9stabilisation du pays \u00e0 travers l\u2019 inauguration un rond-point \u00e0 Pabr\u00e9","datePublished":"2024-10-26T14:45:44+00:00","mainEntityOfPage":{"@id":"https:\/\/voxsahel.com\/?p=716"},"wordCount":424,"commentCount":0,"publisher":{"@id":"https:\/\/voxsahel.com\/#organization"},"image":{"@id":"https:\/\/voxsahel.com\/?p=716#primaryimage"},"thumbnailUrl":"https:\/\/voxsahel.com\/wp-content\/uploads\/2024\/10\/6ab3979a-0216-4c62-8165-c3f43d8ac6cb.jpeg","articleSection":["SOCIETE"],"inLanguage":"fr-FR","potentialAction":[{"@type":"CommentAction","name":"Comment","target":["https:\/\/voxsahel.com\/?p=716#respond"]}]},{"@type":"WebPage","@id":"https:\/\/voxsahel.com\/?p=716","url":"https:\/\/voxsahel.com\/?p=716","name":"Soutien \u00e0 la Transition : Des femmes veulent d\u00e9jouer toute d\u00e9stabilisation du pays \u00e0 travers l\u2019 inauguration un rond-point \u00e0 Pabr\u00e9 - Vox Sahel","isPartOf":{"@id":"https:\/\/voxsahel.com\/#website"},"primaryImageOfPage":{"@id":"https:\/\/voxsahel.com\/?p=716#primaryimage"},"image":{"@id":"https:\/\/voxsahel.com\/?p=716#primaryimage"},"thumbnailUrl":"https:\/\/voxsahel.com\/wp-content\/uploads\/2024\/10\/6ab3979a-0216-4c62-8165-c3f43d8ac6cb.jpeg","datePublished":"2024-10-26T14:45:44+00:00","breadcrumb":{"@id":"https:\/\/voxsahel.com\/?p=716#breadcrumb"},"inLanguage":"fr-FR","potentialAction":[{"@type":"ReadAction","target":["https:\/\/voxsahel.com\/?p=716"]}]},{"@type":"ImageObject","inLanguage":"fr-FR","@id":"https:\/\/voxsahel.com\/?p=716#primaryimage","url":"https:\/\/voxsahel.com\/wp-content\/uploads\/2024\/10\/6ab3979a-0216-4c62-8165-c3f43d8ac6cb.jpeg","contentUrl":"https:\/\/voxsahel.com\/wp-content\/uploads\/2024\/10\/6ab3979a-0216-4c62-8165-c3f43d8ac6cb.jpeg","width":1020,"height":574},{"@type":"BreadcrumbList","@id":"https:\/\/voxsahel.com\/?p=716#breadcrumb","itemListElement":[{"@type":"ListItem","position":1,"name":"Home","item":"https:\/\/voxsahel.com\/"},{"@type":"ListItem","position":2,"name":"Soutien \u00e0 la Transition : Des femmes veulent d\u00e9jouer toute d\u00e9stabilisation du pays \u00e0 travers l\u2019 inauguration un rond-point \u00e0 Pabr\u00e9"}]},{"@type":"WebSite","@id":"https:\/\/voxsahel.com\/#website","url":"https:\/\/voxsahel.com\/","name":"Vox Sahel","description":"Informez-vous sur le Sahel en un clic","publisher":{"@id":"https:\/\/voxsahel.com\/#organization"},"potentialAction":[{"@type":"SearchAction","target":{"@type":"EntryPoint","urlTemplate":"https:\/\/voxsahel.com\/?s={search_term_string}"},"query-input":{"@type":"PropertyValueSpecification","valueRequired":true,"valueName":"search_term_string"}}],"inLanguage":"fr-FR"},{"@type":"Organization","@id":"https:\/\/voxsahel.com\/#organization","name":"Vox Sahel","url":"https:\/\/voxsahel.com\/","logo":{"@type":"ImageObject","inLanguage":"fr-FR","@id":"https:\/\/voxsahel.com\/#\/schema\/logo\/image\/","url":"https:\/\/voxsahel.com\/wp-content\/uploads\/2024\/09\/Logo-Vox-Sahel.jpg","contentUrl":"https:\/\/voxsahel.com\/wp-content\/uploads\/2024\/09\/Logo-Vox-Sahel.jpg","width":1181,"height":848,"caption":"Vox Sahel"},"image":{"@id":"https:\/\/voxsahel.com\/#\/schema\/logo\/image\/"},"sameAs":["https:\/\/www.facebook.com\/journal.voxsahel"]},{"@type":"Person","@id":"https:\/\/voxsahel.com\/#\/schema\/person\/b4043608248f8fa227cd760e7ff1e19e","name":"Vox Sahel","image":{"@type":"ImageObject","inLanguage":"fr-FR","@id":"https:\/\/secure.gravatar.com\/avatar\/f70e7fa0cb9b29d4a7c5788d6eb2e9ab4d3135cbae1c9161810fdf77a8964699?s=96&d=mm&r=g","url":"https:\/\/secure.gravatar.com\/avatar\/f70e7fa0cb9b29d4a7c5788d6eb2e9ab4d3135cbae1c9161810fdf77a8964699?s=96&d=mm&r=g","contentUrl":"https:\/\/secure.gravatar.com\/avatar\/f70e7fa0cb9b29d4a7c5788d6eb2e9ab4d3135cbae1c9161810fdf77a8964699?s=96&d=mm&r=g","caption":"Vox Sahel"},"sameAs":["http:\/\/www.voxsahel.com"],"url":"https:\/\/voxsahel.com\/?author=2"}]}},"_links":{"self":[{"href":"https:\/\/voxsahel.com\/index.php?rest_route=\/wp\/v2\/posts\/716","targetHints":{"allow":["GET"]}}],"collection":[{"href":"https:\/\/voxsahel.com\/index.php?rest_route=\/wp\/v2\/posts"}],"about":[{"href":"https:\/\/voxsahel.com\/index.php?rest_route=\/wp\/v2\/types\/post"}],"author":[{"embeddable":true,"href":"https:\/\/voxsahel.com\/index.php?rest_route=\/wp\/v2\/users\/2"}],"replies":[{"embeddable":true,"href":"https:\/\/voxsahel.com\/index.php?rest_route=%2Fwp%2Fv2%2Fcomments&post=716"}],"version-history":[{"count":1,"href":"https:\/\/voxsahel.com\/index.php?rest_route=\/wp\/v2\/posts\/716\/revisions"}],"predecessor-version":[{"id":718,"href":"https:\/\/voxsahel.com\/index.php?rest_route=\/wp\/v2\/posts\/716\/revisions\/718"}],"wp:featuredmedia":[{"embeddable":true,"href":"https:\/\/voxsahel.com\/index.php?rest_route=\/wp\/v2\/media\/717"}],"wp:attachment":[{"href":"https:\/\/voxsahel.com\/index.php?rest_route=%2Fwp%2Fv2%2Fmedia&parent=716"}],"wp:term":[{"taxonomy":"category","embeddable":true,"href":"https:\/\/voxsahel.com\/index.php?rest_route=%2Fwp%2Fv2%2Fcategories&post=716"},{"taxonomy":"post_tag","embeddable":true,"href":"https:\/\/voxsahel.com\/index.php?rest_route=%2Fwp%2Fv2%2Ftags&post=716"}],"curies":[{"name":"wp","href":"https:\/\/api.w.org\/{rel}","templated":true}]}}