{"id":701,"date":"2024-10-24T20:56:22","date_gmt":"2024-10-24T20:56:22","guid":{"rendered":"https:\/\/voxsahel.com\/?p=701"},"modified":"2024-10-24T21:08:15","modified_gmt":"2024-10-24T21:08:15","slug":"polyphonies-pour-la-paix-on-a-voulu-faire-la-musique-pour-reconforter-ces-familles-eplorees-et-galvaniser-les-fds-et-les-vdp-capitaine-aimee-cesaire-ouedraogo","status":"publish","type":"post","link":"https:\/\/voxsahel.com\/?p=701","title":{"rendered":"Polyphonies pour la paix : \u00ab\u00a0On a voulu faire la musique pour r\u00e9conforter ces familles \u00e9plor\u00e9es et galvaniser les FDS et les VDP\u00bb, Capitaine Aim\u00e9e C\u00e9saire Ou\u00e9draogo"},"content":{"rendered":"<p><strong>Pr\u00e9vu pour le 2 novembre 2024, le concert au Monument des Martyrs rassemblera des artistes burkinab\u00e8 et de la sous-r\u00e9gion, avec pour ambition de renforcer l&rsquo;unit\u00e9 nationale et de soutenir ceux touch\u00e9s par l&rsquo;ins\u00e9curit\u00e9. Plac\u00e9e sous le th\u00e8me \u00ab R\u00e9silience et espoir \u00bb, cette initiative artistique, soutenue par les minist\u00e8res de la D\u00e9fense et de la Culture, vise \u00e0 insuffler un message d&rsquo;unit\u00e9 et d&rsquo;espoir aux Burkinab\u00e8, particuli\u00e8rement \u00e0 personnes touch\u00e9es par le terrorisme, tout en rendant hommage aux forces combattantes patriotiques. A l&rsquo;approche de la deuxi\u00e8me \u00e9dition des Polyphonies pour la Paix du Grand Ch\u0153ur Polyphonique de Ouagadougou, le Capitaine Aim\u00e9e C\u00e9saire Ou\u00e9draogo, membre du ch\u0153ur et Commandant de l\u2019escadron musique de la Gendarmerie Nationale, revient sur cette initiative artistique plac\u00e9e sous le signe de la paix.<\/strong><\/p>\n<p><strong>Quelle est l&rsquo;origine de l&rsquo;\u00e9v\u00e9nement \u00ab\u00a0Polyphonies pour la paix\u00a0\u00bb, et pourquoi l&rsquo;avez-vous cr\u00e9\u00e9 ?<\/strong><\/p>\n<p><strong>Capitaine Aim\u00e9e C\u00e9saire Ou\u00e9draogo\u00a0<\/strong>: Officiellement on voulait faire un \u00e9v\u00e9nement rassembleur, un \u00e9v\u00e9nement humanitaire mais dans le sens de la musique. Une musique pour les personnes victimes de trag\u00e9die, notamment les enfants\u00a0; les enfants victimes de terrorisme et partant les familles de ces enfants. Dans ces familles il y a les forces de d\u00e9fense et de s\u00e9curit\u00e9, les volontaires de la d\u00e9fense de la patrie. De ramification en ramification, le projet prend une envergure. Parmi les FDS on a tout au moins un membre de famille, qui a \u00e9t\u00e9 victime du terrorisme. Du coup, \u00e7a devient un \u00e9v\u00e9nement pour toute la population. A l\u2019origine, pour les enfants victimes de trag\u00e9die, on tient compte de leurs\u00a0 familles et ensuite on tient compte des FDS qui sont justement membres de ces familles, et partant de toute la nation burkinab\u00e8. Pourquoi on a cr\u00e9\u00e9 cet \u00e9v\u00e9nement\u00a0? C\u2019est pour rassembler toutes ces personnes, et donner une nouvelle couleur artistique \u00e0 la musique. Il y a plusieurs types de musique engag\u00e9e. Il y a la musique du peuple, il y a de la musique pour l\u2019environnement, il y a de la musique pour la d\u00e9mocratie. Mais, nous on a voulu faire la musique pour r\u00e9conforter ces familles \u00e9plor\u00e9es, r\u00e9conforter tout le Burkina Faso, et en m\u00eame temps redonner espoir et galvaniser les FDS et les VDP.<\/p>\n<p><strong>Quelles sont les principales attentes de cette deuxi\u00e8me \u00e9dition ?<\/strong><\/p>\n<p>Les principales attentes de cette deuxi\u00e8me \u00e9dition c\u2019est que le spectacle puisse toucher beaucoup plus qu\u2019il n\u2019a touch\u00e9 l\u2019ann\u00e9e derni\u00e8re .L\u2019ann\u00e9e pass\u00e9e, c\u2019\u00e9tait la toute premi\u00e8re, on a t\u00e2tonn\u00e9. Il y avait des zones d\u2019ombre. Cette ann\u00e9e on voudrait que le spectacle puisse se voir partout dans le Burkina Faso, dans chaque famille, dans chaque endroit o\u00f9 il y a un burkinab\u00e8, qu\u2019il puisse voir le spectacle et sentir la fiert\u00e9 d\u2019\u00eatre burkinab\u00e8, sentir qu\u2019il y a des musiciens qui font de la musique savante pour eux, pour les r\u00e9conforter. Le th\u00e8me de cette \u00e9dition est \u00ab R\u00e9silience et espoir : la force de l&rsquo;esprit, l&rsquo;espoir de demain \u00bb.<\/p>\n<p><strong>Pourriez-vous nous expliquer pourquoi vous avez choisi ce th\u00e8me et ce qu&rsquo;il signifie pour vous ? <\/strong><\/p>\n<p>La r\u00e9silience, c\u2019est le fait de tenir face \u00e0 l\u2019adversit\u00e9, m\u00eame quand on sait qu\u2019on n\u2019est peut-\u00eatre\u00a0 pas aussi fort que son adversaire pendant un temps mais, on tient parce qu\u2019on sait que, t\u00f4t ou tard on finira par le vaincre, d\u2019o\u00f9 justement la question de l\u2019espoir qui va avec la r\u00e9silience. <strong>La force de l\u2019esprit c\u2019est pour montrer que pour \u00eatre r\u00e9siliant et avoir de l\u2019espoir il faut une force d\u2019esprit assez au top, une force d\u2019esprit mature qui puisse porter cet espoir de demain<\/strong>. Il faut que les gens soient stables dans leurs esprits pour pouvoir porter, malgr\u00e9 toute\u00a0l\u2019adversit\u00e9 qui se passe\u00a0: les morts, les crises. Quand tu es stable dans ton esprit tu peux, esp\u00e9rer un lendemain meilleur. Mais s\u2019il n\u2019y a pas cette force de l\u2019esprit, le lendemain on ne peut rien esp\u00e9rer. On a envie de mourir sur place. C\u2019est ce qui envoie les suicides, les abandons.<\/p>\n<p><strong>Quelles sont les principales performances artistiques que le public peut attendre cette ann\u00e9e ?<\/strong><\/p>\n<p>Cette ann\u00e9e il y aura comme d\u2019habitude de la musique classique, la marque d\u00e9pos\u00e9e des polyphonies. Il y aura de la com\u00e9die musicale, un tableau de contes et un tableau de musique populaire. Mais en plus on aura encore un tableau d\u2019acrobatie et de danses classique et contemporaine.<\/p>\n<p><strong>Pourquoi avoir choisi une combinaison de musiques classiques, traditionnelles, contemporaines et de fusion ? <\/strong><\/p>\n<p>Les polyphonies; qui dit poly, dit plusieurs et unanimit\u00e9 \u00e0 la fois. C\u2019est des styles que beaucoup de personnes ont voulu opposer dans le temps et m\u00eame jusqu\u2019\u00e0 aujourd\u2019hui. Certains se r\u00e9clament de la musique classique, d\u2019autres de la musique traditionnelle, d\u2019autres aussi la musique moderne. Les polyphonies viennent pour montrer que toutes ces musiques vont ensemble .Il n\u2019y a pas de musique \u00e0 part .Il n&rsquo;y a que de la musique. Maintenant dans cette musique, chacun prend l\u2019option qu\u2019il veut. Nous comptons faire une poly musicalit\u00e9, une poly combinaison de toutes ces musiques pour justement r\u00e9aliser les Polyphonies Pour la Paix .Cela montre a quel point la musique peut rassembler ce que l\u2019on pense disperser, ce que l\u2019on pense non rassemblable.<\/p>\n<p><strong>Comment ces styles s&rsquo;harmonisent-ils autour du th\u00e8me de la paix ?<\/strong><\/p>\n<p>D\u00e9j\u00e0 qu\u2019il y a une combinaison de styles. On essaie de rassembler tous ces artistes de diff\u00e9rents bords, de diff\u00e9rents chemins pour qu\u2019ils puissent d\u00e9j\u00e0 se mettre ensemble. Quand ces artistes sont rassembl\u00e9s, on aura des followers, des fans qui vont plus se rassembler autour d\u2019un artiste pour la paix. Si par exemple on voit Smarty, on voit Nael qui chantent sur la m\u00eame sc\u00e8ne, ceux qui pensent qu\u2019il y a par exemple des d\u00e9tractions entre eux, \u00e7a les r\u00e9unie et ils disent mais non\u00a0! Les gars sont ensembles! Donc rassembler tous ces styles c\u2019est rassembler des musiciens et c\u2019est rassembler leurs fans. En rassemblant les fans, on rassemble toute la population.<\/p>\n<p><strong>Pourriez-vous nous en dire plus sur les performances non musicales, telles que les com\u00e9dies musicales, chor\u00e9graphies et acrobaties ?<\/strong><\/p>\n<p>Pour les performances dites non musicales, en fait ce sont des performances musicales. Il est difficile de scinder la danse, la chor\u00e9graphie de la musique parce qu\u2019elles suivent une harmonie, des cadences, elles suivent\u00a0une interpr\u00e9tation musicale toujours. La com\u00e9die musicale est une forme d\u00e9g\u00e9n\u00e9r\u00e9e de l\u2019op\u00e9ra o\u00f9 on retrace une histoire en musique et au lieu que ce soient les acteurs qui chantent comme dans l\u2019op\u00e9ra,, l\u00e0 on a un ch\u0153ur qui chante et les acteurs qui font du th\u00e9\u00e2tre et les chants viennent exprimer des \u00e9v\u00e9nements marquant du th\u00e9\u00e2tre qui se passe .Les acrobaties font parties de cet ensemble, de la sc\u00e8ne th\u00e9\u00e2trale ainsi que la chor\u00e9graphie. Du coup la musique vient unir tout \u00e7a encore dans l\u2019esprit de polyphonie \u00a0d\u2019unit\u00e9, d\u2019union, malgr\u00e9 la diversit\u00e9 de styles.<\/p>\n<p><strong>\u00a0En quoi cet \u00e9v\u00e9nement est-il un outil pour redonner l\u2019espoir aux Burkinab\u00e8 et aux victimes du terrorisme ?<\/strong><\/p>\n<p>Cet \u00e9v\u00e9nement est un outil qui redonne espoir aux burkinab\u00e8, aux victimes du terrorisme pour plusieurs raisons. D\u2019abord la musique on en fait \u00e0 tout moment, en moment de joie, de tristesse, en moment de deuil, en moment de combat. Il y en a toujours. Les soldats ils chantent tout le temps avant une quelconque activit\u00e9 D\u2019o\u00f9 justement la question de l\u2019escadron musical qu\u2019on trouve dans les forces combattantes. Ensuite au niveau des Burkinab\u00e8, ils \u00e9coutent la musique tout le temps. Voila pourquoi dans les registres musicaux vous avez de la musique triste, m\u00e9lancolique, vous avez \u00e9galement de la musique de joie, de la musique \u00e9pique, de la musique orchestrale pour susciter, pour galvaniser quelque chose chez les auditeurs. La musique que nous voulons faire aux polyphonies touche diff\u00e9rents styles pour justement toucher chacun dans la situation o\u00f9 il se trouve. On aura des chansons lyriques, des chansons tristes. On aura aussi des chansons de joie, des chansons de gloire qui traduisent la victoire, la magnifissance du peuple burkinab\u00e8. On aura \u00e9galement\u00a0 des chansons de guerre, de combat qui peuvent motiver la troupe et \u00a0motiver tout le peuple \u00a0\u00e0 r\u00e9sister.<\/p>\n<p><strong>Comment l&rsquo;\u00e9v\u00e9nement contribue-t-il \u00e0 soutenir les forces combattantes patriotiques ? <\/strong><\/p>\n<p>L\u2019\u00e9v\u00e9nement tout entier contribue \u00e0 soutenir les forces combattantes pour que ces forces se rendent compte qu\u2019il y a\u00a0 tout un peuple derri\u00e8re elles. C\u2019est bien de le savoir de fa\u00e7on th\u00e9orique mais c\u2019est encore mieux de le voir, de voir que toute la population en se mobilisant autour des artistes, autour d\u2019un spectacle, t\u00e9moigne aux forces combattantes qu\u2019elle est avec elles, qu\u2019on sait toute la bravoure de ces forces combattantes. C\u2019est un moyen de communication aussi nationale et internationale qui pourra permettre aux combattants burkinab\u00e8 et partant \u00e0 tous les autres combattants de la r\u00e9sistance de r\u00e9sister aux affres du terrorisme et aux affres de la guerre.<\/p>\n<p><strong>Cette ann\u00e9e, l&rsquo;\u00e9dition accueille des artistes internationaux comme Bonkana Ma\u00efga et Kitary. Quel est l\u2019impact de l\u2019ouverture de l\u2019Alliance des \u00c9tats du Sahel (AES) sur l\u2019\u00e9v\u00e9nement ?<\/strong><\/p>\n<p>L\u2019ouverture \u00e0 l\u2019Alliance des Etas du Sahel a un impact tr\u00e8s positif. Le Burkina Faso n\u2019est pas le seul pays qui souffre du terrorisme et de toute la trag\u00e9die que nous connaissons actuellement. <strong>On dit que quand la case de ton voisin brule, il faut commencer \u00e0 humidifier la tienne pour \u00e9viter que le feu ne prenne ta case<\/strong> et en m\u00eame temps, aider le voisin \u00e0 \u00e9teindre la flamme qui est chez lui pour que le feu ne se r\u00e9pande pas. C\u2019est dans cet \u00e9lan que les polyphonies s\u2019ouvrent aux autres pays qui traversent la m\u00eame difficult\u00e9 et qui sont tr\u00e8s proches du Burkina Faso. Donc faire venir des gens du Mali et du Niger, c\u2019est montrer que les polyphonies, au-del\u00e0 d\u2019\u00eatre un spectacle r\u00e9unificateur national, c\u2019est un spectacle r\u00e9unificateur international. Que tout le monde se sente concern\u00e9. Que les Maliens, que les nig\u00e9riens comprennent que le combat que nous menons est aussi le leur et que nous aussi, nous puissions comprendre que le combat qu\u2019ils m\u00e8nent est aussi le n\u00f4tre.<\/p>\n<p><strong>Comment les artistes burkinab\u00e8, tels que Alif Naaba, Nathana\u00ebl Minoungou et Smarty, sont-ils impliqu\u00e9s dans cette \u00e9dition ?<\/strong><\/p>\n<p>Les artistes burkinab\u00e8 tels que Alif Naaba, Nathanael Minoungou et Smarty sont tous impliqu\u00e9s de fa\u00e7on particuli\u00e8re ainsi que les autres artistes sur un ou plusieurs tableaux du spectacles. L\u2019objectif est de pouvoir f\u00e9d\u00e9rer autour de ces artistes toutes les personnes d\u00e9sireuses de paix, d\u00e9sireuses d\u2019engouements. Chaque artiste va interpr\u00e9ter un titre ou des titres qui ont pour objectif de galvaniser le peuple, les forces combattantes.<\/p>\n<p><strong>Smarty a soulign\u00e9 le professionnalisme du Grand Ch\u0153ur polyphonique. Comment travailler avec ces artistes pour garantir un spectacle de haute qualit\u00e9 ?<\/strong><\/p>\n<p>Le professionnalisme du Grand Ch\u0153ur est ind\u00e9niable \u00e0 l\u2019heure o\u00f9 nous sommes. Travailler avec ces artistes est \u00e0 la fois \u00e0 double niveau\u00a0: en m\u00eame temps que le Grand Ch\u0153ur, riche de son exp\u00e9rience a aussi besoin de l\u2019exp\u00e9rience de ces t\u00eates d\u2019affiche, ces t\u00eates d\u2019affiche aussi\u00a0 ont \u00e0 gagner avec la jeunesse du Grand Ch\u0153ur parce que le Grand Ch\u0153ur Polyphonique est jeune plein de vies et ces artistes ont d\u00e9j\u00e0 une carri\u00e8re tr\u00e8s avanc\u00e9e. Du coup, travailler ensemble permet de fusionner, de faire une polyphonie des g\u00e9n\u00e9rations entre des artistes d\u00e9j\u00e0 d\u2019un certain niveau et des jeunes artistes. A l\u2019int\u00e9rieur apr\u00e8s Smarty, apr\u00e8s Alif, on a aussi des jeunes comme Kouni, comme Sagaden qui seront l\u00e0. Tout \u00e7a rassembl\u00e9 autour du Grand Ch\u0153ur Polyphonique qui compte en son sein plusieurs artistes instrumentistes, chanteurs, pianistes, guitaristes, batteurs. C\u2019est ce mellting pot qui va faire quelque chose de grand. Travailler avec toutes ces personnes demande un professionnalisme immense pour pouvoir contenir tout dans l\u2019esprit des Polyphonies pour la paix. C\u2019est ce challenge qui va marquer les polyphonies, qui va marquer plus de 200 acteurs ensembles musiciens, chor\u00e9graphes, chanteurs .Ensemble pour montrer que l\u2019union est possible et dans une forme de professionnalisme accrue.<\/p>\n<p><strong>Quelles sont les principales innovations de cette \u00e9dition par rapport \u00e0 la premi\u00e8re ?<\/strong><\/p>\n<p>Pour les principales innovations de cette \u00e9dition, c\u2019est la nouvelle sc\u00e8ne technologique, l\u2019ouverture \u00e0 l\u2019AES, le fait que les artistes invit\u00e9s sont beaucoup plus diversifi\u00e9s et aussi\u00a0en terme de coll\u00e9gialit\u00e9 de partenariat, cet \u00e9v\u00e9nement est ouvert et veux accueillir le plus de partenaires et de participants possibles.<\/p>\n<p><strong>Quelles difficult\u00e9s avez-vous rencontr\u00e9es dans l&rsquo;organisation de cet \u00e9v\u00e9nement, notamment dans le contexte de l&rsquo;ins\u00e9curit\u00e9 ?<\/strong><\/p>\n<p>La v\u00e9ritable difficult\u00e9 est d\u2019ordre financi\u00e8re\u00a0.Pour mobiliser pr\u00e8s de 200 artistes ,200 acteurs culturels il faut quand m\u00eame leur donner \u00e0 boire, \u00e0 manger lors des r\u00e9p\u00e9titions d\u2019autant plus que les polyphonies sont\u00a0 un \u00e9v\u00e9nement qui se pr\u00e9pare d\u00e8s Janvier 2025. Du coup, cela pose un probl\u00e8me technique, un probl\u00e8me o\u00f9 c\u2019est difficile d\u2019atteindre certains objectifs.<\/p>\n<p><strong>Comment le public peut-il contribuer au succ\u00e8s de cette initiative de paix ?<\/strong><\/p>\n<p>Pour que le public puisse contribuer au succ\u00e8s de cette initiative de paix, c\u2019est de faire rayonner les polyphonies partout\u00a0: sur tous les r\u00e9seaux, dans tous les quartiers, toutes les maisons, les familles afin que chaque burkinab\u00e8 puisse se sentir galvanis\u00e9, rehauss\u00e9\u00a0; faire voyager les polyphonies le plus loin possible. D\u00e9j\u00e0, si la population est pr\u00e9sente le jour des polyphonies pour la paix, ce sera tr\u00e8s bien.<\/p>\n<p><strong>Comment l&rsquo;\u00e9v\u00e9nement est-il financ\u00e9 et quelles sont les strat\u00e9gies pour p\u00e9renniser cette initiative ?<\/strong><\/p>\n<p>L\u2019\u00e9v\u00e9nement est financ\u00e9 tr\u00e8s difficilement. C\u2019est rare d\u2019avoir un projet culturel de cette envergure. Donc cela mobilise beaucoup de fond et il est difficile de convaincre \u00e0 un certain niveau quand un \u00e9v\u00e9nement co\u00fbte aussi cher, parce que la culture est rel\u00e9gu\u00e9e au second plan. Ce qui ne favorise pas des partenariats financiers. Aussi, \u00a0les partenariats financiers sont tr\u00e8s difficiles. On a beaucoup plus de partenaires techniques qui souhaitent nous accompagner de fa\u00e7on technique en nous donnant une salle de travail, de l\u2019eau. Les strat\u00e9gies de p\u00e9renniser cette initiative c\u2019est de pouvoir convaincre les \u00e9ventuels partenaires que c\u2019est une activit\u00e9 viable, une activit\u00e9 o\u00f9 tous les burkinab\u00e8 peuvent se retrouver et qui valorise toute la culture burkinab\u00e8 en termes de musique savante, de musique traditionnelle, classique, de chor\u00e9graphie classique, de chor\u00e9graphie moderne. On a rarement vu des \u00e9v\u00e9nements qui f\u00e9d\u00e8rent autant d\u2019acteurs culturels en m\u00eame temps. C\u2019est dire que cette polyphonie pour la paix sera p\u00e9renne .C\u2019est \u00e0 nous de voir comment sensibiliser les \u00e9ventuels partenaires pour qu\u2019ils puissent nous accompagner financi\u00e8rement.<\/p>\n<p><strong>Quelles sont vos ambitions pour les prochaines \u00e9ditions de Polyphonies pour la paix ?<\/strong><\/p>\n<p>Les ambitions pour les prochaines \u00e9ditions c\u2019est de faire encore mieux, encore plus grand .De telle sorte que ceux qui n\u2019ont pas pu \u00eatre touch\u00e9s\u00a0 cette ann\u00e9e puissent l\u2019\u00eatre dans les \u00e9ditions \u00e0 venir.<\/p>\n","protected":false},"excerpt":{"rendered":"<p>Pr\u00e9vu pour le 2 novembre 2024, le concert au Monument des Martyrs rassemblera des artistes<\/p>\n","protected":false},"author":2,"featured_media":704,"comment_status":"open","ping_status":"open","sticky":false,"template":"","format":"standard","meta":{"_et_pb_use_builder":"","_et_pb_old_content":"","_et_gb_content_width":"","footnotes":""},"categories":[11],"tags":[18,65,180,305,182,294,390],"class_list":["post-701","post","type-post","status-publish","format-standard","has-post-thumbnail","hentry","category-interview","tag-burkina-faso","tag-culture","tag-fds","tag-forces-armees-nationales-du-burkina-faso","tag-forces-de-defense-et-de-securite","tag-musique","tag-polyphonies-pour-la-paix"],"yoast_head":"<!-- This site is optimized with the Yoast SEO plugin v27.5 - https:\/\/yoast.com\/product\/yoast-seo-wordpress\/ -->\n<title>Polyphonies pour la paix : \u00ab\u00a0On a voulu faire la musique pour r\u00e9conforter ces familles \u00e9plor\u00e9es et galvaniser les FDS et les VDP\u00bb, Capitaine Aim\u00e9e C\u00e9saire Ou\u00e9draogo - Vox Sahel<\/title>\n<meta name=\"robots\" content=\"index, follow, max-snippet:-1, max-image-preview:large, max-video-preview:-1\" \/>\n<link rel=\"canonical\" href=\"https:\/\/voxsahel.com\/?p=701\" \/>\n<meta property=\"og:locale\" content=\"fr_FR\" \/>\n<meta property=\"og:type\" content=\"article\" \/>\n<meta property=\"og:title\" content=\"Polyphonies pour la paix : \u00ab\u00a0On a voulu faire la musique pour r\u00e9conforter ces familles \u00e9plor\u00e9es et galvaniser les FDS et les VDP\u00bb, Capitaine Aim\u00e9e C\u00e9saire Ou\u00e9draogo - Vox Sahel\" \/>\n<meta property=\"og:description\" content=\"Pr\u00e9vu pour le 2 novembre 2024, le concert au Monument des Martyrs rassemblera des artistes\" \/>\n<meta property=\"og:url\" content=\"https:\/\/voxsahel.com\/?p=701\" \/>\n<meta property=\"og:site_name\" content=\"Vox Sahel\" \/>\n<meta property=\"article:publisher\" content=\"https:\/\/www.facebook.com\/journal.voxsahel\" \/>\n<meta property=\"article:published_time\" content=\"2024-10-24T20:56:22+00:00\" \/>\n<meta property=\"article:modified_time\" content=\"2024-10-24T21:08:15+00:00\" \/>\n<meta property=\"og:image\" content=\"https:\/\/voxsahel.com\/wp-content\/uploads\/2024\/10\/IMG_2907.jpeg\" \/>\n\t<meta property=\"og:image:width\" content=\"390\" \/>\n\t<meta property=\"og:image:height\" content=\"390\" \/>\n\t<meta property=\"og:image:type\" content=\"image\/jpeg\" \/>\n<meta name=\"author\" content=\"Vox Sahel\" \/>\n<meta name=\"twitter:card\" content=\"summary_large_image\" \/>\n<meta name=\"twitter:label1\" content=\"\u00c9crit par\" \/>\n\t<meta name=\"twitter:data1\" content=\"Vox Sahel\" \/>\n\t<meta name=\"twitter:label2\" content=\"Dur\u00e9e de lecture estim\u00e9e\" \/>\n\t<meta name=\"twitter:data2\" content=\"13 minutes\" \/>\n<script type=\"application\/ld+json\" class=\"yoast-schema-graph\">{\"@context\":\"https:\\\/\\\/schema.org\",\"@graph\":[{\"@type\":\"Article\",\"@id\":\"https:\\\/\\\/voxsahel.com\\\/?p=701#article\",\"isPartOf\":{\"@id\":\"https:\\\/\\\/voxsahel.com\\\/?p=701\"},\"author\":{\"name\":\"Vox Sahel\",\"@id\":\"https:\\\/\\\/voxsahel.com\\\/#\\\/schema\\\/person\\\/b4043608248f8fa227cd760e7ff1e19e\"},\"headline\":\"Polyphonies pour la paix : \u00ab\u00a0On a voulu faire la musique pour r\u00e9conforter ces familles \u00e9plor\u00e9es et galvaniser les FDS et les VDP\u00bb, Capitaine Aim\u00e9e C\u00e9saire Ou\u00e9draogo\",\"datePublished\":\"2024-10-24T20:56:22+00:00\",\"dateModified\":\"2024-10-24T21:08:15+00:00\",\"mainEntityOfPage\":{\"@id\":\"https:\\\/\\\/voxsahel.com\\\/?p=701\"},\"wordCount\":2715,\"commentCount\":0,\"publisher\":{\"@id\":\"https:\\\/\\\/voxsahel.com\\\/#organization\"},\"image\":{\"@id\":\"https:\\\/\\\/voxsahel.com\\\/?p=701#primaryimage\"},\"thumbnailUrl\":\"https:\\\/\\\/voxsahel.com\\\/wp-content\\\/uploads\\\/2024\\\/10\\\/IMG_2907.jpeg\",\"keywords\":[\"Burkina Faso\",\"Culture\",\"FDS\",\"Forces arm\u00e9es nationales du Burkina Faso\",\"Forces de d\u00e9fense et de s\u00e9curit\u00e9\",\"Musique\",\"Polyphonies pour la paix\"],\"articleSection\":[\"INTERVIEW\"],\"inLanguage\":\"fr-FR\",\"potentialAction\":[{\"@type\":\"CommentAction\",\"name\":\"Comment\",\"target\":[\"https:\\\/\\\/voxsahel.com\\\/?p=701#respond\"]}]},{\"@type\":\"WebPage\",\"@id\":\"https:\\\/\\\/voxsahel.com\\\/?p=701\",\"url\":\"https:\\\/\\\/voxsahel.com\\\/?p=701\",\"name\":\"Polyphonies pour la paix : \u00ab\u00a0On a voulu faire la musique pour r\u00e9conforter ces familles \u00e9plor\u00e9es et galvaniser les FDS et les VDP\u00bb, Capitaine Aim\u00e9e C\u00e9saire Ou\u00e9draogo - Vox Sahel\",\"isPartOf\":{\"@id\":\"https:\\\/\\\/voxsahel.com\\\/#website\"},\"primaryImageOfPage\":{\"@id\":\"https:\\\/\\\/voxsahel.com\\\/?p=701#primaryimage\"},\"image\":{\"@id\":\"https:\\\/\\\/voxsahel.com\\\/?p=701#primaryimage\"},\"thumbnailUrl\":\"https:\\\/\\\/voxsahel.com\\\/wp-content\\\/uploads\\\/2024\\\/10\\\/IMG_2907.jpeg\",\"datePublished\":\"2024-10-24T20:56:22+00:00\",\"dateModified\":\"2024-10-24T21:08:15+00:00\",\"breadcrumb\":{\"@id\":\"https:\\\/\\\/voxsahel.com\\\/?p=701#breadcrumb\"},\"inLanguage\":\"fr-FR\",\"potentialAction\":[{\"@type\":\"ReadAction\",\"target\":[\"https:\\\/\\\/voxsahel.com\\\/?p=701\"]}]},{\"@type\":\"ImageObject\",\"inLanguage\":\"fr-FR\",\"@id\":\"https:\\\/\\\/voxsahel.com\\\/?p=701#primaryimage\",\"url\":\"https:\\\/\\\/voxsahel.com\\\/wp-content\\\/uploads\\\/2024\\\/10\\\/IMG_2907.jpeg\",\"contentUrl\":\"https:\\\/\\\/voxsahel.com\\\/wp-content\\\/uploads\\\/2024\\\/10\\\/IMG_2907.jpeg\",\"width\":390,\"height\":390},{\"@type\":\"BreadcrumbList\",\"@id\":\"https:\\\/\\\/voxsahel.com\\\/?p=701#breadcrumb\",\"itemListElement\":[{\"@type\":\"ListItem\",\"position\":1,\"name\":\"Home\",\"item\":\"https:\\\/\\\/voxsahel.com\\\/\"},{\"@type\":\"ListItem\",\"position\":2,\"name\":\"Polyphonies pour la paix : \u00ab\u00a0On a voulu faire la musique pour r\u00e9conforter ces familles \u00e9plor\u00e9es et galvaniser les FDS et les VDP\u00bb, Capitaine Aim\u00e9e C\u00e9saire Ou\u00e9draogo\"}]},{\"@type\":\"WebSite\",\"@id\":\"https:\\\/\\\/voxsahel.com\\\/#website\",\"url\":\"https:\\\/\\\/voxsahel.com\\\/\",\"name\":\"Vox Sahel\",\"description\":\"Informez-vous sur le Sahel en un clic\",\"publisher\":{\"@id\":\"https:\\\/\\\/voxsahel.com\\\/#organization\"},\"potentialAction\":[{\"@type\":\"SearchAction\",\"target\":{\"@type\":\"EntryPoint\",\"urlTemplate\":\"https:\\\/\\\/voxsahel.com\\\/?s={search_term_string}\"},\"query-input\":{\"@type\":\"PropertyValueSpecification\",\"valueRequired\":true,\"valueName\":\"search_term_string\"}}],\"inLanguage\":\"fr-FR\"},{\"@type\":\"Organization\",\"@id\":\"https:\\\/\\\/voxsahel.com\\\/#organization\",\"name\":\"Vox Sahel\",\"url\":\"https:\\\/\\\/voxsahel.com\\\/\",\"logo\":{\"@type\":\"ImageObject\",\"inLanguage\":\"fr-FR\",\"@id\":\"https:\\\/\\\/voxsahel.com\\\/#\\\/schema\\\/logo\\\/image\\\/\",\"url\":\"https:\\\/\\\/voxsahel.com\\\/wp-content\\\/uploads\\\/2024\\\/09\\\/Logo-Vox-Sahel.jpg\",\"contentUrl\":\"https:\\\/\\\/voxsahel.com\\\/wp-content\\\/uploads\\\/2024\\\/09\\\/Logo-Vox-Sahel.jpg\",\"width\":1181,\"height\":848,\"caption\":\"Vox Sahel\"},\"image\":{\"@id\":\"https:\\\/\\\/voxsahel.com\\\/#\\\/schema\\\/logo\\\/image\\\/\"},\"sameAs\":[\"https:\\\/\\\/www.facebook.com\\\/journal.voxsahel\"]},{\"@type\":\"Person\",\"@id\":\"https:\\\/\\\/voxsahel.com\\\/#\\\/schema\\\/person\\\/b4043608248f8fa227cd760e7ff1e19e\",\"name\":\"Vox Sahel\",\"image\":{\"@type\":\"ImageObject\",\"inLanguage\":\"fr-FR\",\"@id\":\"https:\\\/\\\/secure.gravatar.com\\\/avatar\\\/f70e7fa0cb9b29d4a7c5788d6eb2e9ab4d3135cbae1c9161810fdf77a8964699?s=96&d=mm&r=g\",\"url\":\"https:\\\/\\\/secure.gravatar.com\\\/avatar\\\/f70e7fa0cb9b29d4a7c5788d6eb2e9ab4d3135cbae1c9161810fdf77a8964699?s=96&d=mm&r=g\",\"contentUrl\":\"https:\\\/\\\/secure.gravatar.com\\\/avatar\\\/f70e7fa0cb9b29d4a7c5788d6eb2e9ab4d3135cbae1c9161810fdf77a8964699?s=96&d=mm&r=g\",\"caption\":\"Vox Sahel\"},\"sameAs\":[\"http:\\\/\\\/www.voxsahel.com\"],\"url\":\"https:\\\/\\\/voxsahel.com\\\/?author=2\"}]}<\/script>\n<!-- \/ Yoast SEO plugin. -->","yoast_head_json":{"title":"Polyphonies pour la paix : \u00ab\u00a0On a voulu faire la musique pour r\u00e9conforter ces familles \u00e9plor\u00e9es et galvaniser les FDS et les VDP\u00bb, Capitaine Aim\u00e9e C\u00e9saire Ou\u00e9draogo - Vox Sahel","robots":{"index":"index","follow":"follow","max-snippet":"max-snippet:-1","max-image-preview":"max-image-preview:large","max-video-preview":"max-video-preview:-1"},"canonical":"https:\/\/voxsahel.com\/?p=701","og_locale":"fr_FR","og_type":"article","og_title":"Polyphonies pour la paix : \u00ab\u00a0On a voulu faire la musique pour r\u00e9conforter ces familles \u00e9plor\u00e9es et galvaniser les FDS et les VDP\u00bb, Capitaine Aim\u00e9e C\u00e9saire Ou\u00e9draogo - Vox Sahel","og_description":"Pr\u00e9vu pour le 2 novembre 2024, le concert au Monument des Martyrs rassemblera des artistes","og_url":"https:\/\/voxsahel.com\/?p=701","og_site_name":"Vox Sahel","article_publisher":"https:\/\/www.facebook.com\/journal.voxsahel","article_published_time":"2024-10-24T20:56:22+00:00","article_modified_time":"2024-10-24T21:08:15+00:00","og_image":[{"width":390,"height":390,"url":"https:\/\/voxsahel.com\/wp-content\/uploads\/2024\/10\/IMG_2907.jpeg","type":"image\/jpeg"}],"author":"Vox Sahel","twitter_card":"summary_large_image","twitter_misc":{"\u00c9crit par":"Vox Sahel","Dur\u00e9e de lecture estim\u00e9e":"13 minutes"},"schema":{"@context":"https:\/\/schema.org","@graph":[{"@type":"Article","@id":"https:\/\/voxsahel.com\/?p=701#article","isPartOf":{"@id":"https:\/\/voxsahel.com\/?p=701"},"author":{"name":"Vox Sahel","@id":"https:\/\/voxsahel.com\/#\/schema\/person\/b4043608248f8fa227cd760e7ff1e19e"},"headline":"Polyphonies pour la paix : \u00ab\u00a0On a voulu faire la musique pour r\u00e9conforter ces familles \u00e9plor\u00e9es et galvaniser les FDS et les VDP\u00bb, Capitaine Aim\u00e9e C\u00e9saire Ou\u00e9draogo","datePublished":"2024-10-24T20:56:22+00:00","dateModified":"2024-10-24T21:08:15+00:00","mainEntityOfPage":{"@id":"https:\/\/voxsahel.com\/?p=701"},"wordCount":2715,"commentCount":0,"publisher":{"@id":"https:\/\/voxsahel.com\/#organization"},"image":{"@id":"https:\/\/voxsahel.com\/?p=701#primaryimage"},"thumbnailUrl":"https:\/\/voxsahel.com\/wp-content\/uploads\/2024\/10\/IMG_2907.jpeg","keywords":["Burkina Faso","Culture","FDS","Forces arm\u00e9es nationales du Burkina Faso","Forces de d\u00e9fense et de s\u00e9curit\u00e9","Musique","Polyphonies pour la paix"],"articleSection":["INTERVIEW"],"inLanguage":"fr-FR","potentialAction":[{"@type":"CommentAction","name":"Comment","target":["https:\/\/voxsahel.com\/?p=701#respond"]}]},{"@type":"WebPage","@id":"https:\/\/voxsahel.com\/?p=701","url":"https:\/\/voxsahel.com\/?p=701","name":"Polyphonies pour la paix : \u00ab\u00a0On a voulu faire la musique pour r\u00e9conforter ces familles \u00e9plor\u00e9es et galvaniser les FDS et les VDP\u00bb, Capitaine Aim\u00e9e C\u00e9saire Ou\u00e9draogo - Vox Sahel","isPartOf":{"@id":"https:\/\/voxsahel.com\/#website"},"primaryImageOfPage":{"@id":"https:\/\/voxsahel.com\/?p=701#primaryimage"},"image":{"@id":"https:\/\/voxsahel.com\/?p=701#primaryimage"},"thumbnailUrl":"https:\/\/voxsahel.com\/wp-content\/uploads\/2024\/10\/IMG_2907.jpeg","datePublished":"2024-10-24T20:56:22+00:00","dateModified":"2024-10-24T21:08:15+00:00","breadcrumb":{"@id":"https:\/\/voxsahel.com\/?p=701#breadcrumb"},"inLanguage":"fr-FR","potentialAction":[{"@type":"ReadAction","target":["https:\/\/voxsahel.com\/?p=701"]}]},{"@type":"ImageObject","inLanguage":"fr-FR","@id":"https:\/\/voxsahel.com\/?p=701#primaryimage","url":"https:\/\/voxsahel.com\/wp-content\/uploads\/2024\/10\/IMG_2907.jpeg","contentUrl":"https:\/\/voxsahel.com\/wp-content\/uploads\/2024\/10\/IMG_2907.jpeg","width":390,"height":390},{"@type":"BreadcrumbList","@id":"https:\/\/voxsahel.com\/?p=701#breadcrumb","itemListElement":[{"@type":"ListItem","position":1,"name":"Home","item":"https:\/\/voxsahel.com\/"},{"@type":"ListItem","position":2,"name":"Polyphonies pour la paix : \u00ab\u00a0On a voulu faire la musique pour r\u00e9conforter ces familles \u00e9plor\u00e9es et galvaniser les FDS et les VDP\u00bb, Capitaine Aim\u00e9e C\u00e9saire Ou\u00e9draogo"}]},{"@type":"WebSite","@id":"https:\/\/voxsahel.com\/#website","url":"https:\/\/voxsahel.com\/","name":"Vox Sahel","description":"Informez-vous sur le Sahel en un clic","publisher":{"@id":"https:\/\/voxsahel.com\/#organization"},"potentialAction":[{"@type":"SearchAction","target":{"@type":"EntryPoint","urlTemplate":"https:\/\/voxsahel.com\/?s={search_term_string}"},"query-input":{"@type":"PropertyValueSpecification","valueRequired":true,"valueName":"search_term_string"}}],"inLanguage":"fr-FR"},{"@type":"Organization","@id":"https:\/\/voxsahel.com\/#organization","name":"Vox Sahel","url":"https:\/\/voxsahel.com\/","logo":{"@type":"ImageObject","inLanguage":"fr-FR","@id":"https:\/\/voxsahel.com\/#\/schema\/logo\/image\/","url":"https:\/\/voxsahel.com\/wp-content\/uploads\/2024\/09\/Logo-Vox-Sahel.jpg","contentUrl":"https:\/\/voxsahel.com\/wp-content\/uploads\/2024\/09\/Logo-Vox-Sahel.jpg","width":1181,"height":848,"caption":"Vox Sahel"},"image":{"@id":"https:\/\/voxsahel.com\/#\/schema\/logo\/image\/"},"sameAs":["https:\/\/www.facebook.com\/journal.voxsahel"]},{"@type":"Person","@id":"https:\/\/voxsahel.com\/#\/schema\/person\/b4043608248f8fa227cd760e7ff1e19e","name":"Vox Sahel","image":{"@type":"ImageObject","inLanguage":"fr-FR","@id":"https:\/\/secure.gravatar.com\/avatar\/f70e7fa0cb9b29d4a7c5788d6eb2e9ab4d3135cbae1c9161810fdf77a8964699?s=96&d=mm&r=g","url":"https:\/\/secure.gravatar.com\/avatar\/f70e7fa0cb9b29d4a7c5788d6eb2e9ab4d3135cbae1c9161810fdf77a8964699?s=96&d=mm&r=g","contentUrl":"https:\/\/secure.gravatar.com\/avatar\/f70e7fa0cb9b29d4a7c5788d6eb2e9ab4d3135cbae1c9161810fdf77a8964699?s=96&d=mm&r=g","caption":"Vox Sahel"},"sameAs":["http:\/\/www.voxsahel.com"],"url":"https:\/\/voxsahel.com\/?author=2"}]}},"_links":{"self":[{"href":"https:\/\/voxsahel.com\/index.php?rest_route=\/wp\/v2\/posts\/701","targetHints":{"allow":["GET"]}}],"collection":[{"href":"https:\/\/voxsahel.com\/index.php?rest_route=\/wp\/v2\/posts"}],"about":[{"href":"https:\/\/voxsahel.com\/index.php?rest_route=\/wp\/v2\/types\/post"}],"author":[{"embeddable":true,"href":"https:\/\/voxsahel.com\/index.php?rest_route=\/wp\/v2\/users\/2"}],"replies":[{"embeddable":true,"href":"https:\/\/voxsahel.com\/index.php?rest_route=%2Fwp%2Fv2%2Fcomments&post=701"}],"version-history":[{"count":1,"href":"https:\/\/voxsahel.com\/index.php?rest_route=\/wp\/v2\/posts\/701\/revisions"}],"predecessor-version":[{"id":703,"href":"https:\/\/voxsahel.com\/index.php?rest_route=\/wp\/v2\/posts\/701\/revisions\/703"}],"wp:featuredmedia":[{"embeddable":true,"href":"https:\/\/voxsahel.com\/index.php?rest_route=\/wp\/v2\/media\/704"}],"wp:attachment":[{"href":"https:\/\/voxsahel.com\/index.php?rest_route=%2Fwp%2Fv2%2Fmedia&parent=701"}],"wp:term":[{"taxonomy":"category","embeddable":true,"href":"https:\/\/voxsahel.com\/index.php?rest_route=%2Fwp%2Fv2%2Fcategories&post=701"},{"taxonomy":"post_tag","embeddable":true,"href":"https:\/\/voxsahel.com\/index.php?rest_route=%2Fwp%2Fv2%2Ftags&post=701"}],"curies":[{"name":"wp","href":"https:\/\/api.w.org\/{rel}","templated":true}]}}