{"id":692,"date":"2024-10-23T21:16:56","date_gmt":"2024-10-23T21:16:56","guid":{"rendered":"https:\/\/voxsahel.com\/?p=692"},"modified":"2024-10-23T21:16:56","modified_gmt":"2024-10-23T21:16:56","slug":"interview-damadou-kouffa-sur-france-24-et-rfi-une-liberte-de-presse-a-geometrie-variable","status":"publish","type":"post","link":"https:\/\/voxsahel.com\/?p=692","title":{"rendered":"Interview d&rsquo;Amadou Kouffa sur France 24 et RFI\u00a0: Une libert\u00e9 de presse \u00e0 g\u00e9om\u00e9trie variable ?"},"content":{"rendered":"<p class=\"MsoNormal\" style=\"text-align: justify;\"><span style=\"color: #222222; font-family: 'Times New Roman', 'serif'; font-size: 14pt;\">Dans un post sur sa page Facebook, Salif Sanogo, ancien chroniqueur pour Afrique M\u00e9dia sur les ondes de Radio France Internationale (RFI), a soulev\u00e9 une vive controverse sur le r\u00f4le des m\u00e9dias dans la lutte contre le terrorisme. L&rsquo;ex-journaliste critique s\u00e9v\u00e8rement la diffusion par France 24 d&rsquo;une interview exclusive avec Amadou Kouffa, un chef terroriste, et remet en question la l\u00e9gitimit\u00e9 de cette d\u00e9marche.<\/span><\/p>\n<p class=\"MsoNormal\" style=\"text-align: justify;\"><span style=\"font-size: 14.0pt; line-height: 107%; font-family: 'Times New Roman','serif'; color: #222222; mso-bidi-font-weight: bold;\">Sanogo, dans une analyse percutante, accuse France 24 d&rsquo;avoir franchi \u00ab\u00a0le Rubicon\u00a0\u00bb en offrant une plateforme \u00e0 un terroriste reconnu pour ses crimes. Il d\u00e9plore que Kouffa, non seulement responsable de nombreuses atrocit\u00e9s, ait \u00e9t\u00e9 pr\u00e9sent\u00e9 \u00e0 travers une interview dont le teasing a \u00e9t\u00e9 orchestr\u00e9 pendant 24 heures. \u00ab\u00a0Quel cynisme !\u00a0\u00bb, s&rsquo;indigne-t-il, souligne que le journaliste ayant men\u00e9 cet entretien est, selon lui, connu pour ses liens avec des groupes terroristes.<\/span><\/p>\n<p class=\"MsoNormal\" style=\"text-align: justify;\"><span style=\"font-size: 14.0pt; line-height: 107%; font-family: 'Times New Roman','serif'; color: #222222; mso-bidi-font-weight: bold;\">L&rsquo;ancien chroniqueur questionne le cadre juridique entourant cette diffusion en rappelant que le d\u00e9lit d&rsquo;apologie du terrorisme est s\u00e9v\u00e8rement puni en France, pouvant entra\u00eener jusqu&rsquo;\u00e0 7 ans de prison et 100 000 euros d&rsquo;amende. Il cite la l\u00e9gislation sur la libert\u00e9 de la presse qui interdit de glorifier les crimes de guerre ou les actes terroristes. Selon Sanogo, l&rsquo;interview de Kouffa s&rsquo;inscrit dans une zone grise, o\u00f9 la libert\u00e9 de la presse est diffus\u00e9e, mais o\u00f9 les risques d&rsquo;apologie sont bien r\u00e9els.<\/span><\/p>\n<p class=\"MsoNormal\" style=\"text-align: center;\"><strong><span style=\"font-size: 14.0pt; line-height: 107%; font-family: 'Times New Roman','serif'; color: #222222; mso-bidi-font-weight: bold;\">Les m\u00e9dias, l&rsquo;\u00aboxyg\u00e8ne du terrorisme\u00bb ?<\/span><\/strong><\/p>\n<p class=\"MsoNormal\" style=\"text-align: center;\"><span style=\"font-size: 14.0pt; line-height: 107%; font-family: 'Times New Roman','serif'; color: #222222; mso-bidi-font-weight: bold;\">Sanogo \u00e9voque \u00e9galement la c\u00e9l\u00e8bre citation de Margaret Thatcher, ancienne Premi\u00e8re ministre britannique, qui qualifiait les m\u00e9dias d'\u00a0\u00bboxyg\u00e8ne du terrorisme\u00a0\u00bb. Une id\u00e9e de reprise par de nombreux chercheurs, dont Brian Jenkins, qui soulignait que les attentats terroristes sont souvent \u00ab\u00a0mis en sc\u00e8ne pour attirer l&rsquo;attention des m\u00e9dias\u00a0\u00bb.<\/span><\/p>\n<p class=\"MsoNormal\" style=\"text-align: justify;\"><span style=\"font-size: 14.0pt; line-height: 107%; font-family: 'Times New Roman','serif'; color: #222222; mso-bidi-font-weight: bold;\">Une \u00e9tude de Michael Jetter, professeur d&rsquo;\u00e9conomie politique \u00e0 l&rsquo;University of Western Australia, vient renforcer cette th\u00e8se. En analysant 60 000 attentats terroristes couverts par le <i>New York Times<\/i> entre 1970 et 2012, Jetter a constat\u00e9 qu&rsquo;un article suppl\u00e9mentaire publi\u00e9 sur un attentat entra\u00eene une augmentation de 11 \u00e0 15 % du nombre d&rsquo;attentats dans le pays concern\u00e9 dans les jours suivants. .<\/span><\/p>\n<p class=\"MsoNormal\" style=\"text-align: justify;\"><span style=\"font-size: 14.0pt; line-height: 107%; font-family: 'Times New Roman','serif'; color: #222222; mso-bidi-font-weight: bold;\">Ces observations am\u00e8nent Sanogo \u00e0 poser une question fondamentale : en diffusant l&rsquo;interview d&rsquo;Amadou Kouffa, France 24 et RFI ont-elles pris en compte les cons\u00e9quences potentielles de cette exposition m\u00e9diatique sur la perp\u00e9tration de nouveaux attentats ?<\/span><\/p>\n<p class=\"MsoNormal\" style=\"text-align: justify;\"><span style=\"font-size: 14.0pt; line-height: 107%; font-family: 'Times New Roman','serif'; color: #222222; mso-bidi-font-weight: bold;\">Le post de Salif Sanogo va plus loin en pointant une certaine hypocrisie dans la gestion de la libert\u00e9 de la presse par certains m\u00e9dias occidentaux. Il se demande si ces m\u00eames cha\u00eenes auraient accord\u00e9 une interview similaire \u00e0 des responsables de l&rsquo;\u00c9tat islamique ou d&rsquo;Al-Qa\u00efda ayant perp\u00e9tr\u00e9 des attentats en Europe. \u00ab\u00a0Certainement pas\u00a0\u00bb, tranche-t-il, d\u00e9non\u00e7ant une notion d&rsquo;apologie du terrorisme \u00ab\u00a0\u00e0 g\u00e9om\u00e9trie variable\u00a0\u00bb.<\/span><\/p>\n<p class=\"MsoNormal\" style=\"text-align: justify;\"><span style=\"font-size: 14.0pt; line-height: 107%; font-family: 'Times New Roman','serif'; color: #222222; mso-bidi-font-weight: bold;\">Ce d\u00e9bat soul\u00e8ve des questions cruciales sur la responsabilit\u00e9 des m\u00e9dias dans leur couverture du terrorisme. \u00c0 quel moment la diffusion d\u2019une information devient-elle une plateforme pour les id\u00e9ologies extr\u00e9mistes ? Comment concilier le droit \u00e0 l&rsquo;information et la s\u00e9curit\u00e9 publique ? Des questions que les journalistes, les l\u00e9gislateurs et la soci\u00e9t\u00e9 dans son ensemble devront continuer \u00e0 explorer.\u00a0<\/span><\/p>\n<p style=\"text-align: right;\"><strong>Par Vox Sahel<\/strong><\/p>\n","protected":false},"excerpt":{"rendered":"<p>Dans un post sur sa page Facebook, Salif Sanogo, ancien chroniqueur pour Afrique M\u00e9dia sur<\/p>\n","protected":false},"author":2,"featured_media":693,"comment_status":"open","ping_status":"open","sticky":false,"template":"","format":"standard","meta":{"_et_pb_use_builder":"","_et_pb_old_content":"","_et_gb_content_width":"","footnotes":""},"categories":[6],"tags":[18,278,383,31,321,60,327,20],"class_list":["post-692","post","type-post","status-publish","format-standard","has-post-thumbnail","hentry","category-politique","tag-burkina-faso","tag-france","tag-france-24","tag-mali","tag-media","tag-niger","tag-rfi","tag-terrorisme"],"yoast_head":"<!-- This site is optimized with the Yoast SEO plugin v27.5 - https:\/\/yoast.com\/product\/yoast-seo-wordpress\/ -->\n<title>Interview d&#039;Amadou Kouffa sur France 24 et RFI\u00a0: Une libert\u00e9 de presse \u00e0 g\u00e9om\u00e9trie variable ? - Vox Sahel<\/title>\n<meta name=\"robots\" content=\"index, follow, max-snippet:-1, max-image-preview:large, max-video-preview:-1\" \/>\n<link rel=\"canonical\" href=\"https:\/\/voxsahel.com\/?p=692\" \/>\n<meta property=\"og:locale\" content=\"fr_FR\" \/>\n<meta property=\"og:type\" content=\"article\" \/>\n<meta property=\"og:title\" content=\"Interview d&#039;Amadou Kouffa sur France 24 et RFI\u00a0: Une libert\u00e9 de presse \u00e0 g\u00e9om\u00e9trie variable ? - Vox Sahel\" \/>\n<meta property=\"og:description\" content=\"Dans un post sur sa page Facebook, Salif Sanogo, ancien chroniqueur pour Afrique M\u00e9dia sur\" \/>\n<meta property=\"og:url\" content=\"https:\/\/voxsahel.com\/?p=692\" \/>\n<meta property=\"og:site_name\" content=\"Vox Sahel\" \/>\n<meta property=\"article:publisher\" content=\"https:\/\/www.facebook.com\/journal.voxsahel\" \/>\n<meta property=\"article:published_time\" content=\"2024-10-23T21:16:56+00:00\" \/>\n<meta property=\"og:image\" content=\"https:\/\/voxsahel.com\/wp-content\/uploads\/2024\/10\/464359491_10161570413534659_8385652538536553558_n.jpg\" \/>\n\t<meta property=\"og:image:width\" content=\"1310\" \/>\n\t<meta property=\"og:image:height\" content=\"878\" \/>\n\t<meta property=\"og:image:type\" content=\"image\/jpeg\" \/>\n<meta name=\"author\" content=\"Vox Sahel\" \/>\n<meta name=\"twitter:card\" content=\"summary_large_image\" \/>\n<meta name=\"twitter:label1\" content=\"\u00c9crit par\" \/>\n\t<meta name=\"twitter:data1\" content=\"Vox Sahel\" \/>\n\t<meta name=\"twitter:label2\" content=\"Dur\u00e9e de lecture estim\u00e9e\" \/>\n\t<meta name=\"twitter:data2\" content=\"3 minutes\" \/>\n<script type=\"application\/ld+json\" class=\"yoast-schema-graph\">{\"@context\":\"https:\\\/\\\/schema.org\",\"@graph\":[{\"@type\":\"Article\",\"@id\":\"https:\\\/\\\/voxsahel.com\\\/?p=692#article\",\"isPartOf\":{\"@id\":\"https:\\\/\\\/voxsahel.com\\\/?p=692\"},\"author\":{\"name\":\"Vox Sahel\",\"@id\":\"https:\\\/\\\/voxsahel.com\\\/#\\\/schema\\\/person\\\/b4043608248f8fa227cd760e7ff1e19e\"},\"headline\":\"Interview d&rsquo;Amadou Kouffa sur France 24 et RFI\u00a0: Une libert\u00e9 de presse \u00e0 g\u00e9om\u00e9trie variable ?\",\"datePublished\":\"2024-10-23T21:16:56+00:00\",\"mainEntityOfPage\":{\"@id\":\"https:\\\/\\\/voxsahel.com\\\/?p=692\"},\"wordCount\":557,\"commentCount\":0,\"publisher\":{\"@id\":\"https:\\\/\\\/voxsahel.com\\\/#organization\"},\"image\":{\"@id\":\"https:\\\/\\\/voxsahel.com\\\/?p=692#primaryimage\"},\"thumbnailUrl\":\"https:\\\/\\\/voxsahel.com\\\/wp-content\\\/uploads\\\/2024\\\/10\\\/464359491_10161570413534659_8385652538536553558_n.jpg\",\"keywords\":[\"Burkina Faso\",\"France\",\"FRANCE 24\",\"Mali\",\"M\u00e9dia\",\"Niger\",\"RFI\",\"Terrorisme\"],\"articleSection\":[\"POLITIQUE\"],\"inLanguage\":\"fr-FR\",\"potentialAction\":[{\"@type\":\"CommentAction\",\"name\":\"Comment\",\"target\":[\"https:\\\/\\\/voxsahel.com\\\/?p=692#respond\"]}]},{\"@type\":\"WebPage\",\"@id\":\"https:\\\/\\\/voxsahel.com\\\/?p=692\",\"url\":\"https:\\\/\\\/voxsahel.com\\\/?p=692\",\"name\":\"Interview d'Amadou Kouffa sur France 24 et RFI\u00a0: Une libert\u00e9 de presse \u00e0 g\u00e9om\u00e9trie variable ? - Vox Sahel\",\"isPartOf\":{\"@id\":\"https:\\\/\\\/voxsahel.com\\\/#website\"},\"primaryImageOfPage\":{\"@id\":\"https:\\\/\\\/voxsahel.com\\\/?p=692#primaryimage\"},\"image\":{\"@id\":\"https:\\\/\\\/voxsahel.com\\\/?p=692#primaryimage\"},\"thumbnailUrl\":\"https:\\\/\\\/voxsahel.com\\\/wp-content\\\/uploads\\\/2024\\\/10\\\/464359491_10161570413534659_8385652538536553558_n.jpg\",\"datePublished\":\"2024-10-23T21:16:56+00:00\",\"breadcrumb\":{\"@id\":\"https:\\\/\\\/voxsahel.com\\\/?p=692#breadcrumb\"},\"inLanguage\":\"fr-FR\",\"potentialAction\":[{\"@type\":\"ReadAction\",\"target\":[\"https:\\\/\\\/voxsahel.com\\\/?p=692\"]}]},{\"@type\":\"ImageObject\",\"inLanguage\":\"fr-FR\",\"@id\":\"https:\\\/\\\/voxsahel.com\\\/?p=692#primaryimage\",\"url\":\"https:\\\/\\\/voxsahel.com\\\/wp-content\\\/uploads\\\/2024\\\/10\\\/464359491_10161570413534659_8385652538536553558_n.jpg\",\"contentUrl\":\"https:\\\/\\\/voxsahel.com\\\/wp-content\\\/uploads\\\/2024\\\/10\\\/464359491_10161570413534659_8385652538536553558_n.jpg\",\"width\":1310,\"height\":878,\"caption\":\"Interview d'Amadou Kouffa sur France 24 et RFI\u00a0: Une libert\u00e9 de presse \u00e0 g\u00e9om\u00e9trie variable ?\"},{\"@type\":\"BreadcrumbList\",\"@id\":\"https:\\\/\\\/voxsahel.com\\\/?p=692#breadcrumb\",\"itemListElement\":[{\"@type\":\"ListItem\",\"position\":1,\"name\":\"Home\",\"item\":\"https:\\\/\\\/voxsahel.com\\\/\"},{\"@type\":\"ListItem\",\"position\":2,\"name\":\"Interview d&rsquo;Amadou Kouffa sur France 24 et RFI\u00a0: Une libert\u00e9 de presse \u00e0 g\u00e9om\u00e9trie variable ?\"}]},{\"@type\":\"WebSite\",\"@id\":\"https:\\\/\\\/voxsahel.com\\\/#website\",\"url\":\"https:\\\/\\\/voxsahel.com\\\/\",\"name\":\"Vox Sahel\",\"description\":\"Informez-vous sur le Sahel en un clic\",\"publisher\":{\"@id\":\"https:\\\/\\\/voxsahel.com\\\/#organization\"},\"potentialAction\":[{\"@type\":\"SearchAction\",\"target\":{\"@type\":\"EntryPoint\",\"urlTemplate\":\"https:\\\/\\\/voxsahel.com\\\/?s={search_term_string}\"},\"query-input\":{\"@type\":\"PropertyValueSpecification\",\"valueRequired\":true,\"valueName\":\"search_term_string\"}}],\"inLanguage\":\"fr-FR\"},{\"@type\":\"Organization\",\"@id\":\"https:\\\/\\\/voxsahel.com\\\/#organization\",\"name\":\"Vox Sahel\",\"url\":\"https:\\\/\\\/voxsahel.com\\\/\",\"logo\":{\"@type\":\"ImageObject\",\"inLanguage\":\"fr-FR\",\"@id\":\"https:\\\/\\\/voxsahel.com\\\/#\\\/schema\\\/logo\\\/image\\\/\",\"url\":\"https:\\\/\\\/voxsahel.com\\\/wp-content\\\/uploads\\\/2024\\\/09\\\/Logo-Vox-Sahel.jpg\",\"contentUrl\":\"https:\\\/\\\/voxsahel.com\\\/wp-content\\\/uploads\\\/2024\\\/09\\\/Logo-Vox-Sahel.jpg\",\"width\":1181,\"height\":848,\"caption\":\"Vox Sahel\"},\"image\":{\"@id\":\"https:\\\/\\\/voxsahel.com\\\/#\\\/schema\\\/logo\\\/image\\\/\"},\"sameAs\":[\"https:\\\/\\\/www.facebook.com\\\/journal.voxsahel\"]},{\"@type\":\"Person\",\"@id\":\"https:\\\/\\\/voxsahel.com\\\/#\\\/schema\\\/person\\\/b4043608248f8fa227cd760e7ff1e19e\",\"name\":\"Vox Sahel\",\"image\":{\"@type\":\"ImageObject\",\"inLanguage\":\"fr-FR\",\"@id\":\"https:\\\/\\\/secure.gravatar.com\\\/avatar\\\/f70e7fa0cb9b29d4a7c5788d6eb2e9ab4d3135cbae1c9161810fdf77a8964699?s=96&d=mm&r=g\",\"url\":\"https:\\\/\\\/secure.gravatar.com\\\/avatar\\\/f70e7fa0cb9b29d4a7c5788d6eb2e9ab4d3135cbae1c9161810fdf77a8964699?s=96&d=mm&r=g\",\"contentUrl\":\"https:\\\/\\\/secure.gravatar.com\\\/avatar\\\/f70e7fa0cb9b29d4a7c5788d6eb2e9ab4d3135cbae1c9161810fdf77a8964699?s=96&d=mm&r=g\",\"caption\":\"Vox Sahel\"},\"sameAs\":[\"http:\\\/\\\/www.voxsahel.com\"],\"url\":\"https:\\\/\\\/voxsahel.com\\\/?author=2\"}]}<\/script>\n<!-- \/ Yoast SEO plugin. -->","yoast_head_json":{"title":"Interview d'Amadou Kouffa sur France 24 et RFI\u00a0: Une libert\u00e9 de presse \u00e0 g\u00e9om\u00e9trie variable ? - Vox Sahel","robots":{"index":"index","follow":"follow","max-snippet":"max-snippet:-1","max-image-preview":"max-image-preview:large","max-video-preview":"max-video-preview:-1"},"canonical":"https:\/\/voxsahel.com\/?p=692","og_locale":"fr_FR","og_type":"article","og_title":"Interview d'Amadou Kouffa sur France 24 et RFI\u00a0: Une libert\u00e9 de presse \u00e0 g\u00e9om\u00e9trie variable ? - Vox Sahel","og_description":"Dans un post sur sa page Facebook, Salif Sanogo, ancien chroniqueur pour Afrique M\u00e9dia sur","og_url":"https:\/\/voxsahel.com\/?p=692","og_site_name":"Vox Sahel","article_publisher":"https:\/\/www.facebook.com\/journal.voxsahel","article_published_time":"2024-10-23T21:16:56+00:00","og_image":[{"width":1310,"height":878,"url":"https:\/\/voxsahel.com\/wp-content\/uploads\/2024\/10\/464359491_10161570413534659_8385652538536553558_n.jpg","type":"image\/jpeg"}],"author":"Vox Sahel","twitter_card":"summary_large_image","twitter_misc":{"\u00c9crit par":"Vox Sahel","Dur\u00e9e de lecture estim\u00e9e":"3 minutes"},"schema":{"@context":"https:\/\/schema.org","@graph":[{"@type":"Article","@id":"https:\/\/voxsahel.com\/?p=692#article","isPartOf":{"@id":"https:\/\/voxsahel.com\/?p=692"},"author":{"name":"Vox Sahel","@id":"https:\/\/voxsahel.com\/#\/schema\/person\/b4043608248f8fa227cd760e7ff1e19e"},"headline":"Interview d&rsquo;Amadou Kouffa sur France 24 et RFI\u00a0: Une libert\u00e9 de presse \u00e0 g\u00e9om\u00e9trie variable ?","datePublished":"2024-10-23T21:16:56+00:00","mainEntityOfPage":{"@id":"https:\/\/voxsahel.com\/?p=692"},"wordCount":557,"commentCount":0,"publisher":{"@id":"https:\/\/voxsahel.com\/#organization"},"image":{"@id":"https:\/\/voxsahel.com\/?p=692#primaryimage"},"thumbnailUrl":"https:\/\/voxsahel.com\/wp-content\/uploads\/2024\/10\/464359491_10161570413534659_8385652538536553558_n.jpg","keywords":["Burkina Faso","France","FRANCE 24","Mali","M\u00e9dia","Niger","RFI","Terrorisme"],"articleSection":["POLITIQUE"],"inLanguage":"fr-FR","potentialAction":[{"@type":"CommentAction","name":"Comment","target":["https:\/\/voxsahel.com\/?p=692#respond"]}]},{"@type":"WebPage","@id":"https:\/\/voxsahel.com\/?p=692","url":"https:\/\/voxsahel.com\/?p=692","name":"Interview d'Amadou Kouffa sur France 24 et RFI\u00a0: Une libert\u00e9 de presse \u00e0 g\u00e9om\u00e9trie variable ? - Vox Sahel","isPartOf":{"@id":"https:\/\/voxsahel.com\/#website"},"primaryImageOfPage":{"@id":"https:\/\/voxsahel.com\/?p=692#primaryimage"},"image":{"@id":"https:\/\/voxsahel.com\/?p=692#primaryimage"},"thumbnailUrl":"https:\/\/voxsahel.com\/wp-content\/uploads\/2024\/10\/464359491_10161570413534659_8385652538536553558_n.jpg","datePublished":"2024-10-23T21:16:56+00:00","breadcrumb":{"@id":"https:\/\/voxsahel.com\/?p=692#breadcrumb"},"inLanguage":"fr-FR","potentialAction":[{"@type":"ReadAction","target":["https:\/\/voxsahel.com\/?p=692"]}]},{"@type":"ImageObject","inLanguage":"fr-FR","@id":"https:\/\/voxsahel.com\/?p=692#primaryimage","url":"https:\/\/voxsahel.com\/wp-content\/uploads\/2024\/10\/464359491_10161570413534659_8385652538536553558_n.jpg","contentUrl":"https:\/\/voxsahel.com\/wp-content\/uploads\/2024\/10\/464359491_10161570413534659_8385652538536553558_n.jpg","width":1310,"height":878,"caption":"Interview d'Amadou Kouffa sur France 24 et RFI\u00a0: Une libert\u00e9 de presse \u00e0 g\u00e9om\u00e9trie variable ?"},{"@type":"BreadcrumbList","@id":"https:\/\/voxsahel.com\/?p=692#breadcrumb","itemListElement":[{"@type":"ListItem","position":1,"name":"Home","item":"https:\/\/voxsahel.com\/"},{"@type":"ListItem","position":2,"name":"Interview d&rsquo;Amadou Kouffa sur France 24 et RFI\u00a0: Une libert\u00e9 de presse \u00e0 g\u00e9om\u00e9trie variable ?"}]},{"@type":"WebSite","@id":"https:\/\/voxsahel.com\/#website","url":"https:\/\/voxsahel.com\/","name":"Vox Sahel","description":"Informez-vous sur le Sahel en un clic","publisher":{"@id":"https:\/\/voxsahel.com\/#organization"},"potentialAction":[{"@type":"SearchAction","target":{"@type":"EntryPoint","urlTemplate":"https:\/\/voxsahel.com\/?s={search_term_string}"},"query-input":{"@type":"PropertyValueSpecification","valueRequired":true,"valueName":"search_term_string"}}],"inLanguage":"fr-FR"},{"@type":"Organization","@id":"https:\/\/voxsahel.com\/#organization","name":"Vox Sahel","url":"https:\/\/voxsahel.com\/","logo":{"@type":"ImageObject","inLanguage":"fr-FR","@id":"https:\/\/voxsahel.com\/#\/schema\/logo\/image\/","url":"https:\/\/voxsahel.com\/wp-content\/uploads\/2024\/09\/Logo-Vox-Sahel.jpg","contentUrl":"https:\/\/voxsahel.com\/wp-content\/uploads\/2024\/09\/Logo-Vox-Sahel.jpg","width":1181,"height":848,"caption":"Vox Sahel"},"image":{"@id":"https:\/\/voxsahel.com\/#\/schema\/logo\/image\/"},"sameAs":["https:\/\/www.facebook.com\/journal.voxsahel"]},{"@type":"Person","@id":"https:\/\/voxsahel.com\/#\/schema\/person\/b4043608248f8fa227cd760e7ff1e19e","name":"Vox Sahel","image":{"@type":"ImageObject","inLanguage":"fr-FR","@id":"https:\/\/secure.gravatar.com\/avatar\/f70e7fa0cb9b29d4a7c5788d6eb2e9ab4d3135cbae1c9161810fdf77a8964699?s=96&d=mm&r=g","url":"https:\/\/secure.gravatar.com\/avatar\/f70e7fa0cb9b29d4a7c5788d6eb2e9ab4d3135cbae1c9161810fdf77a8964699?s=96&d=mm&r=g","contentUrl":"https:\/\/secure.gravatar.com\/avatar\/f70e7fa0cb9b29d4a7c5788d6eb2e9ab4d3135cbae1c9161810fdf77a8964699?s=96&d=mm&r=g","caption":"Vox Sahel"},"sameAs":["http:\/\/www.voxsahel.com"],"url":"https:\/\/voxsahel.com\/?author=2"}]}},"_links":{"self":[{"href":"https:\/\/voxsahel.com\/index.php?rest_route=\/wp\/v2\/posts\/692","targetHints":{"allow":["GET"]}}],"collection":[{"href":"https:\/\/voxsahel.com\/index.php?rest_route=\/wp\/v2\/posts"}],"about":[{"href":"https:\/\/voxsahel.com\/index.php?rest_route=\/wp\/v2\/types\/post"}],"author":[{"embeddable":true,"href":"https:\/\/voxsahel.com\/index.php?rest_route=\/wp\/v2\/users\/2"}],"replies":[{"embeddable":true,"href":"https:\/\/voxsahel.com\/index.php?rest_route=%2Fwp%2Fv2%2Fcomments&post=692"}],"version-history":[{"count":1,"href":"https:\/\/voxsahel.com\/index.php?rest_route=\/wp\/v2\/posts\/692\/revisions"}],"predecessor-version":[{"id":694,"href":"https:\/\/voxsahel.com\/index.php?rest_route=\/wp\/v2\/posts\/692\/revisions\/694"}],"wp:featuredmedia":[{"embeddable":true,"href":"https:\/\/voxsahel.com\/index.php?rest_route=\/wp\/v2\/media\/693"}],"wp:attachment":[{"href":"https:\/\/voxsahel.com\/index.php?rest_route=%2Fwp%2Fv2%2Fmedia&parent=692"}],"wp:term":[{"taxonomy":"category","embeddable":true,"href":"https:\/\/voxsahel.com\/index.php?rest_route=%2Fwp%2Fv2%2Fcategories&post=692"},{"taxonomy":"post_tag","embeddable":true,"href":"https:\/\/voxsahel.com\/index.php?rest_route=%2Fwp%2Fv2%2Ftags&post=692"}],"curies":[{"name":"wp","href":"https:\/\/api.w.org\/{rel}","templated":true}]}}