{"id":689,"date":"2024-10-23T18:20:07","date_gmt":"2024-10-23T18:20:07","guid":{"rendered":"https:\/\/voxsahel.com\/?p=689"},"modified":"2024-10-23T18:20:07","modified_gmt":"2024-10-23T18:20:07","slug":"burkina-les-costumes-daudience-des-magistrats-et-greffiers-desormais-en-faso-dan-fani","status":"publish","type":"post","link":"https:\/\/voxsahel.com\/?p=689","title":{"rendered":"Burkina: les costumes d\u2019audience des magistrats et greffiers d\u00e9sormais en \u00ab Faso Dan Fani \u00bb"},"content":{"rendered":"<p class=\"p1\">Le Pr\u00e9sident du Faso, Chef de l&rsquo;Etat, le Capitaine Ibrahim TRAORE a pr\u00e9sid\u00e9, ce mercredi 23 octobre 2024, l&rsquo;hebdomadaire Conseil des ministres. Selon le ministre porte-parole du Gouvernement, Rimtalba Jean Emmanuel OUEDRAOGO, des dossiers inscrits \u00e0 l&rsquo;ordre du jour ont \u00e9t\u00e9 examin\u00e9s et des d\u00e9cisions importantes prises pour la bonne marche de la Nation.<\/p>\n<p class=\"p1\"><span class=\"s2\">Au titre du minist\u00e8re de la D\u00e9fense et des Anciens combattants, le Conseil a adopt\u00e9 le projet de loi portant Statut g\u00e9n\u00e9ral des personnels des Forces arm\u00e9es nationales dans l\u2019optique de corriger certaines insuffisances et d\u2019op\u00e9rer des r\u00e9formes pour plus d\u2019efficacit\u00e9. En termes d\u2019innovations, et dans la forme, le ministre de la S\u00e9curit\u00e9, assurant l\u2019int\u00e9rim du ministre en charge de la D\u00e9fense, le Commissaire divisionnaire de Police Mahamadou SANA a indiqu\u00e9 que d\u00e9sormais, il y aura une seule loi au lieu de deux notamment les lois 037 et 038. <\/span><\/p>\n<p class=\"p1\"><span class=\"s2\">Dans le fond, il a cit\u00e9 la r\u00e9duction de la dur\u00e9e l\u00e9gale de service ramen\u00e9e \u00e0 douze (12) mois au lieu de dix-huit (18) au regard de l\u2019engagement des militaires du rang sortis d\u2019\u00e9cole dans les op\u00e9rations de reconqu\u00eate du territoire national. Ce d\u00e9cret consacre le r\u00e9tablissement de la cat\u00e9gorie des militaires du rang dans la hi\u00e9rarchie des personnels de la Gendarmerie nationale pour \u00eatre conforme avec les autres arm\u00e9es et l\u2019introduction d\u2019un nouveau mode d\u2019avancement, \u00ab l\u2019avancement \u00e0 titre posthume \u00bb pour tenir compte de l\u2019engagement des hommes sur le terrain des op\u00e9rations int\u00e9rieures.<\/span><\/p>\n<p class=\"p1\"><span class=\"s2\">Le ministre SANA a ajout\u00e9 que la promotion des inscrits au tableau d\u2019avancement est ramen\u00e9e sur deux semestres en l\u2019occurrence le 1er janvier et le 1er juillet au lieu de quatre trimestres. Autre innovation contenue dans ce d\u00e9cret, selon le ministre SANA, c\u2019est \u00ab l\u2019ouverture de la possibilit\u00e9 pour tous les officiers issus du rang d\u2019acc\u00e9der \u00e0 tous les grades de la cat\u00e9gorie des officiers, ainsi que la possibilit\u00e9 de nommer les officiers du rang parmi les adjudants-chefs ayant au moins 3 ans d\u2019anciennet\u00e9 de grade \u00bb.<\/span><\/p>\n<p class=\"p1\"><span class=\"s2\">Pour le compte du minist\u00e8re de la Justice et des Droits humains en charge des Relations avec les Institutions, le Conseil a adopt\u00e9 deux d\u00e9crets portant respectivement d\u00e9finition des caract\u00e9ristiques et conditions de port du costume d\u2019audience des magistrats et des greffiers. <\/span><\/p>\n<p class=\"p1\"><span class=\"s2\">Pour le ministre Edasso Rodrigue BAYALA, ces costumes d\u2019audience sont enti\u00e8rement faits de la cotonnade burkinab\u00e8, le Faso Dan Fani. \u00ab Le processus a \u00e9t\u00e9 participatif. Nous poursuivons les discussions avec les autres professions judiciaires (avocats, huissiers et notaires) pour qu\u2019ils puissent emboiter le pas \u00bb, a pr\u00e9cis\u00e9 le Garde des Sceaux. Il a soulign\u00e9 qu\u2019en termes de co\u00fbt, les nouveaux costumes d\u2019audience des magistrats et des greffiers sont \u00ab cinq fois moins chers \u00bb que ceux import\u00e9s jusque-l\u00e0.<\/span><\/p>\n<p class=\"p1\"><span class=\"s2\">Direction de la Communication de la Pr\u00e9sidence du Faso<\/span><\/p>\n","protected":false},"excerpt":{"rendered":"<p>Le Pr\u00e9sident du Faso, Chef de l&rsquo;Etat, le Capitaine Ibrahim TRAORE a pr\u00e9sid\u00e9, ce mercredi<\/p>\n","protected":false},"author":2,"featured_media":690,"comment_status":"open","ping_status":"open","sticky":false,"template":"","format":"standard","meta":{"_et_pb_use_builder":"","_et_pb_old_content":"","_et_gb_content_width":"","footnotes":""},"categories":[6],"tags":[18,140,182,381,382,139],"class_list":["post-689","post","type-post","status-publish","format-standard","has-post-thumbnail","hentry","category-politique","tag-burkina-faso","tag-defense","tag-forces-de-defense-et-de-securite","tag-justice","tag-magistrat","tag-securite"],"yoast_head":"<!-- This site is optimized with the Yoast SEO plugin v27.5 - https:\/\/yoast.com\/product\/yoast-seo-wordpress\/ -->\n<title>Burkina: les costumes d\u2019audience des magistrats et greffiers d\u00e9sormais en \u00ab Faso Dan Fani \u00bb - Vox Sahel<\/title>\n<meta name=\"robots\" content=\"index, follow, max-snippet:-1, max-image-preview:large, max-video-preview:-1\" \/>\n<link rel=\"canonical\" href=\"https:\/\/voxsahel.com\/?p=689\" \/>\n<meta property=\"og:locale\" content=\"fr_FR\" \/>\n<meta property=\"og:type\" content=\"article\" \/>\n<meta property=\"og:title\" content=\"Burkina: les costumes d\u2019audience des magistrats et greffiers d\u00e9sormais en \u00ab Faso Dan Fani \u00bb - Vox Sahel\" \/>\n<meta property=\"og:description\" content=\"Le Pr\u00e9sident du Faso, Chef de l&rsquo;Etat, le Capitaine Ibrahim TRAORE a pr\u00e9sid\u00e9, ce mercredi\" \/>\n<meta property=\"og:url\" content=\"https:\/\/voxsahel.com\/?p=689\" \/>\n<meta property=\"og:site_name\" content=\"Vox Sahel\" \/>\n<meta property=\"article:publisher\" content=\"https:\/\/www.facebook.com\/journal.voxsahel\" \/>\n<meta property=\"article:published_time\" content=\"2024-10-23T18:20:07+00:00\" \/>\n<meta property=\"og:image\" content=\"https:\/\/voxsahel.com\/wp-content\/uploads\/2024\/10\/54565fb7-d70b-48a8-b048-8236d3ec444a.jpeg\" \/>\n\t<meta property=\"og:image:width\" content=\"682\" \/>\n\t<meta property=\"og:image:height\" content=\"682\" \/>\n\t<meta property=\"og:image:type\" content=\"image\/jpeg\" \/>\n<meta name=\"author\" content=\"Vox Sahel\" \/>\n<meta name=\"twitter:card\" content=\"summary_large_image\" \/>\n<meta name=\"twitter:label1\" content=\"\u00c9crit par\" \/>\n\t<meta name=\"twitter:data1\" content=\"Vox Sahel\" \/>\n\t<meta name=\"twitter:label2\" content=\"Dur\u00e9e de lecture estim\u00e9e\" \/>\n\t<meta name=\"twitter:data2\" content=\"3 minutes\" \/>\n<script type=\"application\/ld+json\" class=\"yoast-schema-graph\">{\"@context\":\"https:\\\/\\\/schema.org\",\"@graph\":[{\"@type\":\"Article\",\"@id\":\"https:\\\/\\\/voxsahel.com\\\/?p=689#article\",\"isPartOf\":{\"@id\":\"https:\\\/\\\/voxsahel.com\\\/?p=689\"},\"author\":{\"name\":\"Vox Sahel\",\"@id\":\"https:\\\/\\\/voxsahel.com\\\/#\\\/schema\\\/person\\\/b4043608248f8fa227cd760e7ff1e19e\"},\"headline\":\"Burkina: les costumes d\u2019audience des magistrats et greffiers d\u00e9sormais en \u00ab Faso Dan Fani \u00bb\",\"datePublished\":\"2024-10-23T18:20:07+00:00\",\"mainEntityOfPage\":{\"@id\":\"https:\\\/\\\/voxsahel.com\\\/?p=689\"},\"wordCount\":518,\"commentCount\":0,\"publisher\":{\"@id\":\"https:\\\/\\\/voxsahel.com\\\/#organization\"},\"image\":{\"@id\":\"https:\\\/\\\/voxsahel.com\\\/?p=689#primaryimage\"},\"thumbnailUrl\":\"https:\\\/\\\/voxsahel.com\\\/wp-content\\\/uploads\\\/2024\\\/10\\\/54565fb7-d70b-48a8-b048-8236d3ec444a.jpeg\",\"keywords\":[\"Burkina Faso\",\"D\u00e9fense\",\"Forces de d\u00e9fense et de s\u00e9curit\u00e9\",\"Justice\",\"Magistrat\",\"S\u00e9curit\u00e9\"],\"articleSection\":[\"POLITIQUE\"],\"inLanguage\":\"fr-FR\",\"potentialAction\":[{\"@type\":\"CommentAction\",\"name\":\"Comment\",\"target\":[\"https:\\\/\\\/voxsahel.com\\\/?p=689#respond\"]}]},{\"@type\":\"WebPage\",\"@id\":\"https:\\\/\\\/voxsahel.com\\\/?p=689\",\"url\":\"https:\\\/\\\/voxsahel.com\\\/?p=689\",\"name\":\"Burkina: les costumes d\u2019audience des magistrats et greffiers d\u00e9sormais en \u00ab Faso Dan Fani \u00bb - Vox Sahel\",\"isPartOf\":{\"@id\":\"https:\\\/\\\/voxsahel.com\\\/#website\"},\"primaryImageOfPage\":{\"@id\":\"https:\\\/\\\/voxsahel.com\\\/?p=689#primaryimage\"},\"image\":{\"@id\":\"https:\\\/\\\/voxsahel.com\\\/?p=689#primaryimage\"},\"thumbnailUrl\":\"https:\\\/\\\/voxsahel.com\\\/wp-content\\\/uploads\\\/2024\\\/10\\\/54565fb7-d70b-48a8-b048-8236d3ec444a.jpeg\",\"datePublished\":\"2024-10-23T18:20:07+00:00\",\"breadcrumb\":{\"@id\":\"https:\\\/\\\/voxsahel.com\\\/?p=689#breadcrumb\"},\"inLanguage\":\"fr-FR\",\"potentialAction\":[{\"@type\":\"ReadAction\",\"target\":[\"https:\\\/\\\/voxsahel.com\\\/?p=689\"]}]},{\"@type\":\"ImageObject\",\"inLanguage\":\"fr-FR\",\"@id\":\"https:\\\/\\\/voxsahel.com\\\/?p=689#primaryimage\",\"url\":\"https:\\\/\\\/voxsahel.com\\\/wp-content\\\/uploads\\\/2024\\\/10\\\/54565fb7-d70b-48a8-b048-8236d3ec444a.jpeg\",\"contentUrl\":\"https:\\\/\\\/voxsahel.com\\\/wp-content\\\/uploads\\\/2024\\\/10\\\/54565fb7-d70b-48a8-b048-8236d3ec444a.jpeg\",\"width\":682,\"height\":682},{\"@type\":\"BreadcrumbList\",\"@id\":\"https:\\\/\\\/voxsahel.com\\\/?p=689#breadcrumb\",\"itemListElement\":[{\"@type\":\"ListItem\",\"position\":1,\"name\":\"Home\",\"item\":\"https:\\\/\\\/voxsahel.com\\\/\"},{\"@type\":\"ListItem\",\"position\":2,\"name\":\"Burkina: les costumes d\u2019audience des magistrats et greffiers d\u00e9sormais en \u00ab Faso Dan Fani \u00bb\"}]},{\"@type\":\"WebSite\",\"@id\":\"https:\\\/\\\/voxsahel.com\\\/#website\",\"url\":\"https:\\\/\\\/voxsahel.com\\\/\",\"name\":\"Vox Sahel\",\"description\":\"Informez-vous sur le Sahel en un clic\",\"publisher\":{\"@id\":\"https:\\\/\\\/voxsahel.com\\\/#organization\"},\"potentialAction\":[{\"@type\":\"SearchAction\",\"target\":{\"@type\":\"EntryPoint\",\"urlTemplate\":\"https:\\\/\\\/voxsahel.com\\\/?s={search_term_string}\"},\"query-input\":{\"@type\":\"PropertyValueSpecification\",\"valueRequired\":true,\"valueName\":\"search_term_string\"}}],\"inLanguage\":\"fr-FR\"},{\"@type\":\"Organization\",\"@id\":\"https:\\\/\\\/voxsahel.com\\\/#organization\",\"name\":\"Vox Sahel\",\"url\":\"https:\\\/\\\/voxsahel.com\\\/\",\"logo\":{\"@type\":\"ImageObject\",\"inLanguage\":\"fr-FR\",\"@id\":\"https:\\\/\\\/voxsahel.com\\\/#\\\/schema\\\/logo\\\/image\\\/\",\"url\":\"https:\\\/\\\/voxsahel.com\\\/wp-content\\\/uploads\\\/2024\\\/09\\\/Logo-Vox-Sahel.jpg\",\"contentUrl\":\"https:\\\/\\\/voxsahel.com\\\/wp-content\\\/uploads\\\/2024\\\/09\\\/Logo-Vox-Sahel.jpg\",\"width\":1181,\"height\":848,\"caption\":\"Vox Sahel\"},\"image\":{\"@id\":\"https:\\\/\\\/voxsahel.com\\\/#\\\/schema\\\/logo\\\/image\\\/\"},\"sameAs\":[\"https:\\\/\\\/www.facebook.com\\\/journal.voxsahel\"]},{\"@type\":\"Person\",\"@id\":\"https:\\\/\\\/voxsahel.com\\\/#\\\/schema\\\/person\\\/b4043608248f8fa227cd760e7ff1e19e\",\"name\":\"Vox Sahel\",\"image\":{\"@type\":\"ImageObject\",\"inLanguage\":\"fr-FR\",\"@id\":\"https:\\\/\\\/secure.gravatar.com\\\/avatar\\\/f70e7fa0cb9b29d4a7c5788d6eb2e9ab4d3135cbae1c9161810fdf77a8964699?s=96&d=mm&r=g\",\"url\":\"https:\\\/\\\/secure.gravatar.com\\\/avatar\\\/f70e7fa0cb9b29d4a7c5788d6eb2e9ab4d3135cbae1c9161810fdf77a8964699?s=96&d=mm&r=g\",\"contentUrl\":\"https:\\\/\\\/secure.gravatar.com\\\/avatar\\\/f70e7fa0cb9b29d4a7c5788d6eb2e9ab4d3135cbae1c9161810fdf77a8964699?s=96&d=mm&r=g\",\"caption\":\"Vox Sahel\"},\"sameAs\":[\"http:\\\/\\\/www.voxsahel.com\"],\"url\":\"https:\\\/\\\/voxsahel.com\\\/?author=2\"}]}<\/script>\n<!-- \/ Yoast SEO plugin. -->","yoast_head_json":{"title":"Burkina: les costumes d\u2019audience des magistrats et greffiers d\u00e9sormais en \u00ab Faso Dan Fani \u00bb - Vox Sahel","robots":{"index":"index","follow":"follow","max-snippet":"max-snippet:-1","max-image-preview":"max-image-preview:large","max-video-preview":"max-video-preview:-1"},"canonical":"https:\/\/voxsahel.com\/?p=689","og_locale":"fr_FR","og_type":"article","og_title":"Burkina: les costumes d\u2019audience des magistrats et greffiers d\u00e9sormais en \u00ab Faso Dan Fani \u00bb - Vox Sahel","og_description":"Le Pr\u00e9sident du Faso, Chef de l&rsquo;Etat, le Capitaine Ibrahim TRAORE a pr\u00e9sid\u00e9, ce mercredi","og_url":"https:\/\/voxsahel.com\/?p=689","og_site_name":"Vox Sahel","article_publisher":"https:\/\/www.facebook.com\/journal.voxsahel","article_published_time":"2024-10-23T18:20:07+00:00","og_image":[{"width":682,"height":682,"url":"https:\/\/voxsahel.com\/wp-content\/uploads\/2024\/10\/54565fb7-d70b-48a8-b048-8236d3ec444a.jpeg","type":"image\/jpeg"}],"author":"Vox Sahel","twitter_card":"summary_large_image","twitter_misc":{"\u00c9crit par":"Vox Sahel","Dur\u00e9e de lecture estim\u00e9e":"3 minutes"},"schema":{"@context":"https:\/\/schema.org","@graph":[{"@type":"Article","@id":"https:\/\/voxsahel.com\/?p=689#article","isPartOf":{"@id":"https:\/\/voxsahel.com\/?p=689"},"author":{"name":"Vox Sahel","@id":"https:\/\/voxsahel.com\/#\/schema\/person\/b4043608248f8fa227cd760e7ff1e19e"},"headline":"Burkina: les costumes d\u2019audience des magistrats et greffiers d\u00e9sormais en \u00ab Faso Dan Fani \u00bb","datePublished":"2024-10-23T18:20:07+00:00","mainEntityOfPage":{"@id":"https:\/\/voxsahel.com\/?p=689"},"wordCount":518,"commentCount":0,"publisher":{"@id":"https:\/\/voxsahel.com\/#organization"},"image":{"@id":"https:\/\/voxsahel.com\/?p=689#primaryimage"},"thumbnailUrl":"https:\/\/voxsahel.com\/wp-content\/uploads\/2024\/10\/54565fb7-d70b-48a8-b048-8236d3ec444a.jpeg","keywords":["Burkina Faso","D\u00e9fense","Forces de d\u00e9fense et de s\u00e9curit\u00e9","Justice","Magistrat","S\u00e9curit\u00e9"],"articleSection":["POLITIQUE"],"inLanguage":"fr-FR","potentialAction":[{"@type":"CommentAction","name":"Comment","target":["https:\/\/voxsahel.com\/?p=689#respond"]}]},{"@type":"WebPage","@id":"https:\/\/voxsahel.com\/?p=689","url":"https:\/\/voxsahel.com\/?p=689","name":"Burkina: les costumes d\u2019audience des magistrats et greffiers d\u00e9sormais en \u00ab Faso Dan Fani \u00bb - Vox Sahel","isPartOf":{"@id":"https:\/\/voxsahel.com\/#website"},"primaryImageOfPage":{"@id":"https:\/\/voxsahel.com\/?p=689#primaryimage"},"image":{"@id":"https:\/\/voxsahel.com\/?p=689#primaryimage"},"thumbnailUrl":"https:\/\/voxsahel.com\/wp-content\/uploads\/2024\/10\/54565fb7-d70b-48a8-b048-8236d3ec444a.jpeg","datePublished":"2024-10-23T18:20:07+00:00","breadcrumb":{"@id":"https:\/\/voxsahel.com\/?p=689#breadcrumb"},"inLanguage":"fr-FR","potentialAction":[{"@type":"ReadAction","target":["https:\/\/voxsahel.com\/?p=689"]}]},{"@type":"ImageObject","inLanguage":"fr-FR","@id":"https:\/\/voxsahel.com\/?p=689#primaryimage","url":"https:\/\/voxsahel.com\/wp-content\/uploads\/2024\/10\/54565fb7-d70b-48a8-b048-8236d3ec444a.jpeg","contentUrl":"https:\/\/voxsahel.com\/wp-content\/uploads\/2024\/10\/54565fb7-d70b-48a8-b048-8236d3ec444a.jpeg","width":682,"height":682},{"@type":"BreadcrumbList","@id":"https:\/\/voxsahel.com\/?p=689#breadcrumb","itemListElement":[{"@type":"ListItem","position":1,"name":"Home","item":"https:\/\/voxsahel.com\/"},{"@type":"ListItem","position":2,"name":"Burkina: les costumes d\u2019audience des magistrats et greffiers d\u00e9sormais en \u00ab Faso Dan Fani \u00bb"}]},{"@type":"WebSite","@id":"https:\/\/voxsahel.com\/#website","url":"https:\/\/voxsahel.com\/","name":"Vox Sahel","description":"Informez-vous sur le Sahel en un clic","publisher":{"@id":"https:\/\/voxsahel.com\/#organization"},"potentialAction":[{"@type":"SearchAction","target":{"@type":"EntryPoint","urlTemplate":"https:\/\/voxsahel.com\/?s={search_term_string}"},"query-input":{"@type":"PropertyValueSpecification","valueRequired":true,"valueName":"search_term_string"}}],"inLanguage":"fr-FR"},{"@type":"Organization","@id":"https:\/\/voxsahel.com\/#organization","name":"Vox Sahel","url":"https:\/\/voxsahel.com\/","logo":{"@type":"ImageObject","inLanguage":"fr-FR","@id":"https:\/\/voxsahel.com\/#\/schema\/logo\/image\/","url":"https:\/\/voxsahel.com\/wp-content\/uploads\/2024\/09\/Logo-Vox-Sahel.jpg","contentUrl":"https:\/\/voxsahel.com\/wp-content\/uploads\/2024\/09\/Logo-Vox-Sahel.jpg","width":1181,"height":848,"caption":"Vox Sahel"},"image":{"@id":"https:\/\/voxsahel.com\/#\/schema\/logo\/image\/"},"sameAs":["https:\/\/www.facebook.com\/journal.voxsahel"]},{"@type":"Person","@id":"https:\/\/voxsahel.com\/#\/schema\/person\/b4043608248f8fa227cd760e7ff1e19e","name":"Vox Sahel","image":{"@type":"ImageObject","inLanguage":"fr-FR","@id":"https:\/\/secure.gravatar.com\/avatar\/f70e7fa0cb9b29d4a7c5788d6eb2e9ab4d3135cbae1c9161810fdf77a8964699?s=96&d=mm&r=g","url":"https:\/\/secure.gravatar.com\/avatar\/f70e7fa0cb9b29d4a7c5788d6eb2e9ab4d3135cbae1c9161810fdf77a8964699?s=96&d=mm&r=g","contentUrl":"https:\/\/secure.gravatar.com\/avatar\/f70e7fa0cb9b29d4a7c5788d6eb2e9ab4d3135cbae1c9161810fdf77a8964699?s=96&d=mm&r=g","caption":"Vox Sahel"},"sameAs":["http:\/\/www.voxsahel.com"],"url":"https:\/\/voxsahel.com\/?author=2"}]}},"_links":{"self":[{"href":"https:\/\/voxsahel.com\/index.php?rest_route=\/wp\/v2\/posts\/689","targetHints":{"allow":["GET"]}}],"collection":[{"href":"https:\/\/voxsahel.com\/index.php?rest_route=\/wp\/v2\/posts"}],"about":[{"href":"https:\/\/voxsahel.com\/index.php?rest_route=\/wp\/v2\/types\/post"}],"author":[{"embeddable":true,"href":"https:\/\/voxsahel.com\/index.php?rest_route=\/wp\/v2\/users\/2"}],"replies":[{"embeddable":true,"href":"https:\/\/voxsahel.com\/index.php?rest_route=%2Fwp%2Fv2%2Fcomments&post=689"}],"version-history":[{"count":1,"href":"https:\/\/voxsahel.com\/index.php?rest_route=\/wp\/v2\/posts\/689\/revisions"}],"predecessor-version":[{"id":691,"href":"https:\/\/voxsahel.com\/index.php?rest_route=\/wp\/v2\/posts\/689\/revisions\/691"}],"wp:featuredmedia":[{"embeddable":true,"href":"https:\/\/voxsahel.com\/index.php?rest_route=\/wp\/v2\/media\/690"}],"wp:attachment":[{"href":"https:\/\/voxsahel.com\/index.php?rest_route=%2Fwp%2Fv2%2Fmedia&parent=689"}],"wp:term":[{"taxonomy":"category","embeddable":true,"href":"https:\/\/voxsahel.com\/index.php?rest_route=%2Fwp%2Fv2%2Fcategories&post=689"},{"taxonomy":"post_tag","embeddable":true,"href":"https:\/\/voxsahel.com\/index.php?rest_route=%2Fwp%2Fv2%2Ftags&post=689"}],"curies":[{"name":"wp","href":"https:\/\/api.w.org\/{rel}","templated":true}]}}