{"id":686,"date":"2024-10-23T15:49:50","date_gmt":"2024-10-23T15:49:50","guid":{"rendered":"https:\/\/voxsahel.com\/?p=686"},"modified":"2024-10-23T15:54:10","modified_gmt":"2024-10-23T15:54:10","slug":"burkina-reprise-de-loperation-speciale-de-delivrance-de-permis-urbains-dhabiter-et-dattestations-dattribution-de-parcelle","status":"publish","type":"post","link":"https:\/\/voxsahel.com\/?p=686","title":{"rendered":"Burkina : Reprise de l&rsquo;op\u00e9ration sp\u00e9ciale de d\u00e9livrance de Permis urbains d&rsquo;habiter et d&rsquo;attestations d&rsquo;attribution de parcelle"},"content":{"rendered":"<p class=\"p1\">Le Secr\u00e9taire g\u00e9n\u00e9ral du Minist\u00e8re de l&rsquo;\u00e9conomie et des finances a annonc\u00e9 la reprise de l&rsquo;op\u00e9ration sp\u00e9ciale de d\u00e9livrance des Permis Urbains d&rsquo;Habiter (PUH) et des Attestations d&rsquo;Attribution de Parcelle (AAP). Cette annonce fait suite \u00e0 une suspension temporaire visant \u00e0 traiter les demandes en instance dans la R\u00e9gion du Centre, annonc\u00e9e le 3 octobre 2024.<\/p>\n<p class=\"p1\"><span class=\"s2\">La suspension de l&rsquo;op\u00e9ration, initialement annonc\u00e9e par le communiqu\u00e9 n\u00b02024-002052\/MEF\/SG\/DGI\/DADF, avait \u00e9t\u00e9 n\u00e9cessaire pour traiter les nombreuses demandes en attente dans la plateforme e-titre2. Ce d\u00e9lai a permis d&rsquo;acc\u00e9l\u00e9rer la r\u00e9gularisation des dossiers des acqu\u00e9reurs de parcelles ou de logements aupr\u00e8s des promoteurs immobiliers priv\u00e9s et des coop\u00e9ratives d&rsquo;habitat, situ\u00e9s dans la R\u00e9gion du Centre.<\/span><\/p>\n<p class=\"p1\"><span class=\"s2\">\u00c0 du lundi 21 octobre 2024, les acqu\u00e9reurs concern\u00e9s peuvent se rendre \u00e0 la Direction r\u00e9gionale des imp\u00f4ts du Centre pour r\u00e9cup\u00e9rer leurs titres. Cette reprise d&rsquo;activit\u00e9 marque un pas en avant vers la r\u00e9gularisation fonci\u00e8re des sites s\u00e9lectionn\u00e9s.<\/span><\/p>\n<p class=\"p1\"><span class=\"s1\">Prolongation de l&rsquo;op\u00e9ration jusqu&rsquo;au 31 d\u00e9cembre 2024<\/span><\/p>\n<p class=\"p1\"><span class=\"s2\">Pour donner davantage de temps aux populations concern\u00e9es afin de r\u00e9gulariser leurs situations fonci\u00e8res, le Secr\u00e9taire g\u00e9n\u00e9ral a \u00e9galement annonc\u00e9 une prolongation de l&rsquo;op\u00e9ration sp\u00e9ciale jusqu&rsquo;au 31 d\u00e9cembre 2024. Les autorit\u00e9s esp\u00e8rent que cette mesure permettra \u00e0 un plus grand nombre d&rsquo;acqu\u00e9reurs de finaliser leurs d\u00e9marches dans les d\u00e9lais impartis.<\/span><\/p>\n<p class=\"p1\"><span class=\"s2\">Le minist\u00e8re a appel\u00e9 \u00e0 la compr\u00e9hension et \u00e0 la coop\u00e9ration de tous pour garantir le bon d\u00e9roulement de la suite de cette op\u00e9ration sp\u00e9ciale. Ce processus est crucial pour assurer une meilleure organisation fonci\u00e8re et un d\u00e9veloppement urbain encadr\u00e9 dans le respect des lois et r\u00e8glements en vigueur.<\/span><\/p>\n<p class=\"p1\"><span class=\"s2\">La reprise de cette op\u00e9ration montre la volont\u00e9 des autorit\u00e9s d&rsquo;am\u00e9liorer la gestion fonci\u00e8re \u00e0 travers une d\u00e9marche transparente et efficace. Les acqu\u00e9reurs de parcelles et de logements sont invit\u00e9s \u00e0 se conformer aux proc\u00e9dures en place afin de s\u00e9curiser leur droit de propri\u00e9t\u00e9.<\/span><\/p>\n<p class=\"p1\" style=\"text-align: right;\"><strong><span class=\"s2\">Par Vox Sahel <\/span><\/strong><\/p>\n","protected":false},"excerpt":{"rendered":"<p>Le Secr\u00e9taire g\u00e9n\u00e9ral du Minist\u00e8re de l&rsquo;\u00e9conomie et des finances a annonc\u00e9 la reprise de<\/p>\n","protected":false},"author":2,"featured_media":687,"comment_status":"open","ping_status":"open","sticky":false,"template":"","format":"standard","meta":{"_et_pb_use_builder":"","_et_pb_old_content":"","_et_gb_content_width":"","footnotes":""},"categories":[8],"tags":[18,105,106,277,276,148],"class_list":["post-686","post","type-post","status-publish","format-standard","has-post-thumbnail","hentry","category-developpement","tag-burkina-faso","tag-foncier","tag-habitat","tag-permis-urbain-dhabitation","tag-puh","tag-urbanisme"],"yoast_head":"<!-- This site is optimized with the Yoast SEO plugin v27.5 - https:\/\/yoast.com\/product\/yoast-seo-wordpress\/ -->\n<title>Burkina : Reprise de l&#039;op\u00e9ration sp\u00e9ciale de d\u00e9livrance de Permis urbains d&#039;habiter et d&#039;attestations d&#039;attribution de parcelle - Vox Sahel<\/title>\n<meta name=\"robots\" content=\"index, follow, max-snippet:-1, max-image-preview:large, max-video-preview:-1\" \/>\n<link rel=\"canonical\" href=\"https:\/\/voxsahel.com\/?p=686\" \/>\n<meta property=\"og:locale\" content=\"fr_FR\" \/>\n<meta property=\"og:type\" content=\"article\" \/>\n<meta property=\"og:title\" content=\"Burkina : Reprise de l&#039;op\u00e9ration sp\u00e9ciale de d\u00e9livrance de Permis urbains d&#039;habiter et d&#039;attestations d&#039;attribution de parcelle - Vox Sahel\" \/>\n<meta property=\"og:description\" content=\"Le Secr\u00e9taire g\u00e9n\u00e9ral du Minist\u00e8re de l&rsquo;\u00e9conomie et des finances a annonc\u00e9 la reprise de\" \/>\n<meta property=\"og:url\" content=\"https:\/\/voxsahel.com\/?p=686\" \/>\n<meta property=\"og:site_name\" content=\"Vox Sahel\" \/>\n<meta property=\"article:publisher\" content=\"https:\/\/www.facebook.com\/journal.voxsahel\" \/>\n<meta property=\"article:published_time\" content=\"2024-10-23T15:49:50+00:00\" \/>\n<meta property=\"article:modified_time\" content=\"2024-10-23T15:54:10+00:00\" \/>\n<meta property=\"og:image\" content=\"https:\/\/voxsahel.com\/wp-content\/uploads\/2024\/10\/IMG_2386.jpeg\" \/>\n\t<meta property=\"og:image:width\" content=\"1170\" \/>\n\t<meta property=\"og:image:height\" content=\"1498\" \/>\n\t<meta property=\"og:image:type\" content=\"image\/jpeg\" \/>\n<meta name=\"author\" content=\"Vox Sahel\" \/>\n<meta name=\"twitter:card\" content=\"summary_large_image\" \/>\n<meta name=\"twitter:label1\" content=\"\u00c9crit par\" \/>\n\t<meta name=\"twitter:data1\" content=\"Vox Sahel\" \/>\n\t<meta name=\"twitter:label2\" content=\"Dur\u00e9e de lecture estim\u00e9e\" \/>\n\t<meta name=\"twitter:data2\" content=\"2 minutes\" \/>\n<script type=\"application\/ld+json\" class=\"yoast-schema-graph\">{\"@context\":\"https:\\\/\\\/schema.org\",\"@graph\":[{\"@type\":\"Article\",\"@id\":\"https:\\\/\\\/voxsahel.com\\\/?p=686#article\",\"isPartOf\":{\"@id\":\"https:\\\/\\\/voxsahel.com\\\/?p=686\"},\"author\":{\"name\":\"Vox Sahel\",\"@id\":\"https:\\\/\\\/voxsahel.com\\\/#\\\/schema\\\/person\\\/b4043608248f8fa227cd760e7ff1e19e\"},\"headline\":\"Burkina : Reprise de l&rsquo;op\u00e9ration sp\u00e9ciale de d\u00e9livrance de Permis urbains d&rsquo;habiter et d&rsquo;attestations d&rsquo;attribution de parcelle\",\"datePublished\":\"2024-10-23T15:49:50+00:00\",\"dateModified\":\"2024-10-23T15:54:10+00:00\",\"mainEntityOfPage\":{\"@id\":\"https:\\\/\\\/voxsahel.com\\\/?p=686\"},\"wordCount\":395,\"commentCount\":0,\"publisher\":{\"@id\":\"https:\\\/\\\/voxsahel.com\\\/#organization\"},\"image\":{\"@id\":\"https:\\\/\\\/voxsahel.com\\\/?p=686#primaryimage\"},\"thumbnailUrl\":\"https:\\\/\\\/voxsahel.com\\\/wp-content\\\/uploads\\\/2024\\\/10\\\/IMG_2386.jpeg\",\"keywords\":[\"Burkina Faso\",\"Foncier\",\"Habitat\",\"Permis urbain d\u2019habitation\",\"PUH\",\"Urbanisme\"],\"articleSection\":[\"DEVELOPPEMENT\"],\"inLanguage\":\"fr-FR\",\"potentialAction\":[{\"@type\":\"CommentAction\",\"name\":\"Comment\",\"target\":[\"https:\\\/\\\/voxsahel.com\\\/?p=686#respond\"]}]},{\"@type\":\"WebPage\",\"@id\":\"https:\\\/\\\/voxsahel.com\\\/?p=686\",\"url\":\"https:\\\/\\\/voxsahel.com\\\/?p=686\",\"name\":\"Burkina : Reprise de l'op\u00e9ration sp\u00e9ciale de d\u00e9livrance de Permis urbains d'habiter et d'attestations d'attribution de parcelle - Vox Sahel\",\"isPartOf\":{\"@id\":\"https:\\\/\\\/voxsahel.com\\\/#website\"},\"primaryImageOfPage\":{\"@id\":\"https:\\\/\\\/voxsahel.com\\\/?p=686#primaryimage\"},\"image\":{\"@id\":\"https:\\\/\\\/voxsahel.com\\\/?p=686#primaryimage\"},\"thumbnailUrl\":\"https:\\\/\\\/voxsahel.com\\\/wp-content\\\/uploads\\\/2024\\\/10\\\/IMG_2386.jpeg\",\"datePublished\":\"2024-10-23T15:49:50+00:00\",\"dateModified\":\"2024-10-23T15:54:10+00:00\",\"breadcrumb\":{\"@id\":\"https:\\\/\\\/voxsahel.com\\\/?p=686#breadcrumb\"},\"inLanguage\":\"fr-FR\",\"potentialAction\":[{\"@type\":\"ReadAction\",\"target\":[\"https:\\\/\\\/voxsahel.com\\\/?p=686\"]}]},{\"@type\":\"ImageObject\",\"inLanguage\":\"fr-FR\",\"@id\":\"https:\\\/\\\/voxsahel.com\\\/?p=686#primaryimage\",\"url\":\"https:\\\/\\\/voxsahel.com\\\/wp-content\\\/uploads\\\/2024\\\/10\\\/IMG_2386.jpeg\",\"contentUrl\":\"https:\\\/\\\/voxsahel.com\\\/wp-content\\\/uploads\\\/2024\\\/10\\\/IMG_2386.jpeg\",\"width\":1170,\"height\":1498},{\"@type\":\"BreadcrumbList\",\"@id\":\"https:\\\/\\\/voxsahel.com\\\/?p=686#breadcrumb\",\"itemListElement\":[{\"@type\":\"ListItem\",\"position\":1,\"name\":\"Home\",\"item\":\"https:\\\/\\\/voxsahel.com\\\/\"},{\"@type\":\"ListItem\",\"position\":2,\"name\":\"Burkina : Reprise de l&rsquo;op\u00e9ration sp\u00e9ciale de d\u00e9livrance de Permis urbains d&rsquo;habiter et d&rsquo;attestations d&rsquo;attribution de parcelle\"}]},{\"@type\":\"WebSite\",\"@id\":\"https:\\\/\\\/voxsahel.com\\\/#website\",\"url\":\"https:\\\/\\\/voxsahel.com\\\/\",\"name\":\"Vox Sahel\",\"description\":\"Informez-vous sur le Sahel en un clic\",\"publisher\":{\"@id\":\"https:\\\/\\\/voxsahel.com\\\/#organization\"},\"potentialAction\":[{\"@type\":\"SearchAction\",\"target\":{\"@type\":\"EntryPoint\",\"urlTemplate\":\"https:\\\/\\\/voxsahel.com\\\/?s={search_term_string}\"},\"query-input\":{\"@type\":\"PropertyValueSpecification\",\"valueRequired\":true,\"valueName\":\"search_term_string\"}}],\"inLanguage\":\"fr-FR\"},{\"@type\":\"Organization\",\"@id\":\"https:\\\/\\\/voxsahel.com\\\/#organization\",\"name\":\"Vox Sahel\",\"url\":\"https:\\\/\\\/voxsahel.com\\\/\",\"logo\":{\"@type\":\"ImageObject\",\"inLanguage\":\"fr-FR\",\"@id\":\"https:\\\/\\\/voxsahel.com\\\/#\\\/schema\\\/logo\\\/image\\\/\",\"url\":\"https:\\\/\\\/voxsahel.com\\\/wp-content\\\/uploads\\\/2024\\\/09\\\/Logo-Vox-Sahel.jpg\",\"contentUrl\":\"https:\\\/\\\/voxsahel.com\\\/wp-content\\\/uploads\\\/2024\\\/09\\\/Logo-Vox-Sahel.jpg\",\"width\":1181,\"height\":848,\"caption\":\"Vox Sahel\"},\"image\":{\"@id\":\"https:\\\/\\\/voxsahel.com\\\/#\\\/schema\\\/logo\\\/image\\\/\"},\"sameAs\":[\"https:\\\/\\\/www.facebook.com\\\/journal.voxsahel\"]},{\"@type\":\"Person\",\"@id\":\"https:\\\/\\\/voxsahel.com\\\/#\\\/schema\\\/person\\\/b4043608248f8fa227cd760e7ff1e19e\",\"name\":\"Vox Sahel\",\"image\":{\"@type\":\"ImageObject\",\"inLanguage\":\"fr-FR\",\"@id\":\"https:\\\/\\\/secure.gravatar.com\\\/avatar\\\/f70e7fa0cb9b29d4a7c5788d6eb2e9ab4d3135cbae1c9161810fdf77a8964699?s=96&d=mm&r=g\",\"url\":\"https:\\\/\\\/secure.gravatar.com\\\/avatar\\\/f70e7fa0cb9b29d4a7c5788d6eb2e9ab4d3135cbae1c9161810fdf77a8964699?s=96&d=mm&r=g\",\"contentUrl\":\"https:\\\/\\\/secure.gravatar.com\\\/avatar\\\/f70e7fa0cb9b29d4a7c5788d6eb2e9ab4d3135cbae1c9161810fdf77a8964699?s=96&d=mm&r=g\",\"caption\":\"Vox Sahel\"},\"sameAs\":[\"http:\\\/\\\/www.voxsahel.com\"],\"url\":\"https:\\\/\\\/voxsahel.com\\\/?author=2\"}]}<\/script>\n<!-- \/ Yoast SEO plugin. -->","yoast_head_json":{"title":"Burkina : Reprise de l'op\u00e9ration sp\u00e9ciale de d\u00e9livrance de Permis urbains d'habiter et d'attestations d'attribution de parcelle - Vox Sahel","robots":{"index":"index","follow":"follow","max-snippet":"max-snippet:-1","max-image-preview":"max-image-preview:large","max-video-preview":"max-video-preview:-1"},"canonical":"https:\/\/voxsahel.com\/?p=686","og_locale":"fr_FR","og_type":"article","og_title":"Burkina : Reprise de l'op\u00e9ration sp\u00e9ciale de d\u00e9livrance de Permis urbains d'habiter et d'attestations d'attribution de parcelle - Vox Sahel","og_description":"Le Secr\u00e9taire g\u00e9n\u00e9ral du Minist\u00e8re de l&rsquo;\u00e9conomie et des finances a annonc\u00e9 la reprise de","og_url":"https:\/\/voxsahel.com\/?p=686","og_site_name":"Vox Sahel","article_publisher":"https:\/\/www.facebook.com\/journal.voxsahel","article_published_time":"2024-10-23T15:49:50+00:00","article_modified_time":"2024-10-23T15:54:10+00:00","og_image":[{"width":1170,"height":1498,"url":"https:\/\/voxsahel.com\/wp-content\/uploads\/2024\/10\/IMG_2386.jpeg","type":"image\/jpeg"}],"author":"Vox Sahel","twitter_card":"summary_large_image","twitter_misc":{"\u00c9crit par":"Vox Sahel","Dur\u00e9e de lecture estim\u00e9e":"2 minutes"},"schema":{"@context":"https:\/\/schema.org","@graph":[{"@type":"Article","@id":"https:\/\/voxsahel.com\/?p=686#article","isPartOf":{"@id":"https:\/\/voxsahel.com\/?p=686"},"author":{"name":"Vox Sahel","@id":"https:\/\/voxsahel.com\/#\/schema\/person\/b4043608248f8fa227cd760e7ff1e19e"},"headline":"Burkina : Reprise de l&rsquo;op\u00e9ration sp\u00e9ciale de d\u00e9livrance de Permis urbains d&rsquo;habiter et d&rsquo;attestations d&rsquo;attribution de parcelle","datePublished":"2024-10-23T15:49:50+00:00","dateModified":"2024-10-23T15:54:10+00:00","mainEntityOfPage":{"@id":"https:\/\/voxsahel.com\/?p=686"},"wordCount":395,"commentCount":0,"publisher":{"@id":"https:\/\/voxsahel.com\/#organization"},"image":{"@id":"https:\/\/voxsahel.com\/?p=686#primaryimage"},"thumbnailUrl":"https:\/\/voxsahel.com\/wp-content\/uploads\/2024\/10\/IMG_2386.jpeg","keywords":["Burkina Faso","Foncier","Habitat","Permis urbain d\u2019habitation","PUH","Urbanisme"],"articleSection":["DEVELOPPEMENT"],"inLanguage":"fr-FR","potentialAction":[{"@type":"CommentAction","name":"Comment","target":["https:\/\/voxsahel.com\/?p=686#respond"]}]},{"@type":"WebPage","@id":"https:\/\/voxsahel.com\/?p=686","url":"https:\/\/voxsahel.com\/?p=686","name":"Burkina : Reprise de l'op\u00e9ration sp\u00e9ciale de d\u00e9livrance de Permis urbains d'habiter et d'attestations d'attribution de parcelle - Vox Sahel","isPartOf":{"@id":"https:\/\/voxsahel.com\/#website"},"primaryImageOfPage":{"@id":"https:\/\/voxsahel.com\/?p=686#primaryimage"},"image":{"@id":"https:\/\/voxsahel.com\/?p=686#primaryimage"},"thumbnailUrl":"https:\/\/voxsahel.com\/wp-content\/uploads\/2024\/10\/IMG_2386.jpeg","datePublished":"2024-10-23T15:49:50+00:00","dateModified":"2024-10-23T15:54:10+00:00","breadcrumb":{"@id":"https:\/\/voxsahel.com\/?p=686#breadcrumb"},"inLanguage":"fr-FR","potentialAction":[{"@type":"ReadAction","target":["https:\/\/voxsahel.com\/?p=686"]}]},{"@type":"ImageObject","inLanguage":"fr-FR","@id":"https:\/\/voxsahel.com\/?p=686#primaryimage","url":"https:\/\/voxsahel.com\/wp-content\/uploads\/2024\/10\/IMG_2386.jpeg","contentUrl":"https:\/\/voxsahel.com\/wp-content\/uploads\/2024\/10\/IMG_2386.jpeg","width":1170,"height":1498},{"@type":"BreadcrumbList","@id":"https:\/\/voxsahel.com\/?p=686#breadcrumb","itemListElement":[{"@type":"ListItem","position":1,"name":"Home","item":"https:\/\/voxsahel.com\/"},{"@type":"ListItem","position":2,"name":"Burkina : Reprise de l&rsquo;op\u00e9ration sp\u00e9ciale de d\u00e9livrance de Permis urbains d&rsquo;habiter et d&rsquo;attestations d&rsquo;attribution de parcelle"}]},{"@type":"WebSite","@id":"https:\/\/voxsahel.com\/#website","url":"https:\/\/voxsahel.com\/","name":"Vox Sahel","description":"Informez-vous sur le Sahel en un clic","publisher":{"@id":"https:\/\/voxsahel.com\/#organization"},"potentialAction":[{"@type":"SearchAction","target":{"@type":"EntryPoint","urlTemplate":"https:\/\/voxsahel.com\/?s={search_term_string}"},"query-input":{"@type":"PropertyValueSpecification","valueRequired":true,"valueName":"search_term_string"}}],"inLanguage":"fr-FR"},{"@type":"Organization","@id":"https:\/\/voxsahel.com\/#organization","name":"Vox Sahel","url":"https:\/\/voxsahel.com\/","logo":{"@type":"ImageObject","inLanguage":"fr-FR","@id":"https:\/\/voxsahel.com\/#\/schema\/logo\/image\/","url":"https:\/\/voxsahel.com\/wp-content\/uploads\/2024\/09\/Logo-Vox-Sahel.jpg","contentUrl":"https:\/\/voxsahel.com\/wp-content\/uploads\/2024\/09\/Logo-Vox-Sahel.jpg","width":1181,"height":848,"caption":"Vox Sahel"},"image":{"@id":"https:\/\/voxsahel.com\/#\/schema\/logo\/image\/"},"sameAs":["https:\/\/www.facebook.com\/journal.voxsahel"]},{"@type":"Person","@id":"https:\/\/voxsahel.com\/#\/schema\/person\/b4043608248f8fa227cd760e7ff1e19e","name":"Vox Sahel","image":{"@type":"ImageObject","inLanguage":"fr-FR","@id":"https:\/\/secure.gravatar.com\/avatar\/f70e7fa0cb9b29d4a7c5788d6eb2e9ab4d3135cbae1c9161810fdf77a8964699?s=96&d=mm&r=g","url":"https:\/\/secure.gravatar.com\/avatar\/f70e7fa0cb9b29d4a7c5788d6eb2e9ab4d3135cbae1c9161810fdf77a8964699?s=96&d=mm&r=g","contentUrl":"https:\/\/secure.gravatar.com\/avatar\/f70e7fa0cb9b29d4a7c5788d6eb2e9ab4d3135cbae1c9161810fdf77a8964699?s=96&d=mm&r=g","caption":"Vox Sahel"},"sameAs":["http:\/\/www.voxsahel.com"],"url":"https:\/\/voxsahel.com\/?author=2"}]}},"_links":{"self":[{"href":"https:\/\/voxsahel.com\/index.php?rest_route=\/wp\/v2\/posts\/686","targetHints":{"allow":["GET"]}}],"collection":[{"href":"https:\/\/voxsahel.com\/index.php?rest_route=\/wp\/v2\/posts"}],"about":[{"href":"https:\/\/voxsahel.com\/index.php?rest_route=\/wp\/v2\/types\/post"}],"author":[{"embeddable":true,"href":"https:\/\/voxsahel.com\/index.php?rest_route=\/wp\/v2\/users\/2"}],"replies":[{"embeddable":true,"href":"https:\/\/voxsahel.com\/index.php?rest_route=%2Fwp%2Fv2%2Fcomments&post=686"}],"version-history":[{"count":1,"href":"https:\/\/voxsahel.com\/index.php?rest_route=\/wp\/v2\/posts\/686\/revisions"}],"predecessor-version":[{"id":688,"href":"https:\/\/voxsahel.com\/index.php?rest_route=\/wp\/v2\/posts\/686\/revisions\/688"}],"wp:featuredmedia":[{"embeddable":true,"href":"https:\/\/voxsahel.com\/index.php?rest_route=\/wp\/v2\/media\/687"}],"wp:attachment":[{"href":"https:\/\/voxsahel.com\/index.php?rest_route=%2Fwp%2Fv2%2Fmedia&parent=686"}],"wp:term":[{"taxonomy":"category","embeddable":true,"href":"https:\/\/voxsahel.com\/index.php?rest_route=%2Fwp%2Fv2%2Fcategories&post=686"},{"taxonomy":"post_tag","embeddable":true,"href":"https:\/\/voxsahel.com\/index.php?rest_route=%2Fwp%2Fv2%2Ftags&post=686"}],"curies":[{"name":"wp","href":"https:\/\/api.w.org\/{rel}","templated":true}]}}