{"id":683,"date":"2024-10-22T17:30:55","date_gmt":"2024-10-22T17:30:55","guid":{"rendered":"https:\/\/voxsahel.com\/?p=683"},"modified":"2024-10-22T17:30:55","modified_gmt":"2024-10-22T17:30:55","slug":"douanes-du-burkina-faso-ouverture-des-soutenances-de-la-30e-promotion-a-lend-sous-le-signe-de-lexcellence-et-de-la-securite","status":"publish","type":"post","link":"https:\/\/voxsahel.com\/?p=683","title":{"rendered":"Douanes du Burkina Faso : Ouverture des soutenances de la 30e promotion \u00e0 l&rsquo;END sous le signe de l&rsquo;excellence et de la s\u00e9curit\u00e9"},"content":{"rendered":"<p>Ce mardi 22 octobre 2024 s\u2019est tenue \u00e0 l&rsquo;\u00c9cole nationale des Douanes (END) la c\u00e9r\u00e9monie officielle d&rsquo;ouverture des soutenances des \u00e9l\u00e8ves inspecteurs des douanes de la 30\u00e8me session. Plac\u00e9e sous la pr\u00e9sidence de Monsieur Vieux Abdoul Rachid Soulama, Secr\u00e9taire g\u00e9n\u00e9ral du Minist\u00e8re de l&rsquo;\u00c9conomie et des Finances (MEF), la c\u00e9r\u00e9monie a r\u00e9uni plusieurs personnalit\u00e9s, dont le Directeur G\u00e9n\u00e9ral des Douanes, le Directeur g\u00e9n\u00e9ral de l&rsquo;END, ainsi que des chefs de service, le corps professoral, des coll\u00e8gues, parents et amis des imp\u00e9trants.<\/p>\n<p>Apr\u00e8s 24 mois de formation intensive, comprenant des \u00e9tapes pratiques, 26 \u00e9l\u00e8ves inspecteurs des douanes originaires du Burkina Faso, du Congo et de la R\u00e9publique Centrafricaine se pr\u00e9sentent pour d\u00e9fendre leurs m\u00e9moires devant un jury compos\u00e9 de personnalit\u00e9s qualifi\u00e9es. Parmi eux, dix (10) Burkinab\u00e8, onze (11) Congolais et cinq (5) Centrafricains, traitant de sujets vari\u00e9s et pertinents pour les administrations douani\u00e8res.<\/p>\n<p>Dans son discours, Monsieur Soulama a tenu \u00e0 remercier chaleureusement les formateurs pour leur contribution \u00e0 la formation de ressources humaines qualifi\u00e9es pour l&rsquo;administration douani\u00e8re. Il a soulign\u00e9 l&rsquo;importance des th\u00e8mes choisis, en lien direct avec les d\u00e9fis actuels des douanes. Parmi ces th\u00e8mes figurent la transition fiscale dans l&rsquo;espace UEMOA, l&rsquo;interconnexion des syst\u00e8mes de gestion du transit, la gestion des prix de transfert au Burkina Faso, l&rsquo;int\u00e9grit\u00e9 au sein des administrations douani\u00e8res et la contribution de la douane \u00e0 la s\u00e9curit\u00e9. .<\/p>\n<p>Le Directeur G\u00e9n\u00e9ral de l&rsquo;END, Adama Ilboudo quant \u00e0 lui, a exprim\u00e9 sa gratitude envers le Ministre de l&rsquo;\u00c9conomie et des Finances ainsi que le Directeur G\u00e9n\u00e9ral des Douanes, pour leur soutien constant aux programmes de formation de l&rsquo;END.<\/p>\n<p>La soutenance inaugurale, pr\u00e9sent\u00e9e par l&rsquo;\u00e9l\u00e8ve inspecteur Aboudramane H\u00e9ma, portrait sur \u00ab La contribution de l&rsquo;administration des douanes \u00e0 la s\u00e9curit\u00e9 et \u00e0 la s\u00fbret\u00e9 au sein de l&rsquo;a\u00e9roport international de Ouagadougou : \u00e9tat des lieux et perspectives \u00bb. Ce travail a \u00e9t\u00e9 particuli\u00e8rement appr\u00e9ci\u00e9 par le jury, avec une note remarquable de 17\/20.<\/p>\n<p>\u00c0 l&rsquo;issue de cette premi\u00e8re \u00e9preuve, le Secr\u00e9taire G\u00e9n\u00e9ral du MEF a exprim\u00e9 le souhait que les m\u00e9moires pr\u00e9sent\u00e9s permettent d&rsquo;apporter des solutions concr\u00e8tes aux difficult\u00e9s rencontr\u00e9es par les douanes du Burkina Faso et de la sous-r\u00e9gion. Il a exhort\u00e9 les \u00e9l\u00e8ves inspecteurs \u00e0 aborder cette derni\u00e8re \u00e9tape avec abn\u00e9gation, en vue d&rsquo;une r\u00e9ussite pleine et enti\u00e8re.\u00a0\u00bb, produire un titre attractif pour cet article<\/p>\n<p style=\"text-align: right;\"><strong>Par Vox Sahel<\/strong><\/p>\n","protected":false},"excerpt":{"rendered":"<p>Ce mardi 22 octobre 2024 s\u2019est tenue \u00e0 l&rsquo;\u00c9cole nationale des Douanes (END) la c\u00e9r\u00e9monie<\/p>\n","protected":false},"author":2,"featured_media":684,"comment_status":"open","ping_status":"open","sticky":false,"template":"","format":"standard","meta":{"_et_pb_use_builder":"","_et_pb_old_content":"","_et_gb_content_width":"","footnotes":""},"categories":[5],"tags":[18,142,146,310],"class_list":["post-683","post","type-post","status-publish","format-standard","has-post-thumbnail","hentry","category-societe","tag-burkina-faso","tag-douane","tag-douanes-du-burkina-faso","tag-organisation-mondiale-des-douanes"],"yoast_head":"<!-- This site is optimized with the Yoast SEO plugin v27.5 - https:\/\/yoast.com\/product\/yoast-seo-wordpress\/ -->\n<title>Douanes du Burkina Faso : Ouverture des soutenances de la 30e promotion \u00e0 l&#039;END sous le signe de l&#039;excellence et de la s\u00e9curit\u00e9 - Vox Sahel<\/title>\n<meta name=\"robots\" content=\"index, follow, max-snippet:-1, max-image-preview:large, max-video-preview:-1\" \/>\n<link rel=\"canonical\" href=\"https:\/\/voxsahel.com\/?p=683\" \/>\n<meta property=\"og:locale\" content=\"fr_FR\" \/>\n<meta property=\"og:type\" content=\"article\" \/>\n<meta property=\"og:title\" content=\"Douanes du Burkina Faso : Ouverture des soutenances de la 30e promotion \u00e0 l&#039;END sous le signe de l&#039;excellence et de la s\u00e9curit\u00e9 - Vox Sahel\" \/>\n<meta property=\"og:description\" content=\"Ce mardi 22 octobre 2024 s\u2019est tenue \u00e0 l&rsquo;\u00c9cole nationale des Douanes (END) la c\u00e9r\u00e9monie\" \/>\n<meta property=\"og:url\" content=\"https:\/\/voxsahel.com\/?p=683\" \/>\n<meta property=\"og:site_name\" content=\"Vox Sahel\" \/>\n<meta property=\"article:publisher\" content=\"https:\/\/www.facebook.com\/journal.voxsahel\" \/>\n<meta property=\"article:published_time\" content=\"2024-10-22T17:30:55+00:00\" \/>\n<meta property=\"og:image\" content=\"https:\/\/voxsahel.com\/wp-content\/uploads\/2024\/10\/Doaune-Soutenance.jpg\" \/>\n\t<meta property=\"og:image:width\" content=\"936\" \/>\n\t<meta property=\"og:image:height\" content=\"624\" \/>\n\t<meta property=\"og:image:type\" content=\"image\/jpeg\" \/>\n<meta name=\"author\" content=\"Vox Sahel\" \/>\n<meta name=\"twitter:card\" content=\"summary_large_image\" \/>\n<meta name=\"twitter:label1\" content=\"\u00c9crit par\" \/>\n\t<meta name=\"twitter:data1\" content=\"Vox Sahel\" \/>\n\t<meta name=\"twitter:label2\" content=\"Dur\u00e9e de lecture estim\u00e9e\" \/>\n\t<meta name=\"twitter:data2\" content=\"3 minutes\" \/>\n<script type=\"application\/ld+json\" class=\"yoast-schema-graph\">{\"@context\":\"https:\\\/\\\/schema.org\",\"@graph\":[{\"@type\":\"Article\",\"@id\":\"https:\\\/\\\/voxsahel.com\\\/?p=683#article\",\"isPartOf\":{\"@id\":\"https:\\\/\\\/voxsahel.com\\\/?p=683\"},\"author\":{\"name\":\"Vox Sahel\",\"@id\":\"https:\\\/\\\/voxsahel.com\\\/#\\\/schema\\\/person\\\/b4043608248f8fa227cd760e7ff1e19e\"},\"headline\":\"Douanes du Burkina Faso : Ouverture des soutenances de la 30e promotion \u00e0 l&rsquo;END sous le signe de l&rsquo;excellence et de la s\u00e9curit\u00e9\",\"datePublished\":\"2024-10-22T17:30:55+00:00\",\"mainEntityOfPage\":{\"@id\":\"https:\\\/\\\/voxsahel.com\\\/?p=683\"},\"wordCount\":474,\"commentCount\":0,\"publisher\":{\"@id\":\"https:\\\/\\\/voxsahel.com\\\/#organization\"},\"image\":{\"@id\":\"https:\\\/\\\/voxsahel.com\\\/?p=683#primaryimage\"},\"thumbnailUrl\":\"https:\\\/\\\/voxsahel.com\\\/wp-content\\\/uploads\\\/2024\\\/10\\\/Doaune-Soutenance.jpg\",\"keywords\":[\"Burkina Faso\",\"Douane\",\"Douanes du Burkina Faso\",\"Organisation mondiale des Douanes\"],\"articleSection\":[\"SOCIETE\"],\"inLanguage\":\"fr-FR\",\"potentialAction\":[{\"@type\":\"CommentAction\",\"name\":\"Comment\",\"target\":[\"https:\\\/\\\/voxsahel.com\\\/?p=683#respond\"]}]},{\"@type\":\"WebPage\",\"@id\":\"https:\\\/\\\/voxsahel.com\\\/?p=683\",\"url\":\"https:\\\/\\\/voxsahel.com\\\/?p=683\",\"name\":\"Douanes du Burkina Faso : Ouverture des soutenances de la 30e promotion \u00e0 l'END sous le signe de l'excellence et de la s\u00e9curit\u00e9 - Vox Sahel\",\"isPartOf\":{\"@id\":\"https:\\\/\\\/voxsahel.com\\\/#website\"},\"primaryImageOfPage\":{\"@id\":\"https:\\\/\\\/voxsahel.com\\\/?p=683#primaryimage\"},\"image\":{\"@id\":\"https:\\\/\\\/voxsahel.com\\\/?p=683#primaryimage\"},\"thumbnailUrl\":\"https:\\\/\\\/voxsahel.com\\\/wp-content\\\/uploads\\\/2024\\\/10\\\/Doaune-Soutenance.jpg\",\"datePublished\":\"2024-10-22T17:30:55+00:00\",\"breadcrumb\":{\"@id\":\"https:\\\/\\\/voxsahel.com\\\/?p=683#breadcrumb\"},\"inLanguage\":\"fr-FR\",\"potentialAction\":[{\"@type\":\"ReadAction\",\"target\":[\"https:\\\/\\\/voxsahel.com\\\/?p=683\"]}]},{\"@type\":\"ImageObject\",\"inLanguage\":\"fr-FR\",\"@id\":\"https:\\\/\\\/voxsahel.com\\\/?p=683#primaryimage\",\"url\":\"https:\\\/\\\/voxsahel.com\\\/wp-content\\\/uploads\\\/2024\\\/10\\\/Doaune-Soutenance.jpg\",\"contentUrl\":\"https:\\\/\\\/voxsahel.com\\\/wp-content\\\/uploads\\\/2024\\\/10\\\/Doaune-Soutenance.jpg\",\"width\":936,\"height\":624,\"caption\":\"Douanes du Burkina Faso : Ouverture des soutenances de la 30e promotion \u00e0 l'END sous le signe de l'excellence et de la s\u00e9curit\u00e9\"},{\"@type\":\"BreadcrumbList\",\"@id\":\"https:\\\/\\\/voxsahel.com\\\/?p=683#breadcrumb\",\"itemListElement\":[{\"@type\":\"ListItem\",\"position\":1,\"name\":\"Home\",\"item\":\"https:\\\/\\\/voxsahel.com\\\/\"},{\"@type\":\"ListItem\",\"position\":2,\"name\":\"Douanes du Burkina Faso : Ouverture des soutenances de la 30e promotion \u00e0 l&rsquo;END sous le signe de l&rsquo;excellence et de la s\u00e9curit\u00e9\"}]},{\"@type\":\"WebSite\",\"@id\":\"https:\\\/\\\/voxsahel.com\\\/#website\",\"url\":\"https:\\\/\\\/voxsahel.com\\\/\",\"name\":\"Vox Sahel\",\"description\":\"Informez-vous sur le Sahel en un clic\",\"publisher\":{\"@id\":\"https:\\\/\\\/voxsahel.com\\\/#organization\"},\"potentialAction\":[{\"@type\":\"SearchAction\",\"target\":{\"@type\":\"EntryPoint\",\"urlTemplate\":\"https:\\\/\\\/voxsahel.com\\\/?s={search_term_string}\"},\"query-input\":{\"@type\":\"PropertyValueSpecification\",\"valueRequired\":true,\"valueName\":\"search_term_string\"}}],\"inLanguage\":\"fr-FR\"},{\"@type\":\"Organization\",\"@id\":\"https:\\\/\\\/voxsahel.com\\\/#organization\",\"name\":\"Vox Sahel\",\"url\":\"https:\\\/\\\/voxsahel.com\\\/\",\"logo\":{\"@type\":\"ImageObject\",\"inLanguage\":\"fr-FR\",\"@id\":\"https:\\\/\\\/voxsahel.com\\\/#\\\/schema\\\/logo\\\/image\\\/\",\"url\":\"https:\\\/\\\/voxsahel.com\\\/wp-content\\\/uploads\\\/2024\\\/09\\\/Logo-Vox-Sahel.jpg\",\"contentUrl\":\"https:\\\/\\\/voxsahel.com\\\/wp-content\\\/uploads\\\/2024\\\/09\\\/Logo-Vox-Sahel.jpg\",\"width\":1181,\"height\":848,\"caption\":\"Vox Sahel\"},\"image\":{\"@id\":\"https:\\\/\\\/voxsahel.com\\\/#\\\/schema\\\/logo\\\/image\\\/\"},\"sameAs\":[\"https:\\\/\\\/www.facebook.com\\\/journal.voxsahel\"]},{\"@type\":\"Person\",\"@id\":\"https:\\\/\\\/voxsahel.com\\\/#\\\/schema\\\/person\\\/b4043608248f8fa227cd760e7ff1e19e\",\"name\":\"Vox Sahel\",\"image\":{\"@type\":\"ImageObject\",\"inLanguage\":\"fr-FR\",\"@id\":\"https:\\\/\\\/secure.gravatar.com\\\/avatar\\\/f70e7fa0cb9b29d4a7c5788d6eb2e9ab4d3135cbae1c9161810fdf77a8964699?s=96&d=mm&r=g\",\"url\":\"https:\\\/\\\/secure.gravatar.com\\\/avatar\\\/f70e7fa0cb9b29d4a7c5788d6eb2e9ab4d3135cbae1c9161810fdf77a8964699?s=96&d=mm&r=g\",\"contentUrl\":\"https:\\\/\\\/secure.gravatar.com\\\/avatar\\\/f70e7fa0cb9b29d4a7c5788d6eb2e9ab4d3135cbae1c9161810fdf77a8964699?s=96&d=mm&r=g\",\"caption\":\"Vox Sahel\"},\"sameAs\":[\"http:\\\/\\\/www.voxsahel.com\"],\"url\":\"https:\\\/\\\/voxsahel.com\\\/?author=2\"}]}<\/script>\n<!-- \/ Yoast SEO plugin. -->","yoast_head_json":{"title":"Douanes du Burkina Faso : Ouverture des soutenances de la 30e promotion \u00e0 l'END sous le signe de l'excellence et de la s\u00e9curit\u00e9 - Vox Sahel","robots":{"index":"index","follow":"follow","max-snippet":"max-snippet:-1","max-image-preview":"max-image-preview:large","max-video-preview":"max-video-preview:-1"},"canonical":"https:\/\/voxsahel.com\/?p=683","og_locale":"fr_FR","og_type":"article","og_title":"Douanes du Burkina Faso : Ouverture des soutenances de la 30e promotion \u00e0 l'END sous le signe de l'excellence et de la s\u00e9curit\u00e9 - Vox Sahel","og_description":"Ce mardi 22 octobre 2024 s\u2019est tenue \u00e0 l&rsquo;\u00c9cole nationale des Douanes (END) la c\u00e9r\u00e9monie","og_url":"https:\/\/voxsahel.com\/?p=683","og_site_name":"Vox Sahel","article_publisher":"https:\/\/www.facebook.com\/journal.voxsahel","article_published_time":"2024-10-22T17:30:55+00:00","og_image":[{"width":936,"height":624,"url":"https:\/\/voxsahel.com\/wp-content\/uploads\/2024\/10\/Doaune-Soutenance.jpg","type":"image\/jpeg"}],"author":"Vox Sahel","twitter_card":"summary_large_image","twitter_misc":{"\u00c9crit par":"Vox Sahel","Dur\u00e9e de lecture estim\u00e9e":"3 minutes"},"schema":{"@context":"https:\/\/schema.org","@graph":[{"@type":"Article","@id":"https:\/\/voxsahel.com\/?p=683#article","isPartOf":{"@id":"https:\/\/voxsahel.com\/?p=683"},"author":{"name":"Vox Sahel","@id":"https:\/\/voxsahel.com\/#\/schema\/person\/b4043608248f8fa227cd760e7ff1e19e"},"headline":"Douanes du Burkina Faso : Ouverture des soutenances de la 30e promotion \u00e0 l&rsquo;END sous le signe de l&rsquo;excellence et de la s\u00e9curit\u00e9","datePublished":"2024-10-22T17:30:55+00:00","mainEntityOfPage":{"@id":"https:\/\/voxsahel.com\/?p=683"},"wordCount":474,"commentCount":0,"publisher":{"@id":"https:\/\/voxsahel.com\/#organization"},"image":{"@id":"https:\/\/voxsahel.com\/?p=683#primaryimage"},"thumbnailUrl":"https:\/\/voxsahel.com\/wp-content\/uploads\/2024\/10\/Doaune-Soutenance.jpg","keywords":["Burkina Faso","Douane","Douanes du Burkina Faso","Organisation mondiale des Douanes"],"articleSection":["SOCIETE"],"inLanguage":"fr-FR","potentialAction":[{"@type":"CommentAction","name":"Comment","target":["https:\/\/voxsahel.com\/?p=683#respond"]}]},{"@type":"WebPage","@id":"https:\/\/voxsahel.com\/?p=683","url":"https:\/\/voxsahel.com\/?p=683","name":"Douanes du Burkina Faso : Ouverture des soutenances de la 30e promotion \u00e0 l'END sous le signe de l'excellence et de la s\u00e9curit\u00e9 - Vox Sahel","isPartOf":{"@id":"https:\/\/voxsahel.com\/#website"},"primaryImageOfPage":{"@id":"https:\/\/voxsahel.com\/?p=683#primaryimage"},"image":{"@id":"https:\/\/voxsahel.com\/?p=683#primaryimage"},"thumbnailUrl":"https:\/\/voxsahel.com\/wp-content\/uploads\/2024\/10\/Doaune-Soutenance.jpg","datePublished":"2024-10-22T17:30:55+00:00","breadcrumb":{"@id":"https:\/\/voxsahel.com\/?p=683#breadcrumb"},"inLanguage":"fr-FR","potentialAction":[{"@type":"ReadAction","target":["https:\/\/voxsahel.com\/?p=683"]}]},{"@type":"ImageObject","inLanguage":"fr-FR","@id":"https:\/\/voxsahel.com\/?p=683#primaryimage","url":"https:\/\/voxsahel.com\/wp-content\/uploads\/2024\/10\/Doaune-Soutenance.jpg","contentUrl":"https:\/\/voxsahel.com\/wp-content\/uploads\/2024\/10\/Doaune-Soutenance.jpg","width":936,"height":624,"caption":"Douanes du Burkina Faso : Ouverture des soutenances de la 30e promotion \u00e0 l'END sous le signe de l'excellence et de la s\u00e9curit\u00e9"},{"@type":"BreadcrumbList","@id":"https:\/\/voxsahel.com\/?p=683#breadcrumb","itemListElement":[{"@type":"ListItem","position":1,"name":"Home","item":"https:\/\/voxsahel.com\/"},{"@type":"ListItem","position":2,"name":"Douanes du Burkina Faso : Ouverture des soutenances de la 30e promotion \u00e0 l&rsquo;END sous le signe de l&rsquo;excellence et de la s\u00e9curit\u00e9"}]},{"@type":"WebSite","@id":"https:\/\/voxsahel.com\/#website","url":"https:\/\/voxsahel.com\/","name":"Vox Sahel","description":"Informez-vous sur le Sahel en un clic","publisher":{"@id":"https:\/\/voxsahel.com\/#organization"},"potentialAction":[{"@type":"SearchAction","target":{"@type":"EntryPoint","urlTemplate":"https:\/\/voxsahel.com\/?s={search_term_string}"},"query-input":{"@type":"PropertyValueSpecification","valueRequired":true,"valueName":"search_term_string"}}],"inLanguage":"fr-FR"},{"@type":"Organization","@id":"https:\/\/voxsahel.com\/#organization","name":"Vox Sahel","url":"https:\/\/voxsahel.com\/","logo":{"@type":"ImageObject","inLanguage":"fr-FR","@id":"https:\/\/voxsahel.com\/#\/schema\/logo\/image\/","url":"https:\/\/voxsahel.com\/wp-content\/uploads\/2024\/09\/Logo-Vox-Sahel.jpg","contentUrl":"https:\/\/voxsahel.com\/wp-content\/uploads\/2024\/09\/Logo-Vox-Sahel.jpg","width":1181,"height":848,"caption":"Vox Sahel"},"image":{"@id":"https:\/\/voxsahel.com\/#\/schema\/logo\/image\/"},"sameAs":["https:\/\/www.facebook.com\/journal.voxsahel"]},{"@type":"Person","@id":"https:\/\/voxsahel.com\/#\/schema\/person\/b4043608248f8fa227cd760e7ff1e19e","name":"Vox Sahel","image":{"@type":"ImageObject","inLanguage":"fr-FR","@id":"https:\/\/secure.gravatar.com\/avatar\/f70e7fa0cb9b29d4a7c5788d6eb2e9ab4d3135cbae1c9161810fdf77a8964699?s=96&d=mm&r=g","url":"https:\/\/secure.gravatar.com\/avatar\/f70e7fa0cb9b29d4a7c5788d6eb2e9ab4d3135cbae1c9161810fdf77a8964699?s=96&d=mm&r=g","contentUrl":"https:\/\/secure.gravatar.com\/avatar\/f70e7fa0cb9b29d4a7c5788d6eb2e9ab4d3135cbae1c9161810fdf77a8964699?s=96&d=mm&r=g","caption":"Vox Sahel"},"sameAs":["http:\/\/www.voxsahel.com"],"url":"https:\/\/voxsahel.com\/?author=2"}]}},"_links":{"self":[{"href":"https:\/\/voxsahel.com\/index.php?rest_route=\/wp\/v2\/posts\/683","targetHints":{"allow":["GET"]}}],"collection":[{"href":"https:\/\/voxsahel.com\/index.php?rest_route=\/wp\/v2\/posts"}],"about":[{"href":"https:\/\/voxsahel.com\/index.php?rest_route=\/wp\/v2\/types\/post"}],"author":[{"embeddable":true,"href":"https:\/\/voxsahel.com\/index.php?rest_route=\/wp\/v2\/users\/2"}],"replies":[{"embeddable":true,"href":"https:\/\/voxsahel.com\/index.php?rest_route=%2Fwp%2Fv2%2Fcomments&post=683"}],"version-history":[{"count":1,"href":"https:\/\/voxsahel.com\/index.php?rest_route=\/wp\/v2\/posts\/683\/revisions"}],"predecessor-version":[{"id":685,"href":"https:\/\/voxsahel.com\/index.php?rest_route=\/wp\/v2\/posts\/683\/revisions\/685"}],"wp:featuredmedia":[{"embeddable":true,"href":"https:\/\/voxsahel.com\/index.php?rest_route=\/wp\/v2\/media\/684"}],"wp:attachment":[{"href":"https:\/\/voxsahel.com\/index.php?rest_route=%2Fwp%2Fv2%2Fmedia&parent=683"}],"wp:term":[{"taxonomy":"category","embeddable":true,"href":"https:\/\/voxsahel.com\/index.php?rest_route=%2Fwp%2Fv2%2Fcategories&post=683"},{"taxonomy":"post_tag","embeddable":true,"href":"https:\/\/voxsahel.com\/index.php?rest_route=%2Fwp%2Fv2%2Ftags&post=683"}],"curies":[{"name":"wp","href":"https:\/\/api.w.org\/{rel}","templated":true}]}}