{"id":674,"date":"2024-10-22T06:50:20","date_gmt":"2024-10-22T06:50:20","guid":{"rendered":"https:\/\/voxsahel.com\/?p=674"},"modified":"2024-10-22T06:50:20","modified_gmt":"2024-10-22T06:50:20","slug":"burkina-ouagadougou-prete-a-accueillir-la-17e-edition-du-salon-international-de-lartisanat","status":"publish","type":"post","link":"https:\/\/voxsahel.com\/?p=674","title":{"rendered":"Burkina\u00a0: Ouagadougou pr\u00eate \u00e0 accueillir la 17e \u00e9dition du Salon International de l&rsquo;Artisanat"},"content":{"rendered":"<p>Du 25 octobre au 3 novembre 2024, Ouagadougou deviendra la capitale africaine de l&rsquo;artisanat \u00e0 l&rsquo;occasion de la 17e \u00e9dition du Salon International de l&rsquo;Artisanat de Ouagadougou (SIAO). Cet \u00e9v\u00e9nement majeur rassemblera 30 pays, avec environ 4 000 exposants et une affluence estim\u00e9e \u00e0 350 000 visiteurs. Cette ann\u00e9e, le th\u00e8me choisi, \u00ab Artisanat africain, entrepreneuriat des jeunes et autonomisation \u00bb, a mis en lumi\u00e8re l&rsquo;importance de l&rsquo;artisanat dans la cr\u00e9ation d&rsquo;opportunit\u00e9s \u00e9conomiques, particuli\u00e8rement pour la jeunesse.<\/p>\n<p>Le lundi 21 octobre 2024, Serge Poda, ministre du Commerce, de l&rsquo;Industrie et de l&rsquo;Artisanat, s&rsquo;est rendu sur le site du SIAO pour \u00e9valuer l&rsquo;avanc\u00e9e des pr\u00e9paratifs. \u00ab Le comit\u00e9 d&rsquo;organisation est pr\u00eat \u00e0 plus de 90 %. Il ne reste que quelques ajustements \u00e0 faire afin que d&rsquo;ici \u00e0 vendredi, nous soyons totalement pr\u00eats \u00e0 accueillir les exposants et les visiteurs \u00bb, a-t-il d\u00e9clar\u00e9 apr\u00e8s une r\u00e9union avec le Comit\u00e9 National d&rsquo;Organisation (CNO). Le ministre a exprim\u00e9 sa confiance quant \u00e0 la bonne tenue de l&rsquo;\u00e9v\u00e9nement et a rappel\u00e9 l&rsquo;importance de l&rsquo;artisanat pour l&rsquo;\u00e9conomie africaine.<\/p>\n<p>Le SIAO 2024 s&rsquo;annonce riche en nouveaut\u00e9s. Parmi les innovations marquantes de cette \u00e9dition figurent les ateliers vivants, o\u00f9 les artisans auront l&rsquo;occasion de cr\u00e9er des \u0153uvres sous les yeux des visiteurs. Ces ateliers permettront de sensibiliser le public aux processus de fabrication artisanale. Un espace \u00ab SIAO kid \u00bb sera \u00e9galement mis en place, offrant aux plus jeunes la possibilit\u00e9 de d\u00e9couvrir et de s&rsquo;immerger dans l&rsquo;univers de l&rsquo;artisanat.<\/p>\n<p>Les mesures de s\u00e9curit\u00e9 ont \u00e9t\u00e9 renforc\u00e9es pour garantir le bon d\u00e9roulement du salon. \u00ab Toutes les dispositions sont prises pour assurer la tranquillit\u00e9 et la s\u00e9curit\u00e9 des participants. Nous voulons que chacun puisse profiter pleinement de cette grande f\u00eate de l&rsquo;artisanat africain \u00bb, a affirm\u00e9 Serge Poda.<\/p>\n<p>Le SIAO est une plateforme incontournable pour les artisans africains, offrant une vitrine mondiale \u00e0 leur savoir-faire et encourageant le d\u00e9veloppement \u00e9conomique \u00e0 travers l&rsquo;entrepreneuriat artisanal. Cette 17e \u00e9dition promet d&rsquo;\u00eatre une r\u00e9ussite, contribuant ainsi \u00e0 la promotion de l&rsquo;artisanat et \u00e0 l&rsquo;autonomisation des jeunes, tout en renfor\u00e7ant les \u00e9changes entre les diff\u00e9rents pays participants.<\/p>\n<p style=\"text-align: right;\"><strong>Par Vox Sahel\u00a0<\/strong><\/p>\n","protected":false},"excerpt":{"rendered":"<p>Du 25 octobre au 3 novembre 2024, Ouagadougou deviendra la capitale africaine de l&rsquo;artisanat \u00e0<\/p>\n","protected":false},"author":2,"featured_media":675,"comment_status":"open","ping_status":"open","sticky":false,"template":"","format":"standard","meta":{"_et_pb_use_builder":"","_et_pb_old_content":"","_et_gb_content_width":"","footnotes":""},"categories":[13],"tags":[68,18,65,66,67],"class_list":["post-674","post","type-post","status-publish","format-standard","has-post-thumbnail","hentry","category-culture","tag-artisanat","tag-burkina-faso","tag-culture","tag-salon-international-de-lartisanat-de-ouagadougou","tag-siao"],"yoast_head":"<!-- This site is optimized with the Yoast SEO plugin v27.5 - https:\/\/yoast.com\/product\/yoast-seo-wordpress\/ -->\n<title>Burkina\u00a0: Ouagadougou pr\u00eate \u00e0 accueillir la 17e \u00e9dition du Salon International de l&#039;Artisanat - Vox Sahel<\/title>\n<meta name=\"robots\" content=\"index, follow, max-snippet:-1, max-image-preview:large, max-video-preview:-1\" \/>\n<link rel=\"canonical\" href=\"https:\/\/voxsahel.com\/?p=674\" \/>\n<meta property=\"og:locale\" content=\"fr_FR\" \/>\n<meta property=\"og:type\" content=\"article\" \/>\n<meta property=\"og:title\" content=\"Burkina\u00a0: Ouagadougou pr\u00eate \u00e0 accueillir la 17e \u00e9dition du Salon International de l&#039;Artisanat - Vox Sahel\" \/>\n<meta property=\"og:description\" content=\"Du 25 octobre au 3 novembre 2024, Ouagadougou deviendra la capitale africaine de l&rsquo;artisanat \u00e0\" \/>\n<meta property=\"og:url\" content=\"https:\/\/voxsahel.com\/?p=674\" \/>\n<meta property=\"og:site_name\" content=\"Vox Sahel\" \/>\n<meta property=\"article:publisher\" content=\"https:\/\/www.facebook.com\/journal.voxsahel\" \/>\n<meta property=\"article:published_time\" content=\"2024-10-22T06:50:20+00:00\" \/>\n<meta property=\"og:image\" content=\"https:\/\/voxsahel.com\/wp-content\/uploads\/2024\/10\/SIA-2024.jpg\" \/>\n\t<meta property=\"og:image:width\" content=\"787\" \/>\n\t<meta property=\"og:image:height\" content=\"525\" \/>\n\t<meta property=\"og:image:type\" content=\"image\/jpeg\" \/>\n<meta name=\"author\" content=\"Vox Sahel\" \/>\n<meta name=\"twitter:card\" content=\"summary_large_image\" \/>\n<meta name=\"twitter:label1\" content=\"\u00c9crit par\" \/>\n\t<meta name=\"twitter:data1\" content=\"Vox Sahel\" \/>\n\t<meta name=\"twitter:label2\" content=\"Dur\u00e9e de lecture estim\u00e9e\" \/>\n\t<meta name=\"twitter:data2\" content=\"2 minutes\" \/>\n<script type=\"application\/ld+json\" class=\"yoast-schema-graph\">{\"@context\":\"https:\\\/\\\/schema.org\",\"@graph\":[{\"@type\":\"Article\",\"@id\":\"https:\\\/\\\/voxsahel.com\\\/?p=674#article\",\"isPartOf\":{\"@id\":\"https:\\\/\\\/voxsahel.com\\\/?p=674\"},\"author\":{\"name\":\"Vox Sahel\",\"@id\":\"https:\\\/\\\/voxsahel.com\\\/#\\\/schema\\\/person\\\/b4043608248f8fa227cd760e7ff1e19e\"},\"headline\":\"Burkina\u00a0: Ouagadougou pr\u00eate \u00e0 accueillir la 17e \u00e9dition du Salon International de l&rsquo;Artisanat\",\"datePublished\":\"2024-10-22T06:50:20+00:00\",\"mainEntityOfPage\":{\"@id\":\"https:\\\/\\\/voxsahel.com\\\/?p=674\"},\"wordCount\":386,\"commentCount\":0,\"publisher\":{\"@id\":\"https:\\\/\\\/voxsahel.com\\\/#organization\"},\"image\":{\"@id\":\"https:\\\/\\\/voxsahel.com\\\/?p=674#primaryimage\"},\"thumbnailUrl\":\"https:\\\/\\\/voxsahel.com\\\/wp-content\\\/uploads\\\/2024\\\/10\\\/SIA-2024.jpg\",\"keywords\":[\"Artisanat\",\"Burkina Faso\",\"Culture\",\"Salon International de l'Artisanat de Ouagadougou\",\"SIAO\"],\"articleSection\":[\"CULTURE\"],\"inLanguage\":\"fr-FR\",\"potentialAction\":[{\"@type\":\"CommentAction\",\"name\":\"Comment\",\"target\":[\"https:\\\/\\\/voxsahel.com\\\/?p=674#respond\"]}]},{\"@type\":\"WebPage\",\"@id\":\"https:\\\/\\\/voxsahel.com\\\/?p=674\",\"url\":\"https:\\\/\\\/voxsahel.com\\\/?p=674\",\"name\":\"Burkina\u00a0: Ouagadougou pr\u00eate \u00e0 accueillir la 17e \u00e9dition du Salon International de l'Artisanat - Vox Sahel\",\"isPartOf\":{\"@id\":\"https:\\\/\\\/voxsahel.com\\\/#website\"},\"primaryImageOfPage\":{\"@id\":\"https:\\\/\\\/voxsahel.com\\\/?p=674#primaryimage\"},\"image\":{\"@id\":\"https:\\\/\\\/voxsahel.com\\\/?p=674#primaryimage\"},\"thumbnailUrl\":\"https:\\\/\\\/voxsahel.com\\\/wp-content\\\/uploads\\\/2024\\\/10\\\/SIA-2024.jpg\",\"datePublished\":\"2024-10-22T06:50:20+00:00\",\"breadcrumb\":{\"@id\":\"https:\\\/\\\/voxsahel.com\\\/?p=674#breadcrumb\"},\"inLanguage\":\"fr-FR\",\"potentialAction\":[{\"@type\":\"ReadAction\",\"target\":[\"https:\\\/\\\/voxsahel.com\\\/?p=674\"]}]},{\"@type\":\"ImageObject\",\"inLanguage\":\"fr-FR\",\"@id\":\"https:\\\/\\\/voxsahel.com\\\/?p=674#primaryimage\",\"url\":\"https:\\\/\\\/voxsahel.com\\\/wp-content\\\/uploads\\\/2024\\\/10\\\/SIA-2024.jpg\",\"contentUrl\":\"https:\\\/\\\/voxsahel.com\\\/wp-content\\\/uploads\\\/2024\\\/10\\\/SIA-2024.jpg\",\"width\":787,\"height\":525,\"caption\":\"Burkina\u00a0: Ouagadougou pr\u00eate \u00e0 accueillir la 17e \u00e9dition du Salon International de l'Artisanat\"},{\"@type\":\"BreadcrumbList\",\"@id\":\"https:\\\/\\\/voxsahel.com\\\/?p=674#breadcrumb\",\"itemListElement\":[{\"@type\":\"ListItem\",\"position\":1,\"name\":\"Home\",\"item\":\"https:\\\/\\\/voxsahel.com\\\/\"},{\"@type\":\"ListItem\",\"position\":2,\"name\":\"Burkina\u00a0: Ouagadougou pr\u00eate \u00e0 accueillir la 17e \u00e9dition du Salon International de l&rsquo;Artisanat\"}]},{\"@type\":\"WebSite\",\"@id\":\"https:\\\/\\\/voxsahel.com\\\/#website\",\"url\":\"https:\\\/\\\/voxsahel.com\\\/\",\"name\":\"Vox Sahel\",\"description\":\"Informez-vous sur le Sahel en un clic\",\"publisher\":{\"@id\":\"https:\\\/\\\/voxsahel.com\\\/#organization\"},\"potentialAction\":[{\"@type\":\"SearchAction\",\"target\":{\"@type\":\"EntryPoint\",\"urlTemplate\":\"https:\\\/\\\/voxsahel.com\\\/?s={search_term_string}\"},\"query-input\":{\"@type\":\"PropertyValueSpecification\",\"valueRequired\":true,\"valueName\":\"search_term_string\"}}],\"inLanguage\":\"fr-FR\"},{\"@type\":\"Organization\",\"@id\":\"https:\\\/\\\/voxsahel.com\\\/#organization\",\"name\":\"Vox Sahel\",\"url\":\"https:\\\/\\\/voxsahel.com\\\/\",\"logo\":{\"@type\":\"ImageObject\",\"inLanguage\":\"fr-FR\",\"@id\":\"https:\\\/\\\/voxsahel.com\\\/#\\\/schema\\\/logo\\\/image\\\/\",\"url\":\"https:\\\/\\\/voxsahel.com\\\/wp-content\\\/uploads\\\/2024\\\/09\\\/Logo-Vox-Sahel.jpg\",\"contentUrl\":\"https:\\\/\\\/voxsahel.com\\\/wp-content\\\/uploads\\\/2024\\\/09\\\/Logo-Vox-Sahel.jpg\",\"width\":1181,\"height\":848,\"caption\":\"Vox Sahel\"},\"image\":{\"@id\":\"https:\\\/\\\/voxsahel.com\\\/#\\\/schema\\\/logo\\\/image\\\/\"},\"sameAs\":[\"https:\\\/\\\/www.facebook.com\\\/journal.voxsahel\"]},{\"@type\":\"Person\",\"@id\":\"https:\\\/\\\/voxsahel.com\\\/#\\\/schema\\\/person\\\/b4043608248f8fa227cd760e7ff1e19e\",\"name\":\"Vox Sahel\",\"image\":{\"@type\":\"ImageObject\",\"inLanguage\":\"fr-FR\",\"@id\":\"https:\\\/\\\/secure.gravatar.com\\\/avatar\\\/f70e7fa0cb9b29d4a7c5788d6eb2e9ab4d3135cbae1c9161810fdf77a8964699?s=96&d=mm&r=g\",\"url\":\"https:\\\/\\\/secure.gravatar.com\\\/avatar\\\/f70e7fa0cb9b29d4a7c5788d6eb2e9ab4d3135cbae1c9161810fdf77a8964699?s=96&d=mm&r=g\",\"contentUrl\":\"https:\\\/\\\/secure.gravatar.com\\\/avatar\\\/f70e7fa0cb9b29d4a7c5788d6eb2e9ab4d3135cbae1c9161810fdf77a8964699?s=96&d=mm&r=g\",\"caption\":\"Vox Sahel\"},\"sameAs\":[\"http:\\\/\\\/www.voxsahel.com\"],\"url\":\"https:\\\/\\\/voxsahel.com\\\/?author=2\"}]}<\/script>\n<!-- \/ Yoast SEO plugin. -->","yoast_head_json":{"title":"Burkina\u00a0: Ouagadougou pr\u00eate \u00e0 accueillir la 17e \u00e9dition du Salon International de l'Artisanat - Vox Sahel","robots":{"index":"index","follow":"follow","max-snippet":"max-snippet:-1","max-image-preview":"max-image-preview:large","max-video-preview":"max-video-preview:-1"},"canonical":"https:\/\/voxsahel.com\/?p=674","og_locale":"fr_FR","og_type":"article","og_title":"Burkina\u00a0: Ouagadougou pr\u00eate \u00e0 accueillir la 17e \u00e9dition du Salon International de l'Artisanat - Vox Sahel","og_description":"Du 25 octobre au 3 novembre 2024, Ouagadougou deviendra la capitale africaine de l&rsquo;artisanat \u00e0","og_url":"https:\/\/voxsahel.com\/?p=674","og_site_name":"Vox Sahel","article_publisher":"https:\/\/www.facebook.com\/journal.voxsahel","article_published_time":"2024-10-22T06:50:20+00:00","og_image":[{"width":787,"height":525,"url":"https:\/\/voxsahel.com\/wp-content\/uploads\/2024\/10\/SIA-2024.jpg","type":"image\/jpeg"}],"author":"Vox Sahel","twitter_card":"summary_large_image","twitter_misc":{"\u00c9crit par":"Vox Sahel","Dur\u00e9e de lecture estim\u00e9e":"2 minutes"},"schema":{"@context":"https:\/\/schema.org","@graph":[{"@type":"Article","@id":"https:\/\/voxsahel.com\/?p=674#article","isPartOf":{"@id":"https:\/\/voxsahel.com\/?p=674"},"author":{"name":"Vox Sahel","@id":"https:\/\/voxsahel.com\/#\/schema\/person\/b4043608248f8fa227cd760e7ff1e19e"},"headline":"Burkina\u00a0: Ouagadougou pr\u00eate \u00e0 accueillir la 17e \u00e9dition du Salon International de l&rsquo;Artisanat","datePublished":"2024-10-22T06:50:20+00:00","mainEntityOfPage":{"@id":"https:\/\/voxsahel.com\/?p=674"},"wordCount":386,"commentCount":0,"publisher":{"@id":"https:\/\/voxsahel.com\/#organization"},"image":{"@id":"https:\/\/voxsahel.com\/?p=674#primaryimage"},"thumbnailUrl":"https:\/\/voxsahel.com\/wp-content\/uploads\/2024\/10\/SIA-2024.jpg","keywords":["Artisanat","Burkina Faso","Culture","Salon International de l'Artisanat de Ouagadougou","SIAO"],"articleSection":["CULTURE"],"inLanguage":"fr-FR","potentialAction":[{"@type":"CommentAction","name":"Comment","target":["https:\/\/voxsahel.com\/?p=674#respond"]}]},{"@type":"WebPage","@id":"https:\/\/voxsahel.com\/?p=674","url":"https:\/\/voxsahel.com\/?p=674","name":"Burkina\u00a0: Ouagadougou pr\u00eate \u00e0 accueillir la 17e \u00e9dition du Salon International de l'Artisanat - Vox Sahel","isPartOf":{"@id":"https:\/\/voxsahel.com\/#website"},"primaryImageOfPage":{"@id":"https:\/\/voxsahel.com\/?p=674#primaryimage"},"image":{"@id":"https:\/\/voxsahel.com\/?p=674#primaryimage"},"thumbnailUrl":"https:\/\/voxsahel.com\/wp-content\/uploads\/2024\/10\/SIA-2024.jpg","datePublished":"2024-10-22T06:50:20+00:00","breadcrumb":{"@id":"https:\/\/voxsahel.com\/?p=674#breadcrumb"},"inLanguage":"fr-FR","potentialAction":[{"@type":"ReadAction","target":["https:\/\/voxsahel.com\/?p=674"]}]},{"@type":"ImageObject","inLanguage":"fr-FR","@id":"https:\/\/voxsahel.com\/?p=674#primaryimage","url":"https:\/\/voxsahel.com\/wp-content\/uploads\/2024\/10\/SIA-2024.jpg","contentUrl":"https:\/\/voxsahel.com\/wp-content\/uploads\/2024\/10\/SIA-2024.jpg","width":787,"height":525,"caption":"Burkina\u00a0: Ouagadougou pr\u00eate \u00e0 accueillir la 17e \u00e9dition du Salon International de l'Artisanat"},{"@type":"BreadcrumbList","@id":"https:\/\/voxsahel.com\/?p=674#breadcrumb","itemListElement":[{"@type":"ListItem","position":1,"name":"Home","item":"https:\/\/voxsahel.com\/"},{"@type":"ListItem","position":2,"name":"Burkina\u00a0: Ouagadougou pr\u00eate \u00e0 accueillir la 17e \u00e9dition du Salon International de l&rsquo;Artisanat"}]},{"@type":"WebSite","@id":"https:\/\/voxsahel.com\/#website","url":"https:\/\/voxsahel.com\/","name":"Vox Sahel","description":"Informez-vous sur le Sahel en un clic","publisher":{"@id":"https:\/\/voxsahel.com\/#organization"},"potentialAction":[{"@type":"SearchAction","target":{"@type":"EntryPoint","urlTemplate":"https:\/\/voxsahel.com\/?s={search_term_string}"},"query-input":{"@type":"PropertyValueSpecification","valueRequired":true,"valueName":"search_term_string"}}],"inLanguage":"fr-FR"},{"@type":"Organization","@id":"https:\/\/voxsahel.com\/#organization","name":"Vox Sahel","url":"https:\/\/voxsahel.com\/","logo":{"@type":"ImageObject","inLanguage":"fr-FR","@id":"https:\/\/voxsahel.com\/#\/schema\/logo\/image\/","url":"https:\/\/voxsahel.com\/wp-content\/uploads\/2024\/09\/Logo-Vox-Sahel.jpg","contentUrl":"https:\/\/voxsahel.com\/wp-content\/uploads\/2024\/09\/Logo-Vox-Sahel.jpg","width":1181,"height":848,"caption":"Vox Sahel"},"image":{"@id":"https:\/\/voxsahel.com\/#\/schema\/logo\/image\/"},"sameAs":["https:\/\/www.facebook.com\/journal.voxsahel"]},{"@type":"Person","@id":"https:\/\/voxsahel.com\/#\/schema\/person\/b4043608248f8fa227cd760e7ff1e19e","name":"Vox Sahel","image":{"@type":"ImageObject","inLanguage":"fr-FR","@id":"https:\/\/secure.gravatar.com\/avatar\/f70e7fa0cb9b29d4a7c5788d6eb2e9ab4d3135cbae1c9161810fdf77a8964699?s=96&d=mm&r=g","url":"https:\/\/secure.gravatar.com\/avatar\/f70e7fa0cb9b29d4a7c5788d6eb2e9ab4d3135cbae1c9161810fdf77a8964699?s=96&d=mm&r=g","contentUrl":"https:\/\/secure.gravatar.com\/avatar\/f70e7fa0cb9b29d4a7c5788d6eb2e9ab4d3135cbae1c9161810fdf77a8964699?s=96&d=mm&r=g","caption":"Vox Sahel"},"sameAs":["http:\/\/www.voxsahel.com"],"url":"https:\/\/voxsahel.com\/?author=2"}]}},"_links":{"self":[{"href":"https:\/\/voxsahel.com\/index.php?rest_route=\/wp\/v2\/posts\/674","targetHints":{"allow":["GET"]}}],"collection":[{"href":"https:\/\/voxsahel.com\/index.php?rest_route=\/wp\/v2\/posts"}],"about":[{"href":"https:\/\/voxsahel.com\/index.php?rest_route=\/wp\/v2\/types\/post"}],"author":[{"embeddable":true,"href":"https:\/\/voxsahel.com\/index.php?rest_route=\/wp\/v2\/users\/2"}],"replies":[{"embeddable":true,"href":"https:\/\/voxsahel.com\/index.php?rest_route=%2Fwp%2Fv2%2Fcomments&post=674"}],"version-history":[{"count":1,"href":"https:\/\/voxsahel.com\/index.php?rest_route=\/wp\/v2\/posts\/674\/revisions"}],"predecessor-version":[{"id":676,"href":"https:\/\/voxsahel.com\/index.php?rest_route=\/wp\/v2\/posts\/674\/revisions\/676"}],"wp:featuredmedia":[{"embeddable":true,"href":"https:\/\/voxsahel.com\/index.php?rest_route=\/wp\/v2\/media\/675"}],"wp:attachment":[{"href":"https:\/\/voxsahel.com\/index.php?rest_route=%2Fwp%2Fv2%2Fmedia&parent=674"}],"wp:term":[{"taxonomy":"category","embeddable":true,"href":"https:\/\/voxsahel.com\/index.php?rest_route=%2Fwp%2Fv2%2Fcategories&post=674"},{"taxonomy":"post_tag","embeddable":true,"href":"https:\/\/voxsahel.com\/index.php?rest_route=%2Fwp%2Fv2%2Ftags&post=674"}],"curies":[{"name":"wp","href":"https:\/\/api.w.org\/{rel}","templated":true}]}}