{"id":671,"date":"2024-10-21T19:41:29","date_gmt":"2024-10-21T19:41:29","guid":{"rendered":"https:\/\/voxsahel.com\/?p=671"},"modified":"2024-10-21T19:41:29","modified_gmt":"2024-10-21T19:41:29","slug":"aes-la-confederation-des-peuples-exprime-sa-reconnaissance-a-lambassade-du-burkina-faso-au-mali","status":"publish","type":"post","link":"https:\/\/voxsahel.com\/?p=671","title":{"rendered":"AES : La Conf\u00e9d\u00e9ration des Peuples exprime sa reconnaissance \u00e0 l&rsquo;Ambassade du Burkina Faso au Mali"},"content":{"rendered":"<p class=\"p2\">Une d\u00e9l\u00e9gation de la Conf\u00e9d\u00e9ration des Peuples de l&rsquo;Alliance des \u00c9tats du Sahel (CP-AES), comprenant des repr\u00e9sentants burkinab\u00e8, maliens et nig\u00e9riens, a exprim\u00e9 sa gratitude \u00e0 l&rsquo;Ambassade du Burkina Faso au Mali lors d&rsquo;une visite de courtoisie ce jeudi. Cette rencontre fait suite \u00e0 l&rsquo;officialisation de la CP-AES, qui a eu lieu le 16 septembre, marquant un pas important vers l&rsquo;int\u00e9gration des \u00c9tats du Sahel.<\/p>\n<p class=\"p2\"><span class=\"s2\">La Conf\u00e9d\u00e9ration, qui vise \u00e0 renforcer la coop\u00e9ration et l&rsquo;unit\u00e9 entre les peuples du Sahel, a \u00e9t\u00e9 soutenue activement par l&rsquo;Ambassade du Burkina Faso tout au long du processus de sa cr\u00e9ation. Samou Samuel Kon\u00e9, au nom du Conseil de la CP-AES, a tenu \u00e0 remercier l&rsquo;Ambassade pour son appui d\u00e9terminant. \u00ab Le soutien ind\u00e9fectible de l&rsquo;Ambassade a \u00e9t\u00e9 crucial, permettant de rassembler un grand nombre de Burkinab\u00e8 \u00e0 Bamako pour la c\u00e9r\u00e9monie d&rsquo;officialisation \u00bb, a-t-il d\u00e9clar\u00e9.<\/span><\/p>\n<p class=\"p2\"><span class=\"s2\">Ayouba Ouattara et Nestor Poodass\u00e9, \u00e9galement membres de la d\u00e9l\u00e9gation, ont r\u00e9affirm\u00e9 l&rsquo;importance de cet appui, et d\u00e9montr\u00e9 l&rsquo;engagement du CP-AES \u00e0 promouvoir l&rsquo;int\u00e9gration de tous les peuples de la r\u00e9gion. Pour eux, cette officialisation n&rsquo;est qu&rsquo;une \u00e9tape dans un processus plus large visant \u00e0 consolider les liens entre les communaut\u00e9s sah\u00e9liennes.<\/span><\/p>\n<p class=\"p2\"><span class=\"s2\">Dramane Diabat\u00e9, Conseiller politique \u00e0 l&rsquo;Ambassade, salue cette initiative. \u00ab L&rsquo;appropriation du projet par les populations montre l&rsquo;adh\u00e9sion \u00e0 une vision commune pour le d\u00e9veloppement du Sahel. Les autorit\u00e9s burkinab\u00e8 resteront aux c\u00f4t\u00e9s de la CP-AES pour faciliter les \u00e9changes et soutenir les actions de la Conf\u00e9d\u00e9ration \u00bb, a-t-il ajout\u00e9.<\/span><\/p>\n<p class=\"p2\"><span class=\"s2\">L&rsquo;officialisation de la CP-AES marque un tournant dans les efforts d&rsquo;int\u00e9gration r\u00e9gionale, en symbolisant la volont\u00e9 commune des peuples du Sahel de s&rsquo;unir pour affronter les d\u00e9fis partag\u00e9s, notamment en mati\u00e8re de s\u00e9curit\u00e9, de d\u00e9veloppement \u00e9conomique et de coh\u00e9sion sociale.<\/span><\/p>\n<p class=\"p2\" style=\"text-align: right;\"><span class=\"s2\"><b>Par Vox Sahel <\/b><\/span><\/p>\n","protected":false},"excerpt":{"rendered":"<p>Une d\u00e9l\u00e9gation de la Conf\u00e9d\u00e9ration des Peuples de l&rsquo;Alliance des \u00c9tats du Sahel (CP-AES), comprenant<\/p>\n","protected":false},"author":2,"featured_media":672,"comment_status":"open","ping_status":"open","sticky":false,"template":"","format":"standard","meta":{"_et_pb_use_builder":"","_et_pb_old_content":"","_et_gb_content_width":"","footnotes":""},"categories":[5],"tags":[61,62,18,123,353,31,60],"class_list":["post-671","post","type-post","status-publish","format-standard","has-post-thumbnail","hentry","category-societe","tag-aes","tag-alliance-des-etats-du-sahel","tag-burkina-faso","tag-confederation-de-lalliances-des-etats-du-sahel","tag-confederation-des-peuples-de-lalliance-des-etats-du-sahel","tag-mali","tag-niger"],"yoast_head":"<!-- This site is optimized with the Yoast SEO plugin v27.5 - https:\/\/yoast.com\/product\/yoast-seo-wordpress\/ -->\n<title>AES : La Conf\u00e9d\u00e9ration des Peuples exprime sa reconnaissance \u00e0 l&#039;Ambassade du Burkina Faso au Mali - Vox Sahel<\/title>\n<meta name=\"robots\" content=\"index, follow, max-snippet:-1, max-image-preview:large, max-video-preview:-1\" \/>\n<link rel=\"canonical\" href=\"https:\/\/voxsahel.com\/?p=671\" \/>\n<meta property=\"og:locale\" content=\"fr_FR\" \/>\n<meta property=\"og:type\" content=\"article\" \/>\n<meta property=\"og:title\" content=\"AES : La Conf\u00e9d\u00e9ration des Peuples exprime sa reconnaissance \u00e0 l&#039;Ambassade du Burkina Faso au Mali - Vox Sahel\" \/>\n<meta property=\"og:description\" content=\"Une d\u00e9l\u00e9gation de la Conf\u00e9d\u00e9ration des Peuples de l&rsquo;Alliance des \u00c9tats du Sahel (CP-AES), comprenant\" \/>\n<meta property=\"og:url\" content=\"https:\/\/voxsahel.com\/?p=671\" \/>\n<meta property=\"og:site_name\" content=\"Vox Sahel\" \/>\n<meta property=\"article:publisher\" content=\"https:\/\/www.facebook.com\/journal.voxsahel\" \/>\n<meta property=\"article:published_time\" content=\"2024-10-21T19:41:29+00:00\" \/>\n<meta property=\"og:image\" content=\"https:\/\/voxsahel.com\/wp-content\/uploads\/2024\/10\/810e40d5-2f99-4a4b-bb6e-9c94528f8d62.jpeg\" \/>\n\t<meta property=\"og:image:width\" content=\"1020\" \/>\n\t<meta property=\"og:image:height\" content=\"765\" \/>\n\t<meta property=\"og:image:type\" content=\"image\/jpeg\" \/>\n<meta name=\"author\" content=\"Vox Sahel\" \/>\n<meta name=\"twitter:card\" content=\"summary_large_image\" \/>\n<meta name=\"twitter:label1\" content=\"\u00c9crit par\" \/>\n\t<meta name=\"twitter:data1\" content=\"Vox Sahel\" \/>\n\t<meta name=\"twitter:label2\" content=\"Dur\u00e9e de lecture estim\u00e9e\" \/>\n\t<meta name=\"twitter:data2\" content=\"2 minutes\" \/>\n<script type=\"application\/ld+json\" class=\"yoast-schema-graph\">{\"@context\":\"https:\\\/\\\/schema.org\",\"@graph\":[{\"@type\":\"Article\",\"@id\":\"https:\\\/\\\/voxsahel.com\\\/?p=671#article\",\"isPartOf\":{\"@id\":\"https:\\\/\\\/voxsahel.com\\\/?p=671\"},\"author\":{\"name\":\"Vox Sahel\",\"@id\":\"https:\\\/\\\/voxsahel.com\\\/#\\\/schema\\\/person\\\/b4043608248f8fa227cd760e7ff1e19e\"},\"headline\":\"AES : La Conf\u00e9d\u00e9ration des Peuples exprime sa reconnaissance \u00e0 l&rsquo;Ambassade du Burkina Faso au Mali\",\"datePublished\":\"2024-10-21T19:41:29+00:00\",\"mainEntityOfPage\":{\"@id\":\"https:\\\/\\\/voxsahel.com\\\/?p=671\"},\"wordCount\":350,\"commentCount\":0,\"publisher\":{\"@id\":\"https:\\\/\\\/voxsahel.com\\\/#organization\"},\"image\":{\"@id\":\"https:\\\/\\\/voxsahel.com\\\/?p=671#primaryimage\"},\"thumbnailUrl\":\"https:\\\/\\\/voxsahel.com\\\/wp-content\\\/uploads\\\/2024\\\/10\\\/810e40d5-2f99-4a4b-bb6e-9c94528f8d62.jpeg\",\"keywords\":[\"AES\",\"Alliance des \u00c9tats du Sahel\",\"Burkina Faso\",\"Conf\u00e9d\u00e9ration de l\u2019Alliances des \u00c9tats du Sahel\",\"Conf\u00e9d\u00e9ration des Peuples de l'Alliance des \u00c9tats du Sahel\",\"Mali\",\"Niger\"],\"articleSection\":[\"SOCIETE\"],\"inLanguage\":\"fr-FR\",\"potentialAction\":[{\"@type\":\"CommentAction\",\"name\":\"Comment\",\"target\":[\"https:\\\/\\\/voxsahel.com\\\/?p=671#respond\"]}]},{\"@type\":\"WebPage\",\"@id\":\"https:\\\/\\\/voxsahel.com\\\/?p=671\",\"url\":\"https:\\\/\\\/voxsahel.com\\\/?p=671\",\"name\":\"AES : La Conf\u00e9d\u00e9ration des Peuples exprime sa reconnaissance \u00e0 l'Ambassade du Burkina Faso au Mali - Vox Sahel\",\"isPartOf\":{\"@id\":\"https:\\\/\\\/voxsahel.com\\\/#website\"},\"primaryImageOfPage\":{\"@id\":\"https:\\\/\\\/voxsahel.com\\\/?p=671#primaryimage\"},\"image\":{\"@id\":\"https:\\\/\\\/voxsahel.com\\\/?p=671#primaryimage\"},\"thumbnailUrl\":\"https:\\\/\\\/voxsahel.com\\\/wp-content\\\/uploads\\\/2024\\\/10\\\/810e40d5-2f99-4a4b-bb6e-9c94528f8d62.jpeg\",\"datePublished\":\"2024-10-21T19:41:29+00:00\",\"breadcrumb\":{\"@id\":\"https:\\\/\\\/voxsahel.com\\\/?p=671#breadcrumb\"},\"inLanguage\":\"fr-FR\",\"potentialAction\":[{\"@type\":\"ReadAction\",\"target\":[\"https:\\\/\\\/voxsahel.com\\\/?p=671\"]}]},{\"@type\":\"ImageObject\",\"inLanguage\":\"fr-FR\",\"@id\":\"https:\\\/\\\/voxsahel.com\\\/?p=671#primaryimage\",\"url\":\"https:\\\/\\\/voxsahel.com\\\/wp-content\\\/uploads\\\/2024\\\/10\\\/810e40d5-2f99-4a4b-bb6e-9c94528f8d62.jpeg\",\"contentUrl\":\"https:\\\/\\\/voxsahel.com\\\/wp-content\\\/uploads\\\/2024\\\/10\\\/810e40d5-2f99-4a4b-bb6e-9c94528f8d62.jpeg\",\"width\":1020,\"height\":765},{\"@type\":\"BreadcrumbList\",\"@id\":\"https:\\\/\\\/voxsahel.com\\\/?p=671#breadcrumb\",\"itemListElement\":[{\"@type\":\"ListItem\",\"position\":1,\"name\":\"Home\",\"item\":\"https:\\\/\\\/voxsahel.com\\\/\"},{\"@type\":\"ListItem\",\"position\":2,\"name\":\"AES : La Conf\u00e9d\u00e9ration des Peuples exprime sa reconnaissance \u00e0 l&rsquo;Ambassade du Burkina Faso au Mali\"}]},{\"@type\":\"WebSite\",\"@id\":\"https:\\\/\\\/voxsahel.com\\\/#website\",\"url\":\"https:\\\/\\\/voxsahel.com\\\/\",\"name\":\"Vox Sahel\",\"description\":\"Informez-vous sur le Sahel en un clic\",\"publisher\":{\"@id\":\"https:\\\/\\\/voxsahel.com\\\/#organization\"},\"potentialAction\":[{\"@type\":\"SearchAction\",\"target\":{\"@type\":\"EntryPoint\",\"urlTemplate\":\"https:\\\/\\\/voxsahel.com\\\/?s={search_term_string}\"},\"query-input\":{\"@type\":\"PropertyValueSpecification\",\"valueRequired\":true,\"valueName\":\"search_term_string\"}}],\"inLanguage\":\"fr-FR\"},{\"@type\":\"Organization\",\"@id\":\"https:\\\/\\\/voxsahel.com\\\/#organization\",\"name\":\"Vox Sahel\",\"url\":\"https:\\\/\\\/voxsahel.com\\\/\",\"logo\":{\"@type\":\"ImageObject\",\"inLanguage\":\"fr-FR\",\"@id\":\"https:\\\/\\\/voxsahel.com\\\/#\\\/schema\\\/logo\\\/image\\\/\",\"url\":\"https:\\\/\\\/voxsahel.com\\\/wp-content\\\/uploads\\\/2024\\\/09\\\/Logo-Vox-Sahel.jpg\",\"contentUrl\":\"https:\\\/\\\/voxsahel.com\\\/wp-content\\\/uploads\\\/2024\\\/09\\\/Logo-Vox-Sahel.jpg\",\"width\":1181,\"height\":848,\"caption\":\"Vox Sahel\"},\"image\":{\"@id\":\"https:\\\/\\\/voxsahel.com\\\/#\\\/schema\\\/logo\\\/image\\\/\"},\"sameAs\":[\"https:\\\/\\\/www.facebook.com\\\/journal.voxsahel\"]},{\"@type\":\"Person\",\"@id\":\"https:\\\/\\\/voxsahel.com\\\/#\\\/schema\\\/person\\\/b4043608248f8fa227cd760e7ff1e19e\",\"name\":\"Vox Sahel\",\"image\":{\"@type\":\"ImageObject\",\"inLanguage\":\"fr-FR\",\"@id\":\"https:\\\/\\\/secure.gravatar.com\\\/avatar\\\/f70e7fa0cb9b29d4a7c5788d6eb2e9ab4d3135cbae1c9161810fdf77a8964699?s=96&d=mm&r=g\",\"url\":\"https:\\\/\\\/secure.gravatar.com\\\/avatar\\\/f70e7fa0cb9b29d4a7c5788d6eb2e9ab4d3135cbae1c9161810fdf77a8964699?s=96&d=mm&r=g\",\"contentUrl\":\"https:\\\/\\\/secure.gravatar.com\\\/avatar\\\/f70e7fa0cb9b29d4a7c5788d6eb2e9ab4d3135cbae1c9161810fdf77a8964699?s=96&d=mm&r=g\",\"caption\":\"Vox Sahel\"},\"sameAs\":[\"http:\\\/\\\/www.voxsahel.com\"],\"url\":\"https:\\\/\\\/voxsahel.com\\\/?author=2\"}]}<\/script>\n<!-- \/ Yoast SEO plugin. -->","yoast_head_json":{"title":"AES : La Conf\u00e9d\u00e9ration des Peuples exprime sa reconnaissance \u00e0 l'Ambassade du Burkina Faso au Mali - Vox Sahel","robots":{"index":"index","follow":"follow","max-snippet":"max-snippet:-1","max-image-preview":"max-image-preview:large","max-video-preview":"max-video-preview:-1"},"canonical":"https:\/\/voxsahel.com\/?p=671","og_locale":"fr_FR","og_type":"article","og_title":"AES : La Conf\u00e9d\u00e9ration des Peuples exprime sa reconnaissance \u00e0 l'Ambassade du Burkina Faso au Mali - Vox Sahel","og_description":"Une d\u00e9l\u00e9gation de la Conf\u00e9d\u00e9ration des Peuples de l&rsquo;Alliance des \u00c9tats du Sahel (CP-AES), comprenant","og_url":"https:\/\/voxsahel.com\/?p=671","og_site_name":"Vox Sahel","article_publisher":"https:\/\/www.facebook.com\/journal.voxsahel","article_published_time":"2024-10-21T19:41:29+00:00","og_image":[{"width":1020,"height":765,"url":"https:\/\/voxsahel.com\/wp-content\/uploads\/2024\/10\/810e40d5-2f99-4a4b-bb6e-9c94528f8d62.jpeg","type":"image\/jpeg"}],"author":"Vox Sahel","twitter_card":"summary_large_image","twitter_misc":{"\u00c9crit par":"Vox Sahel","Dur\u00e9e de lecture estim\u00e9e":"2 minutes"},"schema":{"@context":"https:\/\/schema.org","@graph":[{"@type":"Article","@id":"https:\/\/voxsahel.com\/?p=671#article","isPartOf":{"@id":"https:\/\/voxsahel.com\/?p=671"},"author":{"name":"Vox Sahel","@id":"https:\/\/voxsahel.com\/#\/schema\/person\/b4043608248f8fa227cd760e7ff1e19e"},"headline":"AES : La Conf\u00e9d\u00e9ration des Peuples exprime sa reconnaissance \u00e0 l&rsquo;Ambassade du Burkina Faso au Mali","datePublished":"2024-10-21T19:41:29+00:00","mainEntityOfPage":{"@id":"https:\/\/voxsahel.com\/?p=671"},"wordCount":350,"commentCount":0,"publisher":{"@id":"https:\/\/voxsahel.com\/#organization"},"image":{"@id":"https:\/\/voxsahel.com\/?p=671#primaryimage"},"thumbnailUrl":"https:\/\/voxsahel.com\/wp-content\/uploads\/2024\/10\/810e40d5-2f99-4a4b-bb6e-9c94528f8d62.jpeg","keywords":["AES","Alliance des \u00c9tats du Sahel","Burkina Faso","Conf\u00e9d\u00e9ration de l\u2019Alliances des \u00c9tats du Sahel","Conf\u00e9d\u00e9ration des Peuples de l'Alliance des \u00c9tats du Sahel","Mali","Niger"],"articleSection":["SOCIETE"],"inLanguage":"fr-FR","potentialAction":[{"@type":"CommentAction","name":"Comment","target":["https:\/\/voxsahel.com\/?p=671#respond"]}]},{"@type":"WebPage","@id":"https:\/\/voxsahel.com\/?p=671","url":"https:\/\/voxsahel.com\/?p=671","name":"AES : La Conf\u00e9d\u00e9ration des Peuples exprime sa reconnaissance \u00e0 l'Ambassade du Burkina Faso au Mali - Vox Sahel","isPartOf":{"@id":"https:\/\/voxsahel.com\/#website"},"primaryImageOfPage":{"@id":"https:\/\/voxsahel.com\/?p=671#primaryimage"},"image":{"@id":"https:\/\/voxsahel.com\/?p=671#primaryimage"},"thumbnailUrl":"https:\/\/voxsahel.com\/wp-content\/uploads\/2024\/10\/810e40d5-2f99-4a4b-bb6e-9c94528f8d62.jpeg","datePublished":"2024-10-21T19:41:29+00:00","breadcrumb":{"@id":"https:\/\/voxsahel.com\/?p=671#breadcrumb"},"inLanguage":"fr-FR","potentialAction":[{"@type":"ReadAction","target":["https:\/\/voxsahel.com\/?p=671"]}]},{"@type":"ImageObject","inLanguage":"fr-FR","@id":"https:\/\/voxsahel.com\/?p=671#primaryimage","url":"https:\/\/voxsahel.com\/wp-content\/uploads\/2024\/10\/810e40d5-2f99-4a4b-bb6e-9c94528f8d62.jpeg","contentUrl":"https:\/\/voxsahel.com\/wp-content\/uploads\/2024\/10\/810e40d5-2f99-4a4b-bb6e-9c94528f8d62.jpeg","width":1020,"height":765},{"@type":"BreadcrumbList","@id":"https:\/\/voxsahel.com\/?p=671#breadcrumb","itemListElement":[{"@type":"ListItem","position":1,"name":"Home","item":"https:\/\/voxsahel.com\/"},{"@type":"ListItem","position":2,"name":"AES : La Conf\u00e9d\u00e9ration des Peuples exprime sa reconnaissance \u00e0 l&rsquo;Ambassade du Burkina Faso au Mali"}]},{"@type":"WebSite","@id":"https:\/\/voxsahel.com\/#website","url":"https:\/\/voxsahel.com\/","name":"Vox Sahel","description":"Informez-vous sur le Sahel en un clic","publisher":{"@id":"https:\/\/voxsahel.com\/#organization"},"potentialAction":[{"@type":"SearchAction","target":{"@type":"EntryPoint","urlTemplate":"https:\/\/voxsahel.com\/?s={search_term_string}"},"query-input":{"@type":"PropertyValueSpecification","valueRequired":true,"valueName":"search_term_string"}}],"inLanguage":"fr-FR"},{"@type":"Organization","@id":"https:\/\/voxsahel.com\/#organization","name":"Vox Sahel","url":"https:\/\/voxsahel.com\/","logo":{"@type":"ImageObject","inLanguage":"fr-FR","@id":"https:\/\/voxsahel.com\/#\/schema\/logo\/image\/","url":"https:\/\/voxsahel.com\/wp-content\/uploads\/2024\/09\/Logo-Vox-Sahel.jpg","contentUrl":"https:\/\/voxsahel.com\/wp-content\/uploads\/2024\/09\/Logo-Vox-Sahel.jpg","width":1181,"height":848,"caption":"Vox Sahel"},"image":{"@id":"https:\/\/voxsahel.com\/#\/schema\/logo\/image\/"},"sameAs":["https:\/\/www.facebook.com\/journal.voxsahel"]},{"@type":"Person","@id":"https:\/\/voxsahel.com\/#\/schema\/person\/b4043608248f8fa227cd760e7ff1e19e","name":"Vox Sahel","image":{"@type":"ImageObject","inLanguage":"fr-FR","@id":"https:\/\/secure.gravatar.com\/avatar\/f70e7fa0cb9b29d4a7c5788d6eb2e9ab4d3135cbae1c9161810fdf77a8964699?s=96&d=mm&r=g","url":"https:\/\/secure.gravatar.com\/avatar\/f70e7fa0cb9b29d4a7c5788d6eb2e9ab4d3135cbae1c9161810fdf77a8964699?s=96&d=mm&r=g","contentUrl":"https:\/\/secure.gravatar.com\/avatar\/f70e7fa0cb9b29d4a7c5788d6eb2e9ab4d3135cbae1c9161810fdf77a8964699?s=96&d=mm&r=g","caption":"Vox Sahel"},"sameAs":["http:\/\/www.voxsahel.com"],"url":"https:\/\/voxsahel.com\/?author=2"}]}},"_links":{"self":[{"href":"https:\/\/voxsahel.com\/index.php?rest_route=\/wp\/v2\/posts\/671","targetHints":{"allow":["GET"]}}],"collection":[{"href":"https:\/\/voxsahel.com\/index.php?rest_route=\/wp\/v2\/posts"}],"about":[{"href":"https:\/\/voxsahel.com\/index.php?rest_route=\/wp\/v2\/types\/post"}],"author":[{"embeddable":true,"href":"https:\/\/voxsahel.com\/index.php?rest_route=\/wp\/v2\/users\/2"}],"replies":[{"embeddable":true,"href":"https:\/\/voxsahel.com\/index.php?rest_route=%2Fwp%2Fv2%2Fcomments&post=671"}],"version-history":[{"count":1,"href":"https:\/\/voxsahel.com\/index.php?rest_route=\/wp\/v2\/posts\/671\/revisions"}],"predecessor-version":[{"id":673,"href":"https:\/\/voxsahel.com\/index.php?rest_route=\/wp\/v2\/posts\/671\/revisions\/673"}],"wp:featuredmedia":[{"embeddable":true,"href":"https:\/\/voxsahel.com\/index.php?rest_route=\/wp\/v2\/media\/672"}],"wp:attachment":[{"href":"https:\/\/voxsahel.com\/index.php?rest_route=%2Fwp%2Fv2%2Fmedia&parent=671"}],"wp:term":[{"taxonomy":"category","embeddable":true,"href":"https:\/\/voxsahel.com\/index.php?rest_route=%2Fwp%2Fv2%2Fcategories&post=671"},{"taxonomy":"post_tag","embeddable":true,"href":"https:\/\/voxsahel.com\/index.php?rest_route=%2Fwp%2Fv2%2Ftags&post=671"}],"curies":[{"name":"wp","href":"https:\/\/api.w.org\/{rel}","templated":true}]}}