{"id":667,"date":"2024-10-21T08:26:39","date_gmt":"2024-10-21T08:26:39","guid":{"rendered":"https:\/\/voxsahel.com\/?p=667"},"modified":"2024-10-21T08:28:40","modified_gmt":"2024-10-21T08:28:40","slug":"renforcement-de-la-cooperation-securitaire-la-coalition-islamique-militaire-contre-le-terrorisme-en-visite-au-burkina-faso","status":"publish","type":"post","link":"https:\/\/voxsahel.com\/?p=667","title":{"rendered":"Renforcement de la coop\u00e9ration s\u00e9curitaire : La Coalition islamique militaire contre le terrorisme en visite au Burkina Faso"},"content":{"rendered":"<p class=\"p1\">Du 13 au 18 octobre 2024, les Forces Arm\u00e9es Nationales du Burkina Faso ont accueilli une d\u00e9l\u00e9gation de la Coalition Islamique Militaire Contre le Terrorisme (CIMCT), conduite par son Secr\u00e9taire G\u00e9n\u00e9ral, le G\u00e9n\u00e9ral de Corps d&rsquo;Arm\u00e9e Mohammed Ben Sa\u00efd Al Moghidi. Cette visite de travail s&rsquo;inscrit dans le cadre du renforcement de la coop\u00e9ration bilat\u00e9rale entre le Burkina Faso et la Coalition pour la lutte contre le terrorisme.<\/p>\n<p class=\"p1\"><span class=\"s1\">Au cours de ces cinq jours, la d\u00e9l\u00e9gation saoudienne a eu des \u00e9changes constructifs avec le ministre d&rsquo;\u00c9tat, ministre de la D\u00e9fense et des Anciens Combattants (MDAC), le G\u00e9n\u00e9ral de Brigade Kassoum Coulibaly. Les discussions ont port\u00e9 sur le partenariat bilat\u00e9ral et les moyens d&rsquo;intensifier l&rsquo;appui aux forces combattantes burkinab\u00e8, confront\u00e9es \u00e0 une menace terroriste persistante dans la r\u00e9gion.<\/span><\/p>\n<p class=\"p1\"><span class=\"s1\">Les efforts conjoints en mati\u00e8re de lutte contre le terrorisme, ainsi que les possibilit\u00e9s de renforcement des capacit\u00e9s des forces arm\u00e9es burkinab\u00e8, ont \u00e9t\u00e9 au c\u0153ur des discussions.<\/span><\/p>\n<p class=\"p1\"><span class=\"s1\">La d\u00e9l\u00e9gation a \u00e9galement rencontr\u00e9 le Chef d&rsquo;\u00c9tat-Major G\u00e9n\u00e9ral des Arm\u00e9es, le G\u00e9n\u00e9ral de Brigade C\u00e9lestin Simpor\u00e9, et son \u00e9tat-major. Les deux parties ont \u00e9chang\u00e9 sur les d\u00e9fis op\u00e9rationnels auxquels sont confront\u00e9es les forces arm\u00e9es burkinab\u00e8 et les opportunit\u00e9s d&rsquo;assistance technique et logistique qu&rsquo;offre la CIMCT.<\/span><\/p>\n<p class=\"p1\"><span class=\"s1\">En marge des rencontres officielles, la d\u00e9l\u00e9gation saoudienne a eu l&rsquo;opportunit\u00e9 de d\u00e9couvrir le patrimoine culturel du Burkina Faso. Les visiteurs ont effectu\u00e9 une visite au m\u00e9morial Thomas Sankara, une figure embl\u00e9matique de l&rsquo;histoire burkinab\u00e8, puis se sont rendus au site de sculptures sur granit de Loango, r\u00e9put\u00e9es pour ses \u0153uvres artistiques uniques. La tourn\u00e9e culturelle s&rsquo;est achev\u00e9e par une visite au village artisanal de Ouagadougou, o\u00f9 ils ont pu appr\u00e9cier l&rsquo;artisanat local.<\/span><\/p>\n<p class=\"p1\"><span class=\"s1\">Cette visite de la CIMCT, avec son engagement pour soutenir les efforts antiterroristes, t\u00e9moigne de la volont\u00e9 partag\u00e9e de renforcer la coop\u00e9ration s\u00e9curitaire et de favoriser la stabilit\u00e9 au Burkina Faso et dans la r\u00e9gion sah\u00e9lienne.<\/span><\/p>\n<p>&nbsp;<\/p>\n<p style=\"text-align: right;\"><b>Par Vox Sahel\u00a0<\/b><\/p>\n","protected":false},"excerpt":{"rendered":"<p>Du 13 au 18 octobre 2024, les Forces Arm\u00e9es Nationales du Burkina Faso ont accueilli<\/p>\n","protected":false},"author":2,"featured_media":668,"comment_status":"open","ping_status":"open","sticky":false,"template":"","format":"standard","meta":{"_et_pb_use_builder":"","_et_pb_old_content":"","_et_gb_content_width":"","footnotes":""},"categories":[8],"tags":[376,18,182,216,20],"class_list":["post-667","post","type-post","status-publish","format-standard","has-post-thumbnail","hentry","category-developpement","tag-arabie-saoudite","tag-burkina-faso","tag-forces-de-defense-et-de-securite","tag-insecurite","tag-terrorisme"],"yoast_head":"<!-- This site is optimized with the Yoast SEO plugin v27.5 - https:\/\/yoast.com\/product\/yoast-seo-wordpress\/ -->\n<title>Renforcement de la coop\u00e9ration s\u00e9curitaire : La Coalition islamique militaire contre le terrorisme en visite au Burkina Faso - Vox Sahel<\/title>\n<meta name=\"robots\" content=\"index, follow, max-snippet:-1, max-image-preview:large, max-video-preview:-1\" \/>\n<link rel=\"canonical\" href=\"https:\/\/voxsahel.com\/?p=667\" \/>\n<meta property=\"og:locale\" content=\"fr_FR\" \/>\n<meta property=\"og:type\" content=\"article\" \/>\n<meta property=\"og:title\" content=\"Renforcement de la coop\u00e9ration s\u00e9curitaire : La Coalition islamique militaire contre le terrorisme en visite au Burkina Faso - Vox Sahel\" \/>\n<meta property=\"og:description\" content=\"Du 13 au 18 octobre 2024, les Forces Arm\u00e9es Nationales du Burkina Faso ont accueilli\" \/>\n<meta property=\"og:url\" content=\"https:\/\/voxsahel.com\/?p=667\" \/>\n<meta property=\"og:site_name\" content=\"Vox Sahel\" \/>\n<meta property=\"article:publisher\" content=\"https:\/\/www.facebook.com\/journal.voxsahel\" \/>\n<meta property=\"article:published_time\" content=\"2024-10-21T08:26:39+00:00\" \/>\n<meta property=\"article:modified_time\" content=\"2024-10-21T08:28:40+00:00\" \/>\n<meta property=\"og:image\" content=\"https:\/\/voxsahel.com\/wp-content\/uploads\/2024\/10\/IMG_1313.jpeg\" \/>\n\t<meta property=\"og:image:width\" content=\"2048\" \/>\n\t<meta property=\"og:image:height\" content=\"1365\" \/>\n\t<meta property=\"og:image:type\" content=\"image\/jpeg\" \/>\n<meta name=\"author\" content=\"Vox Sahel\" \/>\n<meta name=\"twitter:card\" content=\"summary_large_image\" \/>\n<meta name=\"twitter:label1\" content=\"\u00c9crit par\" \/>\n\t<meta name=\"twitter:data1\" content=\"Vox Sahel\" \/>\n\t<meta name=\"twitter:label2\" content=\"Dur\u00e9e de lecture estim\u00e9e\" \/>\n\t<meta name=\"twitter:data2\" content=\"2 minutes\" \/>\n<script type=\"application\/ld+json\" class=\"yoast-schema-graph\">{\"@context\":\"https:\\\/\\\/schema.org\",\"@graph\":[{\"@type\":\"Article\",\"@id\":\"https:\\\/\\\/voxsahel.com\\\/?p=667#article\",\"isPartOf\":{\"@id\":\"https:\\\/\\\/voxsahel.com\\\/?p=667\"},\"author\":{\"name\":\"Vox Sahel\",\"@id\":\"https:\\\/\\\/voxsahel.com\\\/#\\\/schema\\\/person\\\/b4043608248f8fa227cd760e7ff1e19e\"},\"headline\":\"Renforcement de la coop\u00e9ration s\u00e9curitaire : La Coalition islamique militaire contre le terrorisme en visite au Burkina Faso\",\"datePublished\":\"2024-10-21T08:26:39+00:00\",\"dateModified\":\"2024-10-21T08:28:40+00:00\",\"mainEntityOfPage\":{\"@id\":\"https:\\\/\\\/voxsahel.com\\\/?p=667\"},\"wordCount\":395,\"commentCount\":0,\"publisher\":{\"@id\":\"https:\\\/\\\/voxsahel.com\\\/#organization\"},\"image\":{\"@id\":\"https:\\\/\\\/voxsahel.com\\\/?p=667#primaryimage\"},\"thumbnailUrl\":\"https:\\\/\\\/voxsahel.com\\\/wp-content\\\/uploads\\\/2024\\\/10\\\/IMG_1313.jpeg\",\"keywords\":[\"Arabie Saoudite\",\"Burkina Faso\",\"Forces de d\u00e9fense et de s\u00e9curit\u00e9\",\"Ins\u00e9curit\u00e9\",\"Terrorisme\"],\"articleSection\":[\"DEVELOPPEMENT\"],\"inLanguage\":\"fr-FR\",\"potentialAction\":[{\"@type\":\"CommentAction\",\"name\":\"Comment\",\"target\":[\"https:\\\/\\\/voxsahel.com\\\/?p=667#respond\"]}]},{\"@type\":\"WebPage\",\"@id\":\"https:\\\/\\\/voxsahel.com\\\/?p=667\",\"url\":\"https:\\\/\\\/voxsahel.com\\\/?p=667\",\"name\":\"Renforcement de la coop\u00e9ration s\u00e9curitaire : La Coalition islamique militaire contre le terrorisme en visite au Burkina Faso - Vox Sahel\",\"isPartOf\":{\"@id\":\"https:\\\/\\\/voxsahel.com\\\/#website\"},\"primaryImageOfPage\":{\"@id\":\"https:\\\/\\\/voxsahel.com\\\/?p=667#primaryimage\"},\"image\":{\"@id\":\"https:\\\/\\\/voxsahel.com\\\/?p=667#primaryimage\"},\"thumbnailUrl\":\"https:\\\/\\\/voxsahel.com\\\/wp-content\\\/uploads\\\/2024\\\/10\\\/IMG_1313.jpeg\",\"datePublished\":\"2024-10-21T08:26:39+00:00\",\"dateModified\":\"2024-10-21T08:28:40+00:00\",\"breadcrumb\":{\"@id\":\"https:\\\/\\\/voxsahel.com\\\/?p=667#breadcrumb\"},\"inLanguage\":\"fr-FR\",\"potentialAction\":[{\"@type\":\"ReadAction\",\"target\":[\"https:\\\/\\\/voxsahel.com\\\/?p=667\"]}]},{\"@type\":\"ImageObject\",\"inLanguage\":\"fr-FR\",\"@id\":\"https:\\\/\\\/voxsahel.com\\\/?p=667#primaryimage\",\"url\":\"https:\\\/\\\/voxsahel.com\\\/wp-content\\\/uploads\\\/2024\\\/10\\\/IMG_1313.jpeg\",\"contentUrl\":\"https:\\\/\\\/voxsahel.com\\\/wp-content\\\/uploads\\\/2024\\\/10\\\/IMG_1313.jpeg\",\"width\":2048,\"height\":1365},{\"@type\":\"BreadcrumbList\",\"@id\":\"https:\\\/\\\/voxsahel.com\\\/?p=667#breadcrumb\",\"itemListElement\":[{\"@type\":\"ListItem\",\"position\":1,\"name\":\"Home\",\"item\":\"https:\\\/\\\/voxsahel.com\\\/\"},{\"@type\":\"ListItem\",\"position\":2,\"name\":\"Renforcement de la coop\u00e9ration s\u00e9curitaire : La Coalition islamique militaire contre le terrorisme en visite au Burkina Faso\"}]},{\"@type\":\"WebSite\",\"@id\":\"https:\\\/\\\/voxsahel.com\\\/#website\",\"url\":\"https:\\\/\\\/voxsahel.com\\\/\",\"name\":\"Vox Sahel\",\"description\":\"Informez-vous sur le Sahel en un clic\",\"publisher\":{\"@id\":\"https:\\\/\\\/voxsahel.com\\\/#organization\"},\"potentialAction\":[{\"@type\":\"SearchAction\",\"target\":{\"@type\":\"EntryPoint\",\"urlTemplate\":\"https:\\\/\\\/voxsahel.com\\\/?s={search_term_string}\"},\"query-input\":{\"@type\":\"PropertyValueSpecification\",\"valueRequired\":true,\"valueName\":\"search_term_string\"}}],\"inLanguage\":\"fr-FR\"},{\"@type\":\"Organization\",\"@id\":\"https:\\\/\\\/voxsahel.com\\\/#organization\",\"name\":\"Vox Sahel\",\"url\":\"https:\\\/\\\/voxsahel.com\\\/\",\"logo\":{\"@type\":\"ImageObject\",\"inLanguage\":\"fr-FR\",\"@id\":\"https:\\\/\\\/voxsahel.com\\\/#\\\/schema\\\/logo\\\/image\\\/\",\"url\":\"https:\\\/\\\/voxsahel.com\\\/wp-content\\\/uploads\\\/2024\\\/09\\\/Logo-Vox-Sahel.jpg\",\"contentUrl\":\"https:\\\/\\\/voxsahel.com\\\/wp-content\\\/uploads\\\/2024\\\/09\\\/Logo-Vox-Sahel.jpg\",\"width\":1181,\"height\":848,\"caption\":\"Vox Sahel\"},\"image\":{\"@id\":\"https:\\\/\\\/voxsahel.com\\\/#\\\/schema\\\/logo\\\/image\\\/\"},\"sameAs\":[\"https:\\\/\\\/www.facebook.com\\\/journal.voxsahel\"]},{\"@type\":\"Person\",\"@id\":\"https:\\\/\\\/voxsahel.com\\\/#\\\/schema\\\/person\\\/b4043608248f8fa227cd760e7ff1e19e\",\"name\":\"Vox Sahel\",\"image\":{\"@type\":\"ImageObject\",\"inLanguage\":\"fr-FR\",\"@id\":\"https:\\\/\\\/secure.gravatar.com\\\/avatar\\\/f70e7fa0cb9b29d4a7c5788d6eb2e9ab4d3135cbae1c9161810fdf77a8964699?s=96&d=mm&r=g\",\"url\":\"https:\\\/\\\/secure.gravatar.com\\\/avatar\\\/f70e7fa0cb9b29d4a7c5788d6eb2e9ab4d3135cbae1c9161810fdf77a8964699?s=96&d=mm&r=g\",\"contentUrl\":\"https:\\\/\\\/secure.gravatar.com\\\/avatar\\\/f70e7fa0cb9b29d4a7c5788d6eb2e9ab4d3135cbae1c9161810fdf77a8964699?s=96&d=mm&r=g\",\"caption\":\"Vox Sahel\"},\"sameAs\":[\"http:\\\/\\\/www.voxsahel.com\"],\"url\":\"https:\\\/\\\/voxsahel.com\\\/?author=2\"}]}<\/script>\n<!-- \/ Yoast SEO plugin. -->","yoast_head_json":{"title":"Renforcement de la coop\u00e9ration s\u00e9curitaire : La Coalition islamique militaire contre le terrorisme en visite au Burkina Faso - Vox Sahel","robots":{"index":"index","follow":"follow","max-snippet":"max-snippet:-1","max-image-preview":"max-image-preview:large","max-video-preview":"max-video-preview:-1"},"canonical":"https:\/\/voxsahel.com\/?p=667","og_locale":"fr_FR","og_type":"article","og_title":"Renforcement de la coop\u00e9ration s\u00e9curitaire : La Coalition islamique militaire contre le terrorisme en visite au Burkina Faso - Vox Sahel","og_description":"Du 13 au 18 octobre 2024, les Forces Arm\u00e9es Nationales du Burkina Faso ont accueilli","og_url":"https:\/\/voxsahel.com\/?p=667","og_site_name":"Vox Sahel","article_publisher":"https:\/\/www.facebook.com\/journal.voxsahel","article_published_time":"2024-10-21T08:26:39+00:00","article_modified_time":"2024-10-21T08:28:40+00:00","og_image":[{"width":2048,"height":1365,"url":"https:\/\/voxsahel.com\/wp-content\/uploads\/2024\/10\/IMG_1313.jpeg","type":"image\/jpeg"}],"author":"Vox Sahel","twitter_card":"summary_large_image","twitter_misc":{"\u00c9crit par":"Vox Sahel","Dur\u00e9e de lecture estim\u00e9e":"2 minutes"},"schema":{"@context":"https:\/\/schema.org","@graph":[{"@type":"Article","@id":"https:\/\/voxsahel.com\/?p=667#article","isPartOf":{"@id":"https:\/\/voxsahel.com\/?p=667"},"author":{"name":"Vox Sahel","@id":"https:\/\/voxsahel.com\/#\/schema\/person\/b4043608248f8fa227cd760e7ff1e19e"},"headline":"Renforcement de la coop\u00e9ration s\u00e9curitaire : La Coalition islamique militaire contre le terrorisme en visite au Burkina Faso","datePublished":"2024-10-21T08:26:39+00:00","dateModified":"2024-10-21T08:28:40+00:00","mainEntityOfPage":{"@id":"https:\/\/voxsahel.com\/?p=667"},"wordCount":395,"commentCount":0,"publisher":{"@id":"https:\/\/voxsahel.com\/#organization"},"image":{"@id":"https:\/\/voxsahel.com\/?p=667#primaryimage"},"thumbnailUrl":"https:\/\/voxsahel.com\/wp-content\/uploads\/2024\/10\/IMG_1313.jpeg","keywords":["Arabie Saoudite","Burkina Faso","Forces de d\u00e9fense et de s\u00e9curit\u00e9","Ins\u00e9curit\u00e9","Terrorisme"],"articleSection":["DEVELOPPEMENT"],"inLanguage":"fr-FR","potentialAction":[{"@type":"CommentAction","name":"Comment","target":["https:\/\/voxsahel.com\/?p=667#respond"]}]},{"@type":"WebPage","@id":"https:\/\/voxsahel.com\/?p=667","url":"https:\/\/voxsahel.com\/?p=667","name":"Renforcement de la coop\u00e9ration s\u00e9curitaire : La Coalition islamique militaire contre le terrorisme en visite au Burkina Faso - Vox Sahel","isPartOf":{"@id":"https:\/\/voxsahel.com\/#website"},"primaryImageOfPage":{"@id":"https:\/\/voxsahel.com\/?p=667#primaryimage"},"image":{"@id":"https:\/\/voxsahel.com\/?p=667#primaryimage"},"thumbnailUrl":"https:\/\/voxsahel.com\/wp-content\/uploads\/2024\/10\/IMG_1313.jpeg","datePublished":"2024-10-21T08:26:39+00:00","dateModified":"2024-10-21T08:28:40+00:00","breadcrumb":{"@id":"https:\/\/voxsahel.com\/?p=667#breadcrumb"},"inLanguage":"fr-FR","potentialAction":[{"@type":"ReadAction","target":["https:\/\/voxsahel.com\/?p=667"]}]},{"@type":"ImageObject","inLanguage":"fr-FR","@id":"https:\/\/voxsahel.com\/?p=667#primaryimage","url":"https:\/\/voxsahel.com\/wp-content\/uploads\/2024\/10\/IMG_1313.jpeg","contentUrl":"https:\/\/voxsahel.com\/wp-content\/uploads\/2024\/10\/IMG_1313.jpeg","width":2048,"height":1365},{"@type":"BreadcrumbList","@id":"https:\/\/voxsahel.com\/?p=667#breadcrumb","itemListElement":[{"@type":"ListItem","position":1,"name":"Home","item":"https:\/\/voxsahel.com\/"},{"@type":"ListItem","position":2,"name":"Renforcement de la coop\u00e9ration s\u00e9curitaire : La Coalition islamique militaire contre le terrorisme en visite au Burkina Faso"}]},{"@type":"WebSite","@id":"https:\/\/voxsahel.com\/#website","url":"https:\/\/voxsahel.com\/","name":"Vox Sahel","description":"Informez-vous sur le Sahel en un clic","publisher":{"@id":"https:\/\/voxsahel.com\/#organization"},"potentialAction":[{"@type":"SearchAction","target":{"@type":"EntryPoint","urlTemplate":"https:\/\/voxsahel.com\/?s={search_term_string}"},"query-input":{"@type":"PropertyValueSpecification","valueRequired":true,"valueName":"search_term_string"}}],"inLanguage":"fr-FR"},{"@type":"Organization","@id":"https:\/\/voxsahel.com\/#organization","name":"Vox Sahel","url":"https:\/\/voxsahel.com\/","logo":{"@type":"ImageObject","inLanguage":"fr-FR","@id":"https:\/\/voxsahel.com\/#\/schema\/logo\/image\/","url":"https:\/\/voxsahel.com\/wp-content\/uploads\/2024\/09\/Logo-Vox-Sahel.jpg","contentUrl":"https:\/\/voxsahel.com\/wp-content\/uploads\/2024\/09\/Logo-Vox-Sahel.jpg","width":1181,"height":848,"caption":"Vox Sahel"},"image":{"@id":"https:\/\/voxsahel.com\/#\/schema\/logo\/image\/"},"sameAs":["https:\/\/www.facebook.com\/journal.voxsahel"]},{"@type":"Person","@id":"https:\/\/voxsahel.com\/#\/schema\/person\/b4043608248f8fa227cd760e7ff1e19e","name":"Vox Sahel","image":{"@type":"ImageObject","inLanguage":"fr-FR","@id":"https:\/\/secure.gravatar.com\/avatar\/f70e7fa0cb9b29d4a7c5788d6eb2e9ab4d3135cbae1c9161810fdf77a8964699?s=96&d=mm&r=g","url":"https:\/\/secure.gravatar.com\/avatar\/f70e7fa0cb9b29d4a7c5788d6eb2e9ab4d3135cbae1c9161810fdf77a8964699?s=96&d=mm&r=g","contentUrl":"https:\/\/secure.gravatar.com\/avatar\/f70e7fa0cb9b29d4a7c5788d6eb2e9ab4d3135cbae1c9161810fdf77a8964699?s=96&d=mm&r=g","caption":"Vox Sahel"},"sameAs":["http:\/\/www.voxsahel.com"],"url":"https:\/\/voxsahel.com\/?author=2"}]}},"_links":{"self":[{"href":"https:\/\/voxsahel.com\/index.php?rest_route=\/wp\/v2\/posts\/667","targetHints":{"allow":["GET"]}}],"collection":[{"href":"https:\/\/voxsahel.com\/index.php?rest_route=\/wp\/v2\/posts"}],"about":[{"href":"https:\/\/voxsahel.com\/index.php?rest_route=\/wp\/v2\/types\/post"}],"author":[{"embeddable":true,"href":"https:\/\/voxsahel.com\/index.php?rest_route=\/wp\/v2\/users\/2"}],"replies":[{"embeddable":true,"href":"https:\/\/voxsahel.com\/index.php?rest_route=%2Fwp%2Fv2%2Fcomments&post=667"}],"version-history":[{"count":2,"href":"https:\/\/voxsahel.com\/index.php?rest_route=\/wp\/v2\/posts\/667\/revisions"}],"predecessor-version":[{"id":670,"href":"https:\/\/voxsahel.com\/index.php?rest_route=\/wp\/v2\/posts\/667\/revisions\/670"}],"wp:featuredmedia":[{"embeddable":true,"href":"https:\/\/voxsahel.com\/index.php?rest_route=\/wp\/v2\/media\/668"}],"wp:attachment":[{"href":"https:\/\/voxsahel.com\/index.php?rest_route=%2Fwp%2Fv2%2Fmedia&parent=667"}],"wp:term":[{"taxonomy":"category","embeddable":true,"href":"https:\/\/voxsahel.com\/index.php?rest_route=%2Fwp%2Fv2%2Fcategories&post=667"},{"taxonomy":"post_tag","embeddable":true,"href":"https:\/\/voxsahel.com\/index.php?rest_route=%2Fwp%2Fv2%2Ftags&post=667"}],"curies":[{"name":"wp","href":"https:\/\/api.w.org\/{rel}","templated":true}]}}