{"id":655,"date":"2024-10-19T09:50:57","date_gmt":"2024-10-19T09:50:57","guid":{"rendered":"https:\/\/voxsahel.com\/?p=655"},"modified":"2024-10-19T10:47:40","modified_gmt":"2024-10-19T10:47:40","slug":"burkina-madou-dossama-fier-du-parcours-des-etalons-confiant-pour-la-can-2025","status":"publish","type":"post","link":"https:\/\/voxsahel.com\/?p=655","title":{"rendered":"Burkina : Madou Dossama, fier du parcours des Etalons, confiant pour la CAN 2025"},"content":{"rendered":"<p>L\u2019ancien d\u00e9fenseur burkinab\u00e8 <strong><a href=\"https:\/\/www.facebook.com\/Dossattitude2023\"><span style=\"color: #ff6600;\">Madou<\/span> <span style=\"color: #ff6600;\">Dossama<\/span><\/a><\/strong>, demi-finaliste de la CAN 1998, a partag\u00e9 son enthousiasme dans une interview exclusive avec Afrik-Foot.com, au lendemain de la qualification du Burkina Faso pour la CAN 2025. Apr\u00e8s une performance brillante marqu\u00e9e par une double victoire contre le Burundi (4-1, 2-0), les \u00c9talons sont devenus la premi\u00e8re nation africaine \u00e0 se qualifier pour la prochaine Coupe d&rsquo;Afrique des Nations. Dossama exprime sa fiert\u00e9 tout en saluant l\u2019exploit de l\u2019entra\u00eeneur local Brama Traor\u00e9.<\/p>\n<p>Pour Dossama, cette qualification est un motif de grande fiert\u00e9, surtout dans le contexte politique difficile du Burkina Faso. Il loue le travail de Brama Traor\u00e9, qu&rsquo;il a c\u00f4toy\u00e9 comme entra\u00eeneur en 2004. \u00ab C\u2019est une fiert\u00e9 de voir une \u00e9quipe technique locale r\u00e9ussir ce que Brahma a fait, surtout au vu des d\u00e9fis que traverse le pays \u00bb, d\u00e9clare-t-il, impressionn\u00e9 par l\u2019\u00e9quipe qui a su se hisser au sommet du football africain malgr\u00e9 les perturbations au sein de la f\u00e9d\u00e9ration nationale ces derni\u00e8res ann\u00e9es.<\/p>\n<p>Dossama souligne l&rsquo;importance du retour des joueurs cadres tels que <span style=\"color: #ff6600;\"><strong><a style=\"color: #ff6600;\" href=\"https:\/\/www.facebook.com\/profile.php?id=100090065591067\">Herv\u00e9 Koffi<\/a><\/strong><\/span>, <span style=\"color: #ff6600;\"><strong><a style=\"color: #ff6600;\" href=\"https:\/\/www.facebook.com\/IssoufDayofficiel\">Issifou Dayo<\/a><\/strong><\/span> et <span style=\"color: #ff6600;\"><strong><a style=\"color: #ff6600;\" href=\"https:\/\/www.facebook.com\/officialtraorebertrand\">Bertrand Traor\u00e9<\/a><\/strong><\/span>, qui renforcent l\u2019\u00e9quipe apr\u00e8s leur absence temporaire. Pour lui, cela s&rsquo;inscrit dans une dynamique de rassemblement pr\u00f4n\u00e9e par les autorit\u00e9s du pays. \u00ab L\u2019\u00e9quipe est plus forte avec ces retours. Brahma a montr\u00e9 qu\u2019il pouvait imposer son autorit\u00e9, mais aujourd\u2019hui tout est rentr\u00e9 dans l\u2019ordre \u00bb, affirme-t-il.<\/p>\n<p>Bien que l\u2019ancien d\u00e9fenseur soit fier de cette nouvelle g\u00e9n\u00e9ration, il estime qu\u2019il est difficile de comparer les \u00e9quipes actuelles avec celle de 1998. \u00c0 l&rsquo;\u00e9poque, le Burkina Faso, sous la direction de Philippe Troussier, avait atteint les demi-finales de la CAN \u00e0 domicile. \u00ab Nous n\u2019avions pas gagn\u00e9, mais cette \u00e9quipe reste grav\u00e9e dans le c\u0153ur des Burkinab\u00e8 \u00bb, se souvient-il.<\/p>\n<p>Un incident malheureux a entach\u00e9 la qualification des \u00c9talons : l\u2019envahissement du terrain apr\u00e8s le dernier match. Dossama le d\u00e9plore et appelle \u00e0 prendre des mesures pour mieux encadrer la passion des supporters. \u00ab Ce sont des \u00e9motions \u00e0 g\u00e9rer. Nous avons tous eu peur pour l\u2019int\u00e9grit\u00e9 des joueurs \u00bb, confie-t-il, tout en esp\u00e9rant que les autorit\u00e9s en tirent des le\u00e7ons pour l&rsquo;avenir.<\/p>\n<p>Interrog\u00e9 sur les chances du Burkina Faso de remporter la CAN 2025, Dossama n\u2019h\u00e9site pas : \u00ab Cette \u00e9quipe a tout pour gagner la CAN \u00bb, affirme-t-il. Il rappelle que les \u00c9talons \u00e9taient demi-finalistes en 2022 et que l\u2019\u00e9quipe a su se souder avec le temps. Confiant, il insiste sur l\u2019importance de l\u2019union sacr\u00e9e autour des \u00c9talons pour maximiser leurs chances de succ\u00e8s.<\/p>\n<p>Interrog\u00e9 sur le fait que le Burkina Faso joue ses matchs \u00e0 domicile en C\u00f4te d&rsquo;Ivoire, en raison du manque d\u2019infrastructures homologu\u00e9es par la CAF, Dossama souligne que le football transcende les tensions politiques. \u00ab Le football unit les peuples \u00bb, d\u00e9clare-t-il, ajoutant que jouer en C\u00f4te d\u2019Ivoire a souvent port\u00e9 chance aux \u00c9talons.<\/p>\n<p>Dossama \u00e9voque un moment marquant de sa carri\u00e8re en 1995 lors d\u2019un match contre la C\u00f4te d&rsquo;Ivoire, o\u00f9 les \u00c9talons avaient r\u00e9ussi \u00e0 revenir de 0-2 \u00e0 2-2 malgr\u00e9 un carton rouge. \u00ab C\u2019\u00e9tait un match m\u00e9morable o\u00f9 nous avions fait honneur \u00e0 notre pays. Je ressens encore des frissons en me rem\u00e9morant ce discours de notre entra\u00eeneur Idrissa Traor\u00e9 \u00bb, se souvient-il. Avec une \u00e9quipe unie et des ambitions claires, Madou Dossama croit fermement que le Burkina Faso peut r\u00e9aliser l&rsquo;exploit de remporter la CAN 2025. Le r\u00eave est en marche.<\/p>\n<p style=\"text-align: right;\"><strong>Par Vox Sahel\u00a0<\/strong><\/p>\n","protected":false},"excerpt":{"rendered":"<p>L\u2019ancien d\u00e9fenseur burkinab\u00e8 Madou Dossama, demi-finaliste de la CAN 1998, a partag\u00e9 son enthousiasme dans<\/p>\n","protected":false},"author":2,"featured_media":656,"comment_status":"open","ping_status":"open","sticky":false,"template":"","format":"standard","meta":{"_et_pb_use_builder":"","_et_pb_old_content":"","_et_gb_content_width":"","footnotes":""},"categories":[12],"tags":[18,38,37,348,274,40,35,369,34],"class_list":["post-655","post","type-post","status-publish","format-standard","has-post-thumbnail","hentry","category-sports","tag-burkina-faso","tag-can","tag-can-maroc-2025","tag-coupe-dafrique-des-nations","tag-etalons","tag-federation-burkinabe-de-football","tag-football","tag-madou-dossama","tag-sport"],"yoast_head":"<!-- This site is optimized with the Yoast SEO plugin v27.5 - https:\/\/yoast.com\/product\/yoast-seo-wordpress\/ -->\n<title>Burkina : Madou Dossama, fier du parcours des Etalons, confiant pour la CAN 2025 - Vox Sahel<\/title>\n<meta name=\"robots\" content=\"index, follow, max-snippet:-1, max-image-preview:large, max-video-preview:-1\" \/>\n<link rel=\"canonical\" href=\"https:\/\/voxsahel.com\/?p=655\" \/>\n<meta property=\"og:locale\" content=\"fr_FR\" \/>\n<meta property=\"og:type\" content=\"article\" \/>\n<meta property=\"og:title\" content=\"Burkina : Madou Dossama, fier du parcours des Etalons, confiant pour la CAN 2025 - Vox Sahel\" \/>\n<meta property=\"og:description\" content=\"L\u2019ancien d\u00e9fenseur burkinab\u00e8 Madou Dossama, demi-finaliste de la CAN 1998, a partag\u00e9 son enthousiasme dans\" \/>\n<meta property=\"og:url\" content=\"https:\/\/voxsahel.com\/?p=655\" \/>\n<meta property=\"og:site_name\" content=\"Vox Sahel\" \/>\n<meta property=\"article:publisher\" content=\"https:\/\/www.facebook.com\/journal.voxsahel\" \/>\n<meta property=\"article:published_time\" content=\"2024-10-19T09:50:57+00:00\" \/>\n<meta property=\"article:modified_time\" content=\"2024-10-19T10:47:40+00:00\" \/>\n<meta property=\"og:image\" content=\"https:\/\/voxsahel.com\/wp-content\/uploads\/2024\/10\/Madou-Dossama-bon.jpg\" \/>\n\t<meta property=\"og:image:width\" content=\"225\" \/>\n\t<meta property=\"og:image:height\" content=\"224\" \/>\n\t<meta property=\"og:image:type\" content=\"image\/jpeg\" \/>\n<meta name=\"author\" content=\"Vox Sahel\" \/>\n<meta name=\"twitter:card\" content=\"summary_large_image\" \/>\n<meta name=\"twitter:label1\" content=\"\u00c9crit par\" \/>\n\t<meta name=\"twitter:data1\" content=\"Vox Sahel\" \/>\n\t<meta name=\"twitter:label2\" content=\"Dur\u00e9e de lecture estim\u00e9e\" \/>\n\t<meta name=\"twitter:data2\" content=\"4 minutes\" \/>\n<script type=\"application\/ld+json\" class=\"yoast-schema-graph\">{\"@context\":\"https:\\\/\\\/schema.org\",\"@graph\":[{\"@type\":\"Article\",\"@id\":\"https:\\\/\\\/voxsahel.com\\\/?p=655#article\",\"isPartOf\":{\"@id\":\"https:\\\/\\\/voxsahel.com\\\/?p=655\"},\"author\":{\"name\":\"Vox Sahel\",\"@id\":\"https:\\\/\\\/voxsahel.com\\\/#\\\/schema\\\/person\\\/b4043608248f8fa227cd760e7ff1e19e\"},\"headline\":\"Burkina : Madou Dossama, fier du parcours des Etalons, confiant pour la CAN 2025\",\"datePublished\":\"2024-10-19T09:50:57+00:00\",\"dateModified\":\"2024-10-19T10:47:40+00:00\",\"mainEntityOfPage\":{\"@id\":\"https:\\\/\\\/voxsahel.com\\\/?p=655\"},\"wordCount\":620,\"commentCount\":0,\"publisher\":{\"@id\":\"https:\\\/\\\/voxsahel.com\\\/#organization\"},\"image\":{\"@id\":\"https:\\\/\\\/voxsahel.com\\\/?p=655#primaryimage\"},\"thumbnailUrl\":\"https:\\\/\\\/voxsahel.com\\\/wp-content\\\/uploads\\\/2024\\\/10\\\/Madou-Dossama-bon.jpg\",\"keywords\":[\"Burkina Faso\",\"CAN\",\"CAN Maroc 2025\",\"Coupe d\u2019Afrique des nations\",\"Etalons\",\"F\u00e9d\u00e9ration Burkinab\u00e8 de Football\",\"Football\",\"Madou Dossama\",\"Sport\"],\"articleSection\":[\"SPORTS\"],\"inLanguage\":\"fr-FR\",\"potentialAction\":[{\"@type\":\"CommentAction\",\"name\":\"Comment\",\"target\":[\"https:\\\/\\\/voxsahel.com\\\/?p=655#respond\"]}]},{\"@type\":\"WebPage\",\"@id\":\"https:\\\/\\\/voxsahel.com\\\/?p=655\",\"url\":\"https:\\\/\\\/voxsahel.com\\\/?p=655\",\"name\":\"Burkina : Madou Dossama, fier du parcours des Etalons, confiant pour la CAN 2025 - Vox Sahel\",\"isPartOf\":{\"@id\":\"https:\\\/\\\/voxsahel.com\\\/#website\"},\"primaryImageOfPage\":{\"@id\":\"https:\\\/\\\/voxsahel.com\\\/?p=655#primaryimage\"},\"image\":{\"@id\":\"https:\\\/\\\/voxsahel.com\\\/?p=655#primaryimage\"},\"thumbnailUrl\":\"https:\\\/\\\/voxsahel.com\\\/wp-content\\\/uploads\\\/2024\\\/10\\\/Madou-Dossama-bon.jpg\",\"datePublished\":\"2024-10-19T09:50:57+00:00\",\"dateModified\":\"2024-10-19T10:47:40+00:00\",\"breadcrumb\":{\"@id\":\"https:\\\/\\\/voxsahel.com\\\/?p=655#breadcrumb\"},\"inLanguage\":\"fr-FR\",\"potentialAction\":[{\"@type\":\"ReadAction\",\"target\":[\"https:\\\/\\\/voxsahel.com\\\/?p=655\"]}]},{\"@type\":\"ImageObject\",\"inLanguage\":\"fr-FR\",\"@id\":\"https:\\\/\\\/voxsahel.com\\\/?p=655#primaryimage\",\"url\":\"https:\\\/\\\/voxsahel.com\\\/wp-content\\\/uploads\\\/2024\\\/10\\\/Madou-Dossama-bon.jpg\",\"contentUrl\":\"https:\\\/\\\/voxsahel.com\\\/wp-content\\\/uploads\\\/2024\\\/10\\\/Madou-Dossama-bon.jpg\",\"width\":225,\"height\":224,\"caption\":\"Madou Dossama, fier du parcours des \u00c9talons, confiant pour la CAN 2025\"},{\"@type\":\"BreadcrumbList\",\"@id\":\"https:\\\/\\\/voxsahel.com\\\/?p=655#breadcrumb\",\"itemListElement\":[{\"@type\":\"ListItem\",\"position\":1,\"name\":\"Home\",\"item\":\"https:\\\/\\\/voxsahel.com\\\/\"},{\"@type\":\"ListItem\",\"position\":2,\"name\":\"Burkina : Madou Dossama, fier du parcours des Etalons, confiant pour la CAN 2025\"}]},{\"@type\":\"WebSite\",\"@id\":\"https:\\\/\\\/voxsahel.com\\\/#website\",\"url\":\"https:\\\/\\\/voxsahel.com\\\/\",\"name\":\"Vox Sahel\",\"description\":\"Informez-vous sur le Sahel en un clic\",\"publisher\":{\"@id\":\"https:\\\/\\\/voxsahel.com\\\/#organization\"},\"potentialAction\":[{\"@type\":\"SearchAction\",\"target\":{\"@type\":\"EntryPoint\",\"urlTemplate\":\"https:\\\/\\\/voxsahel.com\\\/?s={search_term_string}\"},\"query-input\":{\"@type\":\"PropertyValueSpecification\",\"valueRequired\":true,\"valueName\":\"search_term_string\"}}],\"inLanguage\":\"fr-FR\"},{\"@type\":\"Organization\",\"@id\":\"https:\\\/\\\/voxsahel.com\\\/#organization\",\"name\":\"Vox Sahel\",\"url\":\"https:\\\/\\\/voxsahel.com\\\/\",\"logo\":{\"@type\":\"ImageObject\",\"inLanguage\":\"fr-FR\",\"@id\":\"https:\\\/\\\/voxsahel.com\\\/#\\\/schema\\\/logo\\\/image\\\/\",\"url\":\"https:\\\/\\\/voxsahel.com\\\/wp-content\\\/uploads\\\/2024\\\/09\\\/Logo-Vox-Sahel.jpg\",\"contentUrl\":\"https:\\\/\\\/voxsahel.com\\\/wp-content\\\/uploads\\\/2024\\\/09\\\/Logo-Vox-Sahel.jpg\",\"width\":1181,\"height\":848,\"caption\":\"Vox Sahel\"},\"image\":{\"@id\":\"https:\\\/\\\/voxsahel.com\\\/#\\\/schema\\\/logo\\\/image\\\/\"},\"sameAs\":[\"https:\\\/\\\/www.facebook.com\\\/journal.voxsahel\"]},{\"@type\":\"Person\",\"@id\":\"https:\\\/\\\/voxsahel.com\\\/#\\\/schema\\\/person\\\/b4043608248f8fa227cd760e7ff1e19e\",\"name\":\"Vox Sahel\",\"image\":{\"@type\":\"ImageObject\",\"inLanguage\":\"fr-FR\",\"@id\":\"https:\\\/\\\/secure.gravatar.com\\\/avatar\\\/f70e7fa0cb9b29d4a7c5788d6eb2e9ab4d3135cbae1c9161810fdf77a8964699?s=96&d=mm&r=g\",\"url\":\"https:\\\/\\\/secure.gravatar.com\\\/avatar\\\/f70e7fa0cb9b29d4a7c5788d6eb2e9ab4d3135cbae1c9161810fdf77a8964699?s=96&d=mm&r=g\",\"contentUrl\":\"https:\\\/\\\/secure.gravatar.com\\\/avatar\\\/f70e7fa0cb9b29d4a7c5788d6eb2e9ab4d3135cbae1c9161810fdf77a8964699?s=96&d=mm&r=g\",\"caption\":\"Vox Sahel\"},\"sameAs\":[\"http:\\\/\\\/www.voxsahel.com\"],\"url\":\"https:\\\/\\\/voxsahel.com\\\/?author=2\"}]}<\/script>\n<!-- \/ Yoast SEO plugin. -->","yoast_head_json":{"title":"Burkina : Madou Dossama, fier du parcours des Etalons, confiant pour la CAN 2025 - Vox Sahel","robots":{"index":"index","follow":"follow","max-snippet":"max-snippet:-1","max-image-preview":"max-image-preview:large","max-video-preview":"max-video-preview:-1"},"canonical":"https:\/\/voxsahel.com\/?p=655","og_locale":"fr_FR","og_type":"article","og_title":"Burkina : Madou Dossama, fier du parcours des Etalons, confiant pour la CAN 2025 - Vox Sahel","og_description":"L\u2019ancien d\u00e9fenseur burkinab\u00e8 Madou Dossama, demi-finaliste de la CAN 1998, a partag\u00e9 son enthousiasme dans","og_url":"https:\/\/voxsahel.com\/?p=655","og_site_name":"Vox Sahel","article_publisher":"https:\/\/www.facebook.com\/journal.voxsahel","article_published_time":"2024-10-19T09:50:57+00:00","article_modified_time":"2024-10-19T10:47:40+00:00","og_image":[{"width":225,"height":224,"url":"https:\/\/voxsahel.com\/wp-content\/uploads\/2024\/10\/Madou-Dossama-bon.jpg","type":"image\/jpeg"}],"author":"Vox Sahel","twitter_card":"summary_large_image","twitter_misc":{"\u00c9crit par":"Vox Sahel","Dur\u00e9e de lecture estim\u00e9e":"4 minutes"},"schema":{"@context":"https:\/\/schema.org","@graph":[{"@type":"Article","@id":"https:\/\/voxsahel.com\/?p=655#article","isPartOf":{"@id":"https:\/\/voxsahel.com\/?p=655"},"author":{"name":"Vox Sahel","@id":"https:\/\/voxsahel.com\/#\/schema\/person\/b4043608248f8fa227cd760e7ff1e19e"},"headline":"Burkina : Madou Dossama, fier du parcours des Etalons, confiant pour la CAN 2025","datePublished":"2024-10-19T09:50:57+00:00","dateModified":"2024-10-19T10:47:40+00:00","mainEntityOfPage":{"@id":"https:\/\/voxsahel.com\/?p=655"},"wordCount":620,"commentCount":0,"publisher":{"@id":"https:\/\/voxsahel.com\/#organization"},"image":{"@id":"https:\/\/voxsahel.com\/?p=655#primaryimage"},"thumbnailUrl":"https:\/\/voxsahel.com\/wp-content\/uploads\/2024\/10\/Madou-Dossama-bon.jpg","keywords":["Burkina Faso","CAN","CAN Maroc 2025","Coupe d\u2019Afrique des nations","Etalons","F\u00e9d\u00e9ration Burkinab\u00e8 de Football","Football","Madou Dossama","Sport"],"articleSection":["SPORTS"],"inLanguage":"fr-FR","potentialAction":[{"@type":"CommentAction","name":"Comment","target":["https:\/\/voxsahel.com\/?p=655#respond"]}]},{"@type":"WebPage","@id":"https:\/\/voxsahel.com\/?p=655","url":"https:\/\/voxsahel.com\/?p=655","name":"Burkina : Madou Dossama, fier du parcours des Etalons, confiant pour la CAN 2025 - Vox Sahel","isPartOf":{"@id":"https:\/\/voxsahel.com\/#website"},"primaryImageOfPage":{"@id":"https:\/\/voxsahel.com\/?p=655#primaryimage"},"image":{"@id":"https:\/\/voxsahel.com\/?p=655#primaryimage"},"thumbnailUrl":"https:\/\/voxsahel.com\/wp-content\/uploads\/2024\/10\/Madou-Dossama-bon.jpg","datePublished":"2024-10-19T09:50:57+00:00","dateModified":"2024-10-19T10:47:40+00:00","breadcrumb":{"@id":"https:\/\/voxsahel.com\/?p=655#breadcrumb"},"inLanguage":"fr-FR","potentialAction":[{"@type":"ReadAction","target":["https:\/\/voxsahel.com\/?p=655"]}]},{"@type":"ImageObject","inLanguage":"fr-FR","@id":"https:\/\/voxsahel.com\/?p=655#primaryimage","url":"https:\/\/voxsahel.com\/wp-content\/uploads\/2024\/10\/Madou-Dossama-bon.jpg","contentUrl":"https:\/\/voxsahel.com\/wp-content\/uploads\/2024\/10\/Madou-Dossama-bon.jpg","width":225,"height":224,"caption":"Madou Dossama, fier du parcours des \u00c9talons, confiant pour la CAN 2025"},{"@type":"BreadcrumbList","@id":"https:\/\/voxsahel.com\/?p=655#breadcrumb","itemListElement":[{"@type":"ListItem","position":1,"name":"Home","item":"https:\/\/voxsahel.com\/"},{"@type":"ListItem","position":2,"name":"Burkina : Madou Dossama, fier du parcours des Etalons, confiant pour la CAN 2025"}]},{"@type":"WebSite","@id":"https:\/\/voxsahel.com\/#website","url":"https:\/\/voxsahel.com\/","name":"Vox Sahel","description":"Informez-vous sur le Sahel en un clic","publisher":{"@id":"https:\/\/voxsahel.com\/#organization"},"potentialAction":[{"@type":"SearchAction","target":{"@type":"EntryPoint","urlTemplate":"https:\/\/voxsahel.com\/?s={search_term_string}"},"query-input":{"@type":"PropertyValueSpecification","valueRequired":true,"valueName":"search_term_string"}}],"inLanguage":"fr-FR"},{"@type":"Organization","@id":"https:\/\/voxsahel.com\/#organization","name":"Vox Sahel","url":"https:\/\/voxsahel.com\/","logo":{"@type":"ImageObject","inLanguage":"fr-FR","@id":"https:\/\/voxsahel.com\/#\/schema\/logo\/image\/","url":"https:\/\/voxsahel.com\/wp-content\/uploads\/2024\/09\/Logo-Vox-Sahel.jpg","contentUrl":"https:\/\/voxsahel.com\/wp-content\/uploads\/2024\/09\/Logo-Vox-Sahel.jpg","width":1181,"height":848,"caption":"Vox Sahel"},"image":{"@id":"https:\/\/voxsahel.com\/#\/schema\/logo\/image\/"},"sameAs":["https:\/\/www.facebook.com\/journal.voxsahel"]},{"@type":"Person","@id":"https:\/\/voxsahel.com\/#\/schema\/person\/b4043608248f8fa227cd760e7ff1e19e","name":"Vox Sahel","image":{"@type":"ImageObject","inLanguage":"fr-FR","@id":"https:\/\/secure.gravatar.com\/avatar\/f70e7fa0cb9b29d4a7c5788d6eb2e9ab4d3135cbae1c9161810fdf77a8964699?s=96&d=mm&r=g","url":"https:\/\/secure.gravatar.com\/avatar\/f70e7fa0cb9b29d4a7c5788d6eb2e9ab4d3135cbae1c9161810fdf77a8964699?s=96&d=mm&r=g","contentUrl":"https:\/\/secure.gravatar.com\/avatar\/f70e7fa0cb9b29d4a7c5788d6eb2e9ab4d3135cbae1c9161810fdf77a8964699?s=96&d=mm&r=g","caption":"Vox Sahel"},"sameAs":["http:\/\/www.voxsahel.com"],"url":"https:\/\/voxsahel.com\/?author=2"}]}},"_links":{"self":[{"href":"https:\/\/voxsahel.com\/index.php?rest_route=\/wp\/v2\/posts\/655","targetHints":{"allow":["GET"]}}],"collection":[{"href":"https:\/\/voxsahel.com\/index.php?rest_route=\/wp\/v2\/posts"}],"about":[{"href":"https:\/\/voxsahel.com\/index.php?rest_route=\/wp\/v2\/types\/post"}],"author":[{"embeddable":true,"href":"https:\/\/voxsahel.com\/index.php?rest_route=\/wp\/v2\/users\/2"}],"replies":[{"embeddable":true,"href":"https:\/\/voxsahel.com\/index.php?rest_route=%2Fwp%2Fv2%2Fcomments&post=655"}],"version-history":[{"count":4,"href":"https:\/\/voxsahel.com\/index.php?rest_route=\/wp\/v2\/posts\/655\/revisions"}],"predecessor-version":[{"id":658,"href":"https:\/\/voxsahel.com\/index.php?rest_route=\/wp\/v2\/posts\/655\/revisions\/658"}],"wp:featuredmedia":[{"embeddable":true,"href":"https:\/\/voxsahel.com\/index.php?rest_route=\/wp\/v2\/media\/656"}],"wp:attachment":[{"href":"https:\/\/voxsahel.com\/index.php?rest_route=%2Fwp%2Fv2%2Fmedia&parent=655"}],"wp:term":[{"taxonomy":"category","embeddable":true,"href":"https:\/\/voxsahel.com\/index.php?rest_route=%2Fwp%2Fv2%2Fcategories&post=655"},{"taxonomy":"post_tag","embeddable":true,"href":"https:\/\/voxsahel.com\/index.php?rest_route=%2Fwp%2Fv2%2Ftags&post=655"}],"curies":[{"name":"wp","href":"https:\/\/api.w.org\/{rel}","templated":true}]}}