{"id":652,"date":"2024-10-18T15:05:49","date_gmt":"2024-10-18T15:05:49","guid":{"rendered":"https:\/\/voxsahel.com\/?p=652"},"modified":"2024-10-18T15:05:49","modified_gmt":"2024-10-18T15:05:49","slug":"reconquete-du-territoire-la-cellule-feminine-de-la-communaute-musulmane-invite-lensemble-des-burkinabe-a-sinscrire-dans-une-dynamique-de-paix","status":"publish","type":"post","link":"https:\/\/voxsahel.com\/?p=652","title":{"rendered":"Reconqu\u00eate du territoire : la cellule f\u00e9minine de la Communaut\u00e9 musulmane invite l\u2019ensemble des Burkinab\u00e8 \u00e0 s&rsquo;inscrire dans une dynamique de paix"},"content":{"rendered":"<p>Le Pr\u00e9sident du Faso, Chef de l\u2019Etat, le Capitaine Ibrahim TRAORE a re\u00e7u, en audience ce vendredi, une d\u00e9l\u00e9gation de la cellule f\u00e9minine de la Communaut\u00e9 musulmane du Burkina Faso, venue lui apporter son soutien dans la lutte contre le terrorisme.<\/p>\n<p>\u00ab Les femmes ne sont pas sur le terrain de combat; mais dans nos familles, elles sont mobilis\u00e9es, nuit et jour, dans les pri\u00e8res pour que la qui\u00e9tude revienne dans notre pays (\u2026) Nous sommes donc venues encourager le Pr\u00e9sident du Faso et lui dire que nous, en tant que m\u00e8res, \u00e9pouses et s\u0153urs, sommes de c\u0153ur avec lui \u00bb, a d\u00e9clar\u00e9 la porte-parole de la d\u00e9l\u00e9gation, Hadja A\u00efcha KAGAMBEGA \u00e0 l\u2019issue de l\u2019audience.<\/p>\n<p>Au nom de toutes les femmes de la Communaut\u00e9 musulmane du Burkina Faso, elle a invit\u00e9 \u00ab les personnes sans foi ni loi \u00bb qui prennent les armes contre leur Patrie, \u00e0 les d\u00e9poser afin que la paix revienne dans notre pays.<\/p>\n<p>\u00ab Nous implorons le Tout-Puissant qu\u2019Il les \u00e9claire et les ram\u00e8ne sur le droit chemin. Qu\u2019Il mette la pi\u00e9t\u00e9 dans leurs c\u0153urs et leur inculque une \u00e9ducation qui permettra d\u2019\u00eatre plus humain envers leurs semblables \u00bb, a indiqu\u00e9 Hadja KAGAMBEGA, satisfaite des \u00e9changes avec le Chef de l\u2019Etat.<\/p>\n<p>Direction de la Communication de la Pr\u00e9sidence du Faso<\/p>\n","protected":false},"excerpt":{"rendered":"<p>Le Pr\u00e9sident du Faso, Chef de l\u2019Etat, le Capitaine Ibrahim TRAORE a re\u00e7u, en audience<\/p>\n","protected":false},"author":2,"featured_media":653,"comment_status":"open","ping_status":"open","sticky":false,"template":"","format":"standard","meta":{"_et_pb_use_builder":"","_et_pb_old_content":"","_et_gb_content_width":"","footnotes":""},"categories":[5],"tags":[18,174,368,367,139,20],"class_list":["post-652","post","type-post","status-publish","format-standard","has-post-thumbnail","hentry","category-societe","tag-burkina-faso","tag-capitaine-ibrahim-traore","tag-communaute-musulmane-du-burkina-faso","tag-paix","tag-securite","tag-terrorisme"],"yoast_head":"<!-- This site is optimized with the Yoast SEO plugin v27.5 - https:\/\/yoast.com\/product\/yoast-seo-wordpress\/ -->\n<title>Reconqu\u00eate du territoire : la cellule f\u00e9minine de la Communaut\u00e9 musulmane invite l\u2019ensemble des Burkinab\u00e8 \u00e0 s&#039;inscrire dans une dynamique de paix - Vox Sahel<\/title>\n<meta name=\"robots\" content=\"index, follow, max-snippet:-1, max-image-preview:large, max-video-preview:-1\" \/>\n<link rel=\"canonical\" href=\"https:\/\/voxsahel.com\/?p=652\" \/>\n<meta property=\"og:locale\" content=\"fr_FR\" \/>\n<meta property=\"og:type\" content=\"article\" \/>\n<meta property=\"og:title\" content=\"Reconqu\u00eate du territoire : la cellule f\u00e9minine de la Communaut\u00e9 musulmane invite l\u2019ensemble des Burkinab\u00e8 \u00e0 s&#039;inscrire dans une dynamique de paix - Vox Sahel\" \/>\n<meta property=\"og:description\" content=\"Le Pr\u00e9sident du Faso, Chef de l\u2019Etat, le Capitaine Ibrahim TRAORE a re\u00e7u, en audience\" \/>\n<meta property=\"og:url\" content=\"https:\/\/voxsahel.com\/?p=652\" \/>\n<meta property=\"og:site_name\" content=\"Vox Sahel\" \/>\n<meta property=\"article:publisher\" content=\"https:\/\/www.facebook.com\/journal.voxsahel\" \/>\n<meta property=\"article:published_time\" content=\"2024-10-18T15:05:49+00:00\" \/>\n<meta property=\"og:image\" content=\"https:\/\/voxsahel.com\/wp-content\/uploads\/2024\/10\/f22c56ed-0267-436e-87ef-3c9cf03b8221.jpeg\" \/>\n\t<meta property=\"og:image:width\" content=\"1080\" \/>\n\t<meta property=\"og:image:height\" content=\"848\" \/>\n\t<meta property=\"og:image:type\" content=\"image\/jpeg\" \/>\n<meta name=\"author\" content=\"Vox Sahel\" \/>\n<meta name=\"twitter:card\" content=\"summary_large_image\" \/>\n<meta name=\"twitter:label1\" content=\"\u00c9crit par\" \/>\n\t<meta name=\"twitter:data1\" content=\"Vox Sahel\" \/>\n\t<meta name=\"twitter:label2\" content=\"Dur\u00e9e de lecture estim\u00e9e\" \/>\n\t<meta name=\"twitter:data2\" content=\"2 minutes\" \/>\n<script type=\"application\/ld+json\" class=\"yoast-schema-graph\">{\"@context\":\"https:\\\/\\\/schema.org\",\"@graph\":[{\"@type\":\"Article\",\"@id\":\"https:\\\/\\\/voxsahel.com\\\/?p=652#article\",\"isPartOf\":{\"@id\":\"https:\\\/\\\/voxsahel.com\\\/?p=652\"},\"author\":{\"name\":\"Vox Sahel\",\"@id\":\"https:\\\/\\\/voxsahel.com\\\/#\\\/schema\\\/person\\\/b4043608248f8fa227cd760e7ff1e19e\"},\"headline\":\"Reconqu\u00eate du territoire : la cellule f\u00e9minine de la Communaut\u00e9 musulmane invite l\u2019ensemble des Burkinab\u00e8 \u00e0 s&rsquo;inscrire dans une dynamique de paix\",\"datePublished\":\"2024-10-18T15:05:49+00:00\",\"mainEntityOfPage\":{\"@id\":\"https:\\\/\\\/voxsahel.com\\\/?p=652\"},\"wordCount\":257,\"commentCount\":0,\"publisher\":{\"@id\":\"https:\\\/\\\/voxsahel.com\\\/#organization\"},\"image\":{\"@id\":\"https:\\\/\\\/voxsahel.com\\\/?p=652#primaryimage\"},\"thumbnailUrl\":\"https:\\\/\\\/voxsahel.com\\\/wp-content\\\/uploads\\\/2024\\\/10\\\/f22c56ed-0267-436e-87ef-3c9cf03b8221.jpeg\",\"keywords\":[\"Burkina Faso\",\"Capitaine Ibrahim Traor\u00e9\",\"Communaut\u00e9 musulmane du Burkina Faso\",\"Paix\",\"S\u00e9curit\u00e9\",\"Terrorisme\"],\"articleSection\":[\"SOCIETE\"],\"inLanguage\":\"fr-FR\",\"potentialAction\":[{\"@type\":\"CommentAction\",\"name\":\"Comment\",\"target\":[\"https:\\\/\\\/voxsahel.com\\\/?p=652#respond\"]}]},{\"@type\":\"WebPage\",\"@id\":\"https:\\\/\\\/voxsahel.com\\\/?p=652\",\"url\":\"https:\\\/\\\/voxsahel.com\\\/?p=652\",\"name\":\"Reconqu\u00eate du territoire : la cellule f\u00e9minine de la Communaut\u00e9 musulmane invite l\u2019ensemble des Burkinab\u00e8 \u00e0 s'inscrire dans une dynamique de paix - Vox Sahel\",\"isPartOf\":{\"@id\":\"https:\\\/\\\/voxsahel.com\\\/#website\"},\"primaryImageOfPage\":{\"@id\":\"https:\\\/\\\/voxsahel.com\\\/?p=652#primaryimage\"},\"image\":{\"@id\":\"https:\\\/\\\/voxsahel.com\\\/?p=652#primaryimage\"},\"thumbnailUrl\":\"https:\\\/\\\/voxsahel.com\\\/wp-content\\\/uploads\\\/2024\\\/10\\\/f22c56ed-0267-436e-87ef-3c9cf03b8221.jpeg\",\"datePublished\":\"2024-10-18T15:05:49+00:00\",\"breadcrumb\":{\"@id\":\"https:\\\/\\\/voxsahel.com\\\/?p=652#breadcrumb\"},\"inLanguage\":\"fr-FR\",\"potentialAction\":[{\"@type\":\"ReadAction\",\"target\":[\"https:\\\/\\\/voxsahel.com\\\/?p=652\"]}]},{\"@type\":\"ImageObject\",\"inLanguage\":\"fr-FR\",\"@id\":\"https:\\\/\\\/voxsahel.com\\\/?p=652#primaryimage\",\"url\":\"https:\\\/\\\/voxsahel.com\\\/wp-content\\\/uploads\\\/2024\\\/10\\\/f22c56ed-0267-436e-87ef-3c9cf03b8221.jpeg\",\"contentUrl\":\"https:\\\/\\\/voxsahel.com\\\/wp-content\\\/uploads\\\/2024\\\/10\\\/f22c56ed-0267-436e-87ef-3c9cf03b8221.jpeg\",\"width\":1080,\"height\":848},{\"@type\":\"BreadcrumbList\",\"@id\":\"https:\\\/\\\/voxsahel.com\\\/?p=652#breadcrumb\",\"itemListElement\":[{\"@type\":\"ListItem\",\"position\":1,\"name\":\"Home\",\"item\":\"https:\\\/\\\/voxsahel.com\\\/\"},{\"@type\":\"ListItem\",\"position\":2,\"name\":\"Reconqu\u00eate du territoire : la cellule f\u00e9minine de la Communaut\u00e9 musulmane invite l\u2019ensemble des Burkinab\u00e8 \u00e0 s&rsquo;inscrire dans une dynamique de paix\"}]},{\"@type\":\"WebSite\",\"@id\":\"https:\\\/\\\/voxsahel.com\\\/#website\",\"url\":\"https:\\\/\\\/voxsahel.com\\\/\",\"name\":\"Vox Sahel\",\"description\":\"Informez-vous sur le Sahel en un clic\",\"publisher\":{\"@id\":\"https:\\\/\\\/voxsahel.com\\\/#organization\"},\"potentialAction\":[{\"@type\":\"SearchAction\",\"target\":{\"@type\":\"EntryPoint\",\"urlTemplate\":\"https:\\\/\\\/voxsahel.com\\\/?s={search_term_string}\"},\"query-input\":{\"@type\":\"PropertyValueSpecification\",\"valueRequired\":true,\"valueName\":\"search_term_string\"}}],\"inLanguage\":\"fr-FR\"},{\"@type\":\"Organization\",\"@id\":\"https:\\\/\\\/voxsahel.com\\\/#organization\",\"name\":\"Vox Sahel\",\"url\":\"https:\\\/\\\/voxsahel.com\\\/\",\"logo\":{\"@type\":\"ImageObject\",\"inLanguage\":\"fr-FR\",\"@id\":\"https:\\\/\\\/voxsahel.com\\\/#\\\/schema\\\/logo\\\/image\\\/\",\"url\":\"https:\\\/\\\/voxsahel.com\\\/wp-content\\\/uploads\\\/2024\\\/09\\\/Logo-Vox-Sahel.jpg\",\"contentUrl\":\"https:\\\/\\\/voxsahel.com\\\/wp-content\\\/uploads\\\/2024\\\/09\\\/Logo-Vox-Sahel.jpg\",\"width\":1181,\"height\":848,\"caption\":\"Vox Sahel\"},\"image\":{\"@id\":\"https:\\\/\\\/voxsahel.com\\\/#\\\/schema\\\/logo\\\/image\\\/\"},\"sameAs\":[\"https:\\\/\\\/www.facebook.com\\\/journal.voxsahel\"]},{\"@type\":\"Person\",\"@id\":\"https:\\\/\\\/voxsahel.com\\\/#\\\/schema\\\/person\\\/b4043608248f8fa227cd760e7ff1e19e\",\"name\":\"Vox Sahel\",\"image\":{\"@type\":\"ImageObject\",\"inLanguage\":\"fr-FR\",\"@id\":\"https:\\\/\\\/secure.gravatar.com\\\/avatar\\\/f70e7fa0cb9b29d4a7c5788d6eb2e9ab4d3135cbae1c9161810fdf77a8964699?s=96&d=mm&r=g\",\"url\":\"https:\\\/\\\/secure.gravatar.com\\\/avatar\\\/f70e7fa0cb9b29d4a7c5788d6eb2e9ab4d3135cbae1c9161810fdf77a8964699?s=96&d=mm&r=g\",\"contentUrl\":\"https:\\\/\\\/secure.gravatar.com\\\/avatar\\\/f70e7fa0cb9b29d4a7c5788d6eb2e9ab4d3135cbae1c9161810fdf77a8964699?s=96&d=mm&r=g\",\"caption\":\"Vox Sahel\"},\"sameAs\":[\"http:\\\/\\\/www.voxsahel.com\"],\"url\":\"https:\\\/\\\/voxsahel.com\\\/?author=2\"}]}<\/script>\n<!-- \/ Yoast SEO plugin. -->","yoast_head_json":{"title":"Reconqu\u00eate du territoire : la cellule f\u00e9minine de la Communaut\u00e9 musulmane invite l\u2019ensemble des Burkinab\u00e8 \u00e0 s'inscrire dans une dynamique de paix - Vox Sahel","robots":{"index":"index","follow":"follow","max-snippet":"max-snippet:-1","max-image-preview":"max-image-preview:large","max-video-preview":"max-video-preview:-1"},"canonical":"https:\/\/voxsahel.com\/?p=652","og_locale":"fr_FR","og_type":"article","og_title":"Reconqu\u00eate du territoire : la cellule f\u00e9minine de la Communaut\u00e9 musulmane invite l\u2019ensemble des Burkinab\u00e8 \u00e0 s'inscrire dans une dynamique de paix - Vox Sahel","og_description":"Le Pr\u00e9sident du Faso, Chef de l\u2019Etat, le Capitaine Ibrahim TRAORE a re\u00e7u, en audience","og_url":"https:\/\/voxsahel.com\/?p=652","og_site_name":"Vox Sahel","article_publisher":"https:\/\/www.facebook.com\/journal.voxsahel","article_published_time":"2024-10-18T15:05:49+00:00","og_image":[{"width":1080,"height":848,"url":"https:\/\/voxsahel.com\/wp-content\/uploads\/2024\/10\/f22c56ed-0267-436e-87ef-3c9cf03b8221.jpeg","type":"image\/jpeg"}],"author":"Vox Sahel","twitter_card":"summary_large_image","twitter_misc":{"\u00c9crit par":"Vox Sahel","Dur\u00e9e de lecture estim\u00e9e":"2 minutes"},"schema":{"@context":"https:\/\/schema.org","@graph":[{"@type":"Article","@id":"https:\/\/voxsahel.com\/?p=652#article","isPartOf":{"@id":"https:\/\/voxsahel.com\/?p=652"},"author":{"name":"Vox Sahel","@id":"https:\/\/voxsahel.com\/#\/schema\/person\/b4043608248f8fa227cd760e7ff1e19e"},"headline":"Reconqu\u00eate du territoire : la cellule f\u00e9minine de la Communaut\u00e9 musulmane invite l\u2019ensemble des Burkinab\u00e8 \u00e0 s&rsquo;inscrire dans une dynamique de paix","datePublished":"2024-10-18T15:05:49+00:00","mainEntityOfPage":{"@id":"https:\/\/voxsahel.com\/?p=652"},"wordCount":257,"commentCount":0,"publisher":{"@id":"https:\/\/voxsahel.com\/#organization"},"image":{"@id":"https:\/\/voxsahel.com\/?p=652#primaryimage"},"thumbnailUrl":"https:\/\/voxsahel.com\/wp-content\/uploads\/2024\/10\/f22c56ed-0267-436e-87ef-3c9cf03b8221.jpeg","keywords":["Burkina Faso","Capitaine Ibrahim Traor\u00e9","Communaut\u00e9 musulmane du Burkina Faso","Paix","S\u00e9curit\u00e9","Terrorisme"],"articleSection":["SOCIETE"],"inLanguage":"fr-FR","potentialAction":[{"@type":"CommentAction","name":"Comment","target":["https:\/\/voxsahel.com\/?p=652#respond"]}]},{"@type":"WebPage","@id":"https:\/\/voxsahel.com\/?p=652","url":"https:\/\/voxsahel.com\/?p=652","name":"Reconqu\u00eate du territoire : la cellule f\u00e9minine de la Communaut\u00e9 musulmane invite l\u2019ensemble des Burkinab\u00e8 \u00e0 s'inscrire dans une dynamique de paix - Vox Sahel","isPartOf":{"@id":"https:\/\/voxsahel.com\/#website"},"primaryImageOfPage":{"@id":"https:\/\/voxsahel.com\/?p=652#primaryimage"},"image":{"@id":"https:\/\/voxsahel.com\/?p=652#primaryimage"},"thumbnailUrl":"https:\/\/voxsahel.com\/wp-content\/uploads\/2024\/10\/f22c56ed-0267-436e-87ef-3c9cf03b8221.jpeg","datePublished":"2024-10-18T15:05:49+00:00","breadcrumb":{"@id":"https:\/\/voxsahel.com\/?p=652#breadcrumb"},"inLanguage":"fr-FR","potentialAction":[{"@type":"ReadAction","target":["https:\/\/voxsahel.com\/?p=652"]}]},{"@type":"ImageObject","inLanguage":"fr-FR","@id":"https:\/\/voxsahel.com\/?p=652#primaryimage","url":"https:\/\/voxsahel.com\/wp-content\/uploads\/2024\/10\/f22c56ed-0267-436e-87ef-3c9cf03b8221.jpeg","contentUrl":"https:\/\/voxsahel.com\/wp-content\/uploads\/2024\/10\/f22c56ed-0267-436e-87ef-3c9cf03b8221.jpeg","width":1080,"height":848},{"@type":"BreadcrumbList","@id":"https:\/\/voxsahel.com\/?p=652#breadcrumb","itemListElement":[{"@type":"ListItem","position":1,"name":"Home","item":"https:\/\/voxsahel.com\/"},{"@type":"ListItem","position":2,"name":"Reconqu\u00eate du territoire : la cellule f\u00e9minine de la Communaut\u00e9 musulmane invite l\u2019ensemble des Burkinab\u00e8 \u00e0 s&rsquo;inscrire dans une dynamique de paix"}]},{"@type":"WebSite","@id":"https:\/\/voxsahel.com\/#website","url":"https:\/\/voxsahel.com\/","name":"Vox Sahel","description":"Informez-vous sur le Sahel en un clic","publisher":{"@id":"https:\/\/voxsahel.com\/#organization"},"potentialAction":[{"@type":"SearchAction","target":{"@type":"EntryPoint","urlTemplate":"https:\/\/voxsahel.com\/?s={search_term_string}"},"query-input":{"@type":"PropertyValueSpecification","valueRequired":true,"valueName":"search_term_string"}}],"inLanguage":"fr-FR"},{"@type":"Organization","@id":"https:\/\/voxsahel.com\/#organization","name":"Vox Sahel","url":"https:\/\/voxsahel.com\/","logo":{"@type":"ImageObject","inLanguage":"fr-FR","@id":"https:\/\/voxsahel.com\/#\/schema\/logo\/image\/","url":"https:\/\/voxsahel.com\/wp-content\/uploads\/2024\/09\/Logo-Vox-Sahel.jpg","contentUrl":"https:\/\/voxsahel.com\/wp-content\/uploads\/2024\/09\/Logo-Vox-Sahel.jpg","width":1181,"height":848,"caption":"Vox Sahel"},"image":{"@id":"https:\/\/voxsahel.com\/#\/schema\/logo\/image\/"},"sameAs":["https:\/\/www.facebook.com\/journal.voxsahel"]},{"@type":"Person","@id":"https:\/\/voxsahel.com\/#\/schema\/person\/b4043608248f8fa227cd760e7ff1e19e","name":"Vox Sahel","image":{"@type":"ImageObject","inLanguage":"fr-FR","@id":"https:\/\/secure.gravatar.com\/avatar\/f70e7fa0cb9b29d4a7c5788d6eb2e9ab4d3135cbae1c9161810fdf77a8964699?s=96&d=mm&r=g","url":"https:\/\/secure.gravatar.com\/avatar\/f70e7fa0cb9b29d4a7c5788d6eb2e9ab4d3135cbae1c9161810fdf77a8964699?s=96&d=mm&r=g","contentUrl":"https:\/\/secure.gravatar.com\/avatar\/f70e7fa0cb9b29d4a7c5788d6eb2e9ab4d3135cbae1c9161810fdf77a8964699?s=96&d=mm&r=g","caption":"Vox Sahel"},"sameAs":["http:\/\/www.voxsahel.com"],"url":"https:\/\/voxsahel.com\/?author=2"}]}},"_links":{"self":[{"href":"https:\/\/voxsahel.com\/index.php?rest_route=\/wp\/v2\/posts\/652","targetHints":{"allow":["GET"]}}],"collection":[{"href":"https:\/\/voxsahel.com\/index.php?rest_route=\/wp\/v2\/posts"}],"about":[{"href":"https:\/\/voxsahel.com\/index.php?rest_route=\/wp\/v2\/types\/post"}],"author":[{"embeddable":true,"href":"https:\/\/voxsahel.com\/index.php?rest_route=\/wp\/v2\/users\/2"}],"replies":[{"embeddable":true,"href":"https:\/\/voxsahel.com\/index.php?rest_route=%2Fwp%2Fv2%2Fcomments&post=652"}],"version-history":[{"count":1,"href":"https:\/\/voxsahel.com\/index.php?rest_route=\/wp\/v2\/posts\/652\/revisions"}],"predecessor-version":[{"id":654,"href":"https:\/\/voxsahel.com\/index.php?rest_route=\/wp\/v2\/posts\/652\/revisions\/654"}],"wp:featuredmedia":[{"embeddable":true,"href":"https:\/\/voxsahel.com\/index.php?rest_route=\/wp\/v2\/media\/653"}],"wp:attachment":[{"href":"https:\/\/voxsahel.com\/index.php?rest_route=%2Fwp%2Fv2%2Fmedia&parent=652"}],"wp:term":[{"taxonomy":"category","embeddable":true,"href":"https:\/\/voxsahel.com\/index.php?rest_route=%2Fwp%2Fv2%2Fcategories&post=652"},{"taxonomy":"post_tag","embeddable":true,"href":"https:\/\/voxsahel.com\/index.php?rest_route=%2Fwp%2Fv2%2Ftags&post=652"}],"curies":[{"name":"wp","href":"https:\/\/api.w.org\/{rel}","templated":true}]}}