{"id":637,"date":"2024-10-16T06:59:16","date_gmt":"2024-10-16T06:59:16","guid":{"rendered":"https:\/\/voxsahel.com\/?p=637"},"modified":"2024-10-16T06:59:16","modified_gmt":"2024-10-16T06:59:16","slug":"loi-de-finances-2024-au-burkina-faso-un-budget-reajuste-pour-repondre-aux-priorites-nationales","status":"publish","type":"post","link":"https:\/\/voxsahel.com\/?p=637","title":{"rendered":"Loi de finances 2024 au Burkina Faso\u00a0: Un budget r\u00e9ajust\u00e9 pour r\u00e9pondre aux priorit\u00e9s nationales"},"content":{"rendered":"<p>Le mardi 15 octobre 2024, les d\u00e9put\u00e9s burkinab\u00e8 se sont r\u00e9unis en s\u00e9ance pl\u00e9ni\u00e8re sous la pr\u00e9sidence du chef du Parlement, Dr Ousmane Bougouma, afin d&rsquo;examiner et adopter la loi de finances rectificative de la loi de finances pour l&rsquo;ex\u00e9cution du budget de l&rsquo;Etat, exercice 2024.<\/p>\n<p>Face \u00e0 une situation nationale marqu\u00e9e par l&rsquo;urgence s\u00e9curitaire et humanitaire, cette r\u00e9vision budg\u00e9taire s&rsquo;impose pour r\u00e9pondre aux nouvelles priorit\u00e9s du moment. En effet, le budget initial de 2024 avait \u00e9t\u00e9 \u00e9labor\u00e9 principalement autour de deux axes essentiels : la reconqu\u00eate du territoire national et la mise en \u0153uvre d&rsquo;actions de d\u00e9veloppement \u00e9conomique et social. Dans cette perspective, une part importante des ressources avait \u00e9t\u00e9 allou\u00e9e \u00e0 l&rsquo;\u00e9quipement des forces combattantes ainsi qu&rsquo;\u00e0 l&rsquo;accompagnement des populations d\u00e9plac\u00e9es internes.<\/p>\n<p>Cependant, l&rsquo;intensification des op\u00e9rations militaires, la gestion de la crise humanitaire, ainsi que la mise en \u0153uvre de l&rsquo;initiative pr\u00e9sidentielle pour le d\u00e9veloppement communautaire, ont exig\u00e9 des ajustements du cadre budg\u00e9taire initial. De plus, la r\u00e9cente restructuration du gouvernement a \u00e9galement n\u00e9cessit\u00e9 des r\u00e9visions afin de permettre une ex\u00e9cution plus efficace des projets et programmes en cours.<\/p>\n<p>Ce texte de loi de finances rectificative, adopt\u00e9 \u00e0 l&rsquo;unanimit\u00e9 par les 71 d\u00e9put\u00e9s pr\u00e9sents, vient ainsi r\u00e9orienter les ressources publiques pour s&rsquo;assurer que le Gouvernement puisse r\u00e9pondre de mani\u00e8re ad\u00e9quate aux nouveaux d\u00e9fis. En plus du financement accumul\u00e9 des forces arm\u00e9es, des moyens suppl\u00e9mentaires seront d\u00e9di\u00e9s \u00e0 l&rsquo;aide humanitaire, en particulier \u00e0 la fourniture de vies et d&rsquo;\u00e9quipements aux personnes d\u00e9plac\u00e9es internes.<\/p>\n<p>La loi de finances rectificative pour l&rsquo;exercice 2024 permettra au Burkina Faso de s&rsquo;adapter \u00e0 un contexte en constante \u00e9volution, tout en maintenant ses engagements en mati\u00e8re de d\u00e9veloppement \u00e9conomique et social. Cette adoption unanime t\u00e9moigne de l&rsquo;importance de l&rsquo;unit\u00e9 nationale pour faire face aux d\u00e9fis actuels et de l&rsquo;implication des d\u00e9put\u00e9s dans la gestion des affaires publiques du pays.<\/p>\n<p>Le Parlement reste mobilis\u00e9 pour suivre de pr\u00e8s l&rsquo;ex\u00e9cution de ce budget am\u00e9lior\u00e9 et soutenir les efforts du Gouvernement dans sa qu\u00eate de s\u00e9curit\u00e9, de paix et de d\u00e9veloppement durable pour le Burkina Faso.<\/p>\n<p style=\"text-align: right;\"><strong>Par Vox Sahel \u00a0<\/strong><\/p>\n","protected":false},"excerpt":{"rendered":"<p>Le mardi 15 octobre 2024, les d\u00e9put\u00e9s burkinab\u00e8 se sont r\u00e9unis en s\u00e9ance pl\u00e9ni\u00e8re sous<\/p>\n","protected":false},"author":2,"featured_media":638,"comment_status":"open","ping_status":"open","sticky":false,"template":"","format":"standard","meta":{"_et_pb_use_builder":"","_et_pb_old_content":"","_et_gb_content_width":"","footnotes":""},"categories":[6],"tags":[266,252,359,18,90,91,358,139,20],"class_list":["post-637","post","type-post","status-publish","format-standard","has-post-thumbnail","hentry","category-politique","tag-alt","tag-assemblee-legislative-de-transition","tag-budget-de-letat","tag-burkina-faso","tag-economie","tag-finance","tag-loi-de-finances","tag-securite","tag-terrorisme"],"yoast_head":"<!-- This site is optimized with the Yoast SEO plugin v27.5 - https:\/\/yoast.com\/product\/yoast-seo-wordpress\/ -->\n<title>Loi de finances 2024 au Burkina Faso\u00a0: Un budget r\u00e9ajust\u00e9 pour r\u00e9pondre aux priorit\u00e9s nationales - Vox Sahel<\/title>\n<meta name=\"robots\" content=\"index, follow, max-snippet:-1, max-image-preview:large, max-video-preview:-1\" \/>\n<link rel=\"canonical\" href=\"https:\/\/voxsahel.com\/?p=637\" \/>\n<meta property=\"og:locale\" content=\"fr_FR\" \/>\n<meta property=\"og:type\" content=\"article\" \/>\n<meta property=\"og:title\" content=\"Loi de finances 2024 au Burkina Faso\u00a0: Un budget r\u00e9ajust\u00e9 pour r\u00e9pondre aux priorit\u00e9s nationales - Vox Sahel\" \/>\n<meta property=\"og:description\" content=\"Le mardi 15 octobre 2024, les d\u00e9put\u00e9s burkinab\u00e8 se sont r\u00e9unis en s\u00e9ance pl\u00e9ni\u00e8re sous\" \/>\n<meta property=\"og:url\" content=\"https:\/\/voxsahel.com\/?p=637\" \/>\n<meta property=\"og:site_name\" content=\"Vox Sahel\" \/>\n<meta property=\"article:publisher\" content=\"https:\/\/www.facebook.com\/journal.voxsahel\" \/>\n<meta property=\"article:published_time\" content=\"2024-10-16T06:59:16+00:00\" \/>\n<meta property=\"og:image\" content=\"https:\/\/voxsahel.com\/wp-content\/uploads\/2024\/10\/ALT.jpg\" \/>\n\t<meta property=\"og:image:width\" content=\"2048\" \/>\n\t<meta property=\"og:image:height\" content=\"1463\" \/>\n\t<meta property=\"og:image:type\" content=\"image\/jpeg\" \/>\n<meta name=\"author\" content=\"Vox Sahel\" \/>\n<meta name=\"twitter:card\" content=\"summary_large_image\" \/>\n<meta name=\"twitter:label1\" content=\"\u00c9crit par\" \/>\n\t<meta name=\"twitter:data1\" content=\"Vox Sahel\" \/>\n\t<meta name=\"twitter:label2\" content=\"Dur\u00e9e de lecture estim\u00e9e\" \/>\n\t<meta name=\"twitter:data2\" content=\"2 minutes\" \/>\n<script type=\"application\/ld+json\" class=\"yoast-schema-graph\">{\"@context\":\"https:\\\/\\\/schema.org\",\"@graph\":[{\"@type\":\"Article\",\"@id\":\"https:\\\/\\\/voxsahel.com\\\/?p=637#article\",\"isPartOf\":{\"@id\":\"https:\\\/\\\/voxsahel.com\\\/?p=637\"},\"author\":{\"name\":\"Vox Sahel\",\"@id\":\"https:\\\/\\\/voxsahel.com\\\/#\\\/schema\\\/person\\\/b4043608248f8fa227cd760e7ff1e19e\"},\"headline\":\"Loi de finances 2024 au Burkina Faso\u00a0: Un budget r\u00e9ajust\u00e9 pour r\u00e9pondre aux priorit\u00e9s nationales\",\"datePublished\":\"2024-10-16T06:59:16+00:00\",\"mainEntityOfPage\":{\"@id\":\"https:\\\/\\\/voxsahel.com\\\/?p=637\"},\"wordCount\":418,\"commentCount\":0,\"publisher\":{\"@id\":\"https:\\\/\\\/voxsahel.com\\\/#organization\"},\"image\":{\"@id\":\"https:\\\/\\\/voxsahel.com\\\/?p=637#primaryimage\"},\"thumbnailUrl\":\"https:\\\/\\\/voxsahel.com\\\/wp-content\\\/uploads\\\/2024\\\/10\\\/ALT.jpg\",\"keywords\":[\"ALT\",\"Assembl\u00e9e L\u00e9gislative de Transition\",\"Budget de l'Etat\",\"Burkina Faso\",\"Economie\",\"Finance\",\"Loi de finances\",\"S\u00e9curit\u00e9\",\"Terrorisme\"],\"articleSection\":[\"POLITIQUE\"],\"inLanguage\":\"fr-FR\",\"potentialAction\":[{\"@type\":\"CommentAction\",\"name\":\"Comment\",\"target\":[\"https:\\\/\\\/voxsahel.com\\\/?p=637#respond\"]}]},{\"@type\":\"WebPage\",\"@id\":\"https:\\\/\\\/voxsahel.com\\\/?p=637\",\"url\":\"https:\\\/\\\/voxsahel.com\\\/?p=637\",\"name\":\"Loi de finances 2024 au Burkina Faso\u00a0: Un budget r\u00e9ajust\u00e9 pour r\u00e9pondre aux priorit\u00e9s nationales - Vox Sahel\",\"isPartOf\":{\"@id\":\"https:\\\/\\\/voxsahel.com\\\/#website\"},\"primaryImageOfPage\":{\"@id\":\"https:\\\/\\\/voxsahel.com\\\/?p=637#primaryimage\"},\"image\":{\"@id\":\"https:\\\/\\\/voxsahel.com\\\/?p=637#primaryimage\"},\"thumbnailUrl\":\"https:\\\/\\\/voxsahel.com\\\/wp-content\\\/uploads\\\/2024\\\/10\\\/ALT.jpg\",\"datePublished\":\"2024-10-16T06:59:16+00:00\",\"breadcrumb\":{\"@id\":\"https:\\\/\\\/voxsahel.com\\\/?p=637#breadcrumb\"},\"inLanguage\":\"fr-FR\",\"potentialAction\":[{\"@type\":\"ReadAction\",\"target\":[\"https:\\\/\\\/voxsahel.com\\\/?p=637\"]}]},{\"@type\":\"ImageObject\",\"inLanguage\":\"fr-FR\",\"@id\":\"https:\\\/\\\/voxsahel.com\\\/?p=637#primaryimage\",\"url\":\"https:\\\/\\\/voxsahel.com\\\/wp-content\\\/uploads\\\/2024\\\/10\\\/ALT.jpg\",\"contentUrl\":\"https:\\\/\\\/voxsahel.com\\\/wp-content\\\/uploads\\\/2024\\\/10\\\/ALT.jpg\",\"width\":2048,\"height\":1463,\"caption\":\"Loi de finances 2024 au Burkina Faso : Un budget r\u00e9ajust\u00e9 pour r\u00e9pondre aux priorit\u00e9s nationales\"},{\"@type\":\"BreadcrumbList\",\"@id\":\"https:\\\/\\\/voxsahel.com\\\/?p=637#breadcrumb\",\"itemListElement\":[{\"@type\":\"ListItem\",\"position\":1,\"name\":\"Home\",\"item\":\"https:\\\/\\\/voxsahel.com\\\/\"},{\"@type\":\"ListItem\",\"position\":2,\"name\":\"Loi de finances 2024 au Burkina Faso\u00a0: Un budget r\u00e9ajust\u00e9 pour r\u00e9pondre aux priorit\u00e9s nationales\"}]},{\"@type\":\"WebSite\",\"@id\":\"https:\\\/\\\/voxsahel.com\\\/#website\",\"url\":\"https:\\\/\\\/voxsahel.com\\\/\",\"name\":\"Vox Sahel\",\"description\":\"Informez-vous sur le Sahel en un clic\",\"publisher\":{\"@id\":\"https:\\\/\\\/voxsahel.com\\\/#organization\"},\"potentialAction\":[{\"@type\":\"SearchAction\",\"target\":{\"@type\":\"EntryPoint\",\"urlTemplate\":\"https:\\\/\\\/voxsahel.com\\\/?s={search_term_string}\"},\"query-input\":{\"@type\":\"PropertyValueSpecification\",\"valueRequired\":true,\"valueName\":\"search_term_string\"}}],\"inLanguage\":\"fr-FR\"},{\"@type\":\"Organization\",\"@id\":\"https:\\\/\\\/voxsahel.com\\\/#organization\",\"name\":\"Vox Sahel\",\"url\":\"https:\\\/\\\/voxsahel.com\\\/\",\"logo\":{\"@type\":\"ImageObject\",\"inLanguage\":\"fr-FR\",\"@id\":\"https:\\\/\\\/voxsahel.com\\\/#\\\/schema\\\/logo\\\/image\\\/\",\"url\":\"https:\\\/\\\/voxsahel.com\\\/wp-content\\\/uploads\\\/2024\\\/09\\\/Logo-Vox-Sahel.jpg\",\"contentUrl\":\"https:\\\/\\\/voxsahel.com\\\/wp-content\\\/uploads\\\/2024\\\/09\\\/Logo-Vox-Sahel.jpg\",\"width\":1181,\"height\":848,\"caption\":\"Vox Sahel\"},\"image\":{\"@id\":\"https:\\\/\\\/voxsahel.com\\\/#\\\/schema\\\/logo\\\/image\\\/\"},\"sameAs\":[\"https:\\\/\\\/www.facebook.com\\\/journal.voxsahel\"]},{\"@type\":\"Person\",\"@id\":\"https:\\\/\\\/voxsahel.com\\\/#\\\/schema\\\/person\\\/b4043608248f8fa227cd760e7ff1e19e\",\"name\":\"Vox Sahel\",\"image\":{\"@type\":\"ImageObject\",\"inLanguage\":\"fr-FR\",\"@id\":\"https:\\\/\\\/secure.gravatar.com\\\/avatar\\\/f70e7fa0cb9b29d4a7c5788d6eb2e9ab4d3135cbae1c9161810fdf77a8964699?s=96&d=mm&r=g\",\"url\":\"https:\\\/\\\/secure.gravatar.com\\\/avatar\\\/f70e7fa0cb9b29d4a7c5788d6eb2e9ab4d3135cbae1c9161810fdf77a8964699?s=96&d=mm&r=g\",\"contentUrl\":\"https:\\\/\\\/secure.gravatar.com\\\/avatar\\\/f70e7fa0cb9b29d4a7c5788d6eb2e9ab4d3135cbae1c9161810fdf77a8964699?s=96&d=mm&r=g\",\"caption\":\"Vox Sahel\"},\"sameAs\":[\"http:\\\/\\\/www.voxsahel.com\"],\"url\":\"https:\\\/\\\/voxsahel.com\\\/?author=2\"}]}<\/script>\n<!-- \/ Yoast SEO plugin. -->","yoast_head_json":{"title":"Loi de finances 2024 au Burkina Faso\u00a0: Un budget r\u00e9ajust\u00e9 pour r\u00e9pondre aux priorit\u00e9s nationales - Vox Sahel","robots":{"index":"index","follow":"follow","max-snippet":"max-snippet:-1","max-image-preview":"max-image-preview:large","max-video-preview":"max-video-preview:-1"},"canonical":"https:\/\/voxsahel.com\/?p=637","og_locale":"fr_FR","og_type":"article","og_title":"Loi de finances 2024 au Burkina Faso\u00a0: Un budget r\u00e9ajust\u00e9 pour r\u00e9pondre aux priorit\u00e9s nationales - Vox Sahel","og_description":"Le mardi 15 octobre 2024, les d\u00e9put\u00e9s burkinab\u00e8 se sont r\u00e9unis en s\u00e9ance pl\u00e9ni\u00e8re sous","og_url":"https:\/\/voxsahel.com\/?p=637","og_site_name":"Vox Sahel","article_publisher":"https:\/\/www.facebook.com\/journal.voxsahel","article_published_time":"2024-10-16T06:59:16+00:00","og_image":[{"width":2048,"height":1463,"url":"https:\/\/voxsahel.com\/wp-content\/uploads\/2024\/10\/ALT.jpg","type":"image\/jpeg"}],"author":"Vox Sahel","twitter_card":"summary_large_image","twitter_misc":{"\u00c9crit par":"Vox Sahel","Dur\u00e9e de lecture estim\u00e9e":"2 minutes"},"schema":{"@context":"https:\/\/schema.org","@graph":[{"@type":"Article","@id":"https:\/\/voxsahel.com\/?p=637#article","isPartOf":{"@id":"https:\/\/voxsahel.com\/?p=637"},"author":{"name":"Vox Sahel","@id":"https:\/\/voxsahel.com\/#\/schema\/person\/b4043608248f8fa227cd760e7ff1e19e"},"headline":"Loi de finances 2024 au Burkina Faso\u00a0: Un budget r\u00e9ajust\u00e9 pour r\u00e9pondre aux priorit\u00e9s nationales","datePublished":"2024-10-16T06:59:16+00:00","mainEntityOfPage":{"@id":"https:\/\/voxsahel.com\/?p=637"},"wordCount":418,"commentCount":0,"publisher":{"@id":"https:\/\/voxsahel.com\/#organization"},"image":{"@id":"https:\/\/voxsahel.com\/?p=637#primaryimage"},"thumbnailUrl":"https:\/\/voxsahel.com\/wp-content\/uploads\/2024\/10\/ALT.jpg","keywords":["ALT","Assembl\u00e9e L\u00e9gislative de Transition","Budget de l'Etat","Burkina Faso","Economie","Finance","Loi de finances","S\u00e9curit\u00e9","Terrorisme"],"articleSection":["POLITIQUE"],"inLanguage":"fr-FR","potentialAction":[{"@type":"CommentAction","name":"Comment","target":["https:\/\/voxsahel.com\/?p=637#respond"]}]},{"@type":"WebPage","@id":"https:\/\/voxsahel.com\/?p=637","url":"https:\/\/voxsahel.com\/?p=637","name":"Loi de finances 2024 au Burkina Faso\u00a0: Un budget r\u00e9ajust\u00e9 pour r\u00e9pondre aux priorit\u00e9s nationales - Vox Sahel","isPartOf":{"@id":"https:\/\/voxsahel.com\/#website"},"primaryImageOfPage":{"@id":"https:\/\/voxsahel.com\/?p=637#primaryimage"},"image":{"@id":"https:\/\/voxsahel.com\/?p=637#primaryimage"},"thumbnailUrl":"https:\/\/voxsahel.com\/wp-content\/uploads\/2024\/10\/ALT.jpg","datePublished":"2024-10-16T06:59:16+00:00","breadcrumb":{"@id":"https:\/\/voxsahel.com\/?p=637#breadcrumb"},"inLanguage":"fr-FR","potentialAction":[{"@type":"ReadAction","target":["https:\/\/voxsahel.com\/?p=637"]}]},{"@type":"ImageObject","inLanguage":"fr-FR","@id":"https:\/\/voxsahel.com\/?p=637#primaryimage","url":"https:\/\/voxsahel.com\/wp-content\/uploads\/2024\/10\/ALT.jpg","contentUrl":"https:\/\/voxsahel.com\/wp-content\/uploads\/2024\/10\/ALT.jpg","width":2048,"height":1463,"caption":"Loi de finances 2024 au Burkina Faso : Un budget r\u00e9ajust\u00e9 pour r\u00e9pondre aux priorit\u00e9s nationales"},{"@type":"BreadcrumbList","@id":"https:\/\/voxsahel.com\/?p=637#breadcrumb","itemListElement":[{"@type":"ListItem","position":1,"name":"Home","item":"https:\/\/voxsahel.com\/"},{"@type":"ListItem","position":2,"name":"Loi de finances 2024 au Burkina Faso\u00a0: Un budget r\u00e9ajust\u00e9 pour r\u00e9pondre aux priorit\u00e9s nationales"}]},{"@type":"WebSite","@id":"https:\/\/voxsahel.com\/#website","url":"https:\/\/voxsahel.com\/","name":"Vox Sahel","description":"Informez-vous sur le Sahel en un clic","publisher":{"@id":"https:\/\/voxsahel.com\/#organization"},"potentialAction":[{"@type":"SearchAction","target":{"@type":"EntryPoint","urlTemplate":"https:\/\/voxsahel.com\/?s={search_term_string}"},"query-input":{"@type":"PropertyValueSpecification","valueRequired":true,"valueName":"search_term_string"}}],"inLanguage":"fr-FR"},{"@type":"Organization","@id":"https:\/\/voxsahel.com\/#organization","name":"Vox Sahel","url":"https:\/\/voxsahel.com\/","logo":{"@type":"ImageObject","inLanguage":"fr-FR","@id":"https:\/\/voxsahel.com\/#\/schema\/logo\/image\/","url":"https:\/\/voxsahel.com\/wp-content\/uploads\/2024\/09\/Logo-Vox-Sahel.jpg","contentUrl":"https:\/\/voxsahel.com\/wp-content\/uploads\/2024\/09\/Logo-Vox-Sahel.jpg","width":1181,"height":848,"caption":"Vox Sahel"},"image":{"@id":"https:\/\/voxsahel.com\/#\/schema\/logo\/image\/"},"sameAs":["https:\/\/www.facebook.com\/journal.voxsahel"]},{"@type":"Person","@id":"https:\/\/voxsahel.com\/#\/schema\/person\/b4043608248f8fa227cd760e7ff1e19e","name":"Vox Sahel","image":{"@type":"ImageObject","inLanguage":"fr-FR","@id":"https:\/\/secure.gravatar.com\/avatar\/f70e7fa0cb9b29d4a7c5788d6eb2e9ab4d3135cbae1c9161810fdf77a8964699?s=96&d=mm&r=g","url":"https:\/\/secure.gravatar.com\/avatar\/f70e7fa0cb9b29d4a7c5788d6eb2e9ab4d3135cbae1c9161810fdf77a8964699?s=96&d=mm&r=g","contentUrl":"https:\/\/secure.gravatar.com\/avatar\/f70e7fa0cb9b29d4a7c5788d6eb2e9ab4d3135cbae1c9161810fdf77a8964699?s=96&d=mm&r=g","caption":"Vox Sahel"},"sameAs":["http:\/\/www.voxsahel.com"],"url":"https:\/\/voxsahel.com\/?author=2"}]}},"_links":{"self":[{"href":"https:\/\/voxsahel.com\/index.php?rest_route=\/wp\/v2\/posts\/637","targetHints":{"allow":["GET"]}}],"collection":[{"href":"https:\/\/voxsahel.com\/index.php?rest_route=\/wp\/v2\/posts"}],"about":[{"href":"https:\/\/voxsahel.com\/index.php?rest_route=\/wp\/v2\/types\/post"}],"author":[{"embeddable":true,"href":"https:\/\/voxsahel.com\/index.php?rest_route=\/wp\/v2\/users\/2"}],"replies":[{"embeddable":true,"href":"https:\/\/voxsahel.com\/index.php?rest_route=%2Fwp%2Fv2%2Fcomments&post=637"}],"version-history":[{"count":1,"href":"https:\/\/voxsahel.com\/index.php?rest_route=\/wp\/v2\/posts\/637\/revisions"}],"predecessor-version":[{"id":639,"href":"https:\/\/voxsahel.com\/index.php?rest_route=\/wp\/v2\/posts\/637\/revisions\/639"}],"wp:featuredmedia":[{"embeddable":true,"href":"https:\/\/voxsahel.com\/index.php?rest_route=\/wp\/v2\/media\/638"}],"wp:attachment":[{"href":"https:\/\/voxsahel.com\/index.php?rest_route=%2Fwp%2Fv2%2Fmedia&parent=637"}],"wp:term":[{"taxonomy":"category","embeddable":true,"href":"https:\/\/voxsahel.com\/index.php?rest_route=%2Fwp%2Fv2%2Fcategories&post=637"},{"taxonomy":"post_tag","embeddable":true,"href":"https:\/\/voxsahel.com\/index.php?rest_route=%2Fwp%2Fv2%2Ftags&post=637"}],"curies":[{"name":"wp","href":"https:\/\/api.w.org\/{rel}","templated":true}]}}