{"id":63,"date":"2024-09-10T12:19:41","date_gmt":"2024-09-10T12:19:41","guid":{"rendered":"https:\/\/voxsahel.com\/?p=63"},"modified":"2024-09-10T12:19:43","modified_gmt":"2024-09-10T12:19:43","slug":"soutien-a-la-transition-des-chefs-coutumiers-resserrent-les-rangs-a-travers-burkina-celbal-baara","status":"publish","type":"post","link":"https:\/\/voxsahel.com\/?p=63","title":{"rendered":"Soutien \u00e0 la Transition\u00a0: Des chefs coutumiers resserrent les rangs \u00e0 travers \u00ab\u00a0Burkina Celbal Baara\u00a0\u00bb"},"content":{"rendered":"\n<h3 class=\"wp-block-heading\">Le Mouvement Le Faso, Ma Patrie (MFP), fa\u00eeti\u00e8re de la soci\u00e9t\u00e9 civile de soutien \u00e0 la Transition, et l\u2019association \u00ab&nbsp;Bassem yam pour le Faso&nbsp;\u00bb, un regroupement de chefs coutumiers, ont lanc\u00e9 une \u00ab&nbsp;initiative patriotique citoyenne pour la consolidation de la paix au Burkina Faso&nbsp;\u00bb d\u00e9nomm\u00e9e \u00ab&nbsp;Burkina Celbal Baara&nbsp;\u00bb, afin de renforcer les actions dans la dynamique du r\u00e9tablissement de la souverainet\u00e9 nationale et de la consolidation de la paix. Le lancement de ce cadre, qui a eu lieu samedi, 31 ao\u00fbt 2024 \u00e0 Ouagadougou, a \u00e9t\u00e9 plac\u00e9 sous le patronage du ministre d\u2019\u00c9tat, ministre en charge de la Fonction publique et du Travail, Bassolma Bazi\u00e9, et la pr\u00e9sidence du ministre de l\u2019Administration territoriale et de la Mobilit\u00e9, Emile Zerbo.<\/h3>\n\n\n\n<p>\u00ab&nbsp;Burkina Celbal Baara&nbsp;\u00bb, une d\u00e9marche endog\u00e8ne qui tire sa source de langues nationales (\u00ab&nbsp;Celbal&nbsp;\u00bb en fulfuld\u00e9 qui veut dire \u00ab&nbsp;la paix&nbsp;\u00bb)&nbsp;; \u00ab&nbsp;Baara&nbsp;\u00bb qui signifie \u00ab&nbsp;travail&nbsp;\u00bb en bambana), a pour objectif g\u00e9n\u00e9ral de mobiliser les chefs coutumiers et traditionnels, en une seule voix, pour accompagner les autorit\u00e9s burkinab\u00e8 et l\u2019ensemble des forces combattantes dans leur dynamique de d\u00e9fense et de reconqu\u00eate du territoire national. Il s\u2019agit donc d\u2019un engagement \u00e0 travailler pour le retour et la consolidation de la paix au Burkina Faso.<\/p>\n\n\n\n<p>Selon le pr\u00e9sident du comit\u00e9 d\u2019organisation, Honor\u00e9 Samandoulougou, par ailleurs premier responsable du Mouvement Le Faso, ma Patrie (MFP), \u00ab&nbsp;Burkina Celbal Baara&nbsp;\u00bb vise une r\u00e9elle implication de ces leaders communautaires, les chefs coutumiers et traditionnels, dans la lutte contre la \u00ab&nbsp;pr\u00e9dation imp\u00e9rialiste et ses vassaux locaux&nbsp;\u00bb. Elle m\u00e8nera des actions de sensibilisation, de formation et d\u2019interpellation \u00e0 ceux qui se livrent \u00e0 des actes qui portent atteinte \u00e0 la patrie.<\/p>\n\n\n\n<figure class=\"wp-block-image\"><a href=\"https:\/\/lefaso.net\/IMG\/jpg\/whatsapp_image_2024-09-01_at_17_46.03.jpg\"><img decoding=\"async\" src=\"https:\/\/lefaso.net\/local\/cache-vignettes\/L600xH450\/whatsapp_image_2024-09-01_at_17_46.03-4121b.jpg?1725627949\" alt=\"\"\/><\/a><figcaption class=\"wp-element-caption\"><em>L\u2019artisan de l\u2019initiative, Honor\u00e9 Samandoulougou, \u00e9met le v\u0153u d\u2019un retour rapide de la qui\u00e9tude, appelant chaque Burkinab\u00e8 \u00e0 y mettre du sien dans la reconqu\u00eate du territoire<\/em><\/figcaption><\/figure>\n\n\n\n<p>\u00ab&nbsp;Depuis plusieurs si\u00e8cles, l\u2019homme noir en g\u00e9n\u00e9ral, les populations de notre pays en particulier, ont v\u00e9cu les pires atrocit\u00e9s de l\u2019humanit\u00e9, du fait d\u2019actions anthropiques. Les plus catastrophiques de ces strat\u00e9gies sont l\u2019esclavage, la colonisation et, aujourd\u2019hui, l\u2019imp\u00e9rialisme et le terrorisme. Ces trag\u00e9dies ont \u00e9t\u00e9 possibles \u00e0 cause de la d\u00e9structuration de nos dispositifs de solidarit\u00e9 m\u00e9canique \u00e0 des moments pr\u00e9cis de l\u2019histoire. Cette situation de d\u00e9structuration se manifeste par des ph\u00e9nom\u00e8nes de trahison, de d\u00e9viance vis-\u00e0-vis de nos valeurs sacr\u00e9es ou m\u00eame de d\u00e9viance de l\u2019autorit\u00e9 morale, politique, \u00e0 des buts lucratifs, de cupidit\u00e9 et d\u2019\u00e9gocentrisme. (&#8230;). \u00c0 travers cette initiative, nous ambitionnons de montrer, une fois de plus, et si besoin en \u00e9tait, que les femmes et les hommes int\u00e8gres sont, toutes et tous, vent debout, et pour toujours, contre le terrorisme international et toutes les formes de subterfuges n\u00e9ocoloniaux et fascistes, mis en \u0153uvre contre le Burkina Faso et l\u2019Alliance des \u00c9tats du Sahel (AES)&nbsp;; et, partant, contre tous les peuples libres du monde&nbsp;\u00bb, a pr\u00e9sent\u00e9 l\u2019organisateur en chef, Honor\u00e9 Samandoulougou, invitant les Burkinab\u00e8, les Africains de fa\u00e7on g\u00e9n\u00e9rale, \u00e0 se d\u00e9partir de la tra\u00eetrise et de la cupidit\u00e9, et \u00e0 ne pas se laisser manipuler \u00e0 des fins de destruction de leurs propres patries.<\/p>\n\n\n\n<figure class=\"wp-block-image\"><a href=\"https:\/\/lefaso.net\/IMG\/jpg\/whatsapp_image_2024-09-01_at_17.47_22.jpg\"><img decoding=\"async\" src=\"https:\/\/lefaso.net\/local\/cache-vignettes\/L600xH450\/whatsapp_image_2024-09-01_at_17.47_22-ad393.jpg?1725627949\" alt=\"\"\/><\/a><figcaption class=\"wp-element-caption\"><em>Vue partielle des participants \u00e0 cette c\u00e9r\u00e9monie de lancement<\/em><\/figcaption><\/figure>\n\n\n\n<p>Le premier responsable du MFP a donc saisi le cadre pour magnifier les efforts et la d\u00e9termination du pr\u00e9sident Ibrahim Traor\u00e9 et de son gouvernement, ainsi que des forces combattantes dans la reconqu\u00eate de l\u2019int\u00e9grit\u00e9 du territoire. Il n\u2019a pas manqu\u00e9 de rendre hommage aux victimes de la lutte.<\/p>\n\n\n\n<p>Une initiative et un engagement qui arrachent de l\u2019admiration au patron de la c\u00e9r\u00e9monie, le ministre d\u2019\u00c9tat, ministre en charge de la Fonction publique et du Travail, repr\u00e9sent\u00e9 par son charg\u00e9 de mission, Seydou Sanou. \u00ab&nbsp;La patrie vous en saura gr\u00e9&nbsp;\u00bb, a-t-il exprim\u00e9 de la part de son sup\u00e9rieur hi\u00e9rarchique, avant d\u2019affirmer que le gouvernement ne m\u00e9nagera aucun effort pour accompagner les actions de \u00ab&nbsp;Burkina Celbal Baara&nbsp;\u00bb et toute initiative visant \u00e0 consolider la paix.<\/p>\n\n\n\n<figure class=\"wp-block-image\"><a href=\"https:\/\/lefaso.net\/IMG\/jpg\/whatsapp_image_2024-09-01_at_17.41_30.jpg\"><img decoding=\"async\" src=\"https:\/\/lefaso.net\/local\/cache-vignettes\/L600xH450\/whatsapp_image_2024-09-01_at_17.41_30-eba9b.jpg?1725627949\" alt=\"\"\/><\/a><figcaption class=\"wp-element-caption\"><em>Le mandataire du ministre d\u2019\u00c9tat, patron de la c\u00e9r\u00e9monie, Seydou Sanou<\/em><\/figcaption><\/figure>\n\n\n\n<p>M\u00eame sentiment de reconnaissances pour le pr\u00e9sident de l\u2019activit\u00e9, le ministre de l\u2019Administration territoriale et de la Mobilit\u00e9, dont le mandataire, Naaba Saga, charg\u00e9 de mission, s\u2019est f\u00e9licit\u00e9 de cette d\u00e9marche \u00ab&nbsp;qui vise \u00e0 exalter la fibre patriotique et raviver les valeurs du vivre-ensemble&nbsp;\u00bb. Il a exhort\u00e9 les Burkinab\u00e8 \u00e0 travailler \u00e0 se d\u00e9partir des haines, de l\u2019\u00e9go\u00efsme et des divisions.<\/p>\n\n\n\n<figure class=\"wp-block-image\"><a href=\"https:\/\/lefaso.net\/IMG\/jpg\/whatsapp_image_2024-09-01_at_17.42_27.jpg\"><img decoding=\"async\" src=\"https:\/\/lefaso.net\/local\/cache-vignettes\/L600xH450\/whatsapp_image_2024-09-01_at_17.42_27-7d865.jpg?1725627949\" alt=\"\"\/><\/a><figcaption class=\"wp-element-caption\"><em>Le repr\u00e9sentant du pr\u00e9sident, le ministre en charge de l\u2019administration du territoire, Naaba Saga<\/em><\/figcaption><\/figure>\n\n\n\n<p>Au cours de la c\u00e9r\u00e9monie qui a mobilis\u00e9 un grand monde de toutes les couches sociales \u00e0 leurs c\u00f4t\u00e9s, les chefs coutumiers et traditionnels ont invit\u00e9 l\u2019ensemble des populations \u00e0 travailler \u00e0 favoriser la solidarit\u00e9 et l\u2019unit\u00e9 dans la soci\u00e9t\u00e9. \u00ab&nbsp;Les grandes luttes se gagnent dans la solidarit\u00e9. Nous demandons \u00e0 tout le monde de lib\u00e9rer les initiatives dans ce sens&nbsp;\u00bb, ont appel\u00e9 ces leaders communautaires qui ont \u00e9galement profit\u00e9 du cadre pour adresser un message de condamnation et de compassion dans le drame de Barsalgho.<\/p>\n\n\n\n<p><strong>O.L.O.<br>Lefaso.net<\/strong><\/p>\n","protected":false},"excerpt":{"rendered":"<p>Le Mouvement Le Faso, Ma Patrie (MFP), fa\u00eeti\u00e8re de la soci\u00e9t\u00e9 civile de soutien \u00e0<\/p>\n","protected":false},"author":1,"featured_media":64,"comment_status":"open","ping_status":"open","sticky":false,"template":"","format":"standard","meta":{"_et_pb_use_builder":"off","_et_pb_old_content":"","_et_gb_content_width":"","footnotes":""},"categories":[6],"tags":[],"class_list":["post-63","post","type-post","status-publish","format-standard","has-post-thumbnail","hentry","category-politique"],"yoast_head":"<!-- This site is optimized with the Yoast SEO plugin v27.5 - https:\/\/yoast.com\/product\/yoast-seo-wordpress\/ -->\n<title>Soutien \u00e0 la Transition\u00a0: Des chefs coutumiers resserrent les rangs \u00e0 travers \u00ab\u00a0Burkina Celbal Baara\u00a0\u00bb - Vox Sahel<\/title>\n<meta name=\"robots\" content=\"index, follow, max-snippet:-1, max-image-preview:large, max-video-preview:-1\" \/>\n<link rel=\"canonical\" href=\"https:\/\/voxsahel.com\/?p=63\" \/>\n<meta property=\"og:locale\" content=\"fr_FR\" \/>\n<meta property=\"og:type\" content=\"article\" \/>\n<meta property=\"og:title\" content=\"Soutien \u00e0 la Transition\u00a0: Des chefs coutumiers resserrent les rangs \u00e0 travers \u00ab\u00a0Burkina Celbal Baara\u00a0\u00bb - Vox Sahel\" \/>\n<meta property=\"og:description\" content=\"Le Mouvement Le Faso, Ma Patrie (MFP), fa\u00eeti\u00e8re de la soci\u00e9t\u00e9 civile de soutien \u00e0\" \/>\n<meta property=\"og:url\" content=\"https:\/\/voxsahel.com\/?p=63\" \/>\n<meta property=\"og:site_name\" content=\"Vox Sahel\" \/>\n<meta property=\"article:publisher\" content=\"https:\/\/www.facebook.com\/journal.voxsahel\" \/>\n<meta property=\"article:published_time\" content=\"2024-09-10T12:19:41+00:00\" \/>\n<meta property=\"article:modified_time\" content=\"2024-09-10T12:19:43+00:00\" \/>\n<meta property=\"og:image\" content=\"https:\/\/voxsahel.com\/wp-content\/uploads\/2024\/09\/tradition-chef.jpg\" \/>\n\t<meta property=\"og:image:width\" content=\"680\" \/>\n\t<meta property=\"og:image:height\" content=\"383\" \/>\n\t<meta property=\"og:image:type\" content=\"image\/jpeg\" \/>\n<meta name=\"author\" content=\"admin\" \/>\n<meta name=\"twitter:card\" content=\"summary_large_image\" \/>\n<meta name=\"twitter:label1\" content=\"\u00c9crit par\" \/>\n\t<meta name=\"twitter:data1\" content=\"admin\" \/>\n\t<meta name=\"twitter:label2\" content=\"Dur\u00e9e de lecture estim\u00e9e\" \/>\n\t<meta name=\"twitter:data2\" content=\"6 minutes\" \/>\n<script type=\"application\/ld+json\" class=\"yoast-schema-graph\">{\"@context\":\"https:\\\/\\\/schema.org\",\"@graph\":[{\"@type\":\"Article\",\"@id\":\"https:\\\/\\\/voxsahel.com\\\/?p=63#article\",\"isPartOf\":{\"@id\":\"https:\\\/\\\/voxsahel.com\\\/?p=63\"},\"author\":{\"name\":\"admin\",\"@id\":\"https:\\\/\\\/voxsahel.com\\\/#\\\/schema\\\/person\\\/172b328be54b39f049a1e0360f28d3c3\"},\"headline\":\"Soutien \u00e0 la Transition\u00a0: Des chefs coutumiers resserrent les rangs \u00e0 travers \u00ab\u00a0Burkina Celbal Baara\u00a0\u00bb\",\"datePublished\":\"2024-09-10T12:19:41+00:00\",\"dateModified\":\"2024-09-10T12:19:43+00:00\",\"mainEntityOfPage\":{\"@id\":\"https:\\\/\\\/voxsahel.com\\\/?p=63\"},\"wordCount\":948,\"commentCount\":0,\"publisher\":{\"@id\":\"https:\\\/\\\/voxsahel.com\\\/#organization\"},\"image\":{\"@id\":\"https:\\\/\\\/voxsahel.com\\\/?p=63#primaryimage\"},\"thumbnailUrl\":\"https:\\\/\\\/voxsahel.com\\\/wp-content\\\/uploads\\\/2024\\\/09\\\/tradition-chef.jpg\",\"articleSection\":[\"POLITIQUE\"],\"inLanguage\":\"fr-FR\",\"potentialAction\":[{\"@type\":\"CommentAction\",\"name\":\"Comment\",\"target\":[\"https:\\\/\\\/voxsahel.com\\\/?p=63#respond\"]}]},{\"@type\":\"WebPage\",\"@id\":\"https:\\\/\\\/voxsahel.com\\\/?p=63\",\"url\":\"https:\\\/\\\/voxsahel.com\\\/?p=63\",\"name\":\"Soutien \u00e0 la Transition\u00a0: Des chefs coutumiers resserrent les rangs \u00e0 travers \u00ab\u00a0Burkina Celbal Baara\u00a0\u00bb - Vox Sahel\",\"isPartOf\":{\"@id\":\"https:\\\/\\\/voxsahel.com\\\/#website\"},\"primaryImageOfPage\":{\"@id\":\"https:\\\/\\\/voxsahel.com\\\/?p=63#primaryimage\"},\"image\":{\"@id\":\"https:\\\/\\\/voxsahel.com\\\/?p=63#primaryimage\"},\"thumbnailUrl\":\"https:\\\/\\\/voxsahel.com\\\/wp-content\\\/uploads\\\/2024\\\/09\\\/tradition-chef.jpg\",\"datePublished\":\"2024-09-10T12:19:41+00:00\",\"dateModified\":\"2024-09-10T12:19:43+00:00\",\"breadcrumb\":{\"@id\":\"https:\\\/\\\/voxsahel.com\\\/?p=63#breadcrumb\"},\"inLanguage\":\"fr-FR\",\"potentialAction\":[{\"@type\":\"ReadAction\",\"target\":[\"https:\\\/\\\/voxsahel.com\\\/?p=63\"]}]},{\"@type\":\"ImageObject\",\"inLanguage\":\"fr-FR\",\"@id\":\"https:\\\/\\\/voxsahel.com\\\/?p=63#primaryimage\",\"url\":\"https:\\\/\\\/voxsahel.com\\\/wp-content\\\/uploads\\\/2024\\\/09\\\/tradition-chef.jpg\",\"contentUrl\":\"https:\\\/\\\/voxsahel.com\\\/wp-content\\\/uploads\\\/2024\\\/09\\\/tradition-chef.jpg\",\"width\":680,\"height\":383},{\"@type\":\"BreadcrumbList\",\"@id\":\"https:\\\/\\\/voxsahel.com\\\/?p=63#breadcrumb\",\"itemListElement\":[{\"@type\":\"ListItem\",\"position\":1,\"name\":\"Home\",\"item\":\"https:\\\/\\\/voxsahel.com\\\/\"},{\"@type\":\"ListItem\",\"position\":2,\"name\":\"Soutien \u00e0 la Transition\u00a0: Des chefs coutumiers resserrent les rangs \u00e0 travers \u00ab\u00a0Burkina Celbal Baara\u00a0\u00bb\"}]},{\"@type\":\"WebSite\",\"@id\":\"https:\\\/\\\/voxsahel.com\\\/#website\",\"url\":\"https:\\\/\\\/voxsahel.com\\\/\",\"name\":\"Vox Sahel\",\"description\":\"Informez-vous sur le Sahel en un clic\",\"publisher\":{\"@id\":\"https:\\\/\\\/voxsahel.com\\\/#organization\"},\"potentialAction\":[{\"@type\":\"SearchAction\",\"target\":{\"@type\":\"EntryPoint\",\"urlTemplate\":\"https:\\\/\\\/voxsahel.com\\\/?s={search_term_string}\"},\"query-input\":{\"@type\":\"PropertyValueSpecification\",\"valueRequired\":true,\"valueName\":\"search_term_string\"}}],\"inLanguage\":\"fr-FR\"},{\"@type\":\"Organization\",\"@id\":\"https:\\\/\\\/voxsahel.com\\\/#organization\",\"name\":\"Vox Sahel\",\"url\":\"https:\\\/\\\/voxsahel.com\\\/\",\"logo\":{\"@type\":\"ImageObject\",\"inLanguage\":\"fr-FR\",\"@id\":\"https:\\\/\\\/voxsahel.com\\\/#\\\/schema\\\/logo\\\/image\\\/\",\"url\":\"https:\\\/\\\/voxsahel.com\\\/wp-content\\\/uploads\\\/2024\\\/09\\\/Logo-Vox-Sahel.jpg\",\"contentUrl\":\"https:\\\/\\\/voxsahel.com\\\/wp-content\\\/uploads\\\/2024\\\/09\\\/Logo-Vox-Sahel.jpg\",\"width\":1181,\"height\":848,\"caption\":\"Vox Sahel\"},\"image\":{\"@id\":\"https:\\\/\\\/voxsahel.com\\\/#\\\/schema\\\/logo\\\/image\\\/\"},\"sameAs\":[\"https:\\\/\\\/www.facebook.com\\\/journal.voxsahel\"]},{\"@type\":\"Person\",\"@id\":\"https:\\\/\\\/voxsahel.com\\\/#\\\/schema\\\/person\\\/172b328be54b39f049a1e0360f28d3c3\",\"name\":\"admin\",\"image\":{\"@type\":\"ImageObject\",\"inLanguage\":\"fr-FR\",\"@id\":\"https:\\\/\\\/secure.gravatar.com\\\/avatar\\\/80ee9e38cf080d6de2bc5ade7eae71c709dee38b736f27d7d1cb524de2146505?s=96&d=mm&r=g\",\"url\":\"https:\\\/\\\/secure.gravatar.com\\\/avatar\\\/80ee9e38cf080d6de2bc5ade7eae71c709dee38b736f27d7d1cb524de2146505?s=96&d=mm&r=g\",\"contentUrl\":\"https:\\\/\\\/secure.gravatar.com\\\/avatar\\\/80ee9e38cf080d6de2bc5ade7eae71c709dee38b736f27d7d1cb524de2146505?s=96&d=mm&r=g\",\"caption\":\"admin\"},\"sameAs\":[\"https:\\\/\\\/voxsahel.com\"],\"url\":\"https:\\\/\\\/voxsahel.com\\\/?author=1\"}]}<\/script>\n<!-- \/ Yoast SEO plugin. -->","yoast_head_json":{"title":"Soutien \u00e0 la Transition\u00a0: Des chefs coutumiers resserrent les rangs \u00e0 travers \u00ab\u00a0Burkina Celbal Baara\u00a0\u00bb - Vox Sahel","robots":{"index":"index","follow":"follow","max-snippet":"max-snippet:-1","max-image-preview":"max-image-preview:large","max-video-preview":"max-video-preview:-1"},"canonical":"https:\/\/voxsahel.com\/?p=63","og_locale":"fr_FR","og_type":"article","og_title":"Soutien \u00e0 la Transition\u00a0: Des chefs coutumiers resserrent les rangs \u00e0 travers \u00ab\u00a0Burkina Celbal Baara\u00a0\u00bb - Vox Sahel","og_description":"Le Mouvement Le Faso, Ma Patrie (MFP), fa\u00eeti\u00e8re de la soci\u00e9t\u00e9 civile de soutien \u00e0","og_url":"https:\/\/voxsahel.com\/?p=63","og_site_name":"Vox Sahel","article_publisher":"https:\/\/www.facebook.com\/journal.voxsahel","article_published_time":"2024-09-10T12:19:41+00:00","article_modified_time":"2024-09-10T12:19:43+00:00","og_image":[{"width":680,"height":383,"url":"https:\/\/voxsahel.com\/wp-content\/uploads\/2024\/09\/tradition-chef.jpg","type":"image\/jpeg"}],"author":"admin","twitter_card":"summary_large_image","twitter_misc":{"\u00c9crit par":"admin","Dur\u00e9e de lecture estim\u00e9e":"6 minutes"},"schema":{"@context":"https:\/\/schema.org","@graph":[{"@type":"Article","@id":"https:\/\/voxsahel.com\/?p=63#article","isPartOf":{"@id":"https:\/\/voxsahel.com\/?p=63"},"author":{"name":"admin","@id":"https:\/\/voxsahel.com\/#\/schema\/person\/172b328be54b39f049a1e0360f28d3c3"},"headline":"Soutien \u00e0 la Transition\u00a0: Des chefs coutumiers resserrent les rangs \u00e0 travers \u00ab\u00a0Burkina Celbal Baara\u00a0\u00bb","datePublished":"2024-09-10T12:19:41+00:00","dateModified":"2024-09-10T12:19:43+00:00","mainEntityOfPage":{"@id":"https:\/\/voxsahel.com\/?p=63"},"wordCount":948,"commentCount":0,"publisher":{"@id":"https:\/\/voxsahel.com\/#organization"},"image":{"@id":"https:\/\/voxsahel.com\/?p=63#primaryimage"},"thumbnailUrl":"https:\/\/voxsahel.com\/wp-content\/uploads\/2024\/09\/tradition-chef.jpg","articleSection":["POLITIQUE"],"inLanguage":"fr-FR","potentialAction":[{"@type":"CommentAction","name":"Comment","target":["https:\/\/voxsahel.com\/?p=63#respond"]}]},{"@type":"WebPage","@id":"https:\/\/voxsahel.com\/?p=63","url":"https:\/\/voxsahel.com\/?p=63","name":"Soutien \u00e0 la Transition\u00a0: Des chefs coutumiers resserrent les rangs \u00e0 travers \u00ab\u00a0Burkina Celbal Baara\u00a0\u00bb - Vox Sahel","isPartOf":{"@id":"https:\/\/voxsahel.com\/#website"},"primaryImageOfPage":{"@id":"https:\/\/voxsahel.com\/?p=63#primaryimage"},"image":{"@id":"https:\/\/voxsahel.com\/?p=63#primaryimage"},"thumbnailUrl":"https:\/\/voxsahel.com\/wp-content\/uploads\/2024\/09\/tradition-chef.jpg","datePublished":"2024-09-10T12:19:41+00:00","dateModified":"2024-09-10T12:19:43+00:00","breadcrumb":{"@id":"https:\/\/voxsahel.com\/?p=63#breadcrumb"},"inLanguage":"fr-FR","potentialAction":[{"@type":"ReadAction","target":["https:\/\/voxsahel.com\/?p=63"]}]},{"@type":"ImageObject","inLanguage":"fr-FR","@id":"https:\/\/voxsahel.com\/?p=63#primaryimage","url":"https:\/\/voxsahel.com\/wp-content\/uploads\/2024\/09\/tradition-chef.jpg","contentUrl":"https:\/\/voxsahel.com\/wp-content\/uploads\/2024\/09\/tradition-chef.jpg","width":680,"height":383},{"@type":"BreadcrumbList","@id":"https:\/\/voxsahel.com\/?p=63#breadcrumb","itemListElement":[{"@type":"ListItem","position":1,"name":"Home","item":"https:\/\/voxsahel.com\/"},{"@type":"ListItem","position":2,"name":"Soutien \u00e0 la Transition\u00a0: Des chefs coutumiers resserrent les rangs \u00e0 travers \u00ab\u00a0Burkina Celbal Baara\u00a0\u00bb"}]},{"@type":"WebSite","@id":"https:\/\/voxsahel.com\/#website","url":"https:\/\/voxsahel.com\/","name":"Vox Sahel","description":"Informez-vous sur le Sahel en un clic","publisher":{"@id":"https:\/\/voxsahel.com\/#organization"},"potentialAction":[{"@type":"SearchAction","target":{"@type":"EntryPoint","urlTemplate":"https:\/\/voxsahel.com\/?s={search_term_string}"},"query-input":{"@type":"PropertyValueSpecification","valueRequired":true,"valueName":"search_term_string"}}],"inLanguage":"fr-FR"},{"@type":"Organization","@id":"https:\/\/voxsahel.com\/#organization","name":"Vox Sahel","url":"https:\/\/voxsahel.com\/","logo":{"@type":"ImageObject","inLanguage":"fr-FR","@id":"https:\/\/voxsahel.com\/#\/schema\/logo\/image\/","url":"https:\/\/voxsahel.com\/wp-content\/uploads\/2024\/09\/Logo-Vox-Sahel.jpg","contentUrl":"https:\/\/voxsahel.com\/wp-content\/uploads\/2024\/09\/Logo-Vox-Sahel.jpg","width":1181,"height":848,"caption":"Vox Sahel"},"image":{"@id":"https:\/\/voxsahel.com\/#\/schema\/logo\/image\/"},"sameAs":["https:\/\/www.facebook.com\/journal.voxsahel"]},{"@type":"Person","@id":"https:\/\/voxsahel.com\/#\/schema\/person\/172b328be54b39f049a1e0360f28d3c3","name":"admin","image":{"@type":"ImageObject","inLanguage":"fr-FR","@id":"https:\/\/secure.gravatar.com\/avatar\/80ee9e38cf080d6de2bc5ade7eae71c709dee38b736f27d7d1cb524de2146505?s=96&d=mm&r=g","url":"https:\/\/secure.gravatar.com\/avatar\/80ee9e38cf080d6de2bc5ade7eae71c709dee38b736f27d7d1cb524de2146505?s=96&d=mm&r=g","contentUrl":"https:\/\/secure.gravatar.com\/avatar\/80ee9e38cf080d6de2bc5ade7eae71c709dee38b736f27d7d1cb524de2146505?s=96&d=mm&r=g","caption":"admin"},"sameAs":["https:\/\/voxsahel.com"],"url":"https:\/\/voxsahel.com\/?author=1"}]}},"_links":{"self":[{"href":"https:\/\/voxsahel.com\/index.php?rest_route=\/wp\/v2\/posts\/63","targetHints":{"allow":["GET"]}}],"collection":[{"href":"https:\/\/voxsahel.com\/index.php?rest_route=\/wp\/v2\/posts"}],"about":[{"href":"https:\/\/voxsahel.com\/index.php?rest_route=\/wp\/v2\/types\/post"}],"author":[{"embeddable":true,"href":"https:\/\/voxsahel.com\/index.php?rest_route=\/wp\/v2\/users\/1"}],"replies":[{"embeddable":true,"href":"https:\/\/voxsahel.com\/index.php?rest_route=%2Fwp%2Fv2%2Fcomments&post=63"}],"version-history":[{"count":1,"href":"https:\/\/voxsahel.com\/index.php?rest_route=\/wp\/v2\/posts\/63\/revisions"}],"predecessor-version":[{"id":65,"href":"https:\/\/voxsahel.com\/index.php?rest_route=\/wp\/v2\/posts\/63\/revisions\/65"}],"wp:featuredmedia":[{"embeddable":true,"href":"https:\/\/voxsahel.com\/index.php?rest_route=\/wp\/v2\/media\/64"}],"wp:attachment":[{"href":"https:\/\/voxsahel.com\/index.php?rest_route=%2Fwp%2Fv2%2Fmedia&parent=63"}],"wp:term":[{"taxonomy":"category","embeddable":true,"href":"https:\/\/voxsahel.com\/index.php?rest_route=%2Fwp%2Fv2%2Fcategories&post=63"},{"taxonomy":"post_tag","embeddable":true,"href":"https:\/\/voxsahel.com\/index.php?rest_route=%2Fwp%2Fv2%2Ftags&post=63"}],"curies":[{"name":"wp","href":"https:\/\/api.w.org\/{rel}","templated":true}]}}