{"id":628,"date":"2024-10-14T11:58:19","date_gmt":"2024-10-14T11:58:19","guid":{"rendered":"https:\/\/voxsahel.com\/?p=628"},"modified":"2024-10-14T11:58:19","modified_gmt":"2024-10-14T11:58:19","slug":"audience-entre-la-cp-aes-et-le-president-de-la-cnavc-vers-une-coordination-renforcee-des-associations-citoyennes","status":"publish","type":"post","link":"https:\/\/voxsahel.com\/?p=628","title":{"rendered":"Audience entre la CP-AES et le Pr\u00e9sident de la CNAVC : Vers une coordination renforc\u00e9e des associations citoyennes"},"content":{"rendered":"<p class=\"p1\">Une d\u00e9l\u00e9gation de la Conf\u00e9d\u00e9ration des Peuples de l&rsquo;Alliance des \u00c9tats du Sahel (CP-AES), Coordination du Burkina Faso, a \u00e9t\u00e9 re\u00e7ue en audience par le pr\u00e9sident du mois de la Coordination Nationale des Associations de Veille Citoyenne (CNAVC), M. Adama Compaor\u00e9, le lundi 14 octobre 2024, \u00e0 Ouagadougou. Conduite par YssoufouOuattara, Coordonnateur national de la Conf\u00e9d\u00e9ration au Burkina Faso, cette d\u00e9l\u00e9gation avait pour objectif de pr\u00e9senter l&rsquo;organisation au pr\u00e9sident de la CNAVC et de solliciter ses conseils pour renforcer la collaboration entre les associations locales et la Conf\u00e9d\u00e9ration.<\/p>\n<p class=\"p1\"><span class=\"s2\">\u00ab Nous avons trouv\u00e9 un pr\u00e9sident tr\u00e8s ouvert, qui a \u00e9cout\u00e9 attentivement toutes les informations que nous avons partag\u00e9es \u00bb, a d\u00e9clar\u00e9 Yssoufou Ouattara \u00e0 l&rsquo;issue de la rencontre. La d\u00e9l\u00e9gation a pr\u00e9sent\u00e9 les documents issus de leur r\u00e9cente mission \u00e0 Bamako, dans le cadre du programme de communication du CP-AES. \u00ab Nous voulons ratisser large et amener tout le monde \u00e0 adh\u00e9rer \u00e0 la CP-AES. Nous avons l&rsquo;espoir qu&rsquo;avec l&rsquo;appui de la CNAVC, les associations l\u00e9gales au Burkina Faso pourront signer la charte de l&rsquo;organisation \u00bb, a-t-il ajout\u00e9.<\/span><\/p>\n<p class=\"p1\"><span class=\"s2\">\u00a0<\/span>La CP-AES ambitionne de f\u00e9d\u00e9rer les associations citoyennes autour d&rsquo;une vision commune de coop\u00e9ration et d&rsquo;int\u00e9gration entre les peuples du Burkina Faso, du Niger et du Mali. \u00ab Il est primordial que nous parlions d&rsquo;une seule voix pour soutenir le message du capitaine Ibrahim Traor\u00e9 et renforcer les liens avec les peuples fr\u00e8res \u00bb, a insist\u00e9 M. Ouattara.<\/p>\n<p class=\"p1\"><span class=\"s2\">Cette rencontre s&rsquo;inscrit dans une s\u00e9rie d&rsquo;\u00e9changes initi\u00e9s par la CP-AES. Quelques jours plus t\u00f4t, le vendredi 11 octobre 2024, la m\u00eame d\u00e9l\u00e9gation avait \u00e9t\u00e9 re\u00e7ue par le Ministre de la S\u00e9curit\u00e9, le Commissaire divisionnaire Mahamadou Sana. Ces consultations visent \u00e0 mobiliser les acteurs institutionnels et associatifs autour des dynamiques de la Conf\u00e9d\u00e9ration, dans un contexte marqu\u00e9 par la recherche d&rsquo;une int\u00e9gration renforc\u00e9e des \u00c9tats du Sahel.<\/span><\/p>\n<p class=\"p1\"><span class=\"s2\">La CP-AES esp\u00e8re ainsi qu&rsquo;un nombre croissant d&rsquo;associations rejoindra ses rangs, \u00e0 travers la signature de la charte de Bamako. \u00ab Nous voulons qu&rsquo;il n&rsquo;y ait pas plusieurs associations \u00e9parses, mais une structure unifi\u00e9e qui f\u00e9d\u00e8re les \u00e9nergies pour l&rsquo;int\u00e9gration des peuples de l&rsquo;AES \u00bb, conclut Yssoufou Ouattara.<\/span><\/p>\n<p class=\"p1\"><span class=\"s2\">Ces d\u00e9marches t\u00e9moignent de la volont\u00e9 des acteurs du Sahel de collaborer \u00e9troitement dans la construction d&rsquo;une alliance solide entre les \u00c9tats membres, face aux d\u00e9fis s\u00e9curitaires et politiques qui secouent la r\u00e9gion.\u00a0<\/span><\/p>\n<p class=\"p1\" style=\"text-align: right;\"><span class=\"s2\"><b>Par Vox Sahel <\/b><\/span><\/p>\n","protected":false},"excerpt":{"rendered":"<p>Une d\u00e9l\u00e9gation de la Conf\u00e9d\u00e9ration des Peuples de l&rsquo;Alliance des \u00c9tats du Sahel (CP-AES), Coordination<\/p>\n","protected":false},"author":2,"featured_media":629,"comment_status":"open","ping_status":"open","sticky":false,"template":"","format":"standard","meta":{"_et_pb_use_builder":"","_et_pb_old_content":"","_et_gb_content_width":"","footnotes":""},"categories":[5],"tags":[61,62,43,18,352,353,351,262,46,64,44],"class_list":["post-628","post","type-post","status-publish","format-standard","has-post-thumbnail","hentry","category-societe","tag-aes","tag-alliance-des-etats-du-sahel","tag-association","tag-burkina-faso","tag-cnavc","tag-confederation-des-peuples-de-lalliance-des-etats-du-sahel","tag-coordination-nationale-des-associations-de-veille-citoyenne","tag-cp-aes","tag-ong","tag-organisation-de-la-societe-civile","tag-osc"],"yoast_head":"<!-- This site is optimized with the Yoast SEO plugin v27.5 - https:\/\/yoast.com\/product\/yoast-seo-wordpress\/ -->\n<title>Audience entre la CP-AES et le Pr\u00e9sident de la CNAVC : Vers une coordination renforc\u00e9e des associations citoyennes - Vox Sahel<\/title>\n<meta name=\"robots\" content=\"index, follow, max-snippet:-1, max-image-preview:large, max-video-preview:-1\" \/>\n<link rel=\"canonical\" href=\"https:\/\/voxsahel.com\/?p=628\" \/>\n<meta property=\"og:locale\" content=\"fr_FR\" \/>\n<meta property=\"og:type\" content=\"article\" \/>\n<meta property=\"og:title\" content=\"Audience entre la CP-AES et le Pr\u00e9sident de la CNAVC : Vers une coordination renforc\u00e9e des associations citoyennes - Vox Sahel\" \/>\n<meta property=\"og:description\" content=\"Une d\u00e9l\u00e9gation de la Conf\u00e9d\u00e9ration des Peuples de l&rsquo;Alliance des \u00c9tats du Sahel (CP-AES), Coordination\" \/>\n<meta property=\"og:url\" content=\"https:\/\/voxsahel.com\/?p=628\" \/>\n<meta property=\"og:site_name\" content=\"Vox Sahel\" \/>\n<meta property=\"article:publisher\" content=\"https:\/\/www.facebook.com\/journal.voxsahel\" \/>\n<meta property=\"article:published_time\" content=\"2024-10-14T11:58:19+00:00\" \/>\n<meta property=\"og:image\" content=\"https:\/\/voxsahel.com\/wp-content\/uploads\/2024\/10\/IMG_8866-scaled.jpeg\" \/>\n\t<meta property=\"og:image:width\" content=\"2560\" \/>\n\t<meta property=\"og:image:height\" content=\"1920\" \/>\n\t<meta property=\"og:image:type\" content=\"image\/jpeg\" \/>\n<meta name=\"author\" content=\"Vox Sahel\" \/>\n<meta name=\"twitter:card\" content=\"summary_large_image\" \/>\n<meta name=\"twitter:label1\" content=\"\u00c9crit par\" \/>\n\t<meta name=\"twitter:data1\" content=\"Vox Sahel\" \/>\n\t<meta name=\"twitter:label2\" content=\"Dur\u00e9e de lecture estim\u00e9e\" \/>\n\t<meta name=\"twitter:data2\" content=\"3 minutes\" \/>\n<script type=\"application\/ld+json\" class=\"yoast-schema-graph\">{\"@context\":\"https:\\\/\\\/schema.org\",\"@graph\":[{\"@type\":\"Article\",\"@id\":\"https:\\\/\\\/voxsahel.com\\\/?p=628#article\",\"isPartOf\":{\"@id\":\"https:\\\/\\\/voxsahel.com\\\/?p=628\"},\"author\":{\"name\":\"Vox Sahel\",\"@id\":\"https:\\\/\\\/voxsahel.com\\\/#\\\/schema\\\/person\\\/b4043608248f8fa227cd760e7ff1e19e\"},\"headline\":\"Audience entre la CP-AES et le Pr\u00e9sident de la CNAVC : Vers une coordination renforc\u00e9e des associations citoyennes\",\"datePublished\":\"2024-10-14T11:58:19+00:00\",\"mainEntityOfPage\":{\"@id\":\"https:\\\/\\\/voxsahel.com\\\/?p=628\"},\"wordCount\":457,\"commentCount\":0,\"publisher\":{\"@id\":\"https:\\\/\\\/voxsahel.com\\\/#organization\"},\"image\":{\"@id\":\"https:\\\/\\\/voxsahel.com\\\/?p=628#primaryimage\"},\"thumbnailUrl\":\"https:\\\/\\\/voxsahel.com\\\/wp-content\\\/uploads\\\/2024\\\/10\\\/IMG_8866-scaled.jpeg\",\"keywords\":[\"AES\",\"Alliance des \u00c9tats du Sahel\",\"Association\",\"Burkina Faso\",\"CNAVC\",\"Conf\u00e9d\u00e9ration des Peuples de l'Alliance des \u00c9tats du Sahel\",\"Coordination Nationale des Associations de Veille Citoyenne\",\"CP-AES\",\"ONG\",\"Organisation de la Soci\u00e9t\u00e9 Civile\",\"OSC\"],\"articleSection\":[\"SOCIETE\"],\"inLanguage\":\"fr-FR\",\"potentialAction\":[{\"@type\":\"CommentAction\",\"name\":\"Comment\",\"target\":[\"https:\\\/\\\/voxsahel.com\\\/?p=628#respond\"]}]},{\"@type\":\"WebPage\",\"@id\":\"https:\\\/\\\/voxsahel.com\\\/?p=628\",\"url\":\"https:\\\/\\\/voxsahel.com\\\/?p=628\",\"name\":\"Audience entre la CP-AES et le Pr\u00e9sident de la CNAVC : Vers une coordination renforc\u00e9e des associations citoyennes - Vox Sahel\",\"isPartOf\":{\"@id\":\"https:\\\/\\\/voxsahel.com\\\/#website\"},\"primaryImageOfPage\":{\"@id\":\"https:\\\/\\\/voxsahel.com\\\/?p=628#primaryimage\"},\"image\":{\"@id\":\"https:\\\/\\\/voxsahel.com\\\/?p=628#primaryimage\"},\"thumbnailUrl\":\"https:\\\/\\\/voxsahel.com\\\/wp-content\\\/uploads\\\/2024\\\/10\\\/IMG_8866-scaled.jpeg\",\"datePublished\":\"2024-10-14T11:58:19+00:00\",\"breadcrumb\":{\"@id\":\"https:\\\/\\\/voxsahel.com\\\/?p=628#breadcrumb\"},\"inLanguage\":\"fr-FR\",\"potentialAction\":[{\"@type\":\"ReadAction\",\"target\":[\"https:\\\/\\\/voxsahel.com\\\/?p=628\"]}]},{\"@type\":\"ImageObject\",\"inLanguage\":\"fr-FR\",\"@id\":\"https:\\\/\\\/voxsahel.com\\\/?p=628#primaryimage\",\"url\":\"https:\\\/\\\/voxsahel.com\\\/wp-content\\\/uploads\\\/2024\\\/10\\\/IMG_8866-scaled.jpeg\",\"contentUrl\":\"https:\\\/\\\/voxsahel.com\\\/wp-content\\\/uploads\\\/2024\\\/10\\\/IMG_8866-scaled.jpeg\",\"width\":2560,\"height\":1920},{\"@type\":\"BreadcrumbList\",\"@id\":\"https:\\\/\\\/voxsahel.com\\\/?p=628#breadcrumb\",\"itemListElement\":[{\"@type\":\"ListItem\",\"position\":1,\"name\":\"Home\",\"item\":\"https:\\\/\\\/voxsahel.com\\\/\"},{\"@type\":\"ListItem\",\"position\":2,\"name\":\"Audience entre la CP-AES et le Pr\u00e9sident de la CNAVC : Vers une coordination renforc\u00e9e des associations citoyennes\"}]},{\"@type\":\"WebSite\",\"@id\":\"https:\\\/\\\/voxsahel.com\\\/#website\",\"url\":\"https:\\\/\\\/voxsahel.com\\\/\",\"name\":\"Vox Sahel\",\"description\":\"Informez-vous sur le Sahel en un clic\",\"publisher\":{\"@id\":\"https:\\\/\\\/voxsahel.com\\\/#organization\"},\"potentialAction\":[{\"@type\":\"SearchAction\",\"target\":{\"@type\":\"EntryPoint\",\"urlTemplate\":\"https:\\\/\\\/voxsahel.com\\\/?s={search_term_string}\"},\"query-input\":{\"@type\":\"PropertyValueSpecification\",\"valueRequired\":true,\"valueName\":\"search_term_string\"}}],\"inLanguage\":\"fr-FR\"},{\"@type\":\"Organization\",\"@id\":\"https:\\\/\\\/voxsahel.com\\\/#organization\",\"name\":\"Vox Sahel\",\"url\":\"https:\\\/\\\/voxsahel.com\\\/\",\"logo\":{\"@type\":\"ImageObject\",\"inLanguage\":\"fr-FR\",\"@id\":\"https:\\\/\\\/voxsahel.com\\\/#\\\/schema\\\/logo\\\/image\\\/\",\"url\":\"https:\\\/\\\/voxsahel.com\\\/wp-content\\\/uploads\\\/2024\\\/09\\\/Logo-Vox-Sahel.jpg\",\"contentUrl\":\"https:\\\/\\\/voxsahel.com\\\/wp-content\\\/uploads\\\/2024\\\/09\\\/Logo-Vox-Sahel.jpg\",\"width\":1181,\"height\":848,\"caption\":\"Vox Sahel\"},\"image\":{\"@id\":\"https:\\\/\\\/voxsahel.com\\\/#\\\/schema\\\/logo\\\/image\\\/\"},\"sameAs\":[\"https:\\\/\\\/www.facebook.com\\\/journal.voxsahel\"]},{\"@type\":\"Person\",\"@id\":\"https:\\\/\\\/voxsahel.com\\\/#\\\/schema\\\/person\\\/b4043608248f8fa227cd760e7ff1e19e\",\"name\":\"Vox Sahel\",\"image\":{\"@type\":\"ImageObject\",\"inLanguage\":\"fr-FR\",\"@id\":\"https:\\\/\\\/secure.gravatar.com\\\/avatar\\\/f70e7fa0cb9b29d4a7c5788d6eb2e9ab4d3135cbae1c9161810fdf77a8964699?s=96&d=mm&r=g\",\"url\":\"https:\\\/\\\/secure.gravatar.com\\\/avatar\\\/f70e7fa0cb9b29d4a7c5788d6eb2e9ab4d3135cbae1c9161810fdf77a8964699?s=96&d=mm&r=g\",\"contentUrl\":\"https:\\\/\\\/secure.gravatar.com\\\/avatar\\\/f70e7fa0cb9b29d4a7c5788d6eb2e9ab4d3135cbae1c9161810fdf77a8964699?s=96&d=mm&r=g\",\"caption\":\"Vox Sahel\"},\"sameAs\":[\"http:\\\/\\\/www.voxsahel.com\"],\"url\":\"https:\\\/\\\/voxsahel.com\\\/?author=2\"}]}<\/script>\n<!-- \/ Yoast SEO plugin. -->","yoast_head_json":{"title":"Audience entre la CP-AES et le Pr\u00e9sident de la CNAVC : Vers une coordination renforc\u00e9e des associations citoyennes - Vox Sahel","robots":{"index":"index","follow":"follow","max-snippet":"max-snippet:-1","max-image-preview":"max-image-preview:large","max-video-preview":"max-video-preview:-1"},"canonical":"https:\/\/voxsahel.com\/?p=628","og_locale":"fr_FR","og_type":"article","og_title":"Audience entre la CP-AES et le Pr\u00e9sident de la CNAVC : Vers une coordination renforc\u00e9e des associations citoyennes - Vox Sahel","og_description":"Une d\u00e9l\u00e9gation de la Conf\u00e9d\u00e9ration des Peuples de l&rsquo;Alliance des \u00c9tats du Sahel (CP-AES), Coordination","og_url":"https:\/\/voxsahel.com\/?p=628","og_site_name":"Vox Sahel","article_publisher":"https:\/\/www.facebook.com\/journal.voxsahel","article_published_time":"2024-10-14T11:58:19+00:00","og_image":[{"width":2560,"height":1920,"url":"https:\/\/voxsahel.com\/wp-content\/uploads\/2024\/10\/IMG_8866-scaled.jpeg","type":"image\/jpeg"}],"author":"Vox Sahel","twitter_card":"summary_large_image","twitter_misc":{"\u00c9crit par":"Vox Sahel","Dur\u00e9e de lecture estim\u00e9e":"3 minutes"},"schema":{"@context":"https:\/\/schema.org","@graph":[{"@type":"Article","@id":"https:\/\/voxsahel.com\/?p=628#article","isPartOf":{"@id":"https:\/\/voxsahel.com\/?p=628"},"author":{"name":"Vox Sahel","@id":"https:\/\/voxsahel.com\/#\/schema\/person\/b4043608248f8fa227cd760e7ff1e19e"},"headline":"Audience entre la CP-AES et le Pr\u00e9sident de la CNAVC : Vers une coordination renforc\u00e9e des associations citoyennes","datePublished":"2024-10-14T11:58:19+00:00","mainEntityOfPage":{"@id":"https:\/\/voxsahel.com\/?p=628"},"wordCount":457,"commentCount":0,"publisher":{"@id":"https:\/\/voxsahel.com\/#organization"},"image":{"@id":"https:\/\/voxsahel.com\/?p=628#primaryimage"},"thumbnailUrl":"https:\/\/voxsahel.com\/wp-content\/uploads\/2024\/10\/IMG_8866-scaled.jpeg","keywords":["AES","Alliance des \u00c9tats du Sahel","Association","Burkina Faso","CNAVC","Conf\u00e9d\u00e9ration des Peuples de l'Alliance des \u00c9tats du Sahel","Coordination Nationale des Associations de Veille Citoyenne","CP-AES","ONG","Organisation de la Soci\u00e9t\u00e9 Civile","OSC"],"articleSection":["SOCIETE"],"inLanguage":"fr-FR","potentialAction":[{"@type":"CommentAction","name":"Comment","target":["https:\/\/voxsahel.com\/?p=628#respond"]}]},{"@type":"WebPage","@id":"https:\/\/voxsahel.com\/?p=628","url":"https:\/\/voxsahel.com\/?p=628","name":"Audience entre la CP-AES et le Pr\u00e9sident de la CNAVC : Vers une coordination renforc\u00e9e des associations citoyennes - Vox Sahel","isPartOf":{"@id":"https:\/\/voxsahel.com\/#website"},"primaryImageOfPage":{"@id":"https:\/\/voxsahel.com\/?p=628#primaryimage"},"image":{"@id":"https:\/\/voxsahel.com\/?p=628#primaryimage"},"thumbnailUrl":"https:\/\/voxsahel.com\/wp-content\/uploads\/2024\/10\/IMG_8866-scaled.jpeg","datePublished":"2024-10-14T11:58:19+00:00","breadcrumb":{"@id":"https:\/\/voxsahel.com\/?p=628#breadcrumb"},"inLanguage":"fr-FR","potentialAction":[{"@type":"ReadAction","target":["https:\/\/voxsahel.com\/?p=628"]}]},{"@type":"ImageObject","inLanguage":"fr-FR","@id":"https:\/\/voxsahel.com\/?p=628#primaryimage","url":"https:\/\/voxsahel.com\/wp-content\/uploads\/2024\/10\/IMG_8866-scaled.jpeg","contentUrl":"https:\/\/voxsahel.com\/wp-content\/uploads\/2024\/10\/IMG_8866-scaled.jpeg","width":2560,"height":1920},{"@type":"BreadcrumbList","@id":"https:\/\/voxsahel.com\/?p=628#breadcrumb","itemListElement":[{"@type":"ListItem","position":1,"name":"Home","item":"https:\/\/voxsahel.com\/"},{"@type":"ListItem","position":2,"name":"Audience entre la CP-AES et le Pr\u00e9sident de la CNAVC : Vers une coordination renforc\u00e9e des associations citoyennes"}]},{"@type":"WebSite","@id":"https:\/\/voxsahel.com\/#website","url":"https:\/\/voxsahel.com\/","name":"Vox Sahel","description":"Informez-vous sur le Sahel en un clic","publisher":{"@id":"https:\/\/voxsahel.com\/#organization"},"potentialAction":[{"@type":"SearchAction","target":{"@type":"EntryPoint","urlTemplate":"https:\/\/voxsahel.com\/?s={search_term_string}"},"query-input":{"@type":"PropertyValueSpecification","valueRequired":true,"valueName":"search_term_string"}}],"inLanguage":"fr-FR"},{"@type":"Organization","@id":"https:\/\/voxsahel.com\/#organization","name":"Vox Sahel","url":"https:\/\/voxsahel.com\/","logo":{"@type":"ImageObject","inLanguage":"fr-FR","@id":"https:\/\/voxsahel.com\/#\/schema\/logo\/image\/","url":"https:\/\/voxsahel.com\/wp-content\/uploads\/2024\/09\/Logo-Vox-Sahel.jpg","contentUrl":"https:\/\/voxsahel.com\/wp-content\/uploads\/2024\/09\/Logo-Vox-Sahel.jpg","width":1181,"height":848,"caption":"Vox Sahel"},"image":{"@id":"https:\/\/voxsahel.com\/#\/schema\/logo\/image\/"},"sameAs":["https:\/\/www.facebook.com\/journal.voxsahel"]},{"@type":"Person","@id":"https:\/\/voxsahel.com\/#\/schema\/person\/b4043608248f8fa227cd760e7ff1e19e","name":"Vox Sahel","image":{"@type":"ImageObject","inLanguage":"fr-FR","@id":"https:\/\/secure.gravatar.com\/avatar\/f70e7fa0cb9b29d4a7c5788d6eb2e9ab4d3135cbae1c9161810fdf77a8964699?s=96&d=mm&r=g","url":"https:\/\/secure.gravatar.com\/avatar\/f70e7fa0cb9b29d4a7c5788d6eb2e9ab4d3135cbae1c9161810fdf77a8964699?s=96&d=mm&r=g","contentUrl":"https:\/\/secure.gravatar.com\/avatar\/f70e7fa0cb9b29d4a7c5788d6eb2e9ab4d3135cbae1c9161810fdf77a8964699?s=96&d=mm&r=g","caption":"Vox Sahel"},"sameAs":["http:\/\/www.voxsahel.com"],"url":"https:\/\/voxsahel.com\/?author=2"}]}},"_links":{"self":[{"href":"https:\/\/voxsahel.com\/index.php?rest_route=\/wp\/v2\/posts\/628","targetHints":{"allow":["GET"]}}],"collection":[{"href":"https:\/\/voxsahel.com\/index.php?rest_route=\/wp\/v2\/posts"}],"about":[{"href":"https:\/\/voxsahel.com\/index.php?rest_route=\/wp\/v2\/types\/post"}],"author":[{"embeddable":true,"href":"https:\/\/voxsahel.com\/index.php?rest_route=\/wp\/v2\/users\/2"}],"replies":[{"embeddable":true,"href":"https:\/\/voxsahel.com\/index.php?rest_route=%2Fwp%2Fv2%2Fcomments&post=628"}],"version-history":[{"count":1,"href":"https:\/\/voxsahel.com\/index.php?rest_route=\/wp\/v2\/posts\/628\/revisions"}],"predecessor-version":[{"id":630,"href":"https:\/\/voxsahel.com\/index.php?rest_route=\/wp\/v2\/posts\/628\/revisions\/630"}],"wp:featuredmedia":[{"embeddable":true,"href":"https:\/\/voxsahel.com\/index.php?rest_route=\/wp\/v2\/media\/629"}],"wp:attachment":[{"href":"https:\/\/voxsahel.com\/index.php?rest_route=%2Fwp%2Fv2%2Fmedia&parent=628"}],"wp:term":[{"taxonomy":"category","embeddable":true,"href":"https:\/\/voxsahel.com\/index.php?rest_route=%2Fwp%2Fv2%2Fcategories&post=628"},{"taxonomy":"post_tag","embeddable":true,"href":"https:\/\/voxsahel.com\/index.php?rest_route=%2Fwp%2Fv2%2Ftags&post=628"}],"curies":[{"name":"wp","href":"https:\/\/api.w.org\/{rel}","templated":true}]}}